
{"id":32616,"date":"2015-08-20T16:58:52","date_gmt":"2015-08-20T16:58:52","guid":{"rendered":"http:\/\/jornalbeirario.com.br\/portal\/portal\/?p=32616"},"modified":"2015-08-20T17:01:07","modified_gmt":"2015-08-20T17:01:07","slug":"32616","status":"publish","type":"post","link":"https:\/\/jornalbeirario.com.br\/portal\/?p=32616","title":{"rendered":"III F\u00f3rum dos Jornalistas do Sul Fluminense acontece na pr\u00f3xima quinta (27)"},"content":{"rendered":"<p><a href=\"https:\/\/jornalbeirario.com.br\/portal\/wp-content\/uploads\/2015\/08\/00000038.jpg\"><img loading=\"lazy\" decoding=\"async\" class=\"alignleft size-medium wp-image-32617\" title=\"000000\" src=\"https:\/\/jornalbeirario.com.br\/portal\/wp-content\/uploads\/2015\/08\/00000038-300x300.jpg\" alt=\"\" width=\"300\" height=\"300\" srcset=\"https:\/\/jornalbeirario.com.br\/portal\/wp-content\/uploads\/2015\/08\/00000038-300x300.jpg 300w, https:\/\/jornalbeirario.com.br\/portal\/wp-content\/uploads\/2015\/08\/00000038-150x150.jpg 150w, https:\/\/jornalbeirario.com.br\/portal\/wp-content\/uploads\/2015\/08\/00000038-90x90.jpg 90w, https:\/\/jornalbeirario.com.br\/portal\/wp-content\/uploads\/2015\/08\/00000038-100x100.jpg 100w, https:\/\/jornalbeirario.com.br\/portal\/wp-content\/uploads\/2015\/08\/00000038-42x42.jpg 42w, https:\/\/jornalbeirario.com.br\/portal\/wp-content\/uploads\/2015\/08\/00000038.jpg 640w\" sizes=\"auto, (max-width: 300px) 100vw, 300px\" \/><\/a>Ser\u00e1 realizado no pr\u00f3ximo dia 27, quinta-feira, o III F\u00f3rum dos Jornalistas do Sul Fluminense. O evento ser\u00e1 aberto com palestra do jornalista e professor do curso de Comunica\u00e7\u00e3o da Universidade Federal de Juiz de Fora, Paulo Roberto Figueira Leal, sobre os \u2018Desafios da Rela\u00e7\u00e3o da Imprensa com o Poder Pol\u00edtico\u2019. Em seguida, a assembleia geral formalizar\u00e1 a cria\u00e7\u00e3o da Associa\u00e7\u00e3o dos Jornalistas do Sul Fluminense (Ajorsul), aprovar\u00e1 o seu estatuto e eleger\u00e1 e empossar\u00e1 a sua primeira diretoria. O III F\u00f3rum ter\u00e1 in\u00edcio \u00e0s 18h no audit\u00f3rio da Associa\u00e7\u00e3o dos Aposentados e Pensionistas de Volta Redonda, na rua 35, 112, Vila Santa Cec\u00edlia.<\/p>\n<p>\u201cDuas inova\u00e7\u00f5es da proposta de estatuto que apresentaremos \u00e9 a participa\u00e7\u00e3o em igualdade de condi\u00e7\u00f5es de jornalistas profissionais e estudantes e a diretoria colegiada, onde n\u00e3o h\u00e1 o tradicional presidencialismo e sim coordenadores, cada um respons\u00e1vel por uma \u00e1rea de atua\u00e7\u00e3o\u201d, revelou o professor e coordenador do curso de Jornalismo do UBM, jornalista \u00c1lvaro Britto, que tamb\u00e9m \u00e9 membro da Comiss\u00e3o Organizadora do III F\u00f3rum.<\/p>\n<p>Os futuros profissionais tamb\u00e9m est\u00e3o se mobilizando. \u201cA Ajorsul ser\u00e1 importante para n\u00f3s, estudantes de Jornalismo, que j\u00e1 estamos estagiando ou que vamos nos inserir em breve no mercado de trabalho. O momento \u00e9 de unir estudantes e profissionais na luta pela dignidade profissional e pela \u00e9tica do jornalismo e a Ajorsul tem esse objetivo\u201d, acrescentou Karen Garcia, estudante de Jornalismo do UniFoa e membro da Comiss\u00e3o Organizadora do III F\u00f3rum.<\/p>\n<p>Ap\u00f3s debate com o p\u00fablico, ser\u00e1 realizada assembleia dos jornalistas, que formalizar\u00e1 a cria\u00e7\u00e3o da Associa\u00e7\u00e3o dos Jornalistas do Sul Fluminense (Ajorsul), aprovar\u00e1 seu estatuto e eleger\u00e1 e empossar\u00e1 a sua primeira Diretoria, Comiss\u00e3o de \u00c9tica e Conselho Fiscal. O encerramento est\u00e1 previsto para 21h30.<\/p>\n","protected":false},"excerpt":{"rendered":"<p>Ser\u00e1 realizado no pr\u00f3ximo dia 27, quinta-feira, o III F\u00f3rum dos Jornalistas do Sul Fluminense. O evento ser\u00e1 aberto com palestra do jornalista e<\/p>\n","protected":false},"author":1,"featured_media":32618,"comment_status":"open","ping_status":"open","sticky":false,"template":"","format":"standard","meta":{"pmpro_default_level":"","footnotes":""},"categories":[166],"tags":[155],"class_list":["post-32616","post","type-post","status-publish","format-standard","has-post-thumbnail","hentry","category-evento","tag-dehoraemhora","pmpro-has-access"],"yoast_head":"<!-- This site is optimized with the Yoast SEO plugin v27.4 - https:\/\/yoast.com\/product\/yoast-seo-wordpress\/ -->\n<title>III F\u00f3rum dos Jornalistas do Sul Fluminense acontece na pr\u00f3xima quinta (27) - JORNAL BEIRA RIO<\/title>\n<meta name=\"robots\" content=\"index, follow, max-snippet:-1, max-image-preview:large, max-video-preview:-1\" \/>\n<link rel=\"canonical\" href=\"https:\/\/jornalbeirario.com.br\/portal\/?p=32616\" \/>\n<meta property=\"og:locale\" content=\"pt_BR\" \/>\n<meta property=\"og:type\" content=\"article\" \/>\n<meta property=\"og:title\" content=\"III F\u00f3rum dos Jornalistas do Sul Fluminense acontece na pr\u00f3xima quinta (27) - JORNAL BEIRA RIO\" \/>\n<meta property=\"og:description\" content=\"Ser\u00e1 realizado no pr\u00f3ximo dia 27, quinta-feira, o III F\u00f3rum dos Jornalistas do Sul Fluminense. O evento ser\u00e1 aberto com palestra do jornalista e\" \/>\n<meta property=\"og:url\" content=\"https:\/\/jornalbeirario.com.br\/portal\/?p=32616\" \/>\n<meta property=\"og:site_name\" content=\"JORNAL BEIRA RIO\" \/>\n<meta property=\"article:published_time\" content=\"2015-08-20T16:58:52+00:00\" \/>\n<meta property=\"article:modified_time\" content=\"2015-08-20T17:01:07+00:00\" \/>\n<meta property=\"og:image\" content=\"https:\/\/jornalbeirario.com.br\/portal\/wp-content\/uploads\/2015\/08\/00000039.jpg\" \/>\n\t<meta property=\"og:image:width\" content=\"640\" \/>\n\t<meta property=\"og:image:height\" content=\"640\" \/>\n\t<meta property=\"og:image:type\" content=\"image\/jpeg\" \/>\n<meta name=\"author\" content=\"Jornal BEIRA-RIO\" \/>\n<meta name=\"twitter:card\" content=\"summary_large_image\" \/>\n<meta name=\"twitter:label1\" content=\"Escrito por\" \/>\n\t<meta name=\"twitter:data1\" content=\"Jornal BEIRA-RIO\" \/>\n\t<meta name=\"twitter:label2\" content=\"Est. tempo de leitura\" \/>\n\t<meta name=\"twitter:data2\" content=\"2 minutos\" \/>\n<script type=\"application\/ld+json\" class=\"yoast-schema-graph\">{\"@context\":\"https:\\\/\\\/schema.org\",\"@graph\":[{\"@type\":\"Article\",\"@id\":\"https:\\\/\\\/jornalbeirario.com.br\\\/portal\\\/?p=32616#article\",\"isPartOf\":{\"@id\":\"https:\\\/\\\/jornalbeirario.com.br\\\/portal\\\/?p=32616\"},\"author\":{\"name\":\"Jornal BEIRA-RIO\",\"@id\":\"https:\\\/\\\/jornalbeirario.com.br\\\/portal\\\/#\\\/schema\\\/person\\\/c6c423e4c2465d2a9233f6539173e7c1\"},\"headline\":\"III F\u00f3rum dos Jornalistas do Sul Fluminense acontece na pr\u00f3xima quinta (27)\",\"datePublished\":\"2015-08-20T16:58:52+00:00\",\"dateModified\":\"2015-08-20T17:01:07+00:00\",\"mainEntityOfPage\":{\"@id\":\"https:\\\/\\\/jornalbeirario.com.br\\\/portal\\\/?p=32616\"},\"wordCount\":323,\"commentCount\":0,\"publisher\":{\"@id\":\"https:\\\/\\\/jornalbeirario.com.br\\\/portal\\\/#organization\"},\"image\":{\"@id\":\"https:\\\/\\\/jornalbeirario.com.br\\\/portal\\\/?p=32616#primaryimage\"},\"thumbnailUrl\":\"https:\\\/\\\/jornalbeirario.com.br\\\/portal\\\/wp-content\\\/uploads\\\/2015\\\/08\\\/00000039.jpg\",\"keywords\":[\"dehoraemhora\"],\"articleSection\":[\"Evento\"],\"inLanguage\":\"pt-BR\",\"potentialAction\":[{\"@type\":\"CommentAction\",\"name\":\"Comment\",\"target\":[\"https:\\\/\\\/jornalbeirario.com.br\\\/portal\\\/?p=32616#respond\"]}]},{\"@type\":\"WebPage\",\"@id\":\"https:\\\/\\\/jornalbeirario.com.br\\\/portal\\\/?p=32616\",\"url\":\"https:\\\/\\\/jornalbeirario.com.br\\\/portal\\\/?p=32616\",\"name\":\"III F\u00f3rum dos Jornalistas do Sul Fluminense acontece na pr\u00f3xima quinta (27) - JORNAL BEIRA RIO\",\"isPartOf\":{\"@id\":\"https:\\\/\\\/jornalbeirario.com.br\\\/portal\\\/#website\"},\"primaryImageOfPage\":{\"@id\":\"https:\\\/\\\/jornalbeirario.com.br\\\/portal\\\/?p=32616#primaryimage\"},\"image\":{\"@id\":\"https:\\\/\\\/jornalbeirario.com.br\\\/portal\\\/?p=32616#primaryimage\"},\"thumbnailUrl\":\"https:\\\/\\\/jornalbeirario.com.br\\\/portal\\\/wp-content\\\/uploads\\\/2015\\\/08\\\/00000039.jpg\",\"datePublished\":\"2015-08-20T16:58:52+00:00\",\"dateModified\":\"2015-08-20T17:01:07+00:00\",\"breadcrumb\":{\"@id\":\"https:\\\/\\\/jornalbeirario.com.br\\\/portal\\\/?p=32616#breadcrumb\"},\"inLanguage\":\"pt-BR\",\"potentialAction\":[{\"@type\":\"ReadAction\",\"target\":[\"https:\\\/\\\/jornalbeirario.com.br\\\/portal\\\/?p=32616\"]}]},{\"@type\":\"ImageObject\",\"inLanguage\":\"pt-BR\",\"@id\":\"https:\\\/\\\/jornalbeirario.com.br\\\/portal\\\/?p=32616#primaryimage\",\"url\":\"https:\\\/\\\/jornalbeirario.com.br\\\/portal\\\/wp-content\\\/uploads\\\/2015\\\/08\\\/00000039.jpg\",\"contentUrl\":\"https:\\\/\\\/jornalbeirario.com.br\\\/portal\\\/wp-content\\\/uploads\\\/2015\\\/08\\\/00000039.jpg\",\"width\":\"640\",\"height\":\"640\"},{\"@type\":\"BreadcrumbList\",\"@id\":\"https:\\\/\\\/jornalbeirario.com.br\\\/portal\\\/?p=32616#breadcrumb\",\"itemListElement\":[{\"@type\":\"ListItem\",\"position\":1,\"name\":\"Home\",\"item\":\"https:\\\/\\\/jornalbeirario.com.br\\\/portal\"},{\"@type\":\"ListItem\",\"position\":2,\"name\":\"III F\u00f3rum dos Jornalistas do Sul Fluminense acontece na pr\u00f3xima quinta (27)\"}]},{\"@type\":\"WebSite\",\"@id\":\"https:\\\/\\\/jornalbeirario.com.br\\\/portal\\\/#website\",\"url\":\"https:\\\/\\\/jornalbeirario.com.br\\\/portal\\\/\",\"name\":\"JORNAL BEIRA RIO\",\"description\":\"\",\"publisher\":{\"@id\":\"https:\\\/\\\/jornalbeirario.com.br\\\/portal\\\/#organization\"},\"potentialAction\":[{\"@type\":\"SearchAction\",\"target\":{\"@type\":\"EntryPoint\",\"urlTemplate\":\"https:\\\/\\\/jornalbeirario.com.br\\\/portal\\\/?s={search_term_string}\"},\"query-input\":{\"@type\":\"PropertyValueSpecification\",\"valueRequired\":true,\"valueName\":\"search_term_string\"}}],\"inLanguage\":\"pt-BR\"},{\"@type\":\"Organization\",\"@id\":\"https:\\\/\\\/jornalbeirario.com.br\\\/portal\\\/#organization\",\"name\":\"JORNAL BEIRA RIO\",\"url\":\"https:\\\/\\\/jornalbeirario.com.br\\\/portal\\\/\",\"logo\":{\"@type\":\"ImageObject\",\"inLanguage\":\"pt-BR\",\"@id\":\"https:\\\/\\\/jornalbeirario.com.br\\\/portal\\\/#\\\/schema\\\/logo\\\/image\\\/\",\"url\":\"https:\\\/\\\/jornalbeirario.com.br\\\/portal\\\/wp-content\\\/uploads\\\/2017\\\/09\\\/BEIRA-RIO_logo600.png\",\"contentUrl\":\"https:\\\/\\\/jornalbeirario.com.br\\\/portal\\\/wp-content\\\/uploads\\\/2017\\\/09\\\/BEIRA-RIO_logo600.png\",\"width\":650,\"height\":108,\"caption\":\"JORNAL BEIRA RIO\"},\"image\":{\"@id\":\"https:\\\/\\\/jornalbeirario.com.br\\\/portal\\\/#\\\/schema\\\/logo\\\/image\\\/\"}},{\"@type\":\"Person\",\"@id\":\"https:\\\/\\\/jornalbeirario.com.br\\\/portal\\\/#\\\/schema\\\/person\\\/c6c423e4c2465d2a9233f6539173e7c1\",\"name\":\"Jornal BEIRA-RIO\",\"image\":{\"@type\":\"ImageObject\",\"inLanguage\":\"pt-BR\",\"@id\":\"https:\\\/\\\/jornalbeirario.com.br\\\/portal\\\/wp-content\\\/uploads\\\/2023\\\/10\\\/logojbr1.jpg\",\"url\":\"https:\\\/\\\/jornalbeirario.com.br\\\/portal\\\/wp-content\\\/uploads\\\/2023\\\/10\\\/logojbr1.jpg\",\"contentUrl\":\"https:\\\/\\\/jornalbeirario.com.br\\\/portal\\\/wp-content\\\/uploads\\\/2023\\\/10\\\/logojbr1.jpg\",\"caption\":\"Jornal BEIRA-RIO\"},\"url\":\"https:\\\/\\\/jornalbeirario.com.br\\\/portal\\\/?author=1\"}]}<\/script>\n<!-- \/ Yoast SEO plugin. -->","yoast_head_json":{"title":"III F\u00f3rum dos Jornalistas do Sul Fluminense acontece na pr\u00f3xima quinta (27) - JORNAL BEIRA RIO","robots":{"index":"index","follow":"follow","max-snippet":"max-snippet:-1","max-image-preview":"max-image-preview:large","max-video-preview":"max-video-preview:-1"},"canonical":"https:\/\/jornalbeirario.com.br\/portal\/?p=32616","og_locale":"pt_BR","og_type":"article","og_title":"III F\u00f3rum dos Jornalistas do Sul Fluminense acontece na pr\u00f3xima quinta (27) - JORNAL BEIRA RIO","og_description":"Ser\u00e1 realizado no pr\u00f3ximo dia 27, quinta-feira, o III F\u00f3rum dos Jornalistas do Sul Fluminense. O evento ser\u00e1 aberto com palestra do jornalista e","og_url":"https:\/\/jornalbeirario.com.br\/portal\/?p=32616","og_site_name":"JORNAL BEIRA RIO","article_published_time":"2015-08-20T16:58:52+00:00","article_modified_time":"2015-08-20T17:01:07+00:00","og_image":[{"width":640,"height":640,"url":"https:\/\/jornalbeirario.com.br\/portal\/wp-content\/uploads\/2015\/08\/00000039.jpg","type":"image\/jpeg"}],"author":"Jornal BEIRA-RIO","twitter_card":"summary_large_image","twitter_misc":{"Escrito por":"Jornal BEIRA-RIO","Est. tempo de leitura":"2 minutos"},"schema":{"@context":"https:\/\/schema.org","@graph":[{"@type":"Article","@id":"https:\/\/jornalbeirario.com.br\/portal\/?p=32616#article","isPartOf":{"@id":"https:\/\/jornalbeirario.com.br\/portal\/?p=32616"},"author":{"name":"Jornal BEIRA-RIO","@id":"https:\/\/jornalbeirario.com.br\/portal\/#\/schema\/person\/c6c423e4c2465d2a9233f6539173e7c1"},"headline":"III F\u00f3rum dos Jornalistas do Sul Fluminense acontece na pr\u00f3xima quinta (27)","datePublished":"2015-08-20T16:58:52+00:00","dateModified":"2015-08-20T17:01:07+00:00","mainEntityOfPage":{"@id":"https:\/\/jornalbeirario.com.br\/portal\/?p=32616"},"wordCount":323,"commentCount":0,"publisher":{"@id":"https:\/\/jornalbeirario.com.br\/portal\/#organization"},"image":{"@id":"https:\/\/jornalbeirario.com.br\/portal\/?p=32616#primaryimage"},"thumbnailUrl":"https:\/\/jornalbeirario.com.br\/portal\/wp-content\/uploads\/2015\/08\/00000039.jpg","keywords":["dehoraemhora"],"articleSection":["Evento"],"inLanguage":"pt-BR","potentialAction":[{"@type":"CommentAction","name":"Comment","target":["https:\/\/jornalbeirario.com.br\/portal\/?p=32616#respond"]}]},{"@type":"WebPage","@id":"https:\/\/jornalbeirario.com.br\/portal\/?p=32616","url":"https:\/\/jornalbeirario.com.br\/portal\/?p=32616","name":"III F\u00f3rum dos Jornalistas do Sul Fluminense acontece na pr\u00f3xima quinta (27) - JORNAL BEIRA RIO","isPartOf":{"@id":"https:\/\/jornalbeirario.com.br\/portal\/#website"},"primaryImageOfPage":{"@id":"https:\/\/jornalbeirario.com.br\/portal\/?p=32616#primaryimage"},"image":{"@id":"https:\/\/jornalbeirario.com.br\/portal\/?p=32616#primaryimage"},"thumbnailUrl":"https:\/\/jornalbeirario.com.br\/portal\/wp-content\/uploads\/2015\/08\/00000039.jpg","datePublished":"2015-08-20T16:58:52+00:00","dateModified":"2015-08-20T17:01:07+00:00","breadcrumb":{"@id":"https:\/\/jornalbeirario.com.br\/portal\/?p=32616#breadcrumb"},"inLanguage":"pt-BR","potentialAction":[{"@type":"ReadAction","target":["https:\/\/jornalbeirario.com.br\/portal\/?p=32616"]}]},{"@type":"ImageObject","inLanguage":"pt-BR","@id":"https:\/\/jornalbeirario.com.br\/portal\/?p=32616#primaryimage","url":"https:\/\/jornalbeirario.com.br\/portal\/wp-content\/uploads\/2015\/08\/00000039.jpg","contentUrl":"https:\/\/jornalbeirario.com.br\/portal\/wp-content\/uploads\/2015\/08\/00000039.jpg","width":"640","height":"640"},{"@type":"BreadcrumbList","@id":"https:\/\/jornalbeirario.com.br\/portal\/?p=32616#breadcrumb","itemListElement":[{"@type":"ListItem","position":1,"name":"Home","item":"https:\/\/jornalbeirario.com.br\/portal"},{"@type":"ListItem","position":2,"name":"III F\u00f3rum dos Jornalistas do Sul Fluminense acontece na pr\u00f3xima quinta (27)"}]},{"@type":"WebSite","@id":"https:\/\/jornalbeirario.com.br\/portal\/#website","url":"https:\/\/jornalbeirario.com.br\/portal\/","name":"JORNAL BEIRA RIO","description":"","publisher":{"@id":"https:\/\/jornalbeirario.com.br\/portal\/#organization"},"potentialAction":[{"@type":"SearchAction","target":{"@type":"EntryPoint","urlTemplate":"https:\/\/jornalbeirario.com.br\/portal\/?s={search_term_string}"},"query-input":{"@type":"PropertyValueSpecification","valueRequired":true,"valueName":"search_term_string"}}],"inLanguage":"pt-BR"},{"@type":"Organization","@id":"https:\/\/jornalbeirario.com.br\/portal\/#organization","name":"JORNAL BEIRA RIO","url":"https:\/\/jornalbeirario.com.br\/portal\/","logo":{"@type":"ImageObject","inLanguage":"pt-BR","@id":"https:\/\/jornalbeirario.com.br\/portal\/#\/schema\/logo\/image\/","url":"https:\/\/jornalbeirario.com.br\/portal\/wp-content\/uploads\/2017\/09\/BEIRA-RIO_logo600.png","contentUrl":"https:\/\/jornalbeirario.com.br\/portal\/wp-content\/uploads\/2017\/09\/BEIRA-RIO_logo600.png","width":650,"height":108,"caption":"JORNAL BEIRA RIO"},"image":{"@id":"https:\/\/jornalbeirario.com.br\/portal\/#\/schema\/logo\/image\/"}},{"@type":"Person","@id":"https:\/\/jornalbeirario.com.br\/portal\/#\/schema\/person\/c6c423e4c2465d2a9233f6539173e7c1","name":"Jornal BEIRA-RIO","image":{"@type":"ImageObject","inLanguage":"pt-BR","@id":"https:\/\/jornalbeirario.com.br\/portal\/wp-content\/uploads\/2023\/10\/logojbr1.jpg","url":"https:\/\/jornalbeirario.com.br\/portal\/wp-content\/uploads\/2023\/10\/logojbr1.jpg","contentUrl":"https:\/\/jornalbeirario.com.br\/portal\/wp-content\/uploads\/2023\/10\/logojbr1.jpg","caption":"Jornal BEIRA-RIO"},"url":"https:\/\/jornalbeirario.com.br\/portal\/?author=1"}]}},"_links":{"self":[{"href":"https:\/\/jornalbeirario.com.br\/portal\/index.php?rest_route=\/wp\/v2\/posts\/32616","targetHints":{"allow":["GET"]}}],"collection":[{"href":"https:\/\/jornalbeirario.com.br\/portal\/index.php?rest_route=\/wp\/v2\/posts"}],"about":[{"href":"https:\/\/jornalbeirario.com.br\/portal\/index.php?rest_route=\/wp\/v2\/types\/post"}],"author":[{"embeddable":true,"href":"https:\/\/jornalbeirario.com.br\/portal\/index.php?rest_route=\/wp\/v2\/users\/1"}],"replies":[{"embeddable":true,"href":"https:\/\/jornalbeirario.com.br\/portal\/index.php?rest_route=%2Fwp%2Fv2%2Fcomments&post=32616"}],"version-history":[{"count":3,"href":"https:\/\/jornalbeirario.com.br\/portal\/index.php?rest_route=\/wp\/v2\/posts\/32616\/revisions"}],"predecessor-version":[{"id":32620,"href":"https:\/\/jornalbeirario.com.br\/portal\/index.php?rest_route=\/wp\/v2\/posts\/32616\/revisions\/32620"}],"wp:featuredmedia":[{"embeddable":true,"href":"https:\/\/jornalbeirario.com.br\/portal\/index.php?rest_route=\/wp\/v2\/media\/32618"}],"wp:attachment":[{"href":"https:\/\/jornalbeirario.com.br\/portal\/index.php?rest_route=%2Fwp%2Fv2%2Fmedia&parent=32616"}],"wp:term":[{"taxonomy":"category","embeddable":true,"href":"https:\/\/jornalbeirario.com.br\/portal\/index.php?rest_route=%2Fwp%2Fv2%2Fcategories&post=32616"},{"taxonomy":"post_tag","embeddable":true,"href":"https:\/\/jornalbeirario.com.br\/portal\/index.php?rest_route=%2Fwp%2Fv2%2Ftags&post=32616"}],"curies":[{"name":"wp","href":"https:\/\/api.w.org\/{rel}","templated":true}]}}