
{"id":32323,"date":"2015-08-14T03:52:52","date_gmt":"2015-08-14T03:52:52","guid":{"rendered":"http:\/\/jornalbeirario.com.br\/portal\/portal\/?p=32323"},"modified":"2015-08-14T03:52:52","modified_gmt":"2015-08-14T03:52:52","slug":"lais-amaral-109","status":"publish","type":"post","link":"https:\/\/jornalbeirario.com.br\/portal\/?p=32323","title":{"rendered":"La\u00eds Amaral"},"content":{"rendered":"<p style=\"text-align: justify;\"><strong>Mem\u00f3rias desordenadas: Gilberto Gil<\/strong><br \/>\nDe volta \u00e0s minhas mem\u00f3rias desordenadas chegamos \u00e0 letra \u2018G\u2019, de Gilberto Gil. H\u00e1 alguns anos, n\u00e3o me recordo\u00a0 exatamente quando, Gil se apresentou no teatr\u00e3o da Aman. O show era esperado por muitos amigos f\u00e3s do baiano. Eu tinha alguns ingressos para a apresenta\u00e7\u00e3o e pessoas amigas viviam a me cobrar isso. Quando faltavam poucos dias para o show e\u00a0 a expectativa das pessoas ficou mais intensa eu, de brincadeira passei a dizer que Gil n\u00e3o viria mais e que em seu lugar viria o cantor rom\u00e2ntico Nelson Ned. Primeiro as pessoas faziam cara de decep\u00e7\u00e3o. Eu falava s\u00e9rio. Depois eu desmentia claro, mas\u00a0 ap\u00f3s umas boas gargalhadas provocadas pelas caras de espanto da mo\u00e7ada. Tanto abusei da pilheria que fui castigado. Faltando uns tr\u00eas dias para o show, a dire\u00e7\u00e3o da R\u00e1dio Resende, onde eu trabalhava, me designou para cobrir a noite de abertura da festa de anivers\u00e1rio de Itatiaia. Eu deveria inclusive, fazer uma entrevista com o astro daquela noite para o programa rom\u00e2ntico e musical que Odylon Farias fazia na emissora. Por isso n\u00e3o pude ir ao show do Gil. Voc\u00eas j\u00e1 adivinharam quem era o artista que fui entrevistar em Itatiaia, claro. Justamente ele, o hoje saudoso Nelson Ned. Foi uma longa entrevista e uma noite muito fria em Itatiaia.<\/p>\n<p><strong>\u2018Reconhecendo os Mortos\u2019 \u00e9 atra\u00e7\u00e3o deste final de semana no Espa\u00e7o \u2018Z\u2019<\/strong><br \/>\nEstr\u00e9ia amanh\u00e3, s\u00e1bado, dia 15, no Espa\u00e7o \u2018Z\u2019, \u00e0s 20 horas, a pe\u00e7a \u2018Reconhecendo os Mortos\u2019, texto do Lu Gast\u00e3o com dire\u00e7\u00e3o do Andr\u00e9 Whately e elenco composto pelos atores: Ana Zelma, Diogo Senna, Marie Louise Goronsson e\u00a0 participa\u00e7\u00e3o especial de Luiz Fernando. \u00c9 sempre muito animador apreciar e conviver com a produ\u00e7\u00e3o de nossos artistas locais e a pe\u00e7a do Lu vem sendo aguardada com boa expectativa. Desde as \u201cChutando Pedrinhas\u201d e \u201cTe amo nessa Escurid\u00e3o\u201d, Lu Gast\u00e3o pintou como um dramaturgo dos bons. O calejado Andr\u00e9 Whately que dirige o espet\u00e1culo afian\u00e7a que o texto tem uma for\u00e7a dram\u00e1tica incomum na dramaturgia teatral. A trama mostra uma fam\u00edlia num necrot\u00e9rio para reconhecer o corpo de um parente e, da\u00ed come\u00e7a a lava\u00e7\u00e3o de \u201croupa suja\u201d em fam\u00edlia. Bom texto, bons atores e boa dire\u00e7\u00e3o (a m\u00e3o de Andr\u00e9 j\u00e1 foi amplamente testada em outras ocasi\u00f5es), nos garante um bom motivo para irmos ao Teatro neste final de semana (dias 15 e 16). Lembrando que a pe\u00e7a estar\u00e1 em cartaz tamb\u00e9m na pr\u00f3xima semana, dias: 20, 21, 22 e 23, sempre \u00e0s 20 h. Bom divertimento !!<\/p>\n<p><strong>TRIPA<\/strong><br \/>\n* Neste final de semana acontece o 4\u00ba Encontro Internacional de Motociclistas de Penedo. Um dos eventos mais aguardados pelos hoteleiros da regi\u00e3o. Em Resende a ocupa\u00e7\u00e3o de leitos bombou:\u00a0 100%, informa o presidente da associa\u00e7\u00e3o de hot\u00e9is da cidade. O evento ser\u00e1 realizado na \u00e1rea de esporte e lazer do Clube Finl\u00e2ndia, ao lado do City Park Hotel e vai de hoje (dia, 14)\u00a0 a domingo (16). Sucesso garantido * No Corredor Cultural da Associa\u00e7\u00e3o Educacional Dom Bosco \u2013 AEDB, a exposi\u00e7\u00e3o \u201c50 Anos de Desenvolvimento Nacional\u201d, re\u00fane cerca de 80 imagens do acervo do Arquivo Nacional, al\u00e9m de fotografias da Radiobr\u00e1s e da Ag\u00eancia O Globo, apresentando fatos da hist\u00f3ria econ\u00f4mica e pol\u00edtica do Brasil na segunda metade do s\u00e9culo XX. A exposi\u00e7\u00e3o fica aberta at\u00e9 o dia 6 de setembro, de 9h \u00e0s 22 horas * Hoje (dia 14) \u00e0s 16h30min., a Frente Parlamentar em Defesa da Economia Popular e Solid\u00e1ria da Assembleia Legislativa do Rio (Alerj), presidida pelo deputado Waldeck Carneiro (PT), realiza no Espa\u00e7o \u2018Z\u2019, uma audi\u00eancia p\u00fablica com o tema \u201cAmpliando o Olhar Sobre as Pol\u00edticas P\u00fablicas para a Economia Solid\u00e1ria\u201d. Presente, a deputada estadual Ana Paula Rechuan que \u00e9 membro da Frente Parlamentar * Hoje (sexta-feira) o \u2018coro come\u2019 no Bar Atl\u00e2ntico (um pedacinho da Lapa em Resende) com o \u2018Clube do Samba\u2019, do ecl\u00e9tico Diogo Senna. \u00c9 samba do bom pra incendiar a noite. Estaremos l\u00e1 * Mas falando em m\u00fasica e noite esse peda\u00e7o da cidade est\u00e1 bem servido. Olha a programa\u00e7\u00e3o da Semana: No Buteco tem Albrey (na ter\u00e7a), no Atl\u00e2ntico tem Karaoqu\u00ea (na quarte), o trio do mestre Ciron Silva com um tal de \u201cBeb\u00ea\u201d no sax que \u00e9 de derrubar a casa (na quinta), Diogo Senna (na sexta) e Jairo Queiroz (trombone, flauta, etc) com seus convidados (no s\u00e1bado). Recomend\u00e1veis noites musicais.<\/p>\n<p><strong>ANIVERS\u00c1RIOS<\/strong><br \/>\nDia 6 mudaram de idade a Melissa Barretti (diretora do MAM, de Resende) e a Denise Maia TV Rio Sul). Dia 7, mais duas mulheres com idade nova, a Denise Kuraiem e a minha irm\u00e3, Rozana. Dia 8 inauguraram idade nova a Silvana Herm\u00f3genes e o M\u00e1rio Martins. Dia 11, mais um grupo de damas soprou velinhas: a Lidiane Reis, a Gisele Nogueira, a Luciana Carneiro, a Ivanilda Brum e a Jucimar Capilla. No dia 12, recebeu os \u2018parab\u00e9ns\u2019 o Luis Santos, o Luisinho. E nessa quinta contaram mais um ano de vida a Ana Cec\u00edlia Guimar\u00e3es, o \u2018seu\u2019 Ot\u00e1cio Conservani, a Dione Lyrio e o Paulo Alexandre. Parab\u00e9ns e todas as felicidades do mundo a eles.<\/p>\n","protected":false},"excerpt":{"rendered":"<p>Mem\u00f3rias desordenadas: Gilberto Gil De volta \u00e0s minhas mem\u00f3rias desordenadas chegamos \u00e0 letra \u2018G\u2019, de Gilberto Gil. H\u00e1 alguns anos, n\u00e3o me recordo\u00a0 exatamente<\/p>\n","protected":false},"author":1,"featured_media":0,"comment_status":"open","ping_status":"open","sticky":false,"template":"","format":"standard","meta":{"pmpro_default_level":"","footnotes":""},"categories":[13],"tags":[],"class_list":["post-32323","post","type-post","status-publish","format-standard","hentry","category-social","pmpro-has-access"],"yoast_head":"<!-- This site is optimized with the Yoast SEO plugin v27.4 - https:\/\/yoast.com\/product\/yoast-seo-wordpress\/ -->\n<title>La\u00eds Amaral - JORNAL BEIRA RIO<\/title>\n<meta name=\"robots\" content=\"index, follow, max-snippet:-1, max-image-preview:large, max-video-preview:-1\" \/>\n<link rel=\"canonical\" href=\"https:\/\/jornalbeirario.com.br\/portal\/?p=32323\" \/>\n<meta property=\"og:locale\" content=\"pt_BR\" \/>\n<meta property=\"og:type\" content=\"article\" \/>\n<meta property=\"og:title\" content=\"La\u00eds Amaral - JORNAL BEIRA RIO\" \/>\n<meta property=\"og:description\" content=\"Mem\u00f3rias desordenadas: Gilberto Gil De volta \u00e0s minhas mem\u00f3rias desordenadas chegamos \u00e0 letra \u2018G\u2019, de Gilberto Gil. H\u00e1 alguns anos, n\u00e3o me recordo\u00a0 exatamente\" \/>\n<meta property=\"og:url\" content=\"https:\/\/jornalbeirario.com.br\/portal\/?p=32323\" \/>\n<meta property=\"og:site_name\" content=\"JORNAL BEIRA RIO\" \/>\n<meta property=\"article:published_time\" content=\"2015-08-14T03:52:52+00:00\" \/>\n<meta name=\"author\" content=\"Jornal BEIRA-RIO\" \/>\n<meta name=\"twitter:card\" content=\"summary_large_image\" \/>\n<meta name=\"twitter:label1\" content=\"Escrito por\" \/>\n\t<meta name=\"twitter:data1\" content=\"Jornal BEIRA-RIO\" \/>\n\t<meta name=\"twitter:label2\" content=\"Est. tempo de leitura\" \/>\n\t<meta name=\"twitter:data2\" content=\"4 minutos\" \/>\n<script type=\"application\/ld+json\" class=\"yoast-schema-graph\">{\"@context\":\"https:\\\/\\\/schema.org\",\"@graph\":[{\"@type\":\"Article\",\"@id\":\"https:\\\/\\\/jornalbeirario.com.br\\\/portal\\\/?p=32323#article\",\"isPartOf\":{\"@id\":\"https:\\\/\\\/jornalbeirario.com.br\\\/portal\\\/?p=32323\"},\"author\":{\"name\":\"Jornal BEIRA-RIO\",\"@id\":\"https:\\\/\\\/jornalbeirario.com.br\\\/portal\\\/#\\\/schema\\\/person\\\/c6c423e4c2465d2a9233f6539173e7c1\"},\"headline\":\"La\u00eds Amaral\",\"datePublished\":\"2015-08-14T03:52:52+00:00\",\"mainEntityOfPage\":{\"@id\":\"https:\\\/\\\/jornalbeirario.com.br\\\/portal\\\/?p=32323\"},\"wordCount\":897,\"commentCount\":0,\"publisher\":{\"@id\":\"https:\\\/\\\/jornalbeirario.com.br\\\/portal\\\/#organization\"},\"articleSection\":[\"Social\"],\"inLanguage\":\"pt-BR\",\"potentialAction\":[{\"@type\":\"CommentAction\",\"name\":\"Comment\",\"target\":[\"https:\\\/\\\/jornalbeirario.com.br\\\/portal\\\/?p=32323#respond\"]}]},{\"@type\":\"WebPage\",\"@id\":\"https:\\\/\\\/jornalbeirario.com.br\\\/portal\\\/?p=32323\",\"url\":\"https:\\\/\\\/jornalbeirario.com.br\\\/portal\\\/?p=32323\",\"name\":\"La\u00eds Amaral - JORNAL BEIRA RIO\",\"isPartOf\":{\"@id\":\"https:\\\/\\\/jornalbeirario.com.br\\\/portal\\\/#website\"},\"datePublished\":\"2015-08-14T03:52:52+00:00\",\"breadcrumb\":{\"@id\":\"https:\\\/\\\/jornalbeirario.com.br\\\/portal\\\/?p=32323#breadcrumb\"},\"inLanguage\":\"pt-BR\",\"potentialAction\":[{\"@type\":\"ReadAction\",\"target\":[\"https:\\\/\\\/jornalbeirario.com.br\\\/portal\\\/?p=32323\"]}]},{\"@type\":\"BreadcrumbList\",\"@id\":\"https:\\\/\\\/jornalbeirario.com.br\\\/portal\\\/?p=32323#breadcrumb\",\"itemListElement\":[{\"@type\":\"ListItem\",\"position\":1,\"name\":\"Home\",\"item\":\"https:\\\/\\\/jornalbeirario.com.br\\\/portal\"},{\"@type\":\"ListItem\",\"position\":2,\"name\":\"La\u00eds Amaral\"}]},{\"@type\":\"WebSite\",\"@id\":\"https:\\\/\\\/jornalbeirario.com.br\\\/portal\\\/#website\",\"url\":\"https:\\\/\\\/jornalbeirario.com.br\\\/portal\\\/\",\"name\":\"JORNAL BEIRA RIO\",\"description\":\"\",\"publisher\":{\"@id\":\"https:\\\/\\\/jornalbeirario.com.br\\\/portal\\\/#organization\"},\"potentialAction\":[{\"@type\":\"SearchAction\",\"target\":{\"@type\":\"EntryPoint\",\"urlTemplate\":\"https:\\\/\\\/jornalbeirario.com.br\\\/portal\\\/?s={search_term_string}\"},\"query-input\":{\"@type\":\"PropertyValueSpecification\",\"valueRequired\":true,\"valueName\":\"search_term_string\"}}],\"inLanguage\":\"pt-BR\"},{\"@type\":\"Organization\",\"@id\":\"https:\\\/\\\/jornalbeirario.com.br\\\/portal\\\/#organization\",\"name\":\"JORNAL BEIRA RIO\",\"url\":\"https:\\\/\\\/jornalbeirario.com.br\\\/portal\\\/\",\"logo\":{\"@type\":\"ImageObject\",\"inLanguage\":\"pt-BR\",\"@id\":\"https:\\\/\\\/jornalbeirario.com.br\\\/portal\\\/#\\\/schema\\\/logo\\\/image\\\/\",\"url\":\"https:\\\/\\\/jornalbeirario.com.br\\\/portal\\\/wp-content\\\/uploads\\\/2017\\\/09\\\/BEIRA-RIO_logo600.png\",\"contentUrl\":\"https:\\\/\\\/jornalbeirario.com.br\\\/portal\\\/wp-content\\\/uploads\\\/2017\\\/09\\\/BEIRA-RIO_logo600.png\",\"width\":650,\"height\":108,\"caption\":\"JORNAL BEIRA RIO\"},\"image\":{\"@id\":\"https:\\\/\\\/jornalbeirario.com.br\\\/portal\\\/#\\\/schema\\\/logo\\\/image\\\/\"}},{\"@type\":\"Person\",\"@id\":\"https:\\\/\\\/jornalbeirario.com.br\\\/portal\\\/#\\\/schema\\\/person\\\/c6c423e4c2465d2a9233f6539173e7c1\",\"name\":\"Jornal BEIRA-RIO\",\"image\":{\"@type\":\"ImageObject\",\"inLanguage\":\"pt-BR\",\"@id\":\"https:\\\/\\\/jornalbeirario.com.br\\\/portal\\\/wp-content\\\/uploads\\\/2023\\\/10\\\/logojbr1.jpg\",\"url\":\"https:\\\/\\\/jornalbeirario.com.br\\\/portal\\\/wp-content\\\/uploads\\\/2023\\\/10\\\/logojbr1.jpg\",\"contentUrl\":\"https:\\\/\\\/jornalbeirario.com.br\\\/portal\\\/wp-content\\\/uploads\\\/2023\\\/10\\\/logojbr1.jpg\",\"caption\":\"Jornal BEIRA-RIO\"},\"url\":\"https:\\\/\\\/jornalbeirario.com.br\\\/portal\\\/?author=1\"}]}<\/script>\n<!-- \/ Yoast SEO plugin. -->","yoast_head_json":{"title":"La\u00eds Amaral - JORNAL BEIRA RIO","robots":{"index":"index","follow":"follow","max-snippet":"max-snippet:-1","max-image-preview":"max-image-preview:large","max-video-preview":"max-video-preview:-1"},"canonical":"https:\/\/jornalbeirario.com.br\/portal\/?p=32323","og_locale":"pt_BR","og_type":"article","og_title":"La\u00eds Amaral - JORNAL BEIRA RIO","og_description":"Mem\u00f3rias desordenadas: Gilberto Gil De volta \u00e0s minhas mem\u00f3rias desordenadas chegamos \u00e0 letra \u2018G\u2019, de Gilberto Gil. H\u00e1 alguns anos, n\u00e3o me recordo\u00a0 exatamente","og_url":"https:\/\/jornalbeirario.com.br\/portal\/?p=32323","og_site_name":"JORNAL BEIRA RIO","article_published_time":"2015-08-14T03:52:52+00:00","author":"Jornal BEIRA-RIO","twitter_card":"summary_large_image","twitter_misc":{"Escrito por":"Jornal BEIRA-RIO","Est. tempo de leitura":"4 minutos"},"schema":{"@context":"https:\/\/schema.org","@graph":[{"@type":"Article","@id":"https:\/\/jornalbeirario.com.br\/portal\/?p=32323#article","isPartOf":{"@id":"https:\/\/jornalbeirario.com.br\/portal\/?p=32323"},"author":{"name":"Jornal BEIRA-RIO","@id":"https:\/\/jornalbeirario.com.br\/portal\/#\/schema\/person\/c6c423e4c2465d2a9233f6539173e7c1"},"headline":"La\u00eds Amaral","datePublished":"2015-08-14T03:52:52+00:00","mainEntityOfPage":{"@id":"https:\/\/jornalbeirario.com.br\/portal\/?p=32323"},"wordCount":897,"commentCount":0,"publisher":{"@id":"https:\/\/jornalbeirario.com.br\/portal\/#organization"},"articleSection":["Social"],"inLanguage":"pt-BR","potentialAction":[{"@type":"CommentAction","name":"Comment","target":["https:\/\/jornalbeirario.com.br\/portal\/?p=32323#respond"]}]},{"@type":"WebPage","@id":"https:\/\/jornalbeirario.com.br\/portal\/?p=32323","url":"https:\/\/jornalbeirario.com.br\/portal\/?p=32323","name":"La\u00eds Amaral - JORNAL BEIRA RIO","isPartOf":{"@id":"https:\/\/jornalbeirario.com.br\/portal\/#website"},"datePublished":"2015-08-14T03:52:52+00:00","breadcrumb":{"@id":"https:\/\/jornalbeirario.com.br\/portal\/?p=32323#breadcrumb"},"inLanguage":"pt-BR","potentialAction":[{"@type":"ReadAction","target":["https:\/\/jornalbeirario.com.br\/portal\/?p=32323"]}]},{"@type":"BreadcrumbList","@id":"https:\/\/jornalbeirario.com.br\/portal\/?p=32323#breadcrumb","itemListElement":[{"@type":"ListItem","position":1,"name":"Home","item":"https:\/\/jornalbeirario.com.br\/portal"},{"@type":"ListItem","position":2,"name":"La\u00eds Amaral"}]},{"@type":"WebSite","@id":"https:\/\/jornalbeirario.com.br\/portal\/#website","url":"https:\/\/jornalbeirario.com.br\/portal\/","name":"JORNAL BEIRA RIO","description":"","publisher":{"@id":"https:\/\/jornalbeirario.com.br\/portal\/#organization"},"potentialAction":[{"@type":"SearchAction","target":{"@type":"EntryPoint","urlTemplate":"https:\/\/jornalbeirario.com.br\/portal\/?s={search_term_string}"},"query-input":{"@type":"PropertyValueSpecification","valueRequired":true,"valueName":"search_term_string"}}],"inLanguage":"pt-BR"},{"@type":"Organization","@id":"https:\/\/jornalbeirario.com.br\/portal\/#organization","name":"JORNAL BEIRA RIO","url":"https:\/\/jornalbeirario.com.br\/portal\/","logo":{"@type":"ImageObject","inLanguage":"pt-BR","@id":"https:\/\/jornalbeirario.com.br\/portal\/#\/schema\/logo\/image\/","url":"https:\/\/jornalbeirario.com.br\/portal\/wp-content\/uploads\/2017\/09\/BEIRA-RIO_logo600.png","contentUrl":"https:\/\/jornalbeirario.com.br\/portal\/wp-content\/uploads\/2017\/09\/BEIRA-RIO_logo600.png","width":650,"height":108,"caption":"JORNAL BEIRA RIO"},"image":{"@id":"https:\/\/jornalbeirario.com.br\/portal\/#\/schema\/logo\/image\/"}},{"@type":"Person","@id":"https:\/\/jornalbeirario.com.br\/portal\/#\/schema\/person\/c6c423e4c2465d2a9233f6539173e7c1","name":"Jornal BEIRA-RIO","image":{"@type":"ImageObject","inLanguage":"pt-BR","@id":"https:\/\/jornalbeirario.com.br\/portal\/wp-content\/uploads\/2023\/10\/logojbr1.jpg","url":"https:\/\/jornalbeirario.com.br\/portal\/wp-content\/uploads\/2023\/10\/logojbr1.jpg","contentUrl":"https:\/\/jornalbeirario.com.br\/portal\/wp-content\/uploads\/2023\/10\/logojbr1.jpg","caption":"Jornal BEIRA-RIO"},"url":"https:\/\/jornalbeirario.com.br\/portal\/?author=1"}]}},"_links":{"self":[{"href":"https:\/\/jornalbeirario.com.br\/portal\/index.php?rest_route=\/wp\/v2\/posts\/32323","targetHints":{"allow":["GET"]}}],"collection":[{"href":"https:\/\/jornalbeirario.com.br\/portal\/index.php?rest_route=\/wp\/v2\/posts"}],"about":[{"href":"https:\/\/jornalbeirario.com.br\/portal\/index.php?rest_route=\/wp\/v2\/types\/post"}],"author":[{"embeddable":true,"href":"https:\/\/jornalbeirario.com.br\/portal\/index.php?rest_route=\/wp\/v2\/users\/1"}],"replies":[{"embeddable":true,"href":"https:\/\/jornalbeirario.com.br\/portal\/index.php?rest_route=%2Fwp%2Fv2%2Fcomments&post=32323"}],"version-history":[{"count":3,"href":"https:\/\/jornalbeirario.com.br\/portal\/index.php?rest_route=\/wp\/v2\/posts\/32323\/revisions"}],"predecessor-version":[{"id":32384,"href":"https:\/\/jornalbeirario.com.br\/portal\/index.php?rest_route=\/wp\/v2\/posts\/32323\/revisions\/32384"}],"wp:attachment":[{"href":"https:\/\/jornalbeirario.com.br\/portal\/index.php?rest_route=%2Fwp%2Fv2%2Fmedia&parent=32323"}],"wp:term":[{"taxonomy":"category","embeddable":true,"href":"https:\/\/jornalbeirario.com.br\/portal\/index.php?rest_route=%2Fwp%2Fv2%2Fcategories&post=32323"},{"taxonomy":"post_tag","embeddable":true,"href":"https:\/\/jornalbeirario.com.br\/portal\/index.php?rest_route=%2Fwp%2Fv2%2Ftags&post=32323"}],"curies":[{"name":"wp","href":"https:\/\/api.w.org\/{rel}","templated":true}]}}