
{"id":32318,"date":"2015-08-14T04:07:01","date_gmt":"2015-08-14T04:07:01","guid":{"rendered":"http:\/\/jornalbeirario.com.br\/portal\/portal\/?p=32318"},"modified":"2015-08-14T04:07:23","modified_gmt":"2015-08-14T04:07:23","slug":"vizinhos-usam-redes-sociais-para-protestar-contra-a-servatis","status":"publish","type":"post","link":"https:\/\/jornalbeirario.com.br\/portal\/?p=32318","title":{"rendered":"Vizinhos usam redes sociais para protestar contra a Servatis"},"content":{"rendered":"<p style=\"text-align: justify;\"><a href=\"https:\/\/jornalbeirario.com.br\/portal\/wp-content\/uploads\/2015\/08\/servatis2.jpg\"><img loading=\"lazy\" decoding=\"async\" class=\"alignleft size-medium wp-image-32320\" title=\"servatis2\" src=\"https:\/\/jornalbeirario.com.br\/portal\/wp-content\/uploads\/2015\/08\/servatis2-300x225.jpg\" alt=\"\" width=\"300\" height=\"225\" srcset=\"https:\/\/jornalbeirario.com.br\/portal\/wp-content\/uploads\/2015\/08\/servatis2-300x225.jpg 300w, https:\/\/jornalbeirario.com.br\/portal\/wp-content\/uploads\/2015\/08\/servatis2.jpg 640w\" sizes=\"auto, (max-width: 300px) 100vw, 300px\" \/><\/a>A empresa Servatis ficou conhecida nacionalmente em 2008 quando um acidente ambiental promoveu a matan\u00e7a de dezenas de peixes do Rio Para\u00edba do Sul. Mas para quem mora pr\u00f3ximo \u00e0 f\u00e1brica, o mau cheiro proveniente da empresa j\u00e1 \u00e9 um vizinho de muitos anos. Na semana passada, relatos de pessoas passando mal com o mau cheiro da empresa tomaram as redes sociais de Resende e reavivaram o problema, embora a Ag\u00eancia do Meio Ambiente de Resende (Amar) insista que desconhece a situa\u00e7\u00e3o.<\/p>\n<p>\u2014 O cheiro \u00e9 horr\u00edvel. J\u00e1 liguei para a prefeitura e falaram que n\u00e3o est\u00e3o sabendo. Teve uma vez que fizeram uma passeata contra a empresa e representantes da empresa entregaram um papelzinho para ligar quando tivesse problemas, mas o n\u00famero cai na portaria da empresa e eles n\u00e3o est\u00e3o sabendo de nada. Depois de 17h ou 18h fica pior, mais cedo \u00e0s vezes nem est\u00e1 fedendo. Sempre foi assim, mas agora est\u00e1 pior. \u00c0s vezes as pessoas v\u00e3o me visitar e pensam que \u00e9 carni\u00e7a no quintal. Quando a gente reclama eles d\u00e3o uma abafada no cheiro, mas depois volta de novo. Depois de 17h s\u00e3o os piores hor\u00e1rios \u2013 comentou Juliana Sabrina, que mora na Fazenda da Barra 2.<\/p>\n<p>Outra vizinha dela, que preferiu n\u00e3o divulgar o nome, tamb\u00e9m j\u00e1 tentou pedir ajuda \u00e0 prefeitura e n\u00e3o conseguiu.<\/p>\n<p>\u2014 \u00c9 horr\u00edvel, a gente acorda de manh\u00e3 com um cheiro horr\u00edvel, fedido, e depois vai piorando. A gente liga para a ouvidoria, eles falam que v\u00e3o resolver e nada. De noite \u00e9 pior, parece que eles soltam mais cheiro, outro dia estava cheirando mato seco \u2013 acrescentou a mulher.<\/p>\n<p><em>Leia mais sobre o sofrimento dos moradores no jornal <strong>BEIRA-RIO<\/strong>.<\/em><\/p>\n","protected":false},"excerpt":{"rendered":"<p>A empresa Servatis ficou conhecida nacionalmente em 2008 quando um acidente ambiental promoveu a matan\u00e7a de dezenas de peixes do Rio Para\u00edba do Sul.<\/p>\n","protected":false},"author":1,"featured_media":32321,"comment_status":"open","ping_status":"open","sticky":false,"template":"","format":"standard","meta":{"pmpro_default_level":"","footnotes":""},"categories":[27],"tags":[],"class_list":["post-32318","post","type-post","status-publish","format-standard","has-post-thumbnail","hentry","category-meioambiente","pmpro-has-access"],"yoast_head":"<!-- This site is optimized with the Yoast SEO plugin v27.4 - https:\/\/yoast.com\/product\/yoast-seo-wordpress\/ -->\n<title>Vizinhos usam redes sociais para protestar contra a Servatis - JORNAL BEIRA RIO<\/title>\n<meta name=\"robots\" content=\"index, follow, max-snippet:-1, max-image-preview:large, max-video-preview:-1\" \/>\n<link rel=\"canonical\" href=\"https:\/\/jornalbeirario.com.br\/portal\/?p=32318\" \/>\n<meta property=\"og:locale\" content=\"pt_BR\" \/>\n<meta property=\"og:type\" content=\"article\" \/>\n<meta property=\"og:title\" content=\"Vizinhos usam redes sociais para protestar contra a Servatis - JORNAL BEIRA RIO\" \/>\n<meta property=\"og:description\" content=\"A empresa Servatis ficou conhecida nacionalmente em 2008 quando um acidente ambiental promoveu a matan\u00e7a de dezenas de peixes do Rio Para\u00edba do Sul.\" \/>\n<meta property=\"og:url\" content=\"https:\/\/jornalbeirario.com.br\/portal\/?p=32318\" \/>\n<meta property=\"og:site_name\" content=\"JORNAL BEIRA RIO\" \/>\n<meta property=\"article:published_time\" content=\"2015-08-14T04:07:01+00:00\" \/>\n<meta property=\"article:modified_time\" content=\"2015-08-14T04:07:23+00:00\" \/>\n<meta property=\"og:image\" content=\"https:\/\/jornalbeirario.com.br\/portal\/wp-content\/uploads\/2015\/08\/servatis1.jpg\" \/>\n\t<meta property=\"og:image:width\" content=\"640\" \/>\n\t<meta property=\"og:image:height\" content=\"480\" \/>\n\t<meta property=\"og:image:type\" content=\"image\/jpeg\" \/>\n<meta name=\"author\" content=\"Jornal BEIRA-RIO\" \/>\n<meta name=\"twitter:card\" content=\"summary_large_image\" \/>\n<meta name=\"twitter:label1\" content=\"Escrito por\" \/>\n\t<meta name=\"twitter:data1\" content=\"Jornal BEIRA-RIO\" \/>\n\t<meta name=\"twitter:label2\" content=\"Est. tempo de leitura\" \/>\n\t<meta name=\"twitter:data2\" content=\"1 minuto\" \/>\n<script type=\"application\/ld+json\" class=\"yoast-schema-graph\">{\"@context\":\"https:\\\/\\\/schema.org\",\"@graph\":[{\"@type\":\"Article\",\"@id\":\"https:\\\/\\\/jornalbeirario.com.br\\\/portal\\\/?p=32318#article\",\"isPartOf\":{\"@id\":\"https:\\\/\\\/jornalbeirario.com.br\\\/portal\\\/?p=32318\"},\"author\":{\"name\":\"Jornal BEIRA-RIO\",\"@id\":\"https:\\\/\\\/jornalbeirario.com.br\\\/portal\\\/#\\\/schema\\\/person\\\/c6c423e4c2465d2a9233f6539173e7c1\"},\"headline\":\"Vizinhos usam redes sociais para protestar contra a Servatis\",\"datePublished\":\"2015-08-14T04:07:01+00:00\",\"dateModified\":\"2015-08-14T04:07:23+00:00\",\"mainEntityOfPage\":{\"@id\":\"https:\\\/\\\/jornalbeirario.com.br\\\/portal\\\/?p=32318\"},\"wordCount\":301,\"commentCount\":1,\"publisher\":{\"@id\":\"https:\\\/\\\/jornalbeirario.com.br\\\/portal\\\/#organization\"},\"image\":{\"@id\":\"https:\\\/\\\/jornalbeirario.com.br\\\/portal\\\/?p=32318#primaryimage\"},\"thumbnailUrl\":\"https:\\\/\\\/jornalbeirario.com.br\\\/portal\\\/wp-content\\\/uploads\\\/2015\\\/08\\\/servatis1.jpg\",\"articleSection\":[\"Meio Ambiente\"],\"inLanguage\":\"pt-BR\",\"potentialAction\":[{\"@type\":\"CommentAction\",\"name\":\"Comment\",\"target\":[\"https:\\\/\\\/jornalbeirario.com.br\\\/portal\\\/?p=32318#respond\"]}]},{\"@type\":\"WebPage\",\"@id\":\"https:\\\/\\\/jornalbeirario.com.br\\\/portal\\\/?p=32318\",\"url\":\"https:\\\/\\\/jornalbeirario.com.br\\\/portal\\\/?p=32318\",\"name\":\"Vizinhos usam redes sociais para protestar contra a Servatis - JORNAL BEIRA RIO\",\"isPartOf\":{\"@id\":\"https:\\\/\\\/jornalbeirario.com.br\\\/portal\\\/#website\"},\"primaryImageOfPage\":{\"@id\":\"https:\\\/\\\/jornalbeirario.com.br\\\/portal\\\/?p=32318#primaryimage\"},\"image\":{\"@id\":\"https:\\\/\\\/jornalbeirario.com.br\\\/portal\\\/?p=32318#primaryimage\"},\"thumbnailUrl\":\"https:\\\/\\\/jornalbeirario.com.br\\\/portal\\\/wp-content\\\/uploads\\\/2015\\\/08\\\/servatis1.jpg\",\"datePublished\":\"2015-08-14T04:07:01+00:00\",\"dateModified\":\"2015-08-14T04:07:23+00:00\",\"breadcrumb\":{\"@id\":\"https:\\\/\\\/jornalbeirario.com.br\\\/portal\\\/?p=32318#breadcrumb\"},\"inLanguage\":\"pt-BR\",\"potentialAction\":[{\"@type\":\"ReadAction\",\"target\":[\"https:\\\/\\\/jornalbeirario.com.br\\\/portal\\\/?p=32318\"]}]},{\"@type\":\"ImageObject\",\"inLanguage\":\"pt-BR\",\"@id\":\"https:\\\/\\\/jornalbeirario.com.br\\\/portal\\\/?p=32318#primaryimage\",\"url\":\"https:\\\/\\\/jornalbeirario.com.br\\\/portal\\\/wp-content\\\/uploads\\\/2015\\\/08\\\/servatis1.jpg\",\"contentUrl\":\"https:\\\/\\\/jornalbeirario.com.br\\\/portal\\\/wp-content\\\/uploads\\\/2015\\\/08\\\/servatis1.jpg\",\"width\":\"640\",\"height\":\"480\"},{\"@type\":\"BreadcrumbList\",\"@id\":\"https:\\\/\\\/jornalbeirario.com.br\\\/portal\\\/?p=32318#breadcrumb\",\"itemListElement\":[{\"@type\":\"ListItem\",\"position\":1,\"name\":\"Home\",\"item\":\"https:\\\/\\\/jornalbeirario.com.br\\\/portal\"},{\"@type\":\"ListItem\",\"position\":2,\"name\":\"Vizinhos usam redes sociais para protestar contra a Servatis\"}]},{\"@type\":\"WebSite\",\"@id\":\"https:\\\/\\\/jornalbeirario.com.br\\\/portal\\\/#website\",\"url\":\"https:\\\/\\\/jornalbeirario.com.br\\\/portal\\\/\",\"name\":\"JORNAL BEIRA RIO\",\"description\":\"\",\"publisher\":{\"@id\":\"https:\\\/\\\/jornalbeirario.com.br\\\/portal\\\/#organization\"},\"potentialAction\":[{\"@type\":\"SearchAction\",\"target\":{\"@type\":\"EntryPoint\",\"urlTemplate\":\"https:\\\/\\\/jornalbeirario.com.br\\\/portal\\\/?s={search_term_string}\"},\"query-input\":{\"@type\":\"PropertyValueSpecification\",\"valueRequired\":true,\"valueName\":\"search_term_string\"}}],\"inLanguage\":\"pt-BR\"},{\"@type\":\"Organization\",\"@id\":\"https:\\\/\\\/jornalbeirario.com.br\\\/portal\\\/#organization\",\"name\":\"JORNAL BEIRA RIO\",\"url\":\"https:\\\/\\\/jornalbeirario.com.br\\\/portal\\\/\",\"logo\":{\"@type\":\"ImageObject\",\"inLanguage\":\"pt-BR\",\"@id\":\"https:\\\/\\\/jornalbeirario.com.br\\\/portal\\\/#\\\/schema\\\/logo\\\/image\\\/\",\"url\":\"https:\\\/\\\/jornalbeirario.com.br\\\/portal\\\/wp-content\\\/uploads\\\/2017\\\/09\\\/BEIRA-RIO_logo600.png\",\"contentUrl\":\"https:\\\/\\\/jornalbeirario.com.br\\\/portal\\\/wp-content\\\/uploads\\\/2017\\\/09\\\/BEIRA-RIO_logo600.png\",\"width\":650,\"height\":108,\"caption\":\"JORNAL BEIRA RIO\"},\"image\":{\"@id\":\"https:\\\/\\\/jornalbeirario.com.br\\\/portal\\\/#\\\/schema\\\/logo\\\/image\\\/\"}},{\"@type\":\"Person\",\"@id\":\"https:\\\/\\\/jornalbeirario.com.br\\\/portal\\\/#\\\/schema\\\/person\\\/c6c423e4c2465d2a9233f6539173e7c1\",\"name\":\"Jornal BEIRA-RIO\",\"image\":{\"@type\":\"ImageObject\",\"inLanguage\":\"pt-BR\",\"@id\":\"https:\\\/\\\/jornalbeirario.com.br\\\/portal\\\/wp-content\\\/uploads\\\/2023\\\/10\\\/logojbr1.jpg\",\"url\":\"https:\\\/\\\/jornalbeirario.com.br\\\/portal\\\/wp-content\\\/uploads\\\/2023\\\/10\\\/logojbr1.jpg\",\"contentUrl\":\"https:\\\/\\\/jornalbeirario.com.br\\\/portal\\\/wp-content\\\/uploads\\\/2023\\\/10\\\/logojbr1.jpg\",\"caption\":\"Jornal BEIRA-RIO\"},\"url\":\"https:\\\/\\\/jornalbeirario.com.br\\\/portal\\\/?author=1\"}]}<\/script>\n<!-- \/ Yoast SEO plugin. -->","yoast_head_json":{"title":"Vizinhos usam redes sociais para protestar contra a Servatis - JORNAL BEIRA RIO","robots":{"index":"index","follow":"follow","max-snippet":"max-snippet:-1","max-image-preview":"max-image-preview:large","max-video-preview":"max-video-preview:-1"},"canonical":"https:\/\/jornalbeirario.com.br\/portal\/?p=32318","og_locale":"pt_BR","og_type":"article","og_title":"Vizinhos usam redes sociais para protestar contra a Servatis - JORNAL BEIRA RIO","og_description":"A empresa Servatis ficou conhecida nacionalmente em 2008 quando um acidente ambiental promoveu a matan\u00e7a de dezenas de peixes do Rio Para\u00edba do Sul.","og_url":"https:\/\/jornalbeirario.com.br\/portal\/?p=32318","og_site_name":"JORNAL BEIRA RIO","article_published_time":"2015-08-14T04:07:01+00:00","article_modified_time":"2015-08-14T04:07:23+00:00","og_image":[{"width":640,"height":480,"url":"https:\/\/jornalbeirario.com.br\/portal\/wp-content\/uploads\/2015\/08\/servatis1.jpg","type":"image\/jpeg"}],"author":"Jornal BEIRA-RIO","twitter_card":"summary_large_image","twitter_misc":{"Escrito por":"Jornal BEIRA-RIO","Est. tempo de leitura":"1 minuto"},"schema":{"@context":"https:\/\/schema.org","@graph":[{"@type":"Article","@id":"https:\/\/jornalbeirario.com.br\/portal\/?p=32318#article","isPartOf":{"@id":"https:\/\/jornalbeirario.com.br\/portal\/?p=32318"},"author":{"name":"Jornal BEIRA-RIO","@id":"https:\/\/jornalbeirario.com.br\/portal\/#\/schema\/person\/c6c423e4c2465d2a9233f6539173e7c1"},"headline":"Vizinhos usam redes sociais para protestar contra a Servatis","datePublished":"2015-08-14T04:07:01+00:00","dateModified":"2015-08-14T04:07:23+00:00","mainEntityOfPage":{"@id":"https:\/\/jornalbeirario.com.br\/portal\/?p=32318"},"wordCount":301,"commentCount":1,"publisher":{"@id":"https:\/\/jornalbeirario.com.br\/portal\/#organization"},"image":{"@id":"https:\/\/jornalbeirario.com.br\/portal\/?p=32318#primaryimage"},"thumbnailUrl":"https:\/\/jornalbeirario.com.br\/portal\/wp-content\/uploads\/2015\/08\/servatis1.jpg","articleSection":["Meio Ambiente"],"inLanguage":"pt-BR","potentialAction":[{"@type":"CommentAction","name":"Comment","target":["https:\/\/jornalbeirario.com.br\/portal\/?p=32318#respond"]}]},{"@type":"WebPage","@id":"https:\/\/jornalbeirario.com.br\/portal\/?p=32318","url":"https:\/\/jornalbeirario.com.br\/portal\/?p=32318","name":"Vizinhos usam redes sociais para protestar contra a Servatis - JORNAL BEIRA RIO","isPartOf":{"@id":"https:\/\/jornalbeirario.com.br\/portal\/#website"},"primaryImageOfPage":{"@id":"https:\/\/jornalbeirario.com.br\/portal\/?p=32318#primaryimage"},"image":{"@id":"https:\/\/jornalbeirario.com.br\/portal\/?p=32318#primaryimage"},"thumbnailUrl":"https:\/\/jornalbeirario.com.br\/portal\/wp-content\/uploads\/2015\/08\/servatis1.jpg","datePublished":"2015-08-14T04:07:01+00:00","dateModified":"2015-08-14T04:07:23+00:00","breadcrumb":{"@id":"https:\/\/jornalbeirario.com.br\/portal\/?p=32318#breadcrumb"},"inLanguage":"pt-BR","potentialAction":[{"@type":"ReadAction","target":["https:\/\/jornalbeirario.com.br\/portal\/?p=32318"]}]},{"@type":"ImageObject","inLanguage":"pt-BR","@id":"https:\/\/jornalbeirario.com.br\/portal\/?p=32318#primaryimage","url":"https:\/\/jornalbeirario.com.br\/portal\/wp-content\/uploads\/2015\/08\/servatis1.jpg","contentUrl":"https:\/\/jornalbeirario.com.br\/portal\/wp-content\/uploads\/2015\/08\/servatis1.jpg","width":"640","height":"480"},{"@type":"BreadcrumbList","@id":"https:\/\/jornalbeirario.com.br\/portal\/?p=32318#breadcrumb","itemListElement":[{"@type":"ListItem","position":1,"name":"Home","item":"https:\/\/jornalbeirario.com.br\/portal"},{"@type":"ListItem","position":2,"name":"Vizinhos usam redes sociais para protestar contra a Servatis"}]},{"@type":"WebSite","@id":"https:\/\/jornalbeirario.com.br\/portal\/#website","url":"https:\/\/jornalbeirario.com.br\/portal\/","name":"JORNAL BEIRA RIO","description":"","publisher":{"@id":"https:\/\/jornalbeirario.com.br\/portal\/#organization"},"potentialAction":[{"@type":"SearchAction","target":{"@type":"EntryPoint","urlTemplate":"https:\/\/jornalbeirario.com.br\/portal\/?s={search_term_string}"},"query-input":{"@type":"PropertyValueSpecification","valueRequired":true,"valueName":"search_term_string"}}],"inLanguage":"pt-BR"},{"@type":"Organization","@id":"https:\/\/jornalbeirario.com.br\/portal\/#organization","name":"JORNAL BEIRA RIO","url":"https:\/\/jornalbeirario.com.br\/portal\/","logo":{"@type":"ImageObject","inLanguage":"pt-BR","@id":"https:\/\/jornalbeirario.com.br\/portal\/#\/schema\/logo\/image\/","url":"https:\/\/jornalbeirario.com.br\/portal\/wp-content\/uploads\/2017\/09\/BEIRA-RIO_logo600.png","contentUrl":"https:\/\/jornalbeirario.com.br\/portal\/wp-content\/uploads\/2017\/09\/BEIRA-RIO_logo600.png","width":650,"height":108,"caption":"JORNAL BEIRA RIO"},"image":{"@id":"https:\/\/jornalbeirario.com.br\/portal\/#\/schema\/logo\/image\/"}},{"@type":"Person","@id":"https:\/\/jornalbeirario.com.br\/portal\/#\/schema\/person\/c6c423e4c2465d2a9233f6539173e7c1","name":"Jornal BEIRA-RIO","image":{"@type":"ImageObject","inLanguage":"pt-BR","@id":"https:\/\/jornalbeirario.com.br\/portal\/wp-content\/uploads\/2023\/10\/logojbr1.jpg","url":"https:\/\/jornalbeirario.com.br\/portal\/wp-content\/uploads\/2023\/10\/logojbr1.jpg","contentUrl":"https:\/\/jornalbeirario.com.br\/portal\/wp-content\/uploads\/2023\/10\/logojbr1.jpg","caption":"Jornal BEIRA-RIO"},"url":"https:\/\/jornalbeirario.com.br\/portal\/?author=1"}]}},"_links":{"self":[{"href":"https:\/\/jornalbeirario.com.br\/portal\/index.php?rest_route=\/wp\/v2\/posts\/32318","targetHints":{"allow":["GET"]}}],"collection":[{"href":"https:\/\/jornalbeirario.com.br\/portal\/index.php?rest_route=\/wp\/v2\/posts"}],"about":[{"href":"https:\/\/jornalbeirario.com.br\/portal\/index.php?rest_route=\/wp\/v2\/types\/post"}],"author":[{"embeddable":true,"href":"https:\/\/jornalbeirario.com.br\/portal\/index.php?rest_route=\/wp\/v2\/users\/1"}],"replies":[{"embeddable":true,"href":"https:\/\/jornalbeirario.com.br\/portal\/index.php?rest_route=%2Fwp%2Fv2%2Fcomments&post=32318"}],"version-history":[{"count":4,"href":"https:\/\/jornalbeirario.com.br\/portal\/index.php?rest_route=\/wp\/v2\/posts\/32318\/revisions"}],"predecessor-version":[{"id":32392,"href":"https:\/\/jornalbeirario.com.br\/portal\/index.php?rest_route=\/wp\/v2\/posts\/32318\/revisions\/32392"}],"wp:featuredmedia":[{"embeddable":true,"href":"https:\/\/jornalbeirario.com.br\/portal\/index.php?rest_route=\/wp\/v2\/media\/32321"}],"wp:attachment":[{"href":"https:\/\/jornalbeirario.com.br\/portal\/index.php?rest_route=%2Fwp%2Fv2%2Fmedia&parent=32318"}],"wp:term":[{"taxonomy":"category","embeddable":true,"href":"https:\/\/jornalbeirario.com.br\/portal\/index.php?rest_route=%2Fwp%2Fv2%2Fcategories&post=32318"},{"taxonomy":"post_tag","embeddable":true,"href":"https:\/\/jornalbeirario.com.br\/portal\/index.php?rest_route=%2Fwp%2Fv2%2Ftags&post=32318"}],"curies":[{"name":"wp","href":"https:\/\/api.w.org\/{rel}","templated":true}]}}