
{"id":32004,"date":"2015-08-07T09:13:21","date_gmt":"2015-08-07T09:13:21","guid":{"rendered":"http:\/\/jornalbeirario.com.br\/portal\/portal\/?p=32004"},"modified":"2015-08-07T09:13:21","modified_gmt":"2015-08-07T09:13:21","slug":"lais-amaral-108","status":"publish","type":"post","link":"https:\/\/jornalbeirario.com.br\/portal\/?p=32004","title":{"rendered":"La\u00eds Amaral"},"content":{"rendered":"<p style=\"text-align: justify;\"><strong>Em quem vamos votar para Prefeito? Vai ter Carvalho no ninho tucano?<\/strong><br \/>\nSemana passada, iniciei uma especula\u00e7\u00e3o sobre os prov\u00e1veis nomes que concorrer\u00e3o ano que vem \u00e0 sucess\u00e3o do prefeito Jos\u00e9 Rechuan, em Resende. Falei da \u2018Oposi\u00e7\u00e3o\u2019 e da \u2018Situa\u00e7\u00e3o\u2019, obviamente. A respeito dos candidatos de \u2018Oposi\u00e7\u00e3o\u2019, especulei sobre os nomes e os partidos que certamente estar\u00e3o na disputa. Mas h\u00e1 outros nomes ainda com quest\u00f5es partid\u00e1rias indefinidas, mas que j\u00e1 s\u00e3o apresentados como pretensos candidatos. S\u00e3o eles o empres\u00e1rio Edison Lourosa e o ex-vereador Alceu Paiva Junior. Ainda n\u00e3o sei a que partidos os dois est\u00e3o filiados, mas s\u00e3o dois cidad\u00e3os que tamb\u00e9m devem participar do pleito do ano que vem. Nessa quarta-feira, estava marcado aquele \u00faltimo papo informal com postulantes a candidatos da base de apoio do Prefeito Rechuan. Estavam previstas para o encontro com presidentes de partidos e militantes, as participa\u00e7\u00f5es do secret\u00e1rio de Servi\u00e7os P\u00fablicos, Marcial Correa, do vereador Tiago Forastieri e o ex-PT e atual PCdoB, Rog\u00e9rio Coutinho. Os encontros foram realizados na sede do PDT, no Manejo. PS: Aviso que escrevi esta nota antes da realiza\u00e7\u00e3o do evento e por isso o verbo n\u00e3o estar no tempo passado. Informo ainda que, n\u00e3o conversei com nenhum dos pretensos candidatos e que em nenhum momento fui procurado por algu\u00e9m para ser citado ou coisa que o valha aqui nesta p\u00e1gina. Sobre os boatos de que Noel de Carvalho assumiria o PSDB de Resende, tucanos me disseram que Noel \u00e9 \u2018persona non grata\u2019 nesse ninho e que talvez seja mesmo Alceuzinho o novo comandante local do partido. Esperar pra ver.<\/p>\n<p style=\"text-align: justify;\"><strong>\u201cEu sou a lei\u201d. De volta ao passado<\/strong><br \/>\nQuando um juiz de primeira inst\u00e2ncia se arvora em bancar o Wyatt Earp (\u201cEu sou a lei e pronto\u201d) prendendo at\u00e9 gente que j\u00e1 estava presa, sinto que estamos fazendo o caminho de volta. Quando esse mesmo magistrado deixa de investigar (ou prender?) outros personagens por suspeitas iguais, levantadas pelos mesmos delatores, sinto que estamos fazendo o caminho de volta. Quando tudo leva a crer que a Justi\u00e7a tem tamb\u00e9m o seu lado e n\u00e3o \u00e9 t\u00e3o cega como aprendemos desde crian\u00e7a, sinto que nunca sa\u00edmos do lugar. \u00c9 chegada a hora de reconhecermos que apesar dos avan\u00e7os em v\u00e1rios setores, da import\u00e2ncia que o pr\u00f3prio presidente Barac Obama recentemente outorgou nos apontando como potencia mundial &#8211; perante uma rep\u00f3rter global frustrada e desconsertada -, apesar de termos sa\u00eddo pela primeira vez do \u2018Mapa da Fome\u2019, ano passado, segundo a FAO, \u00f3rg\u00e3o da ONU, apesar de darmos exemplo ao mundo no combate \u00e0 fome e \u00e0 mis\u00e9ria, e sermos seguidos por dezenas de pa\u00edses, apesar de tantas outras passadas firmes a frente, ainda temos o nosso grande complexo de inferioridade nos amarrando ao passado e ordenando que devemos nos limitar a ser apenas uma \u2018rep\u00fablica de bananas\u2019. As bizarrices dos \u00faltimos dias, como a pris\u00e3o de Jos\u00e9 Dirceu, que j\u00e1 estava preso, um cara que tem os direitos pol\u00edticos cassado e tudo mais (que pavor \u00e9 esse do Dirceu ?) ecoam no exterior como sequencias tontas de uma com\u00e9dia pastel\u00e3o. \u00c9 vergonhoso. Uma Justi\u00e7a que se apresenta como, claramente seletiva, realmente n\u00e3o \u00e9 digna de uma grande na\u00e7\u00e3o. Somos ainda uma \u2018republiqueta de bananas\u2019, e isso foi decretado em Curitiba, mas que poderia muito bem ter vindo de Wichita (Kansas) no s\u00e9culo XIX.<\/p>\n<p style=\"text-align: justify;\"><strong>TRIPA<\/strong><br \/>\n* Est\u00e3o abertas, at\u00e9 o dia 21 de agosto, na AEDB as inscri\u00e7\u00f5es para o Mestrado Profissional em Engenharia de Produ\u00e7\u00e3o, em conv\u00eanio com o Programa de P\u00f3s-gradua\u00e7\u00e3o da Universidade Estadual Paulista \u2013 UNESP, atrav\u00e9s de sua Faculdade de Engenharia do campus de Guaratinguet\u00e1\/SP. Os interessados podem se inscrever atrav\u00e9s do link\u00a0 bit.ly\/1W2z0Nc. No dia 29 de agosto, \u00e0s 9h, no campus da AEDB, acontece o processo seletivo, quando ser\u00e1 analisado o curr\u00edculo e o projeto de pesquisa apresentado por cada candidato * A Funda\u00e7\u00e3o Casa da Cultura Macedo Miranda abriu inscri\u00e7\u00f5es para o 43\u00ba Sal\u00e3o da Primavera. Os artistas interessados devem se inscrever at\u00e9 o dia 9 de setembro. O tradicional Sal\u00e3o da Primavera de Resende ser\u00e1 realizado no Museu de Arte Moderna (MAM) de 10 de outubro a 11 de dezembro e podem se inscrever artistas pl\u00e1sticos de todo territ\u00f3rio nacional e que atuem nas categorias pintura, gravura, desenho, fotografia e escultura. Mais informa\u00e7\u00f5es: goo.gl\/rFNSPP * Hoje (dia 7) e amanh\u00e3 o charmoso bairro de Penedo ser\u00e1 movimentado pelo \u2018Rali da Mitsubishi\u2019. Para participar, os competidores devem doar, por carro, de 30 kg de alimentos n\u00e3o perec\u00edveis, cobertores e seis produtos de higiene, que ser\u00e3o doados\u00a0 \u00e0s institui\u00e7\u00f5es carentes do munic\u00edpio * O Museu Janete Costa de Arte Popular, em Niter\u00f3i, abriga at\u00e9 o final de agosto, a exposi\u00e7\u00e3o \u201cNatureza e Sobrenatureza na Obra de Jorge Brito\u201d. S\u00e3o esculturas r\u00fasticas em madeira. Homenagem aos 80 anos do artista popular da nossa Mantiqueira que conta com o apoio cultural do Centro Cultural Visconde de Mau\u00e1<\/p>\n<p style=\"text-align: justify;\"><strong>ANIVERS\u00c1RIOS<\/strong><br \/>\nDia 30 passado mudaram de idade a Raquel Nogueira, o Vin\u00edcius Whately e Priscila Carvalho, que comemorou dia 1\u00ba de agosto no Bar Atl\u00e2ntico, com samba (Diogo Senna) e feijoada. No dia 1\u00ba mesmo inauguraram idade nova o F\u00e1bio Mendon\u00e7a, Adrielly Oliveira, Osmar Costa e Julio Faria. Dia 3 recebeu os \u2018parab\u00e9ns\u2019 o Fernando Xavier. Nesse dia 4 uma turma grande inaugurou idade nova: Iara Petr\u00edlio, professor Jos\u00e9 Marques, Edvaldo Modesto (Babu), Uiliam Henrique, o \u2018Fa\u00edsca\u2019 e Julian Pereira. E nessa quarta, dia 5, completou mais um ano de vida o amigo Francisco Non\u00f4. Parab\u00e9ns e todas as felicidades do mundo a eles.<\/p>\n","protected":false},"excerpt":{"rendered":"<p>Em quem vamos votar para Prefeito? Vai ter Carvalho no ninho tucano? Semana passada, iniciei uma especula\u00e7\u00e3o sobre os prov\u00e1veis nomes que concorrer\u00e3o ano<\/p>\n","protected":false},"author":1,"featured_media":0,"comment_status":"open","ping_status":"open","sticky":false,"template":"","format":"standard","meta":{"pmpro_default_level":"","footnotes":""},"categories":[13],"tags":[],"class_list":["post-32004","post","type-post","status-publish","format-standard","hentry","category-social","pmpro-has-access"],"yoast_head":"<!-- This site is optimized with the Yoast SEO plugin v27.4 - https:\/\/yoast.com\/product\/yoast-seo-wordpress\/ -->\n<title>La\u00eds Amaral - JORNAL BEIRA RIO<\/title>\n<meta name=\"robots\" content=\"index, follow, max-snippet:-1, max-image-preview:large, max-video-preview:-1\" \/>\n<link rel=\"canonical\" href=\"https:\/\/jornalbeirario.com.br\/portal\/?p=32004\" \/>\n<meta property=\"og:locale\" content=\"pt_BR\" \/>\n<meta property=\"og:type\" content=\"article\" \/>\n<meta property=\"og:title\" content=\"La\u00eds Amaral - JORNAL BEIRA RIO\" \/>\n<meta property=\"og:description\" content=\"Em quem vamos votar para Prefeito? Vai ter Carvalho no ninho tucano? Semana passada, iniciei uma especula\u00e7\u00e3o sobre os prov\u00e1veis nomes que concorrer\u00e3o ano\" \/>\n<meta property=\"og:url\" content=\"https:\/\/jornalbeirario.com.br\/portal\/?p=32004\" \/>\n<meta property=\"og:site_name\" content=\"JORNAL BEIRA RIO\" \/>\n<meta property=\"article:published_time\" content=\"2015-08-07T09:13:21+00:00\" \/>\n<meta name=\"author\" content=\"Jornal BEIRA-RIO\" \/>\n<meta name=\"twitter:card\" content=\"summary_large_image\" \/>\n<meta name=\"twitter:label1\" content=\"Escrito por\" \/>\n\t<meta name=\"twitter:data1\" content=\"Jornal BEIRA-RIO\" \/>\n\t<meta name=\"twitter:label2\" content=\"Est. tempo de leitura\" \/>\n\t<meta name=\"twitter:data2\" content=\"5 minutos\" \/>\n<script type=\"application\/ld+json\" class=\"yoast-schema-graph\">{\"@context\":\"https:\\\/\\\/schema.org\",\"@graph\":[{\"@type\":\"Article\",\"@id\":\"https:\\\/\\\/jornalbeirario.com.br\\\/portal\\\/?p=32004#article\",\"isPartOf\":{\"@id\":\"https:\\\/\\\/jornalbeirario.com.br\\\/portal\\\/?p=32004\"},\"author\":{\"name\":\"Jornal BEIRA-RIO\",\"@id\":\"https:\\\/\\\/jornalbeirario.com.br\\\/portal\\\/#\\\/schema\\\/person\\\/c6c423e4c2465d2a9233f6539173e7c1\"},\"headline\":\"La\u00eds Amaral\",\"datePublished\":\"2015-08-07T09:13:21+00:00\",\"mainEntityOfPage\":{\"@id\":\"https:\\\/\\\/jornalbeirario.com.br\\\/portal\\\/?p=32004\"},\"wordCount\":982,\"commentCount\":0,\"publisher\":{\"@id\":\"https:\\\/\\\/jornalbeirario.com.br\\\/portal\\\/#organization\"},\"articleSection\":[\"Social\"],\"inLanguage\":\"pt-BR\",\"potentialAction\":[{\"@type\":\"CommentAction\",\"name\":\"Comment\",\"target\":[\"https:\\\/\\\/jornalbeirario.com.br\\\/portal\\\/?p=32004#respond\"]}]},{\"@type\":\"WebPage\",\"@id\":\"https:\\\/\\\/jornalbeirario.com.br\\\/portal\\\/?p=32004\",\"url\":\"https:\\\/\\\/jornalbeirario.com.br\\\/portal\\\/?p=32004\",\"name\":\"La\u00eds Amaral - JORNAL BEIRA RIO\",\"isPartOf\":{\"@id\":\"https:\\\/\\\/jornalbeirario.com.br\\\/portal\\\/#website\"},\"datePublished\":\"2015-08-07T09:13:21+00:00\",\"breadcrumb\":{\"@id\":\"https:\\\/\\\/jornalbeirario.com.br\\\/portal\\\/?p=32004#breadcrumb\"},\"inLanguage\":\"pt-BR\",\"potentialAction\":[{\"@type\":\"ReadAction\",\"target\":[\"https:\\\/\\\/jornalbeirario.com.br\\\/portal\\\/?p=32004\"]}]},{\"@type\":\"BreadcrumbList\",\"@id\":\"https:\\\/\\\/jornalbeirario.com.br\\\/portal\\\/?p=32004#breadcrumb\",\"itemListElement\":[{\"@type\":\"ListItem\",\"position\":1,\"name\":\"Home\",\"item\":\"https:\\\/\\\/jornalbeirario.com.br\\\/portal\"},{\"@type\":\"ListItem\",\"position\":2,\"name\":\"La\u00eds Amaral\"}]},{\"@type\":\"WebSite\",\"@id\":\"https:\\\/\\\/jornalbeirario.com.br\\\/portal\\\/#website\",\"url\":\"https:\\\/\\\/jornalbeirario.com.br\\\/portal\\\/\",\"name\":\"JORNAL BEIRA RIO\",\"description\":\"\",\"publisher\":{\"@id\":\"https:\\\/\\\/jornalbeirario.com.br\\\/portal\\\/#organization\"},\"potentialAction\":[{\"@type\":\"SearchAction\",\"target\":{\"@type\":\"EntryPoint\",\"urlTemplate\":\"https:\\\/\\\/jornalbeirario.com.br\\\/portal\\\/?s={search_term_string}\"},\"query-input\":{\"@type\":\"PropertyValueSpecification\",\"valueRequired\":true,\"valueName\":\"search_term_string\"}}],\"inLanguage\":\"pt-BR\"},{\"@type\":\"Organization\",\"@id\":\"https:\\\/\\\/jornalbeirario.com.br\\\/portal\\\/#organization\",\"name\":\"JORNAL BEIRA RIO\",\"url\":\"https:\\\/\\\/jornalbeirario.com.br\\\/portal\\\/\",\"logo\":{\"@type\":\"ImageObject\",\"inLanguage\":\"pt-BR\",\"@id\":\"https:\\\/\\\/jornalbeirario.com.br\\\/portal\\\/#\\\/schema\\\/logo\\\/image\\\/\",\"url\":\"https:\\\/\\\/jornalbeirario.com.br\\\/portal\\\/wp-content\\\/uploads\\\/2017\\\/09\\\/BEIRA-RIO_logo600.png\",\"contentUrl\":\"https:\\\/\\\/jornalbeirario.com.br\\\/portal\\\/wp-content\\\/uploads\\\/2017\\\/09\\\/BEIRA-RIO_logo600.png\",\"width\":650,\"height\":108,\"caption\":\"JORNAL BEIRA RIO\"},\"image\":{\"@id\":\"https:\\\/\\\/jornalbeirario.com.br\\\/portal\\\/#\\\/schema\\\/logo\\\/image\\\/\"}},{\"@type\":\"Person\",\"@id\":\"https:\\\/\\\/jornalbeirario.com.br\\\/portal\\\/#\\\/schema\\\/person\\\/c6c423e4c2465d2a9233f6539173e7c1\",\"name\":\"Jornal BEIRA-RIO\",\"image\":{\"@type\":\"ImageObject\",\"inLanguage\":\"pt-BR\",\"@id\":\"https:\\\/\\\/jornalbeirario.com.br\\\/portal\\\/wp-content\\\/uploads\\\/2023\\\/10\\\/logojbr1.jpg\",\"url\":\"https:\\\/\\\/jornalbeirario.com.br\\\/portal\\\/wp-content\\\/uploads\\\/2023\\\/10\\\/logojbr1.jpg\",\"contentUrl\":\"https:\\\/\\\/jornalbeirario.com.br\\\/portal\\\/wp-content\\\/uploads\\\/2023\\\/10\\\/logojbr1.jpg\",\"caption\":\"Jornal BEIRA-RIO\"},\"url\":\"https:\\\/\\\/jornalbeirario.com.br\\\/portal\\\/?author=1\"}]}<\/script>\n<!-- \/ Yoast SEO plugin. -->","yoast_head_json":{"title":"La\u00eds Amaral - JORNAL BEIRA RIO","robots":{"index":"index","follow":"follow","max-snippet":"max-snippet:-1","max-image-preview":"max-image-preview:large","max-video-preview":"max-video-preview:-1"},"canonical":"https:\/\/jornalbeirario.com.br\/portal\/?p=32004","og_locale":"pt_BR","og_type":"article","og_title":"La\u00eds Amaral - JORNAL BEIRA RIO","og_description":"Em quem vamos votar para Prefeito? Vai ter Carvalho no ninho tucano? Semana passada, iniciei uma especula\u00e7\u00e3o sobre os prov\u00e1veis nomes que concorrer\u00e3o ano","og_url":"https:\/\/jornalbeirario.com.br\/portal\/?p=32004","og_site_name":"JORNAL BEIRA RIO","article_published_time":"2015-08-07T09:13:21+00:00","author":"Jornal BEIRA-RIO","twitter_card":"summary_large_image","twitter_misc":{"Escrito por":"Jornal BEIRA-RIO","Est. tempo de leitura":"5 minutos"},"schema":{"@context":"https:\/\/schema.org","@graph":[{"@type":"Article","@id":"https:\/\/jornalbeirario.com.br\/portal\/?p=32004#article","isPartOf":{"@id":"https:\/\/jornalbeirario.com.br\/portal\/?p=32004"},"author":{"name":"Jornal BEIRA-RIO","@id":"https:\/\/jornalbeirario.com.br\/portal\/#\/schema\/person\/c6c423e4c2465d2a9233f6539173e7c1"},"headline":"La\u00eds Amaral","datePublished":"2015-08-07T09:13:21+00:00","mainEntityOfPage":{"@id":"https:\/\/jornalbeirario.com.br\/portal\/?p=32004"},"wordCount":982,"commentCount":0,"publisher":{"@id":"https:\/\/jornalbeirario.com.br\/portal\/#organization"},"articleSection":["Social"],"inLanguage":"pt-BR","potentialAction":[{"@type":"CommentAction","name":"Comment","target":["https:\/\/jornalbeirario.com.br\/portal\/?p=32004#respond"]}]},{"@type":"WebPage","@id":"https:\/\/jornalbeirario.com.br\/portal\/?p=32004","url":"https:\/\/jornalbeirario.com.br\/portal\/?p=32004","name":"La\u00eds Amaral - JORNAL BEIRA RIO","isPartOf":{"@id":"https:\/\/jornalbeirario.com.br\/portal\/#website"},"datePublished":"2015-08-07T09:13:21+00:00","breadcrumb":{"@id":"https:\/\/jornalbeirario.com.br\/portal\/?p=32004#breadcrumb"},"inLanguage":"pt-BR","potentialAction":[{"@type":"ReadAction","target":["https:\/\/jornalbeirario.com.br\/portal\/?p=32004"]}]},{"@type":"BreadcrumbList","@id":"https:\/\/jornalbeirario.com.br\/portal\/?p=32004#breadcrumb","itemListElement":[{"@type":"ListItem","position":1,"name":"Home","item":"https:\/\/jornalbeirario.com.br\/portal"},{"@type":"ListItem","position":2,"name":"La\u00eds Amaral"}]},{"@type":"WebSite","@id":"https:\/\/jornalbeirario.com.br\/portal\/#website","url":"https:\/\/jornalbeirario.com.br\/portal\/","name":"JORNAL BEIRA RIO","description":"","publisher":{"@id":"https:\/\/jornalbeirario.com.br\/portal\/#organization"},"potentialAction":[{"@type":"SearchAction","target":{"@type":"EntryPoint","urlTemplate":"https:\/\/jornalbeirario.com.br\/portal\/?s={search_term_string}"},"query-input":{"@type":"PropertyValueSpecification","valueRequired":true,"valueName":"search_term_string"}}],"inLanguage":"pt-BR"},{"@type":"Organization","@id":"https:\/\/jornalbeirario.com.br\/portal\/#organization","name":"JORNAL BEIRA RIO","url":"https:\/\/jornalbeirario.com.br\/portal\/","logo":{"@type":"ImageObject","inLanguage":"pt-BR","@id":"https:\/\/jornalbeirario.com.br\/portal\/#\/schema\/logo\/image\/","url":"https:\/\/jornalbeirario.com.br\/portal\/wp-content\/uploads\/2017\/09\/BEIRA-RIO_logo600.png","contentUrl":"https:\/\/jornalbeirario.com.br\/portal\/wp-content\/uploads\/2017\/09\/BEIRA-RIO_logo600.png","width":650,"height":108,"caption":"JORNAL BEIRA RIO"},"image":{"@id":"https:\/\/jornalbeirario.com.br\/portal\/#\/schema\/logo\/image\/"}},{"@type":"Person","@id":"https:\/\/jornalbeirario.com.br\/portal\/#\/schema\/person\/c6c423e4c2465d2a9233f6539173e7c1","name":"Jornal BEIRA-RIO","image":{"@type":"ImageObject","inLanguage":"pt-BR","@id":"https:\/\/jornalbeirario.com.br\/portal\/wp-content\/uploads\/2023\/10\/logojbr1.jpg","url":"https:\/\/jornalbeirario.com.br\/portal\/wp-content\/uploads\/2023\/10\/logojbr1.jpg","contentUrl":"https:\/\/jornalbeirario.com.br\/portal\/wp-content\/uploads\/2023\/10\/logojbr1.jpg","caption":"Jornal BEIRA-RIO"},"url":"https:\/\/jornalbeirario.com.br\/portal\/?author=1"}]}},"_links":{"self":[{"href":"https:\/\/jornalbeirario.com.br\/portal\/index.php?rest_route=\/wp\/v2\/posts\/32004","targetHints":{"allow":["GET"]}}],"collection":[{"href":"https:\/\/jornalbeirario.com.br\/portal\/index.php?rest_route=\/wp\/v2\/posts"}],"about":[{"href":"https:\/\/jornalbeirario.com.br\/portal\/index.php?rest_route=\/wp\/v2\/types\/post"}],"author":[{"embeddable":true,"href":"https:\/\/jornalbeirario.com.br\/portal\/index.php?rest_route=\/wp\/v2\/users\/1"}],"replies":[{"embeddable":true,"href":"https:\/\/jornalbeirario.com.br\/portal\/index.php?rest_route=%2Fwp%2Fv2%2Fcomments&post=32004"}],"version-history":[{"count":3,"href":"https:\/\/jornalbeirario.com.br\/portal\/index.php?rest_route=\/wp\/v2\/posts\/32004\/revisions"}],"predecessor-version":[{"id":32079,"href":"https:\/\/jornalbeirario.com.br\/portal\/index.php?rest_route=\/wp\/v2\/posts\/32004\/revisions\/32079"}],"wp:attachment":[{"href":"https:\/\/jornalbeirario.com.br\/portal\/index.php?rest_route=%2Fwp%2Fv2%2Fmedia&parent=32004"}],"wp:term":[{"taxonomy":"category","embeddable":true,"href":"https:\/\/jornalbeirario.com.br\/portal\/index.php?rest_route=%2Fwp%2Fv2%2Fcategories&post=32004"},{"taxonomy":"post_tag","embeddable":true,"href":"https:\/\/jornalbeirario.com.br\/portal\/index.php?rest_route=%2Fwp%2Fv2%2Ftags&post=32004"}],"curies":[{"name":"wp","href":"https:\/\/api.w.org\/{rel}","templated":true}]}}