
{"id":31887,"date":"2015-07-31T09:43:34","date_gmt":"2015-07-31T09:43:34","guid":{"rendered":"http:\/\/jornalbeirario.com.br\/portal\/portal\/?p=31887"},"modified":"2015-07-31T09:43:34","modified_gmt":"2015-07-31T09:43:34","slug":"quem-pensa-aos-amigos-os-favores-aos-inimigos-a-lei","status":"publish","type":"post","link":"https:\/\/jornalbeirario.com.br\/portal\/?p=31887","title":{"rendered":"QUEM PENSA? Aos amigos os favores, aos inimigos a lei!"},"content":{"rendered":"<p style=\"text-align: justify;\">A frase \u00e9 velha conhecida das pr\u00e1ticas pol\u00edtico-administrativas que adotam medidas de isen\u00e7\u00e3o e perd\u00e3o de d\u00edvidas ou ainda de permiss\u00e3o e\/ou atua\u00e7\u00e3o de neg\u00f3cios que fogem dos cumprimentos da legisla\u00e7\u00e3o em vigor. Essa semana, um grupo de Resende nas redes sociais debateu exaustivamente a coloca\u00e7\u00e3o de brinquedos com cobran\u00e7a no Parque das \u00c1guas. A pol\u00eamica girou em torno de dois pontos: se era legal ou n\u00e3o a perman\u00eancia dos brinquedos no local p\u00fablico com explora\u00e7\u00e3o comercial e a situa\u00e7\u00e3o dos pais que n\u00e3o t\u00eam condi\u00e7\u00f5es de pagar pelos brinquedos criando uma situa\u00e7\u00e3o de constrangimento e segrega\u00e7\u00e3o da divers\u00e3o. A quest\u00e3o social sem d\u00favida merece debate, mas neste artigo vou me ater \u00e0s quest\u00f5es legais e, infelizmente, mas uma prova de que o governo do prefeito Jos\u00e9 Rechuan negligencia a lei, brinca com a legisla\u00e7\u00e3o podendo ter consequ\u00eancias muito graves para a popula\u00e7\u00e3o.<\/p>\n<p style=\"text-align: justify;\">O jornal <strong>BEIRA-RIO<\/strong> acompanhando a pol\u00eamica nas redes sociais solicitou \u00e0 Assessoria de Imprensa uma nota esclarecendo se a instala\u00e7\u00e3o e cobran\u00e7a dos brinquedos tinham autoriza\u00e7\u00e3o do governo e que tipo de autoriza\u00e7\u00e3o (leia mat\u00e9ria na p\u00e1gina 02) e a nota diz que a prefeitura \u201cdesconhecia a instala\u00e7\u00e3o\u201d e depois acrescenta que agora conhecedora do fato notificaria a retirada dos brinquedos. Ora, chegamos \u00e0s raias do absurdo e do cinismo da era Rechuan. Um parque p\u00fablico com atividades nos finais de semana envolvendo Secretaria de Esporte, com a instala\u00e7\u00e3o de outro \u00f3rg\u00e3o governamental, a Ag\u00eancia de Meio Ambiente nas depend\u00eancias do parque, com a presen\u00e7a de guardas municipais, o governo d\u00e1 essa resposta? Sinceramente. \u00c9 chamar todo mundo de ot\u00e1rio.<\/p>\n<p style=\"text-align: justify;\">\u201cNotificar a sa\u00edda do local p\u00fablico\u201d. Como assim? Ent\u00e3o algu\u00e9m entra num espa\u00e7o p\u00fablico, instala brinquedos que ocupam uma \u00e1rea de mais de 100m\u00b2, coloca v\u00e1rias bicicletas e carrinhos, cobra dos frequentadores pelo tempo de uso para seus filhos e faz isso por pelo menos 10 dias, e a prefeitura n\u00e3o tinha conhecimento? O \u00faltimo que apague a luz, porque t\u00e1 provada a incompet\u00eancia desse governo e pior, na verdade, a coniv\u00eancia de quem sabia da irregularidade e permitiu que ela continuasse.<\/p>\n<p style=\"text-align: justify;\">Para a maioria das pessoas era mais um parquinho legal para divertir os filhos e algumas pessoas sem se incomodar com a cobran\u00e7a, mas uma cidad\u00e3 atenta posta na rede social o questionamento da \u00e1rea p\u00fablica e mostra an\u00fancio que circula em grupos do Facebook, an\u00fancio difundido por uma cargo comissionado lotada na Secretaria de Obras que demonstra a cobran\u00e7a pelo uso dos brinquedos que nem ali deveriam estar. Caramba&#8230; a coisa \u00e9 mais complicada do que se apresenta.<\/p>\n<p style=\"text-align: justify;\">Esse epis\u00f3dio demonstra claramente o pensamento atribu\u00eddo \u00e0 Maquiavel: aos amigos os favores, aos inimigos a lei. Se fosse um desafeto do governo ou mesmo um cidad\u00e3o comum que ignora a lei e chegasse l\u00e1 para ganhar um dinheirinho eu duvido que se criasse por uma hora, mas aos amigos&#8230; a venda, o sil\u00eancio a surdez para a irregularidade e abuso sobre a coisa p\u00fablica.<\/p>\n<p style=\"text-align: justify;\">Mais um caso que o Minist\u00e9rio P\u00fablico dever\u00e1 cobrar probidade da administra\u00e7\u00e3o, pois todos sabem que o uso de \u00e1rea p\u00fablica tem que ser regulamentado por concess\u00e3o, autoriza\u00e7\u00e3o ou permiss\u00e3o e isto significa que n\u00e3o apenas amigos e servidores privilegiados t\u00eam direito, mas todo e qualquer cidad\u00e3o.<\/p>\n<p style=\"text-align: justify;\">Um outro assunto que talvez tenha passado despercebido na pol\u00eamica \u00e9 a certifica\u00e7\u00e3o que qualquer brinquedo precisa ter para ser exposto. Precisam ser certificados pelo Inmetro, \u00f3rg\u00e3o respons\u00e1vel pela verifica\u00e7\u00e3o da qualidade e seguran\u00e7a para uso do consumidor. Nas minhas pesquisas para escrever esse artigo n\u00e3o encontrei um dos brinquedos que estavam expostos no Parque das \u00c1guas e tamb\u00e9m est\u00e1 presente em shoppings, festas e outras \u00e1reas de divers\u00e3o nas observa\u00e7\u00f5es do Inmetro, mas encontrei uma mat\u00e9ria do jornal O Globo de novembro de 2011 que vai fazer muitos pais repensarem a autoriza\u00e7\u00e3o para o filho brincar neste produto.<\/p>\n<p style=\"text-align: justify;\">Segundo representante do Inmetro nem \u201cbrinquedo\u201d o pula-pula \u00e9 considerado por isso n\u00e3o tem classifica\u00e7\u00e3o para tal. \u00c9 um aparelho de uso de ginastas e academias, ele disse. Outro dado importante na mat\u00e9ria \u00e9 do m\u00e9dico ortopedista Maur\u00edcio Rangel da Sociedade Brasileira de Ortopedia Pedi\u00e1trica. Ele diz: \u201cO percentual de interna\u00e7\u00e3o de crian\u00e7as que apresentam esse tipo de fratura, nas camas el\u00e1sticas, \u00e9 de 40%. Aqui no Brasil, a quest\u00e3o central \u00e9 que n\u00e3o existem normas de seguran\u00e7a.<\/p>\n<p style=\"text-align: justify;\">Um \u201cbobagem\u201d, \u201cfalta do que fazer ou comentar\u201d, \u201cpreocupa\u00e7\u00e3o com nada\u201d foram algumas defini\u00e7\u00f5es em defesa do irregular, do ilegal de alguns internautas que n\u00e3o conseguiram perceber os riscos n\u00e3o apenas \u00e0 integridade da lei, mas principalmente os riscos \u00e0s crian\u00e7as. Felizmente tudo acabou bem. Se amanh\u00e3 tiverem brinquedos instalados dever\u00e3o estar dentro das normas, tantos legais, quanto de seguran\u00e7a e de prefer\u00eancia com acesso a todas as crian\u00e7as. E acredito, que isso ajudar\u00e1 inclusive aos pais a fiscalizarem os brinquedos que os filhos usam sejam em shoppings ou festinhas de anivers\u00e1rio. Afinal, prefiro deixar Maquiavel de lado e seguir o bom ditado popular: \u201co seguro morreu de velho\u201d.<\/p>\n<p style=\"text-align: justify;\">Ana L\u00facia<br \/>\neditora do jornal <strong>BEIRA-RIO<\/strong><br \/>\nanalucia@jornalbeirario.com.br<\/p>\n","protected":false},"excerpt":{"rendered":"<p>A frase \u00e9 velha conhecida das pr\u00e1ticas pol\u00edtico-administrativas que adotam medidas de isen\u00e7\u00e3o e perd\u00e3o de d\u00edvidas ou ainda de permiss\u00e3o e\/ou atua\u00e7\u00e3o de<\/p>\n","protected":false},"author":1,"featured_media":0,"comment_status":"open","ping_status":"open","sticky":false,"template":"","format":"standard","meta":{"pmpro_default_level":"","footnotes":""},"categories":[8],"tags":[],"class_list":["post-31887","post","type-post","status-publish","format-standard","hentry","category-opiniao","pmpro-has-access"],"yoast_head":"<!-- This site is optimized with the Yoast SEO plugin v27.4 - https:\/\/yoast.com\/product\/yoast-seo-wordpress\/ -->\n<title>QUEM PENSA? Aos amigos os favores, aos inimigos a lei! - JORNAL BEIRA RIO<\/title>\n<meta name=\"robots\" content=\"index, follow, max-snippet:-1, max-image-preview:large, max-video-preview:-1\" \/>\n<link rel=\"canonical\" href=\"https:\/\/jornalbeirario.com.br\/portal\/?p=31887\" \/>\n<meta property=\"og:locale\" content=\"pt_BR\" \/>\n<meta property=\"og:type\" content=\"article\" \/>\n<meta property=\"og:title\" content=\"QUEM PENSA? Aos amigos os favores, aos inimigos a lei! - JORNAL BEIRA RIO\" \/>\n<meta property=\"og:description\" content=\"A frase \u00e9 velha conhecida das pr\u00e1ticas pol\u00edtico-administrativas que adotam medidas de isen\u00e7\u00e3o e perd\u00e3o de d\u00edvidas ou ainda de permiss\u00e3o e\/ou atua\u00e7\u00e3o de\" \/>\n<meta property=\"og:url\" content=\"https:\/\/jornalbeirario.com.br\/portal\/?p=31887\" \/>\n<meta property=\"og:site_name\" content=\"JORNAL BEIRA RIO\" \/>\n<meta property=\"article:published_time\" content=\"2015-07-31T09:43:34+00:00\" \/>\n<meta name=\"author\" content=\"Jornal BEIRA-RIO\" \/>\n<meta name=\"twitter:card\" content=\"summary_large_image\" \/>\n<meta name=\"twitter:label1\" content=\"Escrito por\" \/>\n\t<meta name=\"twitter:data1\" content=\"Jornal BEIRA-RIO\" \/>\n\t<meta name=\"twitter:label2\" content=\"Est. tempo de leitura\" \/>\n\t<meta name=\"twitter:data2\" content=\"5 minutos\" \/>\n<script type=\"application\/ld+json\" class=\"yoast-schema-graph\">{\"@context\":\"https:\\\/\\\/schema.org\",\"@graph\":[{\"@type\":\"Article\",\"@id\":\"https:\\\/\\\/jornalbeirario.com.br\\\/portal\\\/?p=31887#article\",\"isPartOf\":{\"@id\":\"https:\\\/\\\/jornalbeirario.com.br\\\/portal\\\/?p=31887\"},\"author\":{\"name\":\"Jornal BEIRA-RIO\",\"@id\":\"https:\\\/\\\/jornalbeirario.com.br\\\/portal\\\/#\\\/schema\\\/person\\\/c6c423e4c2465d2a9233f6539173e7c1\"},\"headline\":\"QUEM PENSA? Aos amigos os favores, aos inimigos a lei!\",\"datePublished\":\"2015-07-31T09:43:34+00:00\",\"mainEntityOfPage\":{\"@id\":\"https:\\\/\\\/jornalbeirario.com.br\\\/portal\\\/?p=31887\"},\"wordCount\":936,\"commentCount\":2,\"publisher\":{\"@id\":\"https:\\\/\\\/jornalbeirario.com.br\\\/portal\\\/#organization\"},\"articleSection\":[\"Opini\u00e3o\"],\"inLanguage\":\"pt-BR\",\"potentialAction\":[{\"@type\":\"CommentAction\",\"name\":\"Comment\",\"target\":[\"https:\\\/\\\/jornalbeirario.com.br\\\/portal\\\/?p=31887#respond\"]}]},{\"@type\":\"WebPage\",\"@id\":\"https:\\\/\\\/jornalbeirario.com.br\\\/portal\\\/?p=31887\",\"url\":\"https:\\\/\\\/jornalbeirario.com.br\\\/portal\\\/?p=31887\",\"name\":\"QUEM PENSA? Aos amigos os favores, aos inimigos a lei! - JORNAL BEIRA RIO\",\"isPartOf\":{\"@id\":\"https:\\\/\\\/jornalbeirario.com.br\\\/portal\\\/#website\"},\"datePublished\":\"2015-07-31T09:43:34+00:00\",\"breadcrumb\":{\"@id\":\"https:\\\/\\\/jornalbeirario.com.br\\\/portal\\\/?p=31887#breadcrumb\"},\"inLanguage\":\"pt-BR\",\"potentialAction\":[{\"@type\":\"ReadAction\",\"target\":[\"https:\\\/\\\/jornalbeirario.com.br\\\/portal\\\/?p=31887\"]}]},{\"@type\":\"BreadcrumbList\",\"@id\":\"https:\\\/\\\/jornalbeirario.com.br\\\/portal\\\/?p=31887#breadcrumb\",\"itemListElement\":[{\"@type\":\"ListItem\",\"position\":1,\"name\":\"Home\",\"item\":\"https:\\\/\\\/jornalbeirario.com.br\\\/portal\"},{\"@type\":\"ListItem\",\"position\":2,\"name\":\"QUEM PENSA? Aos amigos os favores, aos inimigos a lei!\"}]},{\"@type\":\"WebSite\",\"@id\":\"https:\\\/\\\/jornalbeirario.com.br\\\/portal\\\/#website\",\"url\":\"https:\\\/\\\/jornalbeirario.com.br\\\/portal\\\/\",\"name\":\"JORNAL BEIRA RIO\",\"description\":\"\",\"publisher\":{\"@id\":\"https:\\\/\\\/jornalbeirario.com.br\\\/portal\\\/#organization\"},\"potentialAction\":[{\"@type\":\"SearchAction\",\"target\":{\"@type\":\"EntryPoint\",\"urlTemplate\":\"https:\\\/\\\/jornalbeirario.com.br\\\/portal\\\/?s={search_term_string}\"},\"query-input\":{\"@type\":\"PropertyValueSpecification\",\"valueRequired\":true,\"valueName\":\"search_term_string\"}}],\"inLanguage\":\"pt-BR\"},{\"@type\":\"Organization\",\"@id\":\"https:\\\/\\\/jornalbeirario.com.br\\\/portal\\\/#organization\",\"name\":\"JORNAL BEIRA RIO\",\"url\":\"https:\\\/\\\/jornalbeirario.com.br\\\/portal\\\/\",\"logo\":{\"@type\":\"ImageObject\",\"inLanguage\":\"pt-BR\",\"@id\":\"https:\\\/\\\/jornalbeirario.com.br\\\/portal\\\/#\\\/schema\\\/logo\\\/image\\\/\",\"url\":\"https:\\\/\\\/jornalbeirario.com.br\\\/portal\\\/wp-content\\\/uploads\\\/2017\\\/09\\\/BEIRA-RIO_logo600.png\",\"contentUrl\":\"https:\\\/\\\/jornalbeirario.com.br\\\/portal\\\/wp-content\\\/uploads\\\/2017\\\/09\\\/BEIRA-RIO_logo600.png\",\"width\":650,\"height\":108,\"caption\":\"JORNAL BEIRA RIO\"},\"image\":{\"@id\":\"https:\\\/\\\/jornalbeirario.com.br\\\/portal\\\/#\\\/schema\\\/logo\\\/image\\\/\"}},{\"@type\":\"Person\",\"@id\":\"https:\\\/\\\/jornalbeirario.com.br\\\/portal\\\/#\\\/schema\\\/person\\\/c6c423e4c2465d2a9233f6539173e7c1\",\"name\":\"Jornal BEIRA-RIO\",\"image\":{\"@type\":\"ImageObject\",\"inLanguage\":\"pt-BR\",\"@id\":\"https:\\\/\\\/jornalbeirario.com.br\\\/portal\\\/wp-content\\\/uploads\\\/2023\\\/10\\\/logojbr1.jpg\",\"url\":\"https:\\\/\\\/jornalbeirario.com.br\\\/portal\\\/wp-content\\\/uploads\\\/2023\\\/10\\\/logojbr1.jpg\",\"contentUrl\":\"https:\\\/\\\/jornalbeirario.com.br\\\/portal\\\/wp-content\\\/uploads\\\/2023\\\/10\\\/logojbr1.jpg\",\"caption\":\"Jornal BEIRA-RIO\"},\"url\":\"https:\\\/\\\/jornalbeirario.com.br\\\/portal\\\/?author=1\"}]}<\/script>\n<!-- \/ Yoast SEO plugin. -->","yoast_head_json":{"title":"QUEM PENSA? Aos amigos os favores, aos inimigos a lei! - JORNAL BEIRA RIO","robots":{"index":"index","follow":"follow","max-snippet":"max-snippet:-1","max-image-preview":"max-image-preview:large","max-video-preview":"max-video-preview:-1"},"canonical":"https:\/\/jornalbeirario.com.br\/portal\/?p=31887","og_locale":"pt_BR","og_type":"article","og_title":"QUEM PENSA? Aos amigos os favores, aos inimigos a lei! - JORNAL BEIRA RIO","og_description":"A frase \u00e9 velha conhecida das pr\u00e1ticas pol\u00edtico-administrativas que adotam medidas de isen\u00e7\u00e3o e perd\u00e3o de d\u00edvidas ou ainda de permiss\u00e3o e\/ou atua\u00e7\u00e3o de","og_url":"https:\/\/jornalbeirario.com.br\/portal\/?p=31887","og_site_name":"JORNAL BEIRA RIO","article_published_time":"2015-07-31T09:43:34+00:00","author":"Jornal BEIRA-RIO","twitter_card":"summary_large_image","twitter_misc":{"Escrito por":"Jornal BEIRA-RIO","Est. tempo de leitura":"5 minutos"},"schema":{"@context":"https:\/\/schema.org","@graph":[{"@type":"Article","@id":"https:\/\/jornalbeirario.com.br\/portal\/?p=31887#article","isPartOf":{"@id":"https:\/\/jornalbeirario.com.br\/portal\/?p=31887"},"author":{"name":"Jornal BEIRA-RIO","@id":"https:\/\/jornalbeirario.com.br\/portal\/#\/schema\/person\/c6c423e4c2465d2a9233f6539173e7c1"},"headline":"QUEM PENSA? Aos amigos os favores, aos inimigos a lei!","datePublished":"2015-07-31T09:43:34+00:00","mainEntityOfPage":{"@id":"https:\/\/jornalbeirario.com.br\/portal\/?p=31887"},"wordCount":936,"commentCount":2,"publisher":{"@id":"https:\/\/jornalbeirario.com.br\/portal\/#organization"},"articleSection":["Opini\u00e3o"],"inLanguage":"pt-BR","potentialAction":[{"@type":"CommentAction","name":"Comment","target":["https:\/\/jornalbeirario.com.br\/portal\/?p=31887#respond"]}]},{"@type":"WebPage","@id":"https:\/\/jornalbeirario.com.br\/portal\/?p=31887","url":"https:\/\/jornalbeirario.com.br\/portal\/?p=31887","name":"QUEM PENSA? Aos amigos os favores, aos inimigos a lei! - JORNAL BEIRA RIO","isPartOf":{"@id":"https:\/\/jornalbeirario.com.br\/portal\/#website"},"datePublished":"2015-07-31T09:43:34+00:00","breadcrumb":{"@id":"https:\/\/jornalbeirario.com.br\/portal\/?p=31887#breadcrumb"},"inLanguage":"pt-BR","potentialAction":[{"@type":"ReadAction","target":["https:\/\/jornalbeirario.com.br\/portal\/?p=31887"]}]},{"@type":"BreadcrumbList","@id":"https:\/\/jornalbeirario.com.br\/portal\/?p=31887#breadcrumb","itemListElement":[{"@type":"ListItem","position":1,"name":"Home","item":"https:\/\/jornalbeirario.com.br\/portal"},{"@type":"ListItem","position":2,"name":"QUEM PENSA? Aos amigos os favores, aos inimigos a lei!"}]},{"@type":"WebSite","@id":"https:\/\/jornalbeirario.com.br\/portal\/#website","url":"https:\/\/jornalbeirario.com.br\/portal\/","name":"JORNAL BEIRA RIO","description":"","publisher":{"@id":"https:\/\/jornalbeirario.com.br\/portal\/#organization"},"potentialAction":[{"@type":"SearchAction","target":{"@type":"EntryPoint","urlTemplate":"https:\/\/jornalbeirario.com.br\/portal\/?s={search_term_string}"},"query-input":{"@type":"PropertyValueSpecification","valueRequired":true,"valueName":"search_term_string"}}],"inLanguage":"pt-BR"},{"@type":"Organization","@id":"https:\/\/jornalbeirario.com.br\/portal\/#organization","name":"JORNAL BEIRA RIO","url":"https:\/\/jornalbeirario.com.br\/portal\/","logo":{"@type":"ImageObject","inLanguage":"pt-BR","@id":"https:\/\/jornalbeirario.com.br\/portal\/#\/schema\/logo\/image\/","url":"https:\/\/jornalbeirario.com.br\/portal\/wp-content\/uploads\/2017\/09\/BEIRA-RIO_logo600.png","contentUrl":"https:\/\/jornalbeirario.com.br\/portal\/wp-content\/uploads\/2017\/09\/BEIRA-RIO_logo600.png","width":650,"height":108,"caption":"JORNAL BEIRA RIO"},"image":{"@id":"https:\/\/jornalbeirario.com.br\/portal\/#\/schema\/logo\/image\/"}},{"@type":"Person","@id":"https:\/\/jornalbeirario.com.br\/portal\/#\/schema\/person\/c6c423e4c2465d2a9233f6539173e7c1","name":"Jornal BEIRA-RIO","image":{"@type":"ImageObject","inLanguage":"pt-BR","@id":"https:\/\/jornalbeirario.com.br\/portal\/wp-content\/uploads\/2023\/10\/logojbr1.jpg","url":"https:\/\/jornalbeirario.com.br\/portal\/wp-content\/uploads\/2023\/10\/logojbr1.jpg","contentUrl":"https:\/\/jornalbeirario.com.br\/portal\/wp-content\/uploads\/2023\/10\/logojbr1.jpg","caption":"Jornal BEIRA-RIO"},"url":"https:\/\/jornalbeirario.com.br\/portal\/?author=1"}]}},"_links":{"self":[{"href":"https:\/\/jornalbeirario.com.br\/portal\/index.php?rest_route=\/wp\/v2\/posts\/31887","targetHints":{"allow":["GET"]}}],"collection":[{"href":"https:\/\/jornalbeirario.com.br\/portal\/index.php?rest_route=\/wp\/v2\/posts"}],"about":[{"href":"https:\/\/jornalbeirario.com.br\/portal\/index.php?rest_route=\/wp\/v2\/types\/post"}],"author":[{"embeddable":true,"href":"https:\/\/jornalbeirario.com.br\/portal\/index.php?rest_route=\/wp\/v2\/users\/1"}],"replies":[{"embeddable":true,"href":"https:\/\/jornalbeirario.com.br\/portal\/index.php?rest_route=%2Fwp%2Fv2%2Fcomments&post=31887"}],"version-history":[{"count":3,"href":"https:\/\/jornalbeirario.com.br\/portal\/index.php?rest_route=\/wp\/v2\/posts\/31887\/revisions"}],"predecessor-version":[{"id":31908,"href":"https:\/\/jornalbeirario.com.br\/portal\/index.php?rest_route=\/wp\/v2\/posts\/31887\/revisions\/31908"}],"wp:attachment":[{"href":"https:\/\/jornalbeirario.com.br\/portal\/index.php?rest_route=%2Fwp%2Fv2%2Fmedia&parent=31887"}],"wp:term":[{"taxonomy":"category","embeddable":true,"href":"https:\/\/jornalbeirario.com.br\/portal\/index.php?rest_route=%2Fwp%2Fv2%2Fcategories&post=31887"},{"taxonomy":"post_tag","embeddable":true,"href":"https:\/\/jornalbeirario.com.br\/portal\/index.php?rest_route=%2Fwp%2Fv2%2Ftags&post=31887"}],"curies":[{"name":"wp","href":"https:\/\/api.w.org\/{rel}","templated":true}]}}