
{"id":31876,"date":"2015-07-31T09:45:41","date_gmt":"2015-07-31T09:45:41","guid":{"rendered":"http:\/\/jornalbeirario.com.br\/portal\/portal\/?p=31876"},"modified":"2015-07-31T09:45:41","modified_gmt":"2015-07-31T09:45:41","slug":"lais-amaral-107","status":"publish","type":"post","link":"https:\/\/jornalbeirario.com.br\/portal\/?p=31876","title":{"rendered":"La\u00eds Amaral"},"content":{"rendered":"<p style=\"text-align: justify;\"><strong>Quem disputa a sucess\u00e3o de Rechuan?<\/strong><br \/>\nAs elei\u00e7\u00f5es municipais ainda est\u00e3o distantes. Outubro do ano que vem. Pelo menos para a maioria dos mortais. Mas para o pessoal que transita no meio pol\u00edtico a elei\u00e7\u00e3o j\u00e1 come\u00e7ou. Claro que n\u00e3o h\u00e1 candidatos oficiais. Nem ningu\u00e9m fazendo campanha. Estamos no est\u00e1gio das especula\u00e7\u00f5es. Mas dif\u00edcil n\u00e3o acreditar que pelo lado da \u2018Oposi\u00e7\u00e3o\u2019 ao atual governo municipal nomes como o do deputado Gl\u00e1ucio Julianelli, algum Carvalho (pai ou filho ?) e o candidato do PT n\u00e3o sejam certos na disputa. Pelo lado da \u2018Situa\u00e7\u00e3o\u2019, h\u00e1 uma elei\u00e7\u00e3o a parte. Com um grande grupo de partidos compondo a base pol\u00edtica do prefeito Rechuan \u00e9 natural que os postulantes tamb\u00e9m componham um grupo alentado. Afinal, Rechuan n\u00e3o \u00e9 candidato, ent\u00e3o, tem \u00e9 gente colocando o bloco na rua. S\u00e3o quase duas dezenas entre vereadores, secret\u00e1rios e indicados pelos partidos. Olhando assim de longe, pode-se especular \u00e0 vontade. At\u00e9 por uma disputa municipal que possa envolver dois m\u00e9dicos dessa vez. Isso se contarmos como certa a participa\u00e7\u00e3o do Dr. Julianelli pela \u2018Oposi\u00e7\u00e3o\u2019 e que um dos m\u00e9dicos postulantes pela \u2018Situa\u00e7\u00e3o\u2019 seja o ungido para a sucess\u00e3o de Rechuan. Pelo que sei, s\u00e3o tr\u00eas: Dr. Diogo Balieiro, Dr. Felipe Reis e o Secret\u00e1rio de Sa\u00fade, Dr. Daniel Brito. Mas a disputa entre \u2018Oposi\u00e7\u00e3o\u2019 e \u2018Situa\u00e7\u00e3o\u2019 poder\u00e1 se dar tamb\u00e9m entre vereadores ou ex-vereadores. Julianelli tamb\u00e9m preenche o requisito pelo lado da \u2018Oposi\u00e7\u00e3o\u2019. Pelo lado de Rechuan s\u00e3o pelo menos seis nomes de pretensos candidatos: Rom\u00e9rio, Carlos Santa Rita, Soraia Balieiro, Luis Fernando Pedra, Kiko Besouchet, Davi e Tiago Forastieri. Mas n\u00e3o podemos desconsiderar secret\u00e1rios municipais e gente do primeiro escal\u00e3o como: professor M\u00e1rio Rodrigues, De Ara\u00fajo, Cial Correa e Alcides de Carli, al\u00e9m dos indicados por partidos: Rog\u00e9rio Coutinho, Edson Brasil e Sandro Ritton. \u00c9 ou n\u00e3o \u00e9 uma elei\u00e7\u00e3o a parte ?<\/p>\n<p style=\"text-align: justify;\"><strong>Turismo de inclus\u00e3o avan\u00e7ando<\/strong><br \/>\nUma boa not\u00edcia que envolve o Turismo, voca\u00e7\u00e3o inequ\u00edvoca do munic\u00edpio de Resende e \u2018Inclus\u00e3o\u2019, termo que virou lema nos \u00faltimos anos no pa\u00eds. Ontem (quinta) foi o dia marcado para que as Secretarias de Turismo e de Rela\u00e7\u00f5es Comunit\u00e1rias fizessem a visita t\u00e9cnica ao Parque Estadual da Pedra Selada (Visconde de Mau\u00e1), onde ser\u00e1 implantada uma trilha acess\u00edvel e inclusiva para portadores de defici\u00eancia. Participariam da visita pessoas com defici\u00eancia visual e um cadeirante. O objetivo \u00e9 conhecer o local denominado \u201cBosque do Visconde\u201d com est\u00edmulos e adapta\u00e7\u00f5es para deficientes, mas que tamb\u00e9m servir\u00e1 para idosos e pessoas com dificuldade de locomo\u00e7\u00e3o, explica o secret\u00e1rio de turismo, Antonio Le\u00e3o. Acompanham o grupo, guardas do Parque e representantes do Projeto Educa\u00e7\u00e3o Ambiental nas Unidades de Conserva\u00e7\u00e3o, com apoio da dire\u00e7\u00e3o do Parque, que \u00e9 parceira no projeto.<\/p>\n<p style=\"text-align: justify;\"><strong>TRIPA<\/strong><br \/>\nA partir de hoje (dia 31) acontecem uma s\u00e9rie de apresenta\u00e7\u00f5es art\u00edsticas no Espa\u00e7o da Arte, Dan\u00e7a e M\u00fasica no Parque de Exposi\u00e7\u00f5es, que vai at\u00e9 domingo dia 2. Tudo de gra\u00e7a. Eis a programa\u00e7\u00e3o dos tr\u00eas dias: Hoje (31): 10h Abertura Espa\u00e7o do Artesanato Resendense, 14h30 Israel de Paula, 15h30 Vin\u00edcius Souto e Nicolai Lamin, 17h Projeto \u2018Nois Dois\u2019 com Vitor Lima e Marcus Mendes, 18h Projeto Dan\u00e7a e Magia, 19h Dudu e Banda, 20h Lara Valente, 21h Jo\u00e3o Luiz e Roselito. S\u00e1bado (01\/08): 10h Apresenta\u00e7\u00e3o CRONP, 10h30 Os Malabaristas, 11h As Corujinhas, 12h Filipe Cassani, 13h Perim3Trio, 14h Grupo Senzala de Capoeira, 15h Lara Valente, 16h Purosamba, 17h Gala Centro de Dan\u00e7a de Resende, 19h Quartetum Brasil, 20h Rafaela Rodrigues e 21h Misael Ramos. Domingo (02\/08): 10h Abertura Espa\u00e7o do Artesanato Resendense, 10h Technovox, 11h Mazurca de Cacete 11h30 Os Calangueiros de Resende, 12h Amorim e Elias Viola 13h Teleco Trio, 14h Gala Centro de Dan\u00e7a de Resende, 15h Os Malabaristas, 16h Projeto Clube do Samba com Diogo Senna e Banda, 17h Lara Valente, 18h Camar\u00e1 Groove e 19h Rafaela Rodrigues. Que beleza, hein!? * E agora as atra\u00e7\u00f5es elogi\u00e1veis da noite de Resende, na minha opini\u00e3o (e sem jab\u00e1, dire\u00e7\u00e3o). Vamos l\u00e1, aplausos para: o p\u00e3o com ling\u00fci\u00e7a do bar \u201cCaminho de Casa\u201d, do Luiz Oswaldo Neves \u2018Crioulo\u2019, os caldos da Padaria do Magno, do Fri Frango e do restaurante Uai, Su!\u2019, os drinques do Bar Atl\u00e2ntico, o jil\u00f3 do Ribamar, os past\u00e9is do \u2018Buteco\u2019, o feij\u00e3o sujo do C\u00e9rgio e \u00e0 esfiha da Casa das ditas cujas * E hoje, dia 31, fim da programa\u00e7\u00e3o musical de julho do Bar Atl\u00e2ntico, com Sanny e Jairo do Trombone. Imperd\u00edvel.<\/p>\n<p style=\"text-align: justify;\"><strong>ANIVERS\u00c1RIOS<\/strong><br \/>\nDia 23 mudou de idade a Marlucia Brito. No dia 24 foi a vez do Daniel Fortes, do Wagner Camilo, do Reinaldo Vieira, da Cintia Borges (a Kano\u00e1) e do Manoel Roselito contarem mais um ano de vida. Dia 25 receberam os \u2018parab\u00e9ns\u2019 o Alex Govinda e o Rutinaldo de Jesus. Dia 26 tr\u00eas damas sopraram velinhas: Ana Clara Passos, a Sueli Regina (Lica) e a Adriana Flor. Dia 27 aniversariaram a \u2018dona\u2019 Nilra, o Marcus Sim\u00e3o e o Fred Kanashiro. Dia 28 ficou mais experiente o m\u00fasico Julinho Portes. Inauguraram idade nova nesse dia 29 a Bruna Paiva, a Margarete da Silva, a Ana Paula Bernardes e o Waldir Fraga. Parab\u00e9ns e todas as felicidades do mundo a eles.<\/p>\n<p style=\"text-align: justify;\">\n","protected":false},"excerpt":{"rendered":"<p>Quem disputa a sucess\u00e3o de Rechuan? As elei\u00e7\u00f5es municipais ainda est\u00e3o distantes. Outubro do ano que vem. Pelo menos para a maioria dos mortais.<\/p>\n","protected":false},"author":1,"featured_media":0,"comment_status":"open","ping_status":"open","sticky":false,"template":"","format":"standard","meta":{"pmpro_default_level":"","footnotes":""},"categories":[13],"tags":[],"class_list":["post-31876","post","type-post","status-publish","format-standard","hentry","category-social","pmpro-has-access"],"yoast_head":"<!-- This site is optimized with the Yoast SEO plugin v27.4 - https:\/\/yoast.com\/product\/yoast-seo-wordpress\/ -->\n<title>La\u00eds Amaral - JORNAL BEIRA RIO<\/title>\n<meta name=\"robots\" content=\"index, follow, max-snippet:-1, max-image-preview:large, max-video-preview:-1\" \/>\n<link rel=\"canonical\" href=\"https:\/\/jornalbeirario.com.br\/portal\/?p=31876\" \/>\n<meta property=\"og:locale\" content=\"pt_BR\" \/>\n<meta property=\"og:type\" content=\"article\" \/>\n<meta property=\"og:title\" content=\"La\u00eds Amaral - JORNAL BEIRA RIO\" \/>\n<meta property=\"og:description\" content=\"Quem disputa a sucess\u00e3o de Rechuan? As elei\u00e7\u00f5es municipais ainda est\u00e3o distantes. Outubro do ano que vem. Pelo menos para a maioria dos mortais.\" \/>\n<meta property=\"og:url\" content=\"https:\/\/jornalbeirario.com.br\/portal\/?p=31876\" \/>\n<meta property=\"og:site_name\" content=\"JORNAL BEIRA RIO\" \/>\n<meta property=\"article:published_time\" content=\"2015-07-31T09:45:41+00:00\" \/>\n<meta name=\"author\" content=\"Jornal BEIRA-RIO\" \/>\n<meta name=\"twitter:card\" content=\"summary_large_image\" \/>\n<meta name=\"twitter:label1\" content=\"Escrito por\" \/>\n\t<meta name=\"twitter:data1\" content=\"Jornal BEIRA-RIO\" \/>\n\t<meta name=\"twitter:label2\" content=\"Est. tempo de leitura\" \/>\n\t<meta name=\"twitter:data2\" content=\"5 minutos\" \/>\n<script type=\"application\/ld+json\" class=\"yoast-schema-graph\">{\"@context\":\"https:\\\/\\\/schema.org\",\"@graph\":[{\"@type\":\"Article\",\"@id\":\"https:\\\/\\\/jornalbeirario.com.br\\\/portal\\\/?p=31876#article\",\"isPartOf\":{\"@id\":\"https:\\\/\\\/jornalbeirario.com.br\\\/portal\\\/?p=31876\"},\"author\":{\"name\":\"Jornal BEIRA-RIO\",\"@id\":\"https:\\\/\\\/jornalbeirario.com.br\\\/portal\\\/#\\\/schema\\\/person\\\/c6c423e4c2465d2a9233f6539173e7c1\"},\"headline\":\"La\u00eds Amaral\",\"datePublished\":\"2015-07-31T09:45:41+00:00\",\"mainEntityOfPage\":{\"@id\":\"https:\\\/\\\/jornalbeirario.com.br\\\/portal\\\/?p=31876\"},\"wordCount\":941,\"commentCount\":0,\"publisher\":{\"@id\":\"https:\\\/\\\/jornalbeirario.com.br\\\/portal\\\/#organization\"},\"articleSection\":[\"Social\"],\"inLanguage\":\"pt-BR\",\"potentialAction\":[{\"@type\":\"CommentAction\",\"name\":\"Comment\",\"target\":[\"https:\\\/\\\/jornalbeirario.com.br\\\/portal\\\/?p=31876#respond\"]}]},{\"@type\":\"WebPage\",\"@id\":\"https:\\\/\\\/jornalbeirario.com.br\\\/portal\\\/?p=31876\",\"url\":\"https:\\\/\\\/jornalbeirario.com.br\\\/portal\\\/?p=31876\",\"name\":\"La\u00eds Amaral - JORNAL BEIRA RIO\",\"isPartOf\":{\"@id\":\"https:\\\/\\\/jornalbeirario.com.br\\\/portal\\\/#website\"},\"datePublished\":\"2015-07-31T09:45:41+00:00\",\"breadcrumb\":{\"@id\":\"https:\\\/\\\/jornalbeirario.com.br\\\/portal\\\/?p=31876#breadcrumb\"},\"inLanguage\":\"pt-BR\",\"potentialAction\":[{\"@type\":\"ReadAction\",\"target\":[\"https:\\\/\\\/jornalbeirario.com.br\\\/portal\\\/?p=31876\"]}]},{\"@type\":\"BreadcrumbList\",\"@id\":\"https:\\\/\\\/jornalbeirario.com.br\\\/portal\\\/?p=31876#breadcrumb\",\"itemListElement\":[{\"@type\":\"ListItem\",\"position\":1,\"name\":\"Home\",\"item\":\"https:\\\/\\\/jornalbeirario.com.br\\\/portal\"},{\"@type\":\"ListItem\",\"position\":2,\"name\":\"La\u00eds Amaral\"}]},{\"@type\":\"WebSite\",\"@id\":\"https:\\\/\\\/jornalbeirario.com.br\\\/portal\\\/#website\",\"url\":\"https:\\\/\\\/jornalbeirario.com.br\\\/portal\\\/\",\"name\":\"JORNAL BEIRA RIO\",\"description\":\"\",\"publisher\":{\"@id\":\"https:\\\/\\\/jornalbeirario.com.br\\\/portal\\\/#organization\"},\"potentialAction\":[{\"@type\":\"SearchAction\",\"target\":{\"@type\":\"EntryPoint\",\"urlTemplate\":\"https:\\\/\\\/jornalbeirario.com.br\\\/portal\\\/?s={search_term_string}\"},\"query-input\":{\"@type\":\"PropertyValueSpecification\",\"valueRequired\":true,\"valueName\":\"search_term_string\"}}],\"inLanguage\":\"pt-BR\"},{\"@type\":\"Organization\",\"@id\":\"https:\\\/\\\/jornalbeirario.com.br\\\/portal\\\/#organization\",\"name\":\"JORNAL BEIRA RIO\",\"url\":\"https:\\\/\\\/jornalbeirario.com.br\\\/portal\\\/\",\"logo\":{\"@type\":\"ImageObject\",\"inLanguage\":\"pt-BR\",\"@id\":\"https:\\\/\\\/jornalbeirario.com.br\\\/portal\\\/#\\\/schema\\\/logo\\\/image\\\/\",\"url\":\"https:\\\/\\\/jornalbeirario.com.br\\\/portal\\\/wp-content\\\/uploads\\\/2017\\\/09\\\/BEIRA-RIO_logo600.png\",\"contentUrl\":\"https:\\\/\\\/jornalbeirario.com.br\\\/portal\\\/wp-content\\\/uploads\\\/2017\\\/09\\\/BEIRA-RIO_logo600.png\",\"width\":650,\"height\":108,\"caption\":\"JORNAL BEIRA RIO\"},\"image\":{\"@id\":\"https:\\\/\\\/jornalbeirario.com.br\\\/portal\\\/#\\\/schema\\\/logo\\\/image\\\/\"}},{\"@type\":\"Person\",\"@id\":\"https:\\\/\\\/jornalbeirario.com.br\\\/portal\\\/#\\\/schema\\\/person\\\/c6c423e4c2465d2a9233f6539173e7c1\",\"name\":\"Jornal BEIRA-RIO\",\"image\":{\"@type\":\"ImageObject\",\"inLanguage\":\"pt-BR\",\"@id\":\"https:\\\/\\\/jornalbeirario.com.br\\\/portal\\\/wp-content\\\/uploads\\\/2023\\\/10\\\/logojbr1.jpg\",\"url\":\"https:\\\/\\\/jornalbeirario.com.br\\\/portal\\\/wp-content\\\/uploads\\\/2023\\\/10\\\/logojbr1.jpg\",\"contentUrl\":\"https:\\\/\\\/jornalbeirario.com.br\\\/portal\\\/wp-content\\\/uploads\\\/2023\\\/10\\\/logojbr1.jpg\",\"caption\":\"Jornal BEIRA-RIO\"},\"url\":\"https:\\\/\\\/jornalbeirario.com.br\\\/portal\\\/?author=1\"}]}<\/script>\n<!-- \/ Yoast SEO plugin. -->","yoast_head_json":{"title":"La\u00eds Amaral - JORNAL BEIRA RIO","robots":{"index":"index","follow":"follow","max-snippet":"max-snippet:-1","max-image-preview":"max-image-preview:large","max-video-preview":"max-video-preview:-1"},"canonical":"https:\/\/jornalbeirario.com.br\/portal\/?p=31876","og_locale":"pt_BR","og_type":"article","og_title":"La\u00eds Amaral - JORNAL BEIRA RIO","og_description":"Quem disputa a sucess\u00e3o de Rechuan? As elei\u00e7\u00f5es municipais ainda est\u00e3o distantes. Outubro do ano que vem. Pelo menos para a maioria dos mortais.","og_url":"https:\/\/jornalbeirario.com.br\/portal\/?p=31876","og_site_name":"JORNAL BEIRA RIO","article_published_time":"2015-07-31T09:45:41+00:00","author":"Jornal BEIRA-RIO","twitter_card":"summary_large_image","twitter_misc":{"Escrito por":"Jornal BEIRA-RIO","Est. tempo de leitura":"5 minutos"},"schema":{"@context":"https:\/\/schema.org","@graph":[{"@type":"Article","@id":"https:\/\/jornalbeirario.com.br\/portal\/?p=31876#article","isPartOf":{"@id":"https:\/\/jornalbeirario.com.br\/portal\/?p=31876"},"author":{"name":"Jornal BEIRA-RIO","@id":"https:\/\/jornalbeirario.com.br\/portal\/#\/schema\/person\/c6c423e4c2465d2a9233f6539173e7c1"},"headline":"La\u00eds Amaral","datePublished":"2015-07-31T09:45:41+00:00","mainEntityOfPage":{"@id":"https:\/\/jornalbeirario.com.br\/portal\/?p=31876"},"wordCount":941,"commentCount":0,"publisher":{"@id":"https:\/\/jornalbeirario.com.br\/portal\/#organization"},"articleSection":["Social"],"inLanguage":"pt-BR","potentialAction":[{"@type":"CommentAction","name":"Comment","target":["https:\/\/jornalbeirario.com.br\/portal\/?p=31876#respond"]}]},{"@type":"WebPage","@id":"https:\/\/jornalbeirario.com.br\/portal\/?p=31876","url":"https:\/\/jornalbeirario.com.br\/portal\/?p=31876","name":"La\u00eds Amaral - JORNAL BEIRA RIO","isPartOf":{"@id":"https:\/\/jornalbeirario.com.br\/portal\/#website"},"datePublished":"2015-07-31T09:45:41+00:00","breadcrumb":{"@id":"https:\/\/jornalbeirario.com.br\/portal\/?p=31876#breadcrumb"},"inLanguage":"pt-BR","potentialAction":[{"@type":"ReadAction","target":["https:\/\/jornalbeirario.com.br\/portal\/?p=31876"]}]},{"@type":"BreadcrumbList","@id":"https:\/\/jornalbeirario.com.br\/portal\/?p=31876#breadcrumb","itemListElement":[{"@type":"ListItem","position":1,"name":"Home","item":"https:\/\/jornalbeirario.com.br\/portal"},{"@type":"ListItem","position":2,"name":"La\u00eds Amaral"}]},{"@type":"WebSite","@id":"https:\/\/jornalbeirario.com.br\/portal\/#website","url":"https:\/\/jornalbeirario.com.br\/portal\/","name":"JORNAL BEIRA RIO","description":"","publisher":{"@id":"https:\/\/jornalbeirario.com.br\/portal\/#organization"},"potentialAction":[{"@type":"SearchAction","target":{"@type":"EntryPoint","urlTemplate":"https:\/\/jornalbeirario.com.br\/portal\/?s={search_term_string}"},"query-input":{"@type":"PropertyValueSpecification","valueRequired":true,"valueName":"search_term_string"}}],"inLanguage":"pt-BR"},{"@type":"Organization","@id":"https:\/\/jornalbeirario.com.br\/portal\/#organization","name":"JORNAL BEIRA RIO","url":"https:\/\/jornalbeirario.com.br\/portal\/","logo":{"@type":"ImageObject","inLanguage":"pt-BR","@id":"https:\/\/jornalbeirario.com.br\/portal\/#\/schema\/logo\/image\/","url":"https:\/\/jornalbeirario.com.br\/portal\/wp-content\/uploads\/2017\/09\/BEIRA-RIO_logo600.png","contentUrl":"https:\/\/jornalbeirario.com.br\/portal\/wp-content\/uploads\/2017\/09\/BEIRA-RIO_logo600.png","width":650,"height":108,"caption":"JORNAL BEIRA RIO"},"image":{"@id":"https:\/\/jornalbeirario.com.br\/portal\/#\/schema\/logo\/image\/"}},{"@type":"Person","@id":"https:\/\/jornalbeirario.com.br\/portal\/#\/schema\/person\/c6c423e4c2465d2a9233f6539173e7c1","name":"Jornal BEIRA-RIO","image":{"@type":"ImageObject","inLanguage":"pt-BR","@id":"https:\/\/jornalbeirario.com.br\/portal\/wp-content\/uploads\/2023\/10\/logojbr1.jpg","url":"https:\/\/jornalbeirario.com.br\/portal\/wp-content\/uploads\/2023\/10\/logojbr1.jpg","contentUrl":"https:\/\/jornalbeirario.com.br\/portal\/wp-content\/uploads\/2023\/10\/logojbr1.jpg","caption":"Jornal BEIRA-RIO"},"url":"https:\/\/jornalbeirario.com.br\/portal\/?author=1"}]}},"_links":{"self":[{"href":"https:\/\/jornalbeirario.com.br\/portal\/index.php?rest_route=\/wp\/v2\/posts\/31876","targetHints":{"allow":["GET"]}}],"collection":[{"href":"https:\/\/jornalbeirario.com.br\/portal\/index.php?rest_route=\/wp\/v2\/posts"}],"about":[{"href":"https:\/\/jornalbeirario.com.br\/portal\/index.php?rest_route=\/wp\/v2\/types\/post"}],"author":[{"embeddable":true,"href":"https:\/\/jornalbeirario.com.br\/portal\/index.php?rest_route=\/wp\/v2\/users\/1"}],"replies":[{"embeddable":true,"href":"https:\/\/jornalbeirario.com.br\/portal\/index.php?rest_route=%2Fwp%2Fv2%2Fcomments&post=31876"}],"version-history":[{"count":2,"href":"https:\/\/jornalbeirario.com.br\/portal\/index.php?rest_route=\/wp\/v2\/posts\/31876\/revisions"}],"predecessor-version":[{"id":31910,"href":"https:\/\/jornalbeirario.com.br\/portal\/index.php?rest_route=\/wp\/v2\/posts\/31876\/revisions\/31910"}],"wp:attachment":[{"href":"https:\/\/jornalbeirario.com.br\/portal\/index.php?rest_route=%2Fwp%2Fv2%2Fmedia&parent=31876"}],"wp:term":[{"taxonomy":"category","embeddable":true,"href":"https:\/\/jornalbeirario.com.br\/portal\/index.php?rest_route=%2Fwp%2Fv2%2Fcategories&post=31876"},{"taxonomy":"post_tag","embeddable":true,"href":"https:\/\/jornalbeirario.com.br\/portal\/index.php?rest_route=%2Fwp%2Fv2%2Ftags&post=31876"}],"curies":[{"name":"wp","href":"https:\/\/api.w.org\/{rel}","templated":true}]}}