
{"id":31730,"date":"2015-07-24T04:05:40","date_gmt":"2015-07-24T04:05:40","guid":{"rendered":"http:\/\/jornalbeirario.com.br\/portal\/portal\/?p=31730"},"modified":"2015-07-24T04:05:40","modified_gmt":"2015-07-24T04:05:40","slug":"lais-amaral-106","status":"publish","type":"post","link":"https:\/\/jornalbeirario.com.br\/portal\/?p=31730","title":{"rendered":"La\u00eds Amaral"},"content":{"rendered":"<p style=\"text-align: justify;\"><strong>Agora \u00e9 a Confer\u00eancia de Assist\u00eancia Social<\/strong><br \/>\nEstamos no tempo das confer\u00eancias. A da vez, que se realiza hoje (dia 24) e amanh\u00e3, \u00e9 a 9\u00aa Confer\u00eancia Municipal de Assist\u00eancia Social. O tema deste ano \u00e9 \u201cConsolidar o SUAS de vez, rumo a 2026\u201d. SUAS \u00e9 o Sistema \u00danico da Assist\u00eancia Social. O encontro ser\u00e1 aberto \u00e0s 19 horas de hoje, na AEDB (Associa\u00e7\u00e3o Educacional Dom Bosco), com palestra da secret\u00e1ria de Assist\u00eancia Social do munic\u00edpio de B\u00fazios e presidente do Conselho Estadual de Gestores Municipais da Assist\u00eancia Social, Claudia Carrilho. Ela falar\u00e1 sobre o trabalho da Assist\u00eancia Social no \u00c2mbito estadual. Amanh\u00e3 (s\u00e1bado), a confer\u00eancia come\u00e7a \u00e0s 8 horas, com leitura e aprova\u00e7\u00e3o do regimento interno. O subsecret\u00e1rio de Assist\u00eancia Social, Wagner Barcelos, ir\u00e1 apresentar ao p\u00fabico as propostas aprovadas na 8\u00aa Confer\u00eancia, de 2013, e explicar em quais o Munic\u00edpio de Resende teve avan\u00e7os e quais ainda se encontram em fase de implementa\u00e7\u00e3o. As discuss\u00f5es ser\u00e3o divididas em tr\u00eas eixos tem\u00e1ticos propostos pelo Minist\u00e9rio do Desenvolvimento Social. A confer\u00eancia tamb\u00e9m ir\u00e1 eleger oito delegados (quatro governamentais e quatro n\u00e3o\u00a0 governamentais),\u00a0 para o encontro estadual. A Confer\u00eancia \u00e9 organizada pelo Conselho Municipal de Assist\u00eancia Social e Secretaria Municipal de Assist\u00eancia Social e Direitos Humanos.<\/p>\n<p><strong>\u2018Mais M\u00e9dicos\u2019 faz dois anos: breve balan\u00e7o<\/strong><br \/>\nEm meio \u00e0 saraivada de not\u00edcias ruins, que se n\u00e3o fosse a chamada Grande Imprensa exercida por um oligop\u00f3lio que tem l\u00e1 seus interesses, eu diria ser a not\u00edcia ruim uma voca\u00e7\u00e3o natural, um mal cong\u00eanito da Imprensa, brindemos aqui do nosso ex\u00edguo espa\u00e7o, os dois anos do Programa Mais M\u00e9dicos, uma not\u00edcia boa. Esse Programa que ainda recebe cr\u00edticas de parte de entidades m\u00e9dicas, na verdade veio atender a um antigo anseio do Conselho Nacional de Secret\u00e1rios Municipais de Sa\u00fade. Recebe tamb\u00e9m muitos elogios, a maioria, por parte da popula\u00e7\u00e3o beneficiada. Os maiores interessados. Num r\u00e1pido balan\u00e7o passado pelo amigo Silvio Costa, que coordenou o programa na regi\u00e3o, constatamos os seguintes n\u00fameros: s\u00e3o mais de 14 mil profissionais, dentre eles, cerca de onze mil s\u00e3o cubanos, distribu\u00eddos em mais de 3,7 mil munic\u00edpios e em 34 distritos ind\u00edgenas. Aproximadamente 75% dos m\u00e9dicos est\u00e3o em regi\u00f5es de grande vulnerabilidade social. O Programa aumentou em 35% o n\u00famero geral de consultas na aten\u00e7\u00e3o b\u00e1sica em rela\u00e7\u00e3o a 2013. O atendimento a pessoas com diabetes aumentou 45%, de janeiro de 2013 a janeiro de 2014. No mesmo per\u00edodo, os atendimentos de pacientes com hipertens\u00e3o arterial aumentaram 5% e as consultas de pr\u00e9-natal, 11%. Com isso, o encaminhamento de pacientes para hospitais diminuiu 20%. Foram criadas ainda 11,5 mil vagas de gradua\u00e7\u00e3o em medicina e de 12,4 mil vagas de resid\u00eancia m\u00e9dica. A expectativa \u00e9 que esse n\u00famero chegue a 18 mil vagas de resid\u00eancia em 2018. Voltando ao oligop\u00f3lio da M\u00eddia em nosso pa\u00eds, uma das coisas mais atrasadas do mundo, eles desgastaram tanto a palavra \u2018crise\u2019 que j\u00e1 come\u00e7am a substitu\u00ed-la pelo termo \u2018desacelera\u00e7\u00e3o\u2019. Adoram inventar uma moda.<\/p>\n<p><strong>TRIPA<\/strong><br \/>\n* Parodiando aquele telejornal matinal, vamos a um expresso de not\u00edcias. Fatos que passaram batidos pelo cronista distra\u00eddo e pregui\u00e7oso. Ainda em junho chegou o Ernesto, o segundo filho do casal \u00c2ngelo Tramezzino e Simoni. Agora a casa t\u00e1 cheia e o espert\u00edssimo Francisco, em breve ter\u00e1 um parceiro para doces bagun\u00e7as * Depois de algum tempo voltei ao samba do \u2018P\u00e9 de Canela\u2019 que rola \u00e0s segundas-feiras, em Penedo. Est\u00e1 cada vez melhor. O grupo de m\u00fasicos liderados pelo Luis Lima (Jap\u00e3o), entre eles Thiago Zaidan (quase sempre), Sanny Alves (pandeiro e voz), Marcelo Dertonio, Daniel Procaci, Fernando Farias (quase sempre), Jairo Queiroz, Edmundo Serra e muitos outros, promove uma noitada muito animada e gostosa, a partir das 20h. \u00c9 programa super-recomendado na regi\u00e3o. E segunda-feira, n\u00e3o tem coisa melhor * Dia 14 passado o Cezinha Simpl\u00edcio e o grupo \u2018Resende Saudades Daquele Tempo\u2019 receberam uma \u2018Mo\u00e7\u00e3o de Louvor\u2019 da C\u00e2mara Municipal, iniciativa de Kiko Besouchet. J\u00e1 s\u00e3o quatro anos de iniciativas vitoriosas do grupo. Parab\u00e9ns ! * O Centro Cultural Visconde de Mau\u00e1 convida para o concerto de \u201cLeopoldo Commisso\u201d, Violoncelo solo com a Participa\u00e7\u00e3o especial de Gabriel, e uma pequena mostra do folclore sul-americano, neste domingo, dia 26. Mau\u00e1 sempre aquecida por manifesta\u00e7\u00f5es culturais * Dia 29 tem o \u2018Inhoque da Fortuna\u2019 do Odylo e da Maria Carmem * Na quinta-feira da semana que vem, dia 30, \u00e0s 19h, acontece tamb\u00e9m na AEDB, a palestra \u201cAtualidades sobre Tarifa\u00e7\u00e3o de Energia El\u00e9trica\u201d, com o professor Dr. Guilherme Filippo, da Universidade Estadual Paulista, do programa do ciclo de palestras sobre Competitividade Industrial * For\u00e7a Hernani, meu amigo !!<\/p>\n<p><strong>ANIVERS\u00c1RIOS<\/strong><br \/>\nDia 16 mudou de idade o Andr\u00e9 Amaral. No dia 17 tres figura\u00e7as inauguraram idade nova: o G\u00eanio Barbosa, meu colega de Prefeitura, o Melzaque Caetano, m\u00fasico da melhor qualidade e o Hideo Noguchi. Dia 18 receberam os \u2018parab\u00e9ns\u2019 o amigo jornalista Jardel Junior, o advogado Pedro Felizardo e o ator, Azeitona. No dia 19 sopraram velinhas a minha amiga e cantora Claudia Martins, a Eliete Lima e a Dayse Vieira. Dia 20, uma turma grande de \u2018gente boa\u2019 contou mais um ano de vida: Rodrigo Orph\u00e3o, Raquel Gama, \u00c1lvaro Brito, Marcelo Matos, Rita, Ana Zelma, L\u00edbia Tanure, Itiana Rochele e Geni Rufino.\u00a0 Dia 21 outra turma grande e bem legal de amigos ficou mais experiente: a av\u00f3 da minha neta Isabela, a Concei\u00e7\u00e3o Soares, a amiga Ronilda Souza, o Pedro Lamin, o Carlos Ramos, a Luciana Dutra, a Bianca Oliveira e o meu amigo e fot\u00f3grafo dos melhores, Antonio Duarte. Nessa quarta, dia 22, tamb\u00e9m aniversariaram o radialista e roqueiro Max Verri e a minha amiga professora e\u00a0 cozinheira do \u2018Crust\u00e1ceos da Mangua\u00e7a\u2019, Sonia Nogueira que completou 15 anos mais uma vez. Parab\u00e9ns e todas as felicidades do mundo a eles.<\/p>\n","protected":false},"excerpt":{"rendered":"<p>Agora \u00e9 a Confer\u00eancia de Assist\u00eancia Social Estamos no tempo das confer\u00eancias. A da vez, que se realiza hoje (dia 24) e amanh\u00e3, \u00e9<\/p>\n","protected":false},"author":1,"featured_media":0,"comment_status":"open","ping_status":"open","sticky":false,"template":"","format":"standard","meta":{"pmpro_default_level":"","footnotes":""},"categories":[13],"tags":[],"class_list":["post-31730","post","type-post","status-publish","format-standard","hentry","category-social","pmpro-has-access"],"yoast_head":"<!-- This site is optimized with the Yoast SEO plugin v27.4 - https:\/\/yoast.com\/product\/yoast-seo-wordpress\/ -->\n<title>La\u00eds Amaral - JORNAL BEIRA RIO<\/title>\n<meta name=\"robots\" content=\"index, follow, max-snippet:-1, max-image-preview:large, max-video-preview:-1\" \/>\n<link rel=\"canonical\" href=\"https:\/\/jornalbeirario.com.br\/portal\/?p=31730\" \/>\n<meta property=\"og:locale\" content=\"pt_BR\" \/>\n<meta property=\"og:type\" content=\"article\" \/>\n<meta property=\"og:title\" content=\"La\u00eds Amaral - JORNAL BEIRA RIO\" \/>\n<meta property=\"og:description\" content=\"Agora \u00e9 a Confer\u00eancia de Assist\u00eancia Social Estamos no tempo das confer\u00eancias. A da vez, que se realiza hoje (dia 24) e amanh\u00e3, \u00e9\" \/>\n<meta property=\"og:url\" content=\"https:\/\/jornalbeirario.com.br\/portal\/?p=31730\" \/>\n<meta property=\"og:site_name\" content=\"JORNAL BEIRA RIO\" \/>\n<meta property=\"article:published_time\" content=\"2015-07-24T04:05:40+00:00\" \/>\n<meta name=\"author\" content=\"Jornal BEIRA-RIO\" \/>\n<meta name=\"twitter:card\" content=\"summary_large_image\" \/>\n<meta name=\"twitter:label1\" content=\"Escrito por\" \/>\n\t<meta name=\"twitter:data1\" content=\"Jornal BEIRA-RIO\" \/>\n\t<meta name=\"twitter:label2\" content=\"Est. tempo de leitura\" \/>\n\t<meta name=\"twitter:data2\" content=\"5 minutos\" \/>\n<script type=\"application\/ld+json\" class=\"yoast-schema-graph\">{\"@context\":\"https:\\\/\\\/schema.org\",\"@graph\":[{\"@type\":\"Article\",\"@id\":\"https:\\\/\\\/jornalbeirario.com.br\\\/portal\\\/?p=31730#article\",\"isPartOf\":{\"@id\":\"https:\\\/\\\/jornalbeirario.com.br\\\/portal\\\/?p=31730\"},\"author\":{\"name\":\"Jornal BEIRA-RIO\",\"@id\":\"https:\\\/\\\/jornalbeirario.com.br\\\/portal\\\/#\\\/schema\\\/person\\\/c6c423e4c2465d2a9233f6539173e7c1\"},\"headline\":\"La\u00eds Amaral\",\"datePublished\":\"2015-07-24T04:05:40+00:00\",\"mainEntityOfPage\":{\"@id\":\"https:\\\/\\\/jornalbeirario.com.br\\\/portal\\\/?p=31730\"},\"wordCount\":1019,\"commentCount\":0,\"publisher\":{\"@id\":\"https:\\\/\\\/jornalbeirario.com.br\\\/portal\\\/#organization\"},\"articleSection\":[\"Social\"],\"inLanguage\":\"pt-BR\",\"potentialAction\":[{\"@type\":\"CommentAction\",\"name\":\"Comment\",\"target\":[\"https:\\\/\\\/jornalbeirario.com.br\\\/portal\\\/?p=31730#respond\"]}]},{\"@type\":\"WebPage\",\"@id\":\"https:\\\/\\\/jornalbeirario.com.br\\\/portal\\\/?p=31730\",\"url\":\"https:\\\/\\\/jornalbeirario.com.br\\\/portal\\\/?p=31730\",\"name\":\"La\u00eds Amaral - JORNAL BEIRA RIO\",\"isPartOf\":{\"@id\":\"https:\\\/\\\/jornalbeirario.com.br\\\/portal\\\/#website\"},\"datePublished\":\"2015-07-24T04:05:40+00:00\",\"breadcrumb\":{\"@id\":\"https:\\\/\\\/jornalbeirario.com.br\\\/portal\\\/?p=31730#breadcrumb\"},\"inLanguage\":\"pt-BR\",\"potentialAction\":[{\"@type\":\"ReadAction\",\"target\":[\"https:\\\/\\\/jornalbeirario.com.br\\\/portal\\\/?p=31730\"]}]},{\"@type\":\"BreadcrumbList\",\"@id\":\"https:\\\/\\\/jornalbeirario.com.br\\\/portal\\\/?p=31730#breadcrumb\",\"itemListElement\":[{\"@type\":\"ListItem\",\"position\":1,\"name\":\"Home\",\"item\":\"https:\\\/\\\/jornalbeirario.com.br\\\/portal\"},{\"@type\":\"ListItem\",\"position\":2,\"name\":\"La\u00eds Amaral\"}]},{\"@type\":\"WebSite\",\"@id\":\"https:\\\/\\\/jornalbeirario.com.br\\\/portal\\\/#website\",\"url\":\"https:\\\/\\\/jornalbeirario.com.br\\\/portal\\\/\",\"name\":\"JORNAL BEIRA RIO\",\"description\":\"\",\"publisher\":{\"@id\":\"https:\\\/\\\/jornalbeirario.com.br\\\/portal\\\/#organization\"},\"potentialAction\":[{\"@type\":\"SearchAction\",\"target\":{\"@type\":\"EntryPoint\",\"urlTemplate\":\"https:\\\/\\\/jornalbeirario.com.br\\\/portal\\\/?s={search_term_string}\"},\"query-input\":{\"@type\":\"PropertyValueSpecification\",\"valueRequired\":true,\"valueName\":\"search_term_string\"}}],\"inLanguage\":\"pt-BR\"},{\"@type\":\"Organization\",\"@id\":\"https:\\\/\\\/jornalbeirario.com.br\\\/portal\\\/#organization\",\"name\":\"JORNAL BEIRA RIO\",\"url\":\"https:\\\/\\\/jornalbeirario.com.br\\\/portal\\\/\",\"logo\":{\"@type\":\"ImageObject\",\"inLanguage\":\"pt-BR\",\"@id\":\"https:\\\/\\\/jornalbeirario.com.br\\\/portal\\\/#\\\/schema\\\/logo\\\/image\\\/\",\"url\":\"https:\\\/\\\/jornalbeirario.com.br\\\/portal\\\/wp-content\\\/uploads\\\/2017\\\/09\\\/BEIRA-RIO_logo600.png\",\"contentUrl\":\"https:\\\/\\\/jornalbeirario.com.br\\\/portal\\\/wp-content\\\/uploads\\\/2017\\\/09\\\/BEIRA-RIO_logo600.png\",\"width\":650,\"height\":108,\"caption\":\"JORNAL BEIRA RIO\"},\"image\":{\"@id\":\"https:\\\/\\\/jornalbeirario.com.br\\\/portal\\\/#\\\/schema\\\/logo\\\/image\\\/\"}},{\"@type\":\"Person\",\"@id\":\"https:\\\/\\\/jornalbeirario.com.br\\\/portal\\\/#\\\/schema\\\/person\\\/c6c423e4c2465d2a9233f6539173e7c1\",\"name\":\"Jornal BEIRA-RIO\",\"image\":{\"@type\":\"ImageObject\",\"inLanguage\":\"pt-BR\",\"@id\":\"https:\\\/\\\/jornalbeirario.com.br\\\/portal\\\/wp-content\\\/uploads\\\/2023\\\/10\\\/logojbr1.jpg\",\"url\":\"https:\\\/\\\/jornalbeirario.com.br\\\/portal\\\/wp-content\\\/uploads\\\/2023\\\/10\\\/logojbr1.jpg\",\"contentUrl\":\"https:\\\/\\\/jornalbeirario.com.br\\\/portal\\\/wp-content\\\/uploads\\\/2023\\\/10\\\/logojbr1.jpg\",\"caption\":\"Jornal BEIRA-RIO\"},\"url\":\"https:\\\/\\\/jornalbeirario.com.br\\\/portal\\\/?author=1\"}]}<\/script>\n<!-- \/ Yoast SEO plugin. -->","yoast_head_json":{"title":"La\u00eds Amaral - JORNAL BEIRA RIO","robots":{"index":"index","follow":"follow","max-snippet":"max-snippet:-1","max-image-preview":"max-image-preview:large","max-video-preview":"max-video-preview:-1"},"canonical":"https:\/\/jornalbeirario.com.br\/portal\/?p=31730","og_locale":"pt_BR","og_type":"article","og_title":"La\u00eds Amaral - JORNAL BEIRA RIO","og_description":"Agora \u00e9 a Confer\u00eancia de Assist\u00eancia Social Estamos no tempo das confer\u00eancias. A da vez, que se realiza hoje (dia 24) e amanh\u00e3, \u00e9","og_url":"https:\/\/jornalbeirario.com.br\/portal\/?p=31730","og_site_name":"JORNAL BEIRA RIO","article_published_time":"2015-07-24T04:05:40+00:00","author":"Jornal BEIRA-RIO","twitter_card":"summary_large_image","twitter_misc":{"Escrito por":"Jornal BEIRA-RIO","Est. tempo de leitura":"5 minutos"},"schema":{"@context":"https:\/\/schema.org","@graph":[{"@type":"Article","@id":"https:\/\/jornalbeirario.com.br\/portal\/?p=31730#article","isPartOf":{"@id":"https:\/\/jornalbeirario.com.br\/portal\/?p=31730"},"author":{"name":"Jornal BEIRA-RIO","@id":"https:\/\/jornalbeirario.com.br\/portal\/#\/schema\/person\/c6c423e4c2465d2a9233f6539173e7c1"},"headline":"La\u00eds Amaral","datePublished":"2015-07-24T04:05:40+00:00","mainEntityOfPage":{"@id":"https:\/\/jornalbeirario.com.br\/portal\/?p=31730"},"wordCount":1019,"commentCount":0,"publisher":{"@id":"https:\/\/jornalbeirario.com.br\/portal\/#organization"},"articleSection":["Social"],"inLanguage":"pt-BR","potentialAction":[{"@type":"CommentAction","name":"Comment","target":["https:\/\/jornalbeirario.com.br\/portal\/?p=31730#respond"]}]},{"@type":"WebPage","@id":"https:\/\/jornalbeirario.com.br\/portal\/?p=31730","url":"https:\/\/jornalbeirario.com.br\/portal\/?p=31730","name":"La\u00eds Amaral - JORNAL BEIRA RIO","isPartOf":{"@id":"https:\/\/jornalbeirario.com.br\/portal\/#website"},"datePublished":"2015-07-24T04:05:40+00:00","breadcrumb":{"@id":"https:\/\/jornalbeirario.com.br\/portal\/?p=31730#breadcrumb"},"inLanguage":"pt-BR","potentialAction":[{"@type":"ReadAction","target":["https:\/\/jornalbeirario.com.br\/portal\/?p=31730"]}]},{"@type":"BreadcrumbList","@id":"https:\/\/jornalbeirario.com.br\/portal\/?p=31730#breadcrumb","itemListElement":[{"@type":"ListItem","position":1,"name":"Home","item":"https:\/\/jornalbeirario.com.br\/portal"},{"@type":"ListItem","position":2,"name":"La\u00eds Amaral"}]},{"@type":"WebSite","@id":"https:\/\/jornalbeirario.com.br\/portal\/#website","url":"https:\/\/jornalbeirario.com.br\/portal\/","name":"JORNAL BEIRA RIO","description":"","publisher":{"@id":"https:\/\/jornalbeirario.com.br\/portal\/#organization"},"potentialAction":[{"@type":"SearchAction","target":{"@type":"EntryPoint","urlTemplate":"https:\/\/jornalbeirario.com.br\/portal\/?s={search_term_string}"},"query-input":{"@type":"PropertyValueSpecification","valueRequired":true,"valueName":"search_term_string"}}],"inLanguage":"pt-BR"},{"@type":"Organization","@id":"https:\/\/jornalbeirario.com.br\/portal\/#organization","name":"JORNAL BEIRA RIO","url":"https:\/\/jornalbeirario.com.br\/portal\/","logo":{"@type":"ImageObject","inLanguage":"pt-BR","@id":"https:\/\/jornalbeirario.com.br\/portal\/#\/schema\/logo\/image\/","url":"https:\/\/jornalbeirario.com.br\/portal\/wp-content\/uploads\/2017\/09\/BEIRA-RIO_logo600.png","contentUrl":"https:\/\/jornalbeirario.com.br\/portal\/wp-content\/uploads\/2017\/09\/BEIRA-RIO_logo600.png","width":650,"height":108,"caption":"JORNAL BEIRA RIO"},"image":{"@id":"https:\/\/jornalbeirario.com.br\/portal\/#\/schema\/logo\/image\/"}},{"@type":"Person","@id":"https:\/\/jornalbeirario.com.br\/portal\/#\/schema\/person\/c6c423e4c2465d2a9233f6539173e7c1","name":"Jornal BEIRA-RIO","image":{"@type":"ImageObject","inLanguage":"pt-BR","@id":"https:\/\/jornalbeirario.com.br\/portal\/wp-content\/uploads\/2023\/10\/logojbr1.jpg","url":"https:\/\/jornalbeirario.com.br\/portal\/wp-content\/uploads\/2023\/10\/logojbr1.jpg","contentUrl":"https:\/\/jornalbeirario.com.br\/portal\/wp-content\/uploads\/2023\/10\/logojbr1.jpg","caption":"Jornal BEIRA-RIO"},"url":"https:\/\/jornalbeirario.com.br\/portal\/?author=1"}]}},"_links":{"self":[{"href":"https:\/\/jornalbeirario.com.br\/portal\/index.php?rest_route=\/wp\/v2\/posts\/31730","targetHints":{"allow":["GET"]}}],"collection":[{"href":"https:\/\/jornalbeirario.com.br\/portal\/index.php?rest_route=\/wp\/v2\/posts"}],"about":[{"href":"https:\/\/jornalbeirario.com.br\/portal\/index.php?rest_route=\/wp\/v2\/types\/post"}],"author":[{"embeddable":true,"href":"https:\/\/jornalbeirario.com.br\/portal\/index.php?rest_route=\/wp\/v2\/users\/1"}],"replies":[{"embeddable":true,"href":"https:\/\/jornalbeirario.com.br\/portal\/index.php?rest_route=%2Fwp%2Fv2%2Fcomments&post=31730"}],"version-history":[{"count":2,"href":"https:\/\/jornalbeirario.com.br\/portal\/index.php?rest_route=\/wp\/v2\/posts\/31730\/revisions"}],"predecessor-version":[{"id":31773,"href":"https:\/\/jornalbeirario.com.br\/portal\/index.php?rest_route=\/wp\/v2\/posts\/31730\/revisions\/31773"}],"wp:attachment":[{"href":"https:\/\/jornalbeirario.com.br\/portal\/index.php?rest_route=%2Fwp%2Fv2%2Fmedia&parent=31730"}],"wp:term":[{"taxonomy":"category","embeddable":true,"href":"https:\/\/jornalbeirario.com.br\/portal\/index.php?rest_route=%2Fwp%2Fv2%2Fcategories&post=31730"},{"taxonomy":"post_tag","embeddable":true,"href":"https:\/\/jornalbeirario.com.br\/portal\/index.php?rest_route=%2Fwp%2Fv2%2Ftags&post=31730"}],"curies":[{"name":"wp","href":"https:\/\/api.w.org\/{rel}","templated":true}]}}