
{"id":31583,"date":"2015-07-17T10:19:36","date_gmt":"2015-07-17T10:19:36","guid":{"rendered":"http:\/\/jornalbeirario.com.br\/portal\/portal\/?p=31583"},"modified":"2015-07-17T10:19:36","modified_gmt":"2015-07-17T10:19:36","slug":"lais-amaral-105","status":"publish","type":"post","link":"https:\/\/jornalbeirario.com.br\/portal\/?p=31583","title":{"rendered":"La\u00eds Amaral"},"content":{"rendered":"<p style=\"text-align: justify;\"><strong>Escola de M\u00fasica tem inscri\u00e7\u00f5es abertas, informa Sanny Alves. (Um luxo, n\u00e3o ?!) \u00a0<\/strong><br \/>\nA Escola de Artes Vicente Aniceto Senna, sediada na Casa de Cultura, realizou dia 8 passado o encerramento do semestre com uma apresenta\u00e7\u00e3o dos alunos, no Espa\u00e7o \u2018Z\u2019. O evento musical, de alt\u00edssimo n\u00edvel e superelogiado, contou ainda com a participa\u00e7\u00e3o do pessoal que estuda violino, fruto de parceria com a Funda\u00e7\u00e3o Bachiana, de S\u00e3o Paulo. Participaram desse congra\u00e7amento mais de 150 alunos da Escola de Artes que \u00e9 coordenada pela minha amiga Sanny Alves, que al\u00e9m de cantora e atriz talentos\u00edssima (e pandeirista promissora), tamb\u00e9m est\u00e1 se mostrando uma administradora das melhores. Parab\u00e9ns \u00e0 Sanny, \u00e0 Escola de Artes, \u00e0 Casa de Cultura, ao \u00c2ngelo e a toda sua equipe. Lembrando que, como informa o t\u00edtulo desta nota, a Escola de Artes Maestro Vicente Aniceto est\u00e1 com inscri\u00e7\u00f5es abertas para o curso de m\u00fasica, at\u00e9 o dia 31 deste m\u00eas. Mais informa\u00e7\u00f5es: (24) 3354-6971. Convido daqui os alunos e os que ainda n\u00e3o s\u00e3o, a assistirem sua coordenadora hoje (sexta, dia 17) no Bar Atl\u00e2ntico. \u00c9 musica brasileira enfezada e na veia. Mais detalhes na \u2018Tripa\u2019, a\u00ed ao lado.<\/p>\n<p><strong>\u201cMulher na TPM at\u00e9 Diabo Treme\u201d, neste s\u00e1bado no Recanto 21 em Quatis<\/strong><br \/>\n\u201cMulher na TPM at\u00e9 o Diabo treme\u201d, \u00e9 a com\u00e9dia que As Palha\u00e7as Bastianas levar\u00e3o ao palco do \u2018Recanto 21\u2019, amanh\u00e3 (dia 18) em Quatis. A pe\u00e7a tem in\u00edcio previsto para as 20 horas com ingressos custando R$ 10,00. O teatro do Recanto 21 tem capacidade para at\u00e9 200 pessoas sentadas, em\u00a0 cadeiras simples. O palco tem bom tamanho, mede 40 m\u00b2. Esse teatro ou audit\u00f3rio, do \u2018Recanto 21\u2019 \u00e9 um espa\u00e7o ainda muito novo, rec\u00e9m-criado pelo incans\u00e1vel compositor, m\u00fasico e agitador cultural Guido de Castro. Segundo ele, a encena\u00e7\u00e3o tamb\u00e9m faz parte da estrat\u00e9gia de cria\u00e7\u00e3o de plateia para manifesta\u00e7\u00f5es art\u00edsticas no munic\u00edpio de Quatis, e servindo tamb\u00e9m, por que n\u00e3o dizer,\u00a0 como alternativa para a regi\u00e3o. Afinal, Quatis \u00e9 logo ali. Abra\u00e7\u00e3o ao Guido por mais essa iniciativa em favor da cultura e da arte aut\u00eantica em nossa regi\u00e3o.<\/p>\n<p><strong>TRIPA<\/strong><br \/>\n* Hoje (Sexta) \u00e9 dia de m\u00fasica de gente grande no \u2018Bar Atl\u00e2ntico.\u2019 A partir das 20h30min. tem Seresta, MPB e Samba com Sanny Alves (voz e pandeiro), Nels\u00e3o (viol\u00e3o e guitarra) e Jairo Queiroz (trombone e flauta). Pode ter uma Sexta com mais poder de encher a gente de felicidade assim ? N\u00e3o tem. A gente se v\u00ea por l\u00e1 * Show de bola a brincadeira dan\u00e7ante sexta-feira passada com The Fevers no CCRR. Mais uma bola dentro de Cezinha Simpl\u00edcio e o pessoal \u2018gente boa\u2019 do grupo Resende Saudades Daquele Tempo * Nessa quarta, o Museu de Arte Moderna de Resende abriu a exposi\u00e7\u00e3o \u2018Nhanderuvu\u00e7\u00fa &#8211; a representa\u00e7\u00e3o do imagin\u00e1rio Guarani\u2019, de Rafael Fioratto. A exposi\u00e7\u00e3o segue at\u00e9 4 de setembro de segunda a sexta-feira, das 12h \u00e0s 18h. * Dias 1, 2 e 3 de Setembro a AEDB realiza o 10\u00ba Simp\u00f3sio Pedag\u00f3gico e Pesquisas em Educa\u00e7\u00e3o. O evento \u00e9 destinado a professores, profissionais e alunos da \u00e1rea da Educa\u00e7\u00e3o de todo o Pa\u00eds. A inscri\u00e7\u00e3o de trabalhos vai at\u00e9 dia 1\u00ba de agosto. Interessados em participar como ouvintes podem se inscrever at\u00e9 30 de agosto. O tema deste ano \u00e9: \u201cFomentar, Unificar, Agir: Temas transversais na educa\u00e7\u00e3o contempor\u00e2nea\u201d. Mais informa\u00e7\u00f5es no www.aedb.br\/simped.<\/p>\n<p><strong>ANIVERS\u00c1RIOS<\/strong><br \/>\nDia 9\/7 aniversariaram o Jacson Andrade e o Domingues, da R\u00e1dio Agulhas Negras. Dia 10 foi a vez da Juliana Borges e do Ricardinho de Mau\u00e1 mudarem de idade. Dia 11, um trio bem legal inaugurou idade nova: a Mileide Pereira, a Rafaela Rodrigues e o Laurens Lr. No dia 14 receberam os parab\u00e9ns mais tr\u00eas figura\u00e7as: o professor M\u00e1rio Rodrigues, o M\u00e1rcio Regis e o Rodrigo Camargos. Nesse dia 15 contaram mais um ano de vida o Yuri Brasil e o Marcelo Nordskog que produz a mais premiada cacha\u00e7a da regi\u00e3o (e que dia 21 tenta mais uma medalha internacional). Domingo, dia 19, sopra velinhas o Cleitinho, neto do Cleber Luiz, o \u201cordin\u00e1rio\u201d. Que por sinal mudou de idade dia 26 de junho, m\u00eas que contempla toda a fam\u00edlia: os filhos Cleilson, Cleiton e Cleiara e a mulher Iara. Parab\u00e9ns e todas as felicidades do mundo a eles.<\/p>\n","protected":false},"excerpt":{"rendered":"<p>Escola de M\u00fasica tem inscri\u00e7\u00f5es abertas, informa Sanny Alves. (Um luxo, n\u00e3o ?!) \u00a0 A Escola de Artes Vicente Aniceto Senna, sediada na Casa<\/p>\n","protected":false},"author":1,"featured_media":0,"comment_status":"open","ping_status":"open","sticky":false,"template":"","format":"standard","meta":{"pmpro_default_level":"","footnotes":""},"categories":[13],"tags":[],"class_list":["post-31583","post","type-post","status-publish","format-standard","hentry","category-social","pmpro-has-access"],"yoast_head":"<!-- This site is optimized with the Yoast SEO plugin v27.4 - https:\/\/yoast.com\/product\/yoast-seo-wordpress\/ -->\n<title>La\u00eds Amaral - JORNAL BEIRA RIO<\/title>\n<meta name=\"robots\" content=\"index, follow, max-snippet:-1, max-image-preview:large, max-video-preview:-1\" \/>\n<link rel=\"canonical\" href=\"https:\/\/jornalbeirario.com.br\/portal\/?p=31583\" \/>\n<meta property=\"og:locale\" content=\"pt_BR\" \/>\n<meta property=\"og:type\" content=\"article\" \/>\n<meta property=\"og:title\" content=\"La\u00eds Amaral - JORNAL BEIRA RIO\" \/>\n<meta property=\"og:description\" content=\"Escola de M\u00fasica tem inscri\u00e7\u00f5es abertas, informa Sanny Alves. (Um luxo, n\u00e3o ?!) \u00a0 A Escola de Artes Vicente Aniceto Senna, sediada na Casa\" \/>\n<meta property=\"og:url\" content=\"https:\/\/jornalbeirario.com.br\/portal\/?p=31583\" \/>\n<meta property=\"og:site_name\" content=\"JORNAL BEIRA RIO\" \/>\n<meta property=\"article:published_time\" content=\"2015-07-17T10:19:36+00:00\" \/>\n<meta name=\"author\" content=\"Jornal BEIRA-RIO\" \/>\n<meta name=\"twitter:card\" content=\"summary_large_image\" \/>\n<meta name=\"twitter:label1\" content=\"Escrito por\" \/>\n\t<meta name=\"twitter:data1\" content=\"Jornal BEIRA-RIO\" \/>\n\t<meta name=\"twitter:label2\" content=\"Est. tempo de leitura\" \/>\n\t<meta name=\"twitter:data2\" content=\"4 minutos\" \/>\n<script type=\"application\/ld+json\" class=\"yoast-schema-graph\">{\"@context\":\"https:\\\/\\\/schema.org\",\"@graph\":[{\"@type\":\"Article\",\"@id\":\"https:\\\/\\\/jornalbeirario.com.br\\\/portal\\\/?p=31583#article\",\"isPartOf\":{\"@id\":\"https:\\\/\\\/jornalbeirario.com.br\\\/portal\\\/?p=31583\"},\"author\":{\"name\":\"Jornal BEIRA-RIO\",\"@id\":\"https:\\\/\\\/jornalbeirario.com.br\\\/portal\\\/#\\\/schema\\\/person\\\/c6c423e4c2465d2a9233f6539173e7c1\"},\"headline\":\"La\u00eds Amaral\",\"datePublished\":\"2015-07-17T10:19:36+00:00\",\"mainEntityOfPage\":{\"@id\":\"https:\\\/\\\/jornalbeirario.com.br\\\/portal\\\/?p=31583\"},\"wordCount\":745,\"commentCount\":0,\"publisher\":{\"@id\":\"https:\\\/\\\/jornalbeirario.com.br\\\/portal\\\/#organization\"},\"articleSection\":[\"Social\"],\"inLanguage\":\"pt-BR\",\"potentialAction\":[{\"@type\":\"CommentAction\",\"name\":\"Comment\",\"target\":[\"https:\\\/\\\/jornalbeirario.com.br\\\/portal\\\/?p=31583#respond\"]}]},{\"@type\":\"WebPage\",\"@id\":\"https:\\\/\\\/jornalbeirario.com.br\\\/portal\\\/?p=31583\",\"url\":\"https:\\\/\\\/jornalbeirario.com.br\\\/portal\\\/?p=31583\",\"name\":\"La\u00eds Amaral - JORNAL BEIRA RIO\",\"isPartOf\":{\"@id\":\"https:\\\/\\\/jornalbeirario.com.br\\\/portal\\\/#website\"},\"datePublished\":\"2015-07-17T10:19:36+00:00\",\"breadcrumb\":{\"@id\":\"https:\\\/\\\/jornalbeirario.com.br\\\/portal\\\/?p=31583#breadcrumb\"},\"inLanguage\":\"pt-BR\",\"potentialAction\":[{\"@type\":\"ReadAction\",\"target\":[\"https:\\\/\\\/jornalbeirario.com.br\\\/portal\\\/?p=31583\"]}]},{\"@type\":\"BreadcrumbList\",\"@id\":\"https:\\\/\\\/jornalbeirario.com.br\\\/portal\\\/?p=31583#breadcrumb\",\"itemListElement\":[{\"@type\":\"ListItem\",\"position\":1,\"name\":\"Home\",\"item\":\"https:\\\/\\\/jornalbeirario.com.br\\\/portal\"},{\"@type\":\"ListItem\",\"position\":2,\"name\":\"La\u00eds Amaral\"}]},{\"@type\":\"WebSite\",\"@id\":\"https:\\\/\\\/jornalbeirario.com.br\\\/portal\\\/#website\",\"url\":\"https:\\\/\\\/jornalbeirario.com.br\\\/portal\\\/\",\"name\":\"JORNAL BEIRA RIO\",\"description\":\"\",\"publisher\":{\"@id\":\"https:\\\/\\\/jornalbeirario.com.br\\\/portal\\\/#organization\"},\"potentialAction\":[{\"@type\":\"SearchAction\",\"target\":{\"@type\":\"EntryPoint\",\"urlTemplate\":\"https:\\\/\\\/jornalbeirario.com.br\\\/portal\\\/?s={search_term_string}\"},\"query-input\":{\"@type\":\"PropertyValueSpecification\",\"valueRequired\":true,\"valueName\":\"search_term_string\"}}],\"inLanguage\":\"pt-BR\"},{\"@type\":\"Organization\",\"@id\":\"https:\\\/\\\/jornalbeirario.com.br\\\/portal\\\/#organization\",\"name\":\"JORNAL BEIRA RIO\",\"url\":\"https:\\\/\\\/jornalbeirario.com.br\\\/portal\\\/\",\"logo\":{\"@type\":\"ImageObject\",\"inLanguage\":\"pt-BR\",\"@id\":\"https:\\\/\\\/jornalbeirario.com.br\\\/portal\\\/#\\\/schema\\\/logo\\\/image\\\/\",\"url\":\"https:\\\/\\\/jornalbeirario.com.br\\\/portal\\\/wp-content\\\/uploads\\\/2017\\\/09\\\/BEIRA-RIO_logo600.png\",\"contentUrl\":\"https:\\\/\\\/jornalbeirario.com.br\\\/portal\\\/wp-content\\\/uploads\\\/2017\\\/09\\\/BEIRA-RIO_logo600.png\",\"width\":650,\"height\":108,\"caption\":\"JORNAL BEIRA RIO\"},\"image\":{\"@id\":\"https:\\\/\\\/jornalbeirario.com.br\\\/portal\\\/#\\\/schema\\\/logo\\\/image\\\/\"}},{\"@type\":\"Person\",\"@id\":\"https:\\\/\\\/jornalbeirario.com.br\\\/portal\\\/#\\\/schema\\\/person\\\/c6c423e4c2465d2a9233f6539173e7c1\",\"name\":\"Jornal BEIRA-RIO\",\"image\":{\"@type\":\"ImageObject\",\"inLanguage\":\"pt-BR\",\"@id\":\"https:\\\/\\\/jornalbeirario.com.br\\\/portal\\\/wp-content\\\/uploads\\\/2023\\\/10\\\/logojbr1.jpg\",\"url\":\"https:\\\/\\\/jornalbeirario.com.br\\\/portal\\\/wp-content\\\/uploads\\\/2023\\\/10\\\/logojbr1.jpg\",\"contentUrl\":\"https:\\\/\\\/jornalbeirario.com.br\\\/portal\\\/wp-content\\\/uploads\\\/2023\\\/10\\\/logojbr1.jpg\",\"caption\":\"Jornal BEIRA-RIO\"},\"url\":\"https:\\\/\\\/jornalbeirario.com.br\\\/portal\\\/?author=1\"}]}<\/script>\n<!-- \/ Yoast SEO plugin. -->","yoast_head_json":{"title":"La\u00eds Amaral - JORNAL BEIRA RIO","robots":{"index":"index","follow":"follow","max-snippet":"max-snippet:-1","max-image-preview":"max-image-preview:large","max-video-preview":"max-video-preview:-1"},"canonical":"https:\/\/jornalbeirario.com.br\/portal\/?p=31583","og_locale":"pt_BR","og_type":"article","og_title":"La\u00eds Amaral - JORNAL BEIRA RIO","og_description":"Escola de M\u00fasica tem inscri\u00e7\u00f5es abertas, informa Sanny Alves. (Um luxo, n\u00e3o ?!) \u00a0 A Escola de Artes Vicente Aniceto Senna, sediada na Casa","og_url":"https:\/\/jornalbeirario.com.br\/portal\/?p=31583","og_site_name":"JORNAL BEIRA RIO","article_published_time":"2015-07-17T10:19:36+00:00","author":"Jornal BEIRA-RIO","twitter_card":"summary_large_image","twitter_misc":{"Escrito por":"Jornal BEIRA-RIO","Est. tempo de leitura":"4 minutos"},"schema":{"@context":"https:\/\/schema.org","@graph":[{"@type":"Article","@id":"https:\/\/jornalbeirario.com.br\/portal\/?p=31583#article","isPartOf":{"@id":"https:\/\/jornalbeirario.com.br\/portal\/?p=31583"},"author":{"name":"Jornal BEIRA-RIO","@id":"https:\/\/jornalbeirario.com.br\/portal\/#\/schema\/person\/c6c423e4c2465d2a9233f6539173e7c1"},"headline":"La\u00eds Amaral","datePublished":"2015-07-17T10:19:36+00:00","mainEntityOfPage":{"@id":"https:\/\/jornalbeirario.com.br\/portal\/?p=31583"},"wordCount":745,"commentCount":0,"publisher":{"@id":"https:\/\/jornalbeirario.com.br\/portal\/#organization"},"articleSection":["Social"],"inLanguage":"pt-BR","potentialAction":[{"@type":"CommentAction","name":"Comment","target":["https:\/\/jornalbeirario.com.br\/portal\/?p=31583#respond"]}]},{"@type":"WebPage","@id":"https:\/\/jornalbeirario.com.br\/portal\/?p=31583","url":"https:\/\/jornalbeirario.com.br\/portal\/?p=31583","name":"La\u00eds Amaral - JORNAL BEIRA RIO","isPartOf":{"@id":"https:\/\/jornalbeirario.com.br\/portal\/#website"},"datePublished":"2015-07-17T10:19:36+00:00","breadcrumb":{"@id":"https:\/\/jornalbeirario.com.br\/portal\/?p=31583#breadcrumb"},"inLanguage":"pt-BR","potentialAction":[{"@type":"ReadAction","target":["https:\/\/jornalbeirario.com.br\/portal\/?p=31583"]}]},{"@type":"BreadcrumbList","@id":"https:\/\/jornalbeirario.com.br\/portal\/?p=31583#breadcrumb","itemListElement":[{"@type":"ListItem","position":1,"name":"Home","item":"https:\/\/jornalbeirario.com.br\/portal"},{"@type":"ListItem","position":2,"name":"La\u00eds Amaral"}]},{"@type":"WebSite","@id":"https:\/\/jornalbeirario.com.br\/portal\/#website","url":"https:\/\/jornalbeirario.com.br\/portal\/","name":"JORNAL BEIRA RIO","description":"","publisher":{"@id":"https:\/\/jornalbeirario.com.br\/portal\/#organization"},"potentialAction":[{"@type":"SearchAction","target":{"@type":"EntryPoint","urlTemplate":"https:\/\/jornalbeirario.com.br\/portal\/?s={search_term_string}"},"query-input":{"@type":"PropertyValueSpecification","valueRequired":true,"valueName":"search_term_string"}}],"inLanguage":"pt-BR"},{"@type":"Organization","@id":"https:\/\/jornalbeirario.com.br\/portal\/#organization","name":"JORNAL BEIRA RIO","url":"https:\/\/jornalbeirario.com.br\/portal\/","logo":{"@type":"ImageObject","inLanguage":"pt-BR","@id":"https:\/\/jornalbeirario.com.br\/portal\/#\/schema\/logo\/image\/","url":"https:\/\/jornalbeirario.com.br\/portal\/wp-content\/uploads\/2017\/09\/BEIRA-RIO_logo600.png","contentUrl":"https:\/\/jornalbeirario.com.br\/portal\/wp-content\/uploads\/2017\/09\/BEIRA-RIO_logo600.png","width":650,"height":108,"caption":"JORNAL BEIRA RIO"},"image":{"@id":"https:\/\/jornalbeirario.com.br\/portal\/#\/schema\/logo\/image\/"}},{"@type":"Person","@id":"https:\/\/jornalbeirario.com.br\/portal\/#\/schema\/person\/c6c423e4c2465d2a9233f6539173e7c1","name":"Jornal BEIRA-RIO","image":{"@type":"ImageObject","inLanguage":"pt-BR","@id":"https:\/\/jornalbeirario.com.br\/portal\/wp-content\/uploads\/2023\/10\/logojbr1.jpg","url":"https:\/\/jornalbeirario.com.br\/portal\/wp-content\/uploads\/2023\/10\/logojbr1.jpg","contentUrl":"https:\/\/jornalbeirario.com.br\/portal\/wp-content\/uploads\/2023\/10\/logojbr1.jpg","caption":"Jornal BEIRA-RIO"},"url":"https:\/\/jornalbeirario.com.br\/portal\/?author=1"}]}},"_links":{"self":[{"href":"https:\/\/jornalbeirario.com.br\/portal\/index.php?rest_route=\/wp\/v2\/posts\/31583","targetHints":{"allow":["GET"]}}],"collection":[{"href":"https:\/\/jornalbeirario.com.br\/portal\/index.php?rest_route=\/wp\/v2\/posts"}],"about":[{"href":"https:\/\/jornalbeirario.com.br\/portal\/index.php?rest_route=\/wp\/v2\/types\/post"}],"author":[{"embeddable":true,"href":"https:\/\/jornalbeirario.com.br\/portal\/index.php?rest_route=\/wp\/v2\/users\/1"}],"replies":[{"embeddable":true,"href":"https:\/\/jornalbeirario.com.br\/portal\/index.php?rest_route=%2Fwp%2Fv2%2Fcomments&post=31583"}],"version-history":[{"count":2,"href":"https:\/\/jornalbeirario.com.br\/portal\/index.php?rest_route=\/wp\/v2\/posts\/31583\/revisions"}],"predecessor-version":[{"id":31626,"href":"https:\/\/jornalbeirario.com.br\/portal\/index.php?rest_route=\/wp\/v2\/posts\/31583\/revisions\/31626"}],"wp:attachment":[{"href":"https:\/\/jornalbeirario.com.br\/portal\/index.php?rest_route=%2Fwp%2Fv2%2Fmedia&parent=31583"}],"wp:term":[{"taxonomy":"category","embeddable":true,"href":"https:\/\/jornalbeirario.com.br\/portal\/index.php?rest_route=%2Fwp%2Fv2%2Fcategories&post=31583"},{"taxonomy":"post_tag","embeddable":true,"href":"https:\/\/jornalbeirario.com.br\/portal\/index.php?rest_route=%2Fwp%2Fv2%2Ftags&post=31583"}],"curies":[{"name":"wp","href":"https:\/\/api.w.org\/{rel}","templated":true}]}}