
{"id":31566,"date":"2015-07-17T10:21:21","date_gmt":"2015-07-17T10:21:21","guid":{"rendered":"http:\/\/jornalbeirario.com.br\/portal\/portal\/?p=31566"},"modified":"2015-07-17T10:21:21","modified_gmt":"2015-07-17T10:21:21","slug":"acredite-se-quiser-136","status":"publish","type":"post","link":"https:\/\/jornalbeirario.com.br\/portal\/?p=31566","title":{"rendered":"Acredite se Quiser"},"content":{"rendered":"<p style=\"text-align: justify;\">&#8211; Na C\u00e2mara Municipal de Resende, o relat\u00f3rio que visava apurar a den\u00fancia de pagamento de propina na obra da creche da Morada do Contorno, em Resende, terminou em \u201cpizza\u201d. A declara\u00e7\u00e3o havia sido feita pelo empres\u00e1rio Guilherme Rezende em entrevista ao jornal <strong>BEIRA-RIO<\/strong>, e o Comit\u00ea Pela Transpar\u00eancia e Controle Social de Resende (Comsocial)\u00a0 havia enviado of\u00edcio \u00e0 C\u00e2mara pedindo que apurasse a den\u00fancia. O caso foi levado \u00e0 Comiss\u00e3o de Obras, que chamou o empres\u00e1rio duas vezes para prestar esclarecimentos e ele n\u00e3o apareceu. Depois foi levado \u00e0 Comiss\u00e3o de Fiscaliza\u00e7\u00e3o, que pediu \u00e0 Pol\u00edcia Civil que convocasse Guilherme e o respons\u00e1vel pelo jornal para depor. Mesmo sem uma intima\u00e7\u00e3o, um representante do jornal prestou depoimento, mas o relat\u00f3rio diz que isso n\u00e3o aconteceu, como supostamente tamb\u00e9m n\u00e3o teria acontecido com Guilherme Rezende. A conclus\u00e3o das duas comiss\u00f5es \u00e9 que as testemunhas n\u00e3o tinham interesse em prosseguir com a den\u00fancia e por isso a op\u00e7\u00e3o foi pelo arquivamento, como divulgado na sess\u00e3o do dia 14. Se houvesse interesse, poderiam ter\u00a0 pedido a grava\u00e7\u00e3o da entrevista ao BEIRA-RIO, como o Minist\u00e9rio P\u00fablico fez e o jornal forneceu. Vale lembrar que o presidente da Comiss\u00e3o de Obras \u00e9 o atual l\u00edder de governo, vereador Kiko Besouchet (PP), e o relator da Comiss\u00e3o de Fiscaliza\u00e7\u00e3o \u00e9 o l\u00edder de governo do ano passado, Pedro Paulo Florenzano (PP). Ser\u00e1 quem tem algo a ver?<\/p>\n<p style=\"text-align: justify;\">&#8211; No dia 15, a audi\u00eancia p\u00fablica para falar sobre o estacionamento rotativo de Resende parece ter colhido alguns m\u00e9ritos positivos. Os parqu\u00edmetros ser\u00e3o trocados por aparelhos que emitem recibos e a cobran\u00e7a da multa de R$ 18 para quem ultrapassar a minutagem paga, que havia sido proibido pelo Minist\u00e9rio P\u00fablico, segue suspensa. Essas a\u00e7\u00f5es est\u00e3o previstas em um Termo de Ajustamento de Conduta (TAC), assinado entre a empresa Tecnopark, que fornece os equipamentos, e o munic\u00edpio. Al\u00e9m disso, o presidente da Casa, Jeremias Casemiro, o Mirim (Solidariedade), que havia solicitado a audi\u00eancia junto com Tiago Forastieiri (PSC), anunciou que vai instaurar uma Comiss\u00e3o Parlamentar de Inqu\u00e9rito (CPI) para investigar as cobran\u00e7as de multas anteriores ao TAC. Tomara que essa n\u00e3o termine em \u201cpizza\u201d tamb\u00e9m.<\/p>\n<p style=\"text-align: justify;\">&#8211; A sess\u00e3o ordin\u00e1ria do dia 14 foi a \u00faltima realizada pelos vereadores antes do recesso parlamentar. Agora eles descansam 15 dias e s\u00f3 voltam ao trabalho no dia 4 de agosto. Mas antes do recesso, votaram e aprovaram a Lei de Diretrizes Or\u00e7ament\u00e1rias (LDO) para o ano que vem. Apesar da crise financeira pela qual o munic\u00edpio alega passar, eles inclu\u00edram 33 emendas da LDO e se mostraram animados, j\u00e1 que meses antes haviam aprovado um projeto que torna o Or\u00e7amento impositivo. A motiva\u00e7\u00e3o para o projeto foi o Or\u00e7amento de 2015, em que a maior parte de suas emendas foi \u201csolenemente ignorada\u201d pelo prefeito Jos\u00e9 Rechuan Junior (PP).<\/p>\n<p style=\"text-align: justify;\">&#8211; A novela do PSB de Resende continua. Desta vez, o ex-vereador An\u00edbal Rocha Ponte enviou uma carta \u00e0 reda\u00e7\u00e3o do jornal <strong>BEIRA-RIO<\/strong> negando que sua sa\u00edda do PSB havia sido motivada pela atual dire\u00e7\u00e3o provis\u00f3ria do partido, que vem sendo comandado pela vereadora Soraia Balieiro (veja errata na p\u00e1gina 12). Segundo An\u00edbal, a sa\u00edda aconteceu porque seu filho \u00e9 pretenso candidato a vereador por outro partido. \u201cGostaria que ficasse claro que n\u00e3o tenho nada a ver com essa briga entre a Soraia e o PC\u201d, fez quest\u00e3o de salientar. Recado dado.<\/p>\n<p style=\"text-align: justify;\">&#8211; Na C\u00e2mara Municipal de Quatis, a Mesa Diretora apresentou um projeto de resolu\u00e7\u00e3o na sess\u00e3o do dia 14 em que obriga os vereadores a justificarem suas faltas nas sess\u00f5es legislativas em at\u00e9 cinco dias ap\u00f3s a aus\u00eancia. A justificativa precisa ser protocolada na Casa e caso n\u00e3o seja, o parlamentar ter\u00e1 parte de seu subs\u00eddio descontado, em propor\u00e7\u00e3o com a quantidade de sess\u00f5es do m\u00eas. O PR 007\/15 foi aprovado em primeira vota\u00e7\u00e3o por unanimidade e o presidente da Casa, vereador H\u00e9lio Ricardo (PMDB), lembrou que o projeto era uma exig\u00eancia do Minist\u00e9rio P\u00fablico.<\/p>\n","protected":false},"excerpt":{"rendered":"<p>&#8211; Na C\u00e2mara Municipal de Resende, o relat\u00f3rio que visava apurar a den\u00fancia de pagamento de propina na obra da creche da Morada do<\/p>\n","protected":false},"author":1,"featured_media":0,"comment_status":"open","ping_status":"open","sticky":false,"template":"","format":"standard","meta":{"pmpro_default_level":"","footnotes":"","_members_access_role":[],"_members_access_error":""},"categories":[11],"tags":[],"class_list":["post-31566","post","type-post","status-publish","format-standard","hentry","category-politica","pmpro-has-access"],"yoast_head":"<!-- This site is optimized with the Yoast SEO plugin v28.4 - https:\/\/yoast.com\/product\/yoast-seo-wordpress\/ -->\n<title>Acredite se Quiser - JORNAL BEIRA RIO<\/title>\n<meta name=\"robots\" content=\"index, follow, max-snippet:-1, max-image-preview:large, max-video-preview:-1\" \/>\n<link rel=\"canonical\" href=\"https:\/\/jornalbeirario.com.br\/portal\/?p=31566\" \/>\n<meta property=\"og:locale\" content=\"pt_BR\" \/>\n<meta property=\"og:type\" content=\"article\" \/>\n<meta property=\"og:title\" content=\"Acredite se Quiser - JORNAL BEIRA RIO\" \/>\n<meta property=\"og:description\" content=\"&#8211; Na C\u00e2mara Municipal de Resende, o relat\u00f3rio que visava apurar a den\u00fancia de pagamento de propina na obra da creche da Morada do\" \/>\n<meta property=\"og:url\" content=\"https:\/\/jornalbeirario.com.br\/portal\/?p=31566\" \/>\n<meta property=\"og:site_name\" content=\"JORNAL BEIRA RIO\" \/>\n<meta property=\"article:published_time\" content=\"2015-07-17T10:21:21+00:00\" \/>\n<meta name=\"author\" content=\"Jornal BEIRA-RIO\" \/>\n<meta name=\"twitter:card\" content=\"summary_large_image\" \/>\n<meta name=\"twitter:label1\" content=\"Escrito por\" \/>\n\t<meta name=\"twitter:data1\" content=\"Jornal BEIRA-RIO\" \/>\n\t<meta name=\"twitter:label2\" content=\"Est. tempo de leitura\" \/>\n\t<meta name=\"twitter:data2\" content=\"4 minutos\" \/>\n<script type=\"application\/ld+json\" class=\"yoast-schema-graph\">{\"@context\":\"https:\\\/\\\/schema.org\",\"@graph\":[{\"@type\":\"Article\",\"@id\":\"https:\\\/\\\/jornalbeirario.com.br\\\/portal\\\/?p=31566#article\",\"isPartOf\":{\"@id\":\"https:\\\/\\\/jornalbeirario.com.br\\\/portal\\\/?p=31566\"},\"author\":{\"name\":\"Jornal BEIRA-RIO\",\"@id\":\"https:\\\/\\\/jornalbeirario.com.br\\\/portal\\\/#\\\/schema\\\/person\\\/c6c423e4c2465d2a9233f6539173e7c1\"},\"headline\":\"Acredite se Quiser\",\"datePublished\":\"2015-07-17T10:21:21+00:00\",\"mainEntityOfPage\":{\"@id\":\"https:\\\/\\\/jornalbeirario.com.br\\\/portal\\\/?p=31566\"},\"wordCount\":725,\"commentCount\":0,\"publisher\":{\"@id\":\"https:\\\/\\\/jornalbeirario.com.br\\\/portal\\\/#organization\"},\"articleSection\":[\"Pol\u00edtica\"],\"inLanguage\":\"pt-BR\",\"potentialAction\":[{\"@type\":\"CommentAction\",\"name\":\"Comment\",\"target\":[\"https:\\\/\\\/jornalbeirario.com.br\\\/portal\\\/?p=31566#respond\"]}]},{\"@type\":\"WebPage\",\"@id\":\"https:\\\/\\\/jornalbeirario.com.br\\\/portal\\\/?p=31566\",\"url\":\"https:\\\/\\\/jornalbeirario.com.br\\\/portal\\\/?p=31566\",\"name\":\"Acredite se Quiser - JORNAL BEIRA RIO\",\"isPartOf\":{\"@id\":\"https:\\\/\\\/jornalbeirario.com.br\\\/portal\\\/#website\"},\"datePublished\":\"2015-07-17T10:21:21+00:00\",\"breadcrumb\":{\"@id\":\"https:\\\/\\\/jornalbeirario.com.br\\\/portal\\\/?p=31566#breadcrumb\"},\"inLanguage\":\"pt-BR\",\"potentialAction\":[{\"@type\":\"ReadAction\",\"target\":[\"https:\\\/\\\/jornalbeirario.com.br\\\/portal\\\/?p=31566\"]}]},{\"@type\":\"BreadcrumbList\",\"@id\":\"https:\\\/\\\/jornalbeirario.com.br\\\/portal\\\/?p=31566#breadcrumb\",\"itemListElement\":[{\"@type\":\"ListItem\",\"position\":1,\"name\":\"Home\",\"item\":\"https:\\\/\\\/jornalbeirario.com.br\\\/portal\"},{\"@type\":\"ListItem\",\"position\":2,\"name\":\"Acredite se Quiser\"}]},{\"@type\":\"WebSite\",\"@id\":\"https:\\\/\\\/jornalbeirario.com.br\\\/portal\\\/#website\",\"url\":\"https:\\\/\\\/jornalbeirario.com.br\\\/portal\\\/\",\"name\":\"JORNAL BEIRA RIO\",\"description\":\"\",\"publisher\":{\"@id\":\"https:\\\/\\\/jornalbeirario.com.br\\\/portal\\\/#organization\"},\"potentialAction\":[{\"@type\":\"SearchAction\",\"target\":{\"@type\":\"EntryPoint\",\"urlTemplate\":\"https:\\\/\\\/jornalbeirario.com.br\\\/portal\\\/?s={search_term_string}\"},\"query-input\":{\"@type\":\"PropertyValueSpecification\",\"valueRequired\":true,\"valueName\":\"search_term_string\"}}],\"inLanguage\":\"pt-BR\"},{\"@type\":\"Organization\",\"@id\":\"https:\\\/\\\/jornalbeirario.com.br\\\/portal\\\/#organization\",\"name\":\"JORNAL BEIRA RIO\",\"url\":\"https:\\\/\\\/jornalbeirario.com.br\\\/portal\\\/\",\"logo\":{\"@type\":\"ImageObject\",\"inLanguage\":\"pt-BR\",\"@id\":\"https:\\\/\\\/jornalbeirario.com.br\\\/portal\\\/#\\\/schema\\\/logo\\\/image\\\/\",\"url\":\"https:\\\/\\\/jornalbeirario.com.br\\\/portal\\\/wp-content\\\/uploads\\\/2017\\\/09\\\/BEIRA-RIO_logo600.png\",\"contentUrl\":\"https:\\\/\\\/jornalbeirario.com.br\\\/portal\\\/wp-content\\\/uploads\\\/2017\\\/09\\\/BEIRA-RIO_logo600.png\",\"width\":650,\"height\":108,\"caption\":\"JORNAL BEIRA RIO\"},\"image\":{\"@id\":\"https:\\\/\\\/jornalbeirario.com.br\\\/portal\\\/#\\\/schema\\\/logo\\\/image\\\/\"}},{\"@type\":\"Person\",\"@id\":\"https:\\\/\\\/jornalbeirario.com.br\\\/portal\\\/#\\\/schema\\\/person\\\/c6c423e4c2465d2a9233f6539173e7c1\",\"name\":\"Jornal BEIRA-RIO\",\"image\":{\"@type\":\"ImageObject\",\"inLanguage\":\"pt-BR\",\"@id\":\"https:\\\/\\\/jornalbeirario.com.br\\\/portal\\\/wp-content\\\/uploads\\\/2023\\\/10\\\/logojbr1.jpg\",\"url\":\"https:\\\/\\\/jornalbeirario.com.br\\\/portal\\\/wp-content\\\/uploads\\\/2023\\\/10\\\/logojbr1.jpg\",\"contentUrl\":\"https:\\\/\\\/jornalbeirario.com.br\\\/portal\\\/wp-content\\\/uploads\\\/2023\\\/10\\\/logojbr1.jpg\",\"caption\":\"Jornal BEIRA-RIO\"},\"url\":\"https:\\\/\\\/jornalbeirario.com.br\\\/portal\\\/?author=1\"}]}<\/script>\n<!-- \/ Yoast SEO plugin. -->","yoast_head_json":{"title":"Acredite se Quiser - JORNAL BEIRA RIO","robots":{"index":"index","follow":"follow","max-snippet":"max-snippet:-1","max-image-preview":"max-image-preview:large","max-video-preview":"max-video-preview:-1"},"canonical":"https:\/\/jornalbeirario.com.br\/portal\/?p=31566","og_locale":"pt_BR","og_type":"article","og_title":"Acredite se Quiser - JORNAL BEIRA RIO","og_description":"&#8211; Na C\u00e2mara Municipal de Resende, o relat\u00f3rio que visava apurar a den\u00fancia de pagamento de propina na obra da creche da Morada do","og_url":"https:\/\/jornalbeirario.com.br\/portal\/?p=31566","og_site_name":"JORNAL BEIRA RIO","article_published_time":"2015-07-17T10:21:21+00:00","author":"Jornal BEIRA-RIO","twitter_card":"summary_large_image","twitter_misc":{"Escrito por":"Jornal BEIRA-RIO","Est. tempo de leitura":"4 minutos"},"schema":{"@context":"https:\/\/schema.org","@graph":[{"@type":"Article","@id":"https:\/\/jornalbeirario.com.br\/portal\/?p=31566#article","isPartOf":{"@id":"https:\/\/jornalbeirario.com.br\/portal\/?p=31566"},"author":{"name":"Jornal BEIRA-RIO","@id":"https:\/\/jornalbeirario.com.br\/portal\/#\/schema\/person\/c6c423e4c2465d2a9233f6539173e7c1"},"headline":"Acredite se Quiser","datePublished":"2015-07-17T10:21:21+00:00","mainEntityOfPage":{"@id":"https:\/\/jornalbeirario.com.br\/portal\/?p=31566"},"wordCount":725,"commentCount":0,"publisher":{"@id":"https:\/\/jornalbeirario.com.br\/portal\/#organization"},"articleSection":["Pol\u00edtica"],"inLanguage":"pt-BR","potentialAction":[{"@type":"CommentAction","name":"Comment","target":["https:\/\/jornalbeirario.com.br\/portal\/?p=31566#respond"]}]},{"@type":"WebPage","@id":"https:\/\/jornalbeirario.com.br\/portal\/?p=31566","url":"https:\/\/jornalbeirario.com.br\/portal\/?p=31566","name":"Acredite se Quiser - JORNAL BEIRA RIO","isPartOf":{"@id":"https:\/\/jornalbeirario.com.br\/portal\/#website"},"datePublished":"2015-07-17T10:21:21+00:00","breadcrumb":{"@id":"https:\/\/jornalbeirario.com.br\/portal\/?p=31566#breadcrumb"},"inLanguage":"pt-BR","potentialAction":[{"@type":"ReadAction","target":["https:\/\/jornalbeirario.com.br\/portal\/?p=31566"]}]},{"@type":"BreadcrumbList","@id":"https:\/\/jornalbeirario.com.br\/portal\/?p=31566#breadcrumb","itemListElement":[{"@type":"ListItem","position":1,"name":"Home","item":"https:\/\/jornalbeirario.com.br\/portal"},{"@type":"ListItem","position":2,"name":"Acredite se Quiser"}]},{"@type":"WebSite","@id":"https:\/\/jornalbeirario.com.br\/portal\/#website","url":"https:\/\/jornalbeirario.com.br\/portal\/","name":"JORNAL BEIRA RIO","description":"","publisher":{"@id":"https:\/\/jornalbeirario.com.br\/portal\/#organization"},"potentialAction":[{"@type":"SearchAction","target":{"@type":"EntryPoint","urlTemplate":"https:\/\/jornalbeirario.com.br\/portal\/?s={search_term_string}"},"query-input":{"@type":"PropertyValueSpecification","valueRequired":true,"valueName":"search_term_string"}}],"inLanguage":"pt-BR"},{"@type":"Organization","@id":"https:\/\/jornalbeirario.com.br\/portal\/#organization","name":"JORNAL BEIRA RIO","url":"https:\/\/jornalbeirario.com.br\/portal\/","logo":{"@type":"ImageObject","inLanguage":"pt-BR","@id":"https:\/\/jornalbeirario.com.br\/portal\/#\/schema\/logo\/image\/","url":"https:\/\/jornalbeirario.com.br\/portal\/wp-content\/uploads\/2017\/09\/BEIRA-RIO_logo600.png","contentUrl":"https:\/\/jornalbeirario.com.br\/portal\/wp-content\/uploads\/2017\/09\/BEIRA-RIO_logo600.png","width":650,"height":108,"caption":"JORNAL BEIRA RIO"},"image":{"@id":"https:\/\/jornalbeirario.com.br\/portal\/#\/schema\/logo\/image\/"}},{"@type":"Person","@id":"https:\/\/jornalbeirario.com.br\/portal\/#\/schema\/person\/c6c423e4c2465d2a9233f6539173e7c1","name":"Jornal BEIRA-RIO","image":{"@type":"ImageObject","inLanguage":"pt-BR","@id":"https:\/\/jornalbeirario.com.br\/portal\/wp-content\/uploads\/2023\/10\/logojbr1.jpg","url":"https:\/\/jornalbeirario.com.br\/portal\/wp-content\/uploads\/2023\/10\/logojbr1.jpg","contentUrl":"https:\/\/jornalbeirario.com.br\/portal\/wp-content\/uploads\/2023\/10\/logojbr1.jpg","caption":"Jornal BEIRA-RIO"},"url":"https:\/\/jornalbeirario.com.br\/portal\/?author=1"}]}},"_links":{"self":[{"href":"https:\/\/jornalbeirario.com.br\/portal\/index.php?rest_route=\/wp\/v2\/posts\/31566","targetHints":{"allow":["GET"]}}],"collection":[{"href":"https:\/\/jornalbeirario.com.br\/portal\/index.php?rest_route=\/wp\/v2\/posts"}],"about":[{"href":"https:\/\/jornalbeirario.com.br\/portal\/index.php?rest_route=\/wp\/v2\/types\/post"}],"author":[{"embeddable":true,"href":"https:\/\/jornalbeirario.com.br\/portal\/index.php?rest_route=\/wp\/v2\/users\/1"}],"replies":[{"embeddable":true,"href":"https:\/\/jornalbeirario.com.br\/portal\/index.php?rest_route=%2Fwp%2Fv2%2Fcomments&post=31566"}],"version-history":[{"count":3,"href":"https:\/\/jornalbeirario.com.br\/portal\/index.php?rest_route=\/wp\/v2\/posts\/31566\/revisions"}],"predecessor-version":[{"id":31627,"href":"https:\/\/jornalbeirario.com.br\/portal\/index.php?rest_route=\/wp\/v2\/posts\/31566\/revisions\/31627"}],"wp:attachment":[{"href":"https:\/\/jornalbeirario.com.br\/portal\/index.php?rest_route=%2Fwp%2Fv2%2Fmedia&parent=31566"}],"wp:term":[{"taxonomy":"category","embeddable":true,"href":"https:\/\/jornalbeirario.com.br\/portal\/index.php?rest_route=%2Fwp%2Fv2%2Fcategories&post=31566"},{"taxonomy":"post_tag","embeddable":true,"href":"https:\/\/jornalbeirario.com.br\/portal\/index.php?rest_route=%2Fwp%2Fv2%2Ftags&post=31566"}],"curies":[{"name":"wp","href":"https:\/\/api.w.org\/{rel}","templated":true}]}}