
{"id":31376,"date":"2015-07-10T03:31:33","date_gmt":"2015-07-10T03:31:33","guid":{"rendered":"http:\/\/jornalbeirario.com.br\/portal\/portal\/?p=31376"},"modified":"2015-07-10T03:31:33","modified_gmt":"2015-07-10T03:31:33","slug":"lais-amaral-104","status":"publish","type":"post","link":"https:\/\/jornalbeirario.com.br\/portal\/?p=31376","title":{"rendered":"La\u00eds Amaral"},"content":{"rendered":"<p style=\"text-align: justify;\"><strong>Nossos m\u00fasicos a todo vapor<\/strong><br \/>\nA T\u00e2nia Chiarini me entregou dia desses, a pedido do filho Caio, um CD de m\u00fasica instrumental do \u201cDiego Sales Quarteto\u201d. Caio Chiarini, que \u00e9 m\u00fasico daqueles muito bons, colaborou na grava\u00e7\u00e3o emprestando seu talento no dom\u00ednio do viol\u00e3o e da guitarra e tamb\u00e9m com tr\u00eas composi\u00e7\u00f5es de sua autoria. No CD um telefone de contato (11- 982524625), creio que do Diego Salles, l\u00edder da banda e autor da maioria das m\u00fasicas da pe\u00e7a que tem ainda coisas dos mestres Charles Mingus, Hermeto Paschoal e Wayne Shorter. Bom de ouvir. Tamb\u00e9m ganhei do Julinho Silva, um CD de divulga\u00e7\u00e3o do seu grupo de pagode, o \u201cCom Prazer\u201d. S\u00e3o cinco composi\u00e7\u00f5es bem gravadas e bem executadas. N\u00e3o foge e n\u00e3o deve nada aos medalh\u00f5es do g\u00eanero. Quem me acompanha sabe que o pagode n\u00e3o me enche os olhos, mas ao que se prop\u00f5e, o CD da banda dos irm\u00e3os Julinho e Wagner, \u00e9 competente e pode abrir o caminho da turma. Ter\u00e7a passada estive com o Diogo Senna e com o Thiago Zaidan no Buteco, o bar do Alexandre que abre espa\u00e7o ao m\u00fasico local. Ambos tamb\u00e9m est\u00e3o organizando grava\u00e7\u00f5es. Diogo (ex-Alerta) vem com for\u00e7a tamb\u00e9m no Pagode em sua promissora carreira solo, j\u00e1 Zaidan direciona suas cordas virtuosas e vibrantes para o bom e velho Samba. \u00c9 a vitalidade dos nossos m\u00fasicos enchendo a alma da cidade de m\u00fasica. Gosto muito disso.<\/p>\n<p><strong>Lan\u00e7amento da \u2018Dinossauro\u2019 ter\u00e7a que vem no Atl\u00e2ntico. Com a Mulher mais Bonita \u00a0<\/strong><br \/>\nNa semana passada revi minha musa, a mulher mais bonita de Resende. Desta vez num supermercado. Cen\u00e1rio novo, beleza eterna. Claro que para a frase ter o efeito est\u00e9tico apropriado a um texto de cr\u00f4nica, cairia bem o clich\u00ea de usar o ant\u00f4nimo de \u2018novo\u2019, que se refere ao cen\u00e1rio. Traria equil\u00edbrio e certa eleg\u00e2ncia \u00e0 frase. Mas n\u00e3o seria correto, pois n\u00e3o seria ver\u00eddico. \u00c0s favas com a ditadura da est\u00e9tica. Fico com a verdade. Beleza tamb\u00e9m nova, e eterna, pois assim acredito que ser\u00e1 com ela daqui a muito tempo. Como a magn\u00edfica Roma, idosa e linda. L\u00e1 estava ela na fila do setor de frios com apropriadas cal\u00e7as\u00a0 jeans, casaco de malha, personal\u00edssimo, na cor entre bege e gelo, e, claro: saltos altos. Em pleno supermercado, parecia pronta para alguma cerim\u00f4nia. Mas tenho certeza e se meus olhos de voyeur n\u00e3o falham, ela estava aut\u00eantica em trajes casuais. Um improviso r\u00e1pido entre o trabalho e os afazeres dom\u00e9sticos. Comprava mussarela fatiada. Na cesta de compras, observei um tinto que n\u00e3o pude identificar a origem, mas a garrafa, s\u00f3bria e tamb\u00e9m elegante, me pareceu guardar produto de boa cepa. Algum felizardo vai desfrutar de uma comidinha boa dessas de Inverno, \u2018pasta e vino\u2019 e, qui\u00e7\u00e1, luz de velas. Me doeu pensar assim. Retirei da mente essas \u00faltimas conclus\u00f5es. Paro por aqui, para anunciar que a mulher mais bonita de Resende estar\u00e1 comigo na pr\u00f3xima ter\u00e7a-feira, dia 14, a partir das 20h30min. no Bar Atl\u00e2ntico (antigo Bar da Dod\u00f4) quando estarei lan\u00e7ando a Dinossauro, minha livrista (livro-revista) que custa apenas 8 reais. \u00c9 quanto vai custar para levar as cr\u00f4nicas reunidas sobre minha musa, que publico irregularmente neste BEIRA-RIO. Al\u00e9m de outras coisas de ler. Eu e ela esperamos por voc\u00eas.<\/p>\n<p><strong>TRIPA<\/strong><br \/>\n* S\u00e1bado passado aconteceu o \u2018ch\u00e1 de fralda\u2019 da Manuela, filha da minha colega de trabalho, a Karina. A Manu chega daqui a alguns dias, mas j\u00e1 \u00e9 considerada da fam\u00edlia, pelo pessoal da Superintend\u00eancia de Eventos. Seja bem-vinda !! * Falando em colega de trabalho, outra que est\u00e1 feliz da vida \u00e9 a Magali Livramento. O motivo \u00e9 que tamb\u00e9m no s\u00e1bado passado, dia 4, o filho Rafael casou com a Bianca Am\u00eandola, filha do Z\u00e9 Waldir e da Nina, da Revistaria Agulhas Negras. A uni\u00e3o foi oficializada pela manh\u00e3 no cart\u00f3rio de registro civil em Campos El\u00edseos e \u00e0 noite a comemora\u00e7\u00e3o, num jantar familiar. Parab\u00e9ns aos rec\u00e9m-casados e \u00e0s respectivas fam\u00edlias * Outro que est\u00e1 explodindo de orgulho e felicidade, \u00e9 o Salvatore, o feliz tricolor da banca de jornais que fica ao lado do subterr\u00e2neo de acesso \u00e0 AMAN. Sua filha, Danielli Veltri formou-se, dia 24 de maio, em enfermeira de sa\u00fade p\u00fablica pela Grand Cannion University, do Arizona (USA). Parab\u00e9ns a ela e ao \u2018Salvador\u2019 * N\u00e3o menos orgulho est\u00e1 sentindo a Concei\u00e7\u00e3o Soares, cujo filh\u00e3o, Carlos Eduardo, o Dudu, acaba de passar com honras entre os primeiros colocados para a Marinha Mercante. Miguel deve estar soltando fogos l\u00e1 no C\u00e9u. Valeu Dudu !! * Aten\u00e7\u00e3o: o livro de Joaquim Maia, \u2018Recordar \u00e9 Viver\u2019 organizado por Claudionor Rosa e que foi lan\u00e7ado na FLIR (Feira Liter\u00e1ria de Resende) m\u00eas passado, est\u00e1 a venda na Revistaria Agulhas Negras. Contatos tamb\u00e9m podem ser feitos com o organizador da obra que trata da hist\u00f3ria de Resende, Claudionor Rosa, pelo telefone 3354-4529 * Fui&#8230;<\/p>\n<p><strong>ANIVERS\u00c1RIOS<\/strong><br \/>\nDia 2 passado mudaram de idade a Josiane \u00c1vila e o Marco Antonio Ara\u00fajo (Alem\u00e3o). No dia 3, inauguraram idade nova o Marcos Andrade (Paran\u00e1) que foi craque de bola e hoje manda todas no ciclismo, o Marcus Louro, o \u2018Maranh\u00e3o\u2019 que atualmente mora em seu estado natal onde \u00e9 vereador, a Aninha Santana, a Luciene Ferraz e Guilherme de Paula Garcia, o \u2018Gui\u2019, figura\u00e7a. No dia 4, uma turma grande de amigos recebeu os \u2018parab\u00e9ns\u2019: o Rodrigo Arcanjo, o Wilkie Almeida, o Wilsinho Ramalho e a Mariangela Finzi. No dia 6 contaram mais um ano de vida os amigos Marco Resende e a Marina Paiva. E nessa ter\u00e7a, dia 7, sopraram velinhas tr\u00eas figura\u00e7as que curto muito: o Jorge Cardoso, meu amigo poeta que mora em Nova Igua\u00e7u, a Milene Santiago (Mrs. Ferrugem) e o Gustavo Fichter. Parab\u00e9ns e todas as felicidades do mundo a eles.<\/p>\n","protected":false},"excerpt":{"rendered":"<p>Nossos m\u00fasicos a todo vapor A T\u00e2nia Chiarini me entregou dia desses, a pedido do filho Caio, um CD de m\u00fasica instrumental do \u201cDiego<\/p>\n","protected":false},"author":1,"featured_media":0,"comment_status":"open","ping_status":"open","sticky":false,"template":"","format":"standard","meta":{"pmpro_default_level":"","footnotes":""},"categories":[13],"tags":[],"class_list":["post-31376","post","type-post","status-publish","format-standard","hentry","category-social","pmpro-has-access"],"yoast_head":"<!-- This site is optimized with the Yoast SEO plugin v27.4 - https:\/\/yoast.com\/product\/yoast-seo-wordpress\/ -->\n<title>La\u00eds Amaral - JORNAL BEIRA RIO<\/title>\n<meta name=\"robots\" content=\"index, follow, max-snippet:-1, max-image-preview:large, max-video-preview:-1\" \/>\n<link rel=\"canonical\" href=\"https:\/\/jornalbeirario.com.br\/portal\/?p=31376\" \/>\n<meta property=\"og:locale\" content=\"pt_BR\" \/>\n<meta property=\"og:type\" content=\"article\" \/>\n<meta property=\"og:title\" content=\"La\u00eds Amaral - JORNAL BEIRA RIO\" \/>\n<meta property=\"og:description\" content=\"Nossos m\u00fasicos a todo vapor A T\u00e2nia Chiarini me entregou dia desses, a pedido do filho Caio, um CD de m\u00fasica instrumental do \u201cDiego\" \/>\n<meta property=\"og:url\" content=\"https:\/\/jornalbeirario.com.br\/portal\/?p=31376\" \/>\n<meta property=\"og:site_name\" content=\"JORNAL BEIRA RIO\" \/>\n<meta property=\"article:published_time\" content=\"2015-07-10T03:31:33+00:00\" \/>\n<meta name=\"author\" content=\"Jornal BEIRA-RIO\" \/>\n<meta name=\"twitter:card\" content=\"summary_large_image\" \/>\n<meta name=\"twitter:label1\" content=\"Escrito por\" \/>\n\t<meta name=\"twitter:data1\" content=\"Jornal BEIRA-RIO\" \/>\n\t<meta name=\"twitter:label2\" content=\"Est. tempo de leitura\" \/>\n\t<meta name=\"twitter:data2\" content=\"5 minutos\" \/>\n<script type=\"application\/ld+json\" class=\"yoast-schema-graph\">{\"@context\":\"https:\\\/\\\/schema.org\",\"@graph\":[{\"@type\":\"Article\",\"@id\":\"https:\\\/\\\/jornalbeirario.com.br\\\/portal\\\/?p=31376#article\",\"isPartOf\":{\"@id\":\"https:\\\/\\\/jornalbeirario.com.br\\\/portal\\\/?p=31376\"},\"author\":{\"name\":\"Jornal BEIRA-RIO\",\"@id\":\"https:\\\/\\\/jornalbeirario.com.br\\\/portal\\\/#\\\/schema\\\/person\\\/c6c423e4c2465d2a9233f6539173e7c1\"},\"headline\":\"La\u00eds Amaral\",\"datePublished\":\"2015-07-10T03:31:33+00:00\",\"mainEntityOfPage\":{\"@id\":\"https:\\\/\\\/jornalbeirario.com.br\\\/portal\\\/?p=31376\"},\"wordCount\":1035,\"commentCount\":0,\"publisher\":{\"@id\":\"https:\\\/\\\/jornalbeirario.com.br\\\/portal\\\/#organization\"},\"articleSection\":[\"Social\"],\"inLanguage\":\"pt-BR\",\"potentialAction\":[{\"@type\":\"CommentAction\",\"name\":\"Comment\",\"target\":[\"https:\\\/\\\/jornalbeirario.com.br\\\/portal\\\/?p=31376#respond\"]}]},{\"@type\":\"WebPage\",\"@id\":\"https:\\\/\\\/jornalbeirario.com.br\\\/portal\\\/?p=31376\",\"url\":\"https:\\\/\\\/jornalbeirario.com.br\\\/portal\\\/?p=31376\",\"name\":\"La\u00eds Amaral - JORNAL BEIRA RIO\",\"isPartOf\":{\"@id\":\"https:\\\/\\\/jornalbeirario.com.br\\\/portal\\\/#website\"},\"datePublished\":\"2015-07-10T03:31:33+00:00\",\"breadcrumb\":{\"@id\":\"https:\\\/\\\/jornalbeirario.com.br\\\/portal\\\/?p=31376#breadcrumb\"},\"inLanguage\":\"pt-BR\",\"potentialAction\":[{\"@type\":\"ReadAction\",\"target\":[\"https:\\\/\\\/jornalbeirario.com.br\\\/portal\\\/?p=31376\"]}]},{\"@type\":\"BreadcrumbList\",\"@id\":\"https:\\\/\\\/jornalbeirario.com.br\\\/portal\\\/?p=31376#breadcrumb\",\"itemListElement\":[{\"@type\":\"ListItem\",\"position\":1,\"name\":\"Home\",\"item\":\"https:\\\/\\\/jornalbeirario.com.br\\\/portal\"},{\"@type\":\"ListItem\",\"position\":2,\"name\":\"La\u00eds Amaral\"}]},{\"@type\":\"WebSite\",\"@id\":\"https:\\\/\\\/jornalbeirario.com.br\\\/portal\\\/#website\",\"url\":\"https:\\\/\\\/jornalbeirario.com.br\\\/portal\\\/\",\"name\":\"JORNAL BEIRA RIO\",\"description\":\"\",\"publisher\":{\"@id\":\"https:\\\/\\\/jornalbeirario.com.br\\\/portal\\\/#organization\"},\"potentialAction\":[{\"@type\":\"SearchAction\",\"target\":{\"@type\":\"EntryPoint\",\"urlTemplate\":\"https:\\\/\\\/jornalbeirario.com.br\\\/portal\\\/?s={search_term_string}\"},\"query-input\":{\"@type\":\"PropertyValueSpecification\",\"valueRequired\":true,\"valueName\":\"search_term_string\"}}],\"inLanguage\":\"pt-BR\"},{\"@type\":\"Organization\",\"@id\":\"https:\\\/\\\/jornalbeirario.com.br\\\/portal\\\/#organization\",\"name\":\"JORNAL BEIRA RIO\",\"url\":\"https:\\\/\\\/jornalbeirario.com.br\\\/portal\\\/\",\"logo\":{\"@type\":\"ImageObject\",\"inLanguage\":\"pt-BR\",\"@id\":\"https:\\\/\\\/jornalbeirario.com.br\\\/portal\\\/#\\\/schema\\\/logo\\\/image\\\/\",\"url\":\"https:\\\/\\\/jornalbeirario.com.br\\\/portal\\\/wp-content\\\/uploads\\\/2017\\\/09\\\/BEIRA-RIO_logo600.png\",\"contentUrl\":\"https:\\\/\\\/jornalbeirario.com.br\\\/portal\\\/wp-content\\\/uploads\\\/2017\\\/09\\\/BEIRA-RIO_logo600.png\",\"width\":650,\"height\":108,\"caption\":\"JORNAL BEIRA RIO\"},\"image\":{\"@id\":\"https:\\\/\\\/jornalbeirario.com.br\\\/portal\\\/#\\\/schema\\\/logo\\\/image\\\/\"}},{\"@type\":\"Person\",\"@id\":\"https:\\\/\\\/jornalbeirario.com.br\\\/portal\\\/#\\\/schema\\\/person\\\/c6c423e4c2465d2a9233f6539173e7c1\",\"name\":\"Jornal BEIRA-RIO\",\"image\":{\"@type\":\"ImageObject\",\"inLanguage\":\"pt-BR\",\"@id\":\"https:\\\/\\\/jornalbeirario.com.br\\\/portal\\\/wp-content\\\/uploads\\\/2023\\\/10\\\/logojbr1.jpg\",\"url\":\"https:\\\/\\\/jornalbeirario.com.br\\\/portal\\\/wp-content\\\/uploads\\\/2023\\\/10\\\/logojbr1.jpg\",\"contentUrl\":\"https:\\\/\\\/jornalbeirario.com.br\\\/portal\\\/wp-content\\\/uploads\\\/2023\\\/10\\\/logojbr1.jpg\",\"caption\":\"Jornal BEIRA-RIO\"},\"url\":\"https:\\\/\\\/jornalbeirario.com.br\\\/portal\\\/?author=1\"}]}<\/script>\n<!-- \/ Yoast SEO plugin. -->","yoast_head_json":{"title":"La\u00eds Amaral - JORNAL BEIRA RIO","robots":{"index":"index","follow":"follow","max-snippet":"max-snippet:-1","max-image-preview":"max-image-preview:large","max-video-preview":"max-video-preview:-1"},"canonical":"https:\/\/jornalbeirario.com.br\/portal\/?p=31376","og_locale":"pt_BR","og_type":"article","og_title":"La\u00eds Amaral - JORNAL BEIRA RIO","og_description":"Nossos m\u00fasicos a todo vapor A T\u00e2nia Chiarini me entregou dia desses, a pedido do filho Caio, um CD de m\u00fasica instrumental do \u201cDiego","og_url":"https:\/\/jornalbeirario.com.br\/portal\/?p=31376","og_site_name":"JORNAL BEIRA RIO","article_published_time":"2015-07-10T03:31:33+00:00","author":"Jornal BEIRA-RIO","twitter_card":"summary_large_image","twitter_misc":{"Escrito por":"Jornal BEIRA-RIO","Est. tempo de leitura":"5 minutos"},"schema":{"@context":"https:\/\/schema.org","@graph":[{"@type":"Article","@id":"https:\/\/jornalbeirario.com.br\/portal\/?p=31376#article","isPartOf":{"@id":"https:\/\/jornalbeirario.com.br\/portal\/?p=31376"},"author":{"name":"Jornal BEIRA-RIO","@id":"https:\/\/jornalbeirario.com.br\/portal\/#\/schema\/person\/c6c423e4c2465d2a9233f6539173e7c1"},"headline":"La\u00eds Amaral","datePublished":"2015-07-10T03:31:33+00:00","mainEntityOfPage":{"@id":"https:\/\/jornalbeirario.com.br\/portal\/?p=31376"},"wordCount":1035,"commentCount":0,"publisher":{"@id":"https:\/\/jornalbeirario.com.br\/portal\/#organization"},"articleSection":["Social"],"inLanguage":"pt-BR","potentialAction":[{"@type":"CommentAction","name":"Comment","target":["https:\/\/jornalbeirario.com.br\/portal\/?p=31376#respond"]}]},{"@type":"WebPage","@id":"https:\/\/jornalbeirario.com.br\/portal\/?p=31376","url":"https:\/\/jornalbeirario.com.br\/portal\/?p=31376","name":"La\u00eds Amaral - JORNAL BEIRA RIO","isPartOf":{"@id":"https:\/\/jornalbeirario.com.br\/portal\/#website"},"datePublished":"2015-07-10T03:31:33+00:00","breadcrumb":{"@id":"https:\/\/jornalbeirario.com.br\/portal\/?p=31376#breadcrumb"},"inLanguage":"pt-BR","potentialAction":[{"@type":"ReadAction","target":["https:\/\/jornalbeirario.com.br\/portal\/?p=31376"]}]},{"@type":"BreadcrumbList","@id":"https:\/\/jornalbeirario.com.br\/portal\/?p=31376#breadcrumb","itemListElement":[{"@type":"ListItem","position":1,"name":"Home","item":"https:\/\/jornalbeirario.com.br\/portal"},{"@type":"ListItem","position":2,"name":"La\u00eds Amaral"}]},{"@type":"WebSite","@id":"https:\/\/jornalbeirario.com.br\/portal\/#website","url":"https:\/\/jornalbeirario.com.br\/portal\/","name":"JORNAL BEIRA RIO","description":"","publisher":{"@id":"https:\/\/jornalbeirario.com.br\/portal\/#organization"},"potentialAction":[{"@type":"SearchAction","target":{"@type":"EntryPoint","urlTemplate":"https:\/\/jornalbeirario.com.br\/portal\/?s={search_term_string}"},"query-input":{"@type":"PropertyValueSpecification","valueRequired":true,"valueName":"search_term_string"}}],"inLanguage":"pt-BR"},{"@type":"Organization","@id":"https:\/\/jornalbeirario.com.br\/portal\/#organization","name":"JORNAL BEIRA RIO","url":"https:\/\/jornalbeirario.com.br\/portal\/","logo":{"@type":"ImageObject","inLanguage":"pt-BR","@id":"https:\/\/jornalbeirario.com.br\/portal\/#\/schema\/logo\/image\/","url":"https:\/\/jornalbeirario.com.br\/portal\/wp-content\/uploads\/2017\/09\/BEIRA-RIO_logo600.png","contentUrl":"https:\/\/jornalbeirario.com.br\/portal\/wp-content\/uploads\/2017\/09\/BEIRA-RIO_logo600.png","width":650,"height":108,"caption":"JORNAL BEIRA RIO"},"image":{"@id":"https:\/\/jornalbeirario.com.br\/portal\/#\/schema\/logo\/image\/"}},{"@type":"Person","@id":"https:\/\/jornalbeirario.com.br\/portal\/#\/schema\/person\/c6c423e4c2465d2a9233f6539173e7c1","name":"Jornal BEIRA-RIO","image":{"@type":"ImageObject","inLanguage":"pt-BR","@id":"https:\/\/jornalbeirario.com.br\/portal\/wp-content\/uploads\/2023\/10\/logojbr1.jpg","url":"https:\/\/jornalbeirario.com.br\/portal\/wp-content\/uploads\/2023\/10\/logojbr1.jpg","contentUrl":"https:\/\/jornalbeirario.com.br\/portal\/wp-content\/uploads\/2023\/10\/logojbr1.jpg","caption":"Jornal BEIRA-RIO"},"url":"https:\/\/jornalbeirario.com.br\/portal\/?author=1"}]}},"_links":{"self":[{"href":"https:\/\/jornalbeirario.com.br\/portal\/index.php?rest_route=\/wp\/v2\/posts\/31376","targetHints":{"allow":["GET"]}}],"collection":[{"href":"https:\/\/jornalbeirario.com.br\/portal\/index.php?rest_route=\/wp\/v2\/posts"}],"about":[{"href":"https:\/\/jornalbeirario.com.br\/portal\/index.php?rest_route=\/wp\/v2\/types\/post"}],"author":[{"embeddable":true,"href":"https:\/\/jornalbeirario.com.br\/portal\/index.php?rest_route=\/wp\/v2\/users\/1"}],"replies":[{"embeddable":true,"href":"https:\/\/jornalbeirario.com.br\/portal\/index.php?rest_route=%2Fwp%2Fv2%2Fcomments&post=31376"}],"version-history":[{"count":3,"href":"https:\/\/jornalbeirario.com.br\/portal\/index.php?rest_route=\/wp\/v2\/posts\/31376\/revisions"}],"predecessor-version":[{"id":31423,"href":"https:\/\/jornalbeirario.com.br\/portal\/index.php?rest_route=\/wp\/v2\/posts\/31376\/revisions\/31423"}],"wp:attachment":[{"href":"https:\/\/jornalbeirario.com.br\/portal\/index.php?rest_route=%2Fwp%2Fv2%2Fmedia&parent=31376"}],"wp:term":[{"taxonomy":"category","embeddable":true,"href":"https:\/\/jornalbeirario.com.br\/portal\/index.php?rest_route=%2Fwp%2Fv2%2Fcategories&post=31376"},{"taxonomy":"post_tag","embeddable":true,"href":"https:\/\/jornalbeirario.com.br\/portal\/index.php?rest_route=%2Fwp%2Fv2%2Ftags&post=31376"}],"curies":[{"name":"wp","href":"https:\/\/api.w.org\/{rel}","templated":true}]}}