
{"id":31123,"date":"2015-06-26T20:57:53","date_gmt":"2015-06-26T20:57:53","guid":{"rendered":"http:\/\/jornalbeirario.com.br\/portal\/portal\/?p=31123"},"modified":"2015-06-26T20:57:53","modified_gmt":"2015-06-26T20:57:53","slug":"cidades-da-regiao-recebem-conferencias-sobre-economia-nas-pequenas-empresas","status":"publish","type":"post","link":"https:\/\/jornalbeirario.com.br\/portal\/?p=31123","title":{"rendered":"Cidades da regi\u00e3o recebem confer\u00eancias sobre economia nas pequenas empresas"},"content":{"rendered":"<p style=\"text-align: justify;\"><a href=\"https:\/\/jornalbeirario.com.br\/portal\/wp-content\/uploads\/2015\/06\/image002.jpg\"><img loading=\"lazy\" decoding=\"async\" class=\"alignleft size-medium wp-image-31126\" title=\"image002\" src=\"https:\/\/jornalbeirario.com.br\/portal\/wp-content\/uploads\/2015\/06\/image002-300x201.jpg\" alt=\"\" width=\"300\" height=\"201\" srcset=\"https:\/\/jornalbeirario.com.br\/portal\/wp-content\/uploads\/2015\/06\/image002-300x201.jpg 300w, https:\/\/jornalbeirario.com.br\/portal\/wp-content\/uploads\/2015\/06\/image002.jpg 307w\" sizes=\"auto, (max-width: 300px) 100vw, 300px\" \/><\/a>Resende, Valen\u00e7a e Volta Redonda s\u00e3o as pr\u00f3ximas cidades a receberem a confer\u00eancia \u201cMacro e micro competitividade \u2013 efeitos da economia, pol\u00edtica e tecnologia sobre as micro e pequenas empresas\u201d, realizada pelo Sebrae\/RJ, por meio do programa Sebrae Intelig\u00eancia Setorial (www.sebraeinteligenciasetorial.com.br). Em Resende, a confer\u00eancia acontece no dia 7 de julho (ter\u00e7a-feira), \u00e0s 17h, no Hotel Vila Rica Flat. No dia 8 de julho (quarta-feira), a a\u00e7\u00e3o ser\u00e1 realizada em Valen\u00e7a, \u00e0s 8h, no Hotel Palmeira Imperial, e em Volta Redonda, \u00e0s 17h, no Hotel Bela Vista.<\/p>\n<p>Em tr\u00eas m\u00f3dulos \u2013 econ\u00f4mico (c\u00e2mbio e infla\u00e7\u00e3o), pol\u00edtico (legisla\u00e7\u00e3o) e tecnol\u00f3gico (novas tecnologias) \u2013, a confer\u00eancia, que ser\u00e1 ministrada pelo economista e consultor de empresas Augusto Franco, ex-dirigente do Sistema Firjan, vai abordar o impacto \u2013 positivo e negativo \u2013 de informa\u00e7\u00f5es estrat\u00e9gicas sobre micro e pequenos neg\u00f3cios. A a\u00e7\u00e3o, que j\u00e1 passou pelos munic\u00edpios de Petr\u00f3polis, Teres\u00f3polis e Barra Mansa, o primeiro da regi\u00e3o M\u00e9dio Para\u00edba, vai contemplar, at\u00e9 o fim do ano, 15 munic\u00edpios do interior do estado do Rio de Janeiro.<\/p>\n<p>O objetivo tamb\u00e9m \u00e9 apresentar o portal Sebrae Intelig\u00eancia Setorial aos empres\u00e1rios de micro e pequenas empresas como uma fonte de informa\u00e7\u00e3o. O programa monitora e oferece gratuitamente informa\u00e7\u00f5es estrat\u00e9gicas validadas por especialistas sobre os setores de moda, turismo, constru\u00e7\u00e3o civil, petr\u00f3leo &amp; g\u00e1s e alimentos.<\/p>\n<p>Segundo Franco, o excesso de informa\u00e7\u00f5es e a falta de crit\u00e9rios de sele\u00e7\u00e3o de conte\u00fados podem ser um risco para a estrat\u00e9gica de crescimento dos neg\u00f3cios. \u201cAntigamente a maior dificuldade do mercado era a falta de informa\u00e7\u00e3o, que provocava incertezas e aumentava a probabilidade de erro na gest\u00e3o de qualquer empreendimento. Hoje temos um cen\u00e1rio oposto e um novo desafio: a falta de capacidade de processamento de tanta informa\u00e7\u00e3o, principalmente nos pequenos neg\u00f3cios\u201d, afirma.<\/p>\n<p>O consultor adverte que o empres\u00e1rio precisa saber identificar conte\u00fados que realmente impactem em seu neg\u00f3cio e as fontes de credibilidade. \u201c\u00c9 fundamental se orientar por meio de informa\u00e7\u00f5es relevantes e de qualidade. O empres\u00e1rio precisa estar atento \u00e0s fontes oficiais e especializadas sobre o mercado em que ele atua. A tipicidade do seu mercado pode fazer com que o c\u00e2mbio, por exemplo, tenha mais ou menos impacto no seu neg\u00f3cio.\u201d<\/p>\n<p>Depois do M\u00e9dio Para\u00edba as confer\u00eancias ser\u00e3o realizadas em Nova Igua\u00e7u, Campos dos Goytacazes, Angra dos Reis, Cabo Frio, Itaperuna, Tr\u00eas Rios, Duque de Caxias e Niter\u00f3i. As datas e locais ser\u00e3o divulgados gradativamente. O conjunto dos munic\u00edpios foi definido com base na maior interse\u00e7\u00e3o dos setores econ\u00f4micos atualmente atendidos pelo programa.<\/p>\n<p>Perfil de Augusto Franco<br \/>\nEspecialista em desenvolvimento econ\u00f4mico do Estado do Rio de Janeiro, foi economista do Centro de Estudos de Empresas do Ibre-FGV e consultor de diversas entidades e empresas, tais como: Federa\u00e7\u00e3o das Ind\u00fastrias de Bras\u00edlia (Fibra) e Federa\u00e7\u00e3o das Ind\u00fastrias do Rio de Janeiro (Firjan).<\/p>\n<p>Foi professor da Associa\u00e7\u00e3o Brasileira de Ensino Universit\u00e1rio, da Universidade Est\u00e1cio de S\u00e1, da Puc-Rio e da Confedera\u00e7\u00e3o Nacional da Ind\u00fastria (CNI).Profissional com experi\u00eancia de 32 anos em quest\u00f5es do dia a dia das empresas brasileiras, e em especial nos \u00faltimos oito anos atuou como diretor-geral do Sistema Firjan.<\/p>\n<p>Programa\u00e7\u00e3o nas pr\u00f3ximas cidades do M\u00e9dio Para\u00edba:<\/p>\n<p>Resende<br \/>\nData e hor\u00e1rio: 07 de julho (ter\u00e7a-feira), \u00e0s 17h<br \/>\nLocal: Hotel Vila Rica Flat (Rua Luiz Euz\u00e9bio 74, Centro \u2013 Resende)<\/p>\n<p>Valen\u00e7a<br \/>\nData e hor\u00e1rio: 08 de julho (quarta-feira), \u00e0s 8h<br \/>\nLocal: Hotel Palmeira Imperial (Rua Aparecida, 1111 &#8211; Bairro Aparecida -Valen\u00e7a)<\/p>\n<p>Volta Redonda<br \/>\nData e hor\u00e1rio: 08 de julho (quarta-feira), \u00e0s 17h<br \/>\nLocal: Hotel Bela Vista (Rua 19A, 635 &#8211; Bela Vista &#8211; Volta Redonda)<\/p>\n<p><em>Fonte: Assessoria de Comunica\u00e7\u00e3o<\/em><\/p>\n","protected":false},"excerpt":{"rendered":"<p>Resende, Valen\u00e7a e Volta Redonda s\u00e3o as pr\u00f3ximas cidades a receberem a confer\u00eancia \u201cMacro e micro competitividade \u2013 efeitos da economia, pol\u00edtica e tecnologia<\/p>\n","protected":false},"author":1,"featured_media":31126,"comment_status":"open","ping_status":"open","sticky":false,"template":"","format":"standard","meta":{"pmpro_default_level":"","footnotes":"","_members_access_role":[],"_members_access_error":""},"categories":[6],"tags":[155],"class_list":["post-31123","post","type-post","status-publish","format-standard","has-post-thumbnail","hentry","category-economia","tag-dehoraemhora","pmpro-has-access"],"yoast_head":"<!-- This site is optimized with the Yoast SEO plugin v28.4 - https:\/\/yoast.com\/product\/yoast-seo-wordpress\/ -->\n<title>Cidades da regi\u00e3o recebem confer\u00eancias sobre economia nas pequenas empresas - JORNAL BEIRA RIO<\/title>\n<meta name=\"robots\" content=\"index, follow, max-snippet:-1, max-image-preview:large, max-video-preview:-1\" \/>\n<link rel=\"canonical\" href=\"https:\/\/jornalbeirario.com.br\/portal\/?p=31123\" \/>\n<meta property=\"og:locale\" content=\"pt_BR\" \/>\n<meta property=\"og:type\" content=\"article\" \/>\n<meta property=\"og:title\" content=\"Cidades da regi\u00e3o recebem confer\u00eancias sobre economia nas pequenas empresas - JORNAL BEIRA RIO\" \/>\n<meta property=\"og:description\" content=\"Resende, Valen\u00e7a e Volta Redonda s\u00e3o as pr\u00f3ximas cidades a receberem a confer\u00eancia \u201cMacro e micro competitividade \u2013 efeitos da economia, pol\u00edtica e tecnologia\" \/>\n<meta property=\"og:url\" content=\"https:\/\/jornalbeirario.com.br\/portal\/?p=31123\" \/>\n<meta property=\"og:site_name\" content=\"JORNAL BEIRA RIO\" \/>\n<meta property=\"article:published_time\" content=\"2015-06-26T20:57:53+00:00\" \/>\n<meta property=\"og:image\" content=\"https:\/\/jornalbeirario.com.br\/portal\/wp-content\/uploads\/2015\/06\/image002.jpg\" \/>\n\t<meta property=\"og:image:width\" content=\"307\" \/>\n\t<meta property=\"og:image:height\" content=\"206\" \/>\n\t<meta property=\"og:image:type\" content=\"image\/jpeg\" \/>\n<meta name=\"author\" content=\"Jornal BEIRA-RIO\" \/>\n<meta name=\"twitter:card\" content=\"summary_large_image\" \/>\n<meta name=\"twitter:label1\" content=\"Escrito por\" \/>\n\t<meta name=\"twitter:data1\" content=\"Jornal BEIRA-RIO\" \/>\n\t<meta name=\"twitter:label2\" content=\"Est. tempo de leitura\" \/>\n\t<meta name=\"twitter:data2\" content=\"3 minutos\" \/>\n<script type=\"application\/ld+json\" class=\"yoast-schema-graph\">{\"@context\":\"https:\\\/\\\/schema.org\",\"@graph\":[{\"@type\":\"Article\",\"@id\":\"https:\\\/\\\/jornalbeirario.com.br\\\/portal\\\/?p=31123#article\",\"isPartOf\":{\"@id\":\"https:\\\/\\\/jornalbeirario.com.br\\\/portal\\\/?p=31123\"},\"author\":{\"name\":\"Jornal BEIRA-RIO\",\"@id\":\"https:\\\/\\\/jornalbeirario.com.br\\\/portal\\\/#\\\/schema\\\/person\\\/c6c423e4c2465d2a9233f6539173e7c1\"},\"headline\":\"Cidades da regi\u00e3o recebem confer\u00eancias sobre economia nas pequenas empresas\",\"datePublished\":\"2015-06-26T20:57:53+00:00\",\"mainEntityOfPage\":{\"@id\":\"https:\\\/\\\/jornalbeirario.com.br\\\/portal\\\/?p=31123\"},\"wordCount\":682,\"commentCount\":0,\"publisher\":{\"@id\":\"https:\\\/\\\/jornalbeirario.com.br\\\/portal\\\/#organization\"},\"image\":{\"@id\":\"https:\\\/\\\/jornalbeirario.com.br\\\/portal\\\/?p=31123#primaryimage\"},\"thumbnailUrl\":\"https:\\\/\\\/jornalbeirario.com.br\\\/portal\\\/wp-content\\\/uploads\\\/2015\\\/06\\\/image002.jpg\",\"keywords\":[\"dehoraemhora\"],\"articleSection\":[\"Economia\"],\"inLanguage\":\"pt-BR\",\"potentialAction\":[{\"@type\":\"CommentAction\",\"name\":\"Comment\",\"target\":[\"https:\\\/\\\/jornalbeirario.com.br\\\/portal\\\/?p=31123#respond\"]}]},{\"@type\":\"WebPage\",\"@id\":\"https:\\\/\\\/jornalbeirario.com.br\\\/portal\\\/?p=31123\",\"url\":\"https:\\\/\\\/jornalbeirario.com.br\\\/portal\\\/?p=31123\",\"name\":\"Cidades da regi\u00e3o recebem confer\u00eancias sobre economia nas pequenas empresas - JORNAL BEIRA RIO\",\"isPartOf\":{\"@id\":\"https:\\\/\\\/jornalbeirario.com.br\\\/portal\\\/#website\"},\"primaryImageOfPage\":{\"@id\":\"https:\\\/\\\/jornalbeirario.com.br\\\/portal\\\/?p=31123#primaryimage\"},\"image\":{\"@id\":\"https:\\\/\\\/jornalbeirario.com.br\\\/portal\\\/?p=31123#primaryimage\"},\"thumbnailUrl\":\"https:\\\/\\\/jornalbeirario.com.br\\\/portal\\\/wp-content\\\/uploads\\\/2015\\\/06\\\/image002.jpg\",\"datePublished\":\"2015-06-26T20:57:53+00:00\",\"breadcrumb\":{\"@id\":\"https:\\\/\\\/jornalbeirario.com.br\\\/portal\\\/?p=31123#breadcrumb\"},\"inLanguage\":\"pt-BR\",\"potentialAction\":[{\"@type\":\"ReadAction\",\"target\":[\"https:\\\/\\\/jornalbeirario.com.br\\\/portal\\\/?p=31123\"]}]},{\"@type\":\"ImageObject\",\"inLanguage\":\"pt-BR\",\"@id\":\"https:\\\/\\\/jornalbeirario.com.br\\\/portal\\\/?p=31123#primaryimage\",\"url\":\"https:\\\/\\\/jornalbeirario.com.br\\\/portal\\\/wp-content\\\/uploads\\\/2015\\\/06\\\/image002.jpg\",\"contentUrl\":\"https:\\\/\\\/jornalbeirario.com.br\\\/portal\\\/wp-content\\\/uploads\\\/2015\\\/06\\\/image002.jpg\",\"width\":\"307\",\"height\":\"206\"},{\"@type\":\"BreadcrumbList\",\"@id\":\"https:\\\/\\\/jornalbeirario.com.br\\\/portal\\\/?p=31123#breadcrumb\",\"itemListElement\":[{\"@type\":\"ListItem\",\"position\":1,\"name\":\"Home\",\"item\":\"https:\\\/\\\/jornalbeirario.com.br\\\/portal\"},{\"@type\":\"ListItem\",\"position\":2,\"name\":\"Cidades da regi\u00e3o recebem confer\u00eancias sobre economia nas pequenas empresas\"}]},{\"@type\":\"WebSite\",\"@id\":\"https:\\\/\\\/jornalbeirario.com.br\\\/portal\\\/#website\",\"url\":\"https:\\\/\\\/jornalbeirario.com.br\\\/portal\\\/\",\"name\":\"JORNAL BEIRA RIO\",\"description\":\"\",\"publisher\":{\"@id\":\"https:\\\/\\\/jornalbeirario.com.br\\\/portal\\\/#organization\"},\"potentialAction\":[{\"@type\":\"SearchAction\",\"target\":{\"@type\":\"EntryPoint\",\"urlTemplate\":\"https:\\\/\\\/jornalbeirario.com.br\\\/portal\\\/?s={search_term_string}\"},\"query-input\":{\"@type\":\"PropertyValueSpecification\",\"valueRequired\":true,\"valueName\":\"search_term_string\"}}],\"inLanguage\":\"pt-BR\"},{\"@type\":\"Organization\",\"@id\":\"https:\\\/\\\/jornalbeirario.com.br\\\/portal\\\/#organization\",\"name\":\"JORNAL BEIRA RIO\",\"url\":\"https:\\\/\\\/jornalbeirario.com.br\\\/portal\\\/\",\"logo\":{\"@type\":\"ImageObject\",\"inLanguage\":\"pt-BR\",\"@id\":\"https:\\\/\\\/jornalbeirario.com.br\\\/portal\\\/#\\\/schema\\\/logo\\\/image\\\/\",\"url\":\"https:\\\/\\\/jornalbeirario.com.br\\\/portal\\\/wp-content\\\/uploads\\\/2017\\\/09\\\/BEIRA-RIO_logo600.png\",\"contentUrl\":\"https:\\\/\\\/jornalbeirario.com.br\\\/portal\\\/wp-content\\\/uploads\\\/2017\\\/09\\\/BEIRA-RIO_logo600.png\",\"width\":650,\"height\":108,\"caption\":\"JORNAL BEIRA RIO\"},\"image\":{\"@id\":\"https:\\\/\\\/jornalbeirario.com.br\\\/portal\\\/#\\\/schema\\\/logo\\\/image\\\/\"}},{\"@type\":\"Person\",\"@id\":\"https:\\\/\\\/jornalbeirario.com.br\\\/portal\\\/#\\\/schema\\\/person\\\/c6c423e4c2465d2a9233f6539173e7c1\",\"name\":\"Jornal BEIRA-RIO\",\"image\":{\"@type\":\"ImageObject\",\"inLanguage\":\"pt-BR\",\"@id\":\"https:\\\/\\\/jornalbeirario.com.br\\\/portal\\\/wp-content\\\/uploads\\\/2023\\\/10\\\/logojbr1.jpg\",\"url\":\"https:\\\/\\\/jornalbeirario.com.br\\\/portal\\\/wp-content\\\/uploads\\\/2023\\\/10\\\/logojbr1.jpg\",\"contentUrl\":\"https:\\\/\\\/jornalbeirario.com.br\\\/portal\\\/wp-content\\\/uploads\\\/2023\\\/10\\\/logojbr1.jpg\",\"caption\":\"Jornal BEIRA-RIO\"},\"url\":\"https:\\\/\\\/jornalbeirario.com.br\\\/portal\\\/?author=1\"}]}<\/script>\n<!-- \/ Yoast SEO plugin. -->","yoast_head_json":{"title":"Cidades da regi\u00e3o recebem confer\u00eancias sobre economia nas pequenas empresas - JORNAL BEIRA RIO","robots":{"index":"index","follow":"follow","max-snippet":"max-snippet:-1","max-image-preview":"max-image-preview:large","max-video-preview":"max-video-preview:-1"},"canonical":"https:\/\/jornalbeirario.com.br\/portal\/?p=31123","og_locale":"pt_BR","og_type":"article","og_title":"Cidades da regi\u00e3o recebem confer\u00eancias sobre economia nas pequenas empresas - JORNAL BEIRA RIO","og_description":"Resende, Valen\u00e7a e Volta Redonda s\u00e3o as pr\u00f3ximas cidades a receberem a confer\u00eancia \u201cMacro e micro competitividade \u2013 efeitos da economia, pol\u00edtica e tecnologia","og_url":"https:\/\/jornalbeirario.com.br\/portal\/?p=31123","og_site_name":"JORNAL BEIRA RIO","article_published_time":"2015-06-26T20:57:53+00:00","og_image":[{"width":307,"height":206,"url":"https:\/\/jornalbeirario.com.br\/portal\/wp-content\/uploads\/2015\/06\/image002.jpg","type":"image\/jpeg"}],"author":"Jornal BEIRA-RIO","twitter_card":"summary_large_image","twitter_misc":{"Escrito por":"Jornal BEIRA-RIO","Est. tempo de leitura":"3 minutos"},"schema":{"@context":"https:\/\/schema.org","@graph":[{"@type":"Article","@id":"https:\/\/jornalbeirario.com.br\/portal\/?p=31123#article","isPartOf":{"@id":"https:\/\/jornalbeirario.com.br\/portal\/?p=31123"},"author":{"name":"Jornal BEIRA-RIO","@id":"https:\/\/jornalbeirario.com.br\/portal\/#\/schema\/person\/c6c423e4c2465d2a9233f6539173e7c1"},"headline":"Cidades da regi\u00e3o recebem confer\u00eancias sobre economia nas pequenas empresas","datePublished":"2015-06-26T20:57:53+00:00","mainEntityOfPage":{"@id":"https:\/\/jornalbeirario.com.br\/portal\/?p=31123"},"wordCount":682,"commentCount":0,"publisher":{"@id":"https:\/\/jornalbeirario.com.br\/portal\/#organization"},"image":{"@id":"https:\/\/jornalbeirario.com.br\/portal\/?p=31123#primaryimage"},"thumbnailUrl":"https:\/\/jornalbeirario.com.br\/portal\/wp-content\/uploads\/2015\/06\/image002.jpg","keywords":["dehoraemhora"],"articleSection":["Economia"],"inLanguage":"pt-BR","potentialAction":[{"@type":"CommentAction","name":"Comment","target":["https:\/\/jornalbeirario.com.br\/portal\/?p=31123#respond"]}]},{"@type":"WebPage","@id":"https:\/\/jornalbeirario.com.br\/portal\/?p=31123","url":"https:\/\/jornalbeirario.com.br\/portal\/?p=31123","name":"Cidades da regi\u00e3o recebem confer\u00eancias sobre economia nas pequenas empresas - JORNAL BEIRA RIO","isPartOf":{"@id":"https:\/\/jornalbeirario.com.br\/portal\/#website"},"primaryImageOfPage":{"@id":"https:\/\/jornalbeirario.com.br\/portal\/?p=31123#primaryimage"},"image":{"@id":"https:\/\/jornalbeirario.com.br\/portal\/?p=31123#primaryimage"},"thumbnailUrl":"https:\/\/jornalbeirario.com.br\/portal\/wp-content\/uploads\/2015\/06\/image002.jpg","datePublished":"2015-06-26T20:57:53+00:00","breadcrumb":{"@id":"https:\/\/jornalbeirario.com.br\/portal\/?p=31123#breadcrumb"},"inLanguage":"pt-BR","potentialAction":[{"@type":"ReadAction","target":["https:\/\/jornalbeirario.com.br\/portal\/?p=31123"]}]},{"@type":"ImageObject","inLanguage":"pt-BR","@id":"https:\/\/jornalbeirario.com.br\/portal\/?p=31123#primaryimage","url":"https:\/\/jornalbeirario.com.br\/portal\/wp-content\/uploads\/2015\/06\/image002.jpg","contentUrl":"https:\/\/jornalbeirario.com.br\/portal\/wp-content\/uploads\/2015\/06\/image002.jpg","width":"307","height":"206"},{"@type":"BreadcrumbList","@id":"https:\/\/jornalbeirario.com.br\/portal\/?p=31123#breadcrumb","itemListElement":[{"@type":"ListItem","position":1,"name":"Home","item":"https:\/\/jornalbeirario.com.br\/portal"},{"@type":"ListItem","position":2,"name":"Cidades da regi\u00e3o recebem confer\u00eancias sobre economia nas pequenas empresas"}]},{"@type":"WebSite","@id":"https:\/\/jornalbeirario.com.br\/portal\/#website","url":"https:\/\/jornalbeirario.com.br\/portal\/","name":"JORNAL BEIRA RIO","description":"","publisher":{"@id":"https:\/\/jornalbeirario.com.br\/portal\/#organization"},"potentialAction":[{"@type":"SearchAction","target":{"@type":"EntryPoint","urlTemplate":"https:\/\/jornalbeirario.com.br\/portal\/?s={search_term_string}"},"query-input":{"@type":"PropertyValueSpecification","valueRequired":true,"valueName":"search_term_string"}}],"inLanguage":"pt-BR"},{"@type":"Organization","@id":"https:\/\/jornalbeirario.com.br\/portal\/#organization","name":"JORNAL BEIRA RIO","url":"https:\/\/jornalbeirario.com.br\/portal\/","logo":{"@type":"ImageObject","inLanguage":"pt-BR","@id":"https:\/\/jornalbeirario.com.br\/portal\/#\/schema\/logo\/image\/","url":"https:\/\/jornalbeirario.com.br\/portal\/wp-content\/uploads\/2017\/09\/BEIRA-RIO_logo600.png","contentUrl":"https:\/\/jornalbeirario.com.br\/portal\/wp-content\/uploads\/2017\/09\/BEIRA-RIO_logo600.png","width":650,"height":108,"caption":"JORNAL BEIRA RIO"},"image":{"@id":"https:\/\/jornalbeirario.com.br\/portal\/#\/schema\/logo\/image\/"}},{"@type":"Person","@id":"https:\/\/jornalbeirario.com.br\/portal\/#\/schema\/person\/c6c423e4c2465d2a9233f6539173e7c1","name":"Jornal BEIRA-RIO","image":{"@type":"ImageObject","inLanguage":"pt-BR","@id":"https:\/\/jornalbeirario.com.br\/portal\/wp-content\/uploads\/2023\/10\/logojbr1.jpg","url":"https:\/\/jornalbeirario.com.br\/portal\/wp-content\/uploads\/2023\/10\/logojbr1.jpg","contentUrl":"https:\/\/jornalbeirario.com.br\/portal\/wp-content\/uploads\/2023\/10\/logojbr1.jpg","caption":"Jornal BEIRA-RIO"},"url":"https:\/\/jornalbeirario.com.br\/portal\/?author=1"}]}},"_links":{"self":[{"href":"https:\/\/jornalbeirario.com.br\/portal\/index.php?rest_route=\/wp\/v2\/posts\/31123","targetHints":{"allow":["GET"]}}],"collection":[{"href":"https:\/\/jornalbeirario.com.br\/portal\/index.php?rest_route=\/wp\/v2\/posts"}],"about":[{"href":"https:\/\/jornalbeirario.com.br\/portal\/index.php?rest_route=\/wp\/v2\/types\/post"}],"author":[{"embeddable":true,"href":"https:\/\/jornalbeirario.com.br\/portal\/index.php?rest_route=\/wp\/v2\/users\/1"}],"replies":[{"embeddable":true,"href":"https:\/\/jornalbeirario.com.br\/portal\/index.php?rest_route=%2Fwp%2Fv2%2Fcomments&post=31123"}],"version-history":[{"count":3,"href":"https:\/\/jornalbeirario.com.br\/portal\/index.php?rest_route=\/wp\/v2\/posts\/31123\/revisions"}],"predecessor-version":[{"id":31127,"href":"https:\/\/jornalbeirario.com.br\/portal\/index.php?rest_route=\/wp\/v2\/posts\/31123\/revisions\/31127"}],"wp:featuredmedia":[{"embeddable":true,"href":"https:\/\/jornalbeirario.com.br\/portal\/index.php?rest_route=\/wp\/v2\/media\/31126"}],"wp:attachment":[{"href":"https:\/\/jornalbeirario.com.br\/portal\/index.php?rest_route=%2Fwp%2Fv2%2Fmedia&parent=31123"}],"wp:term":[{"taxonomy":"category","embeddable":true,"href":"https:\/\/jornalbeirario.com.br\/portal\/index.php?rest_route=%2Fwp%2Fv2%2Fcategories&post=31123"},{"taxonomy":"post_tag","embeddable":true,"href":"https:\/\/jornalbeirario.com.br\/portal\/index.php?rest_route=%2Fwp%2Fv2%2Ftags&post=31123"}],"curies":[{"name":"wp","href":"https:\/\/api.w.org\/{rel}","templated":true}]}}