
{"id":31039,"date":"2015-06-26T03:17:15","date_gmt":"2015-06-26T03:17:15","guid":{"rendered":"http:\/\/jornalbeirario.com.br\/portal\/portal\/?p=31039"},"modified":"2015-06-26T03:17:15","modified_gmt":"2015-06-26T03:17:15","slug":"cartas-e-e-mails-75","status":"publish","type":"post","link":"https:\/\/jornalbeirario.com.br\/portal\/?p=31039","title":{"rendered":"Cartas e E-mails"},"content":{"rendered":"<p style=\"text-align: justify;\">Carta aos Leitores (Jornal Beira-Rio) Caros Amigos,<br \/>\nComo filiado do Partido Socialista Brasileiro h\u00e1 15 anos, candidato a vereador nas \u00faltimas elei\u00e7\u00f5es e membro do diret\u00f3rio eleito por sua maioria, venho deixar clara a minha insatisfa\u00e7\u00e3o com a nossa atual representante no legislativo, hoje Presidente de uma Provis\u00f3ria \u201cProvis\u00f3ria\u201d do Partido Socialista Brasileiro. Os motivos s\u00e3o v\u00e1rios, e muito me entristece, o desrespeito com o Partido e seus filiados e dire\u00e7\u00e3o. A nobre vereadora nunca caminhou com as decis\u00f5es da dire\u00e7\u00e3o municipal, n\u00e3o honra com a hist\u00f3ria de seriedade e \u00e9tica do PSB no Munic\u00edpio, n\u00e3o fiscaliza o que e de, mas importante como Presidente da Comiss\u00e3o de Educa\u00e7\u00e3o na C\u00e2mara Municipal. \u201cA Educa\u00e7\u00e3o\u201d.<br \/>\nTamb\u00e9m quero deixa aqui minhas criticas como filiado ao Ex-Presidente e amigo Paulo C\u00e9sar (PC), que nas \u00faltimas elei\u00e7\u00f5es dedicou-se exclusivamente a apoiar e pedir votos a todos os filiados para a nobre vereadora. Sua atitude n\u00e3o s\u00f3 deixou candidatos insatisfeitos como contribuiu e muito para que ela teve-se a vota\u00e7\u00e3o expressiva chegando a uma hist\u00f3rica marca de 2.266 votos. N\u00e3o tenho d\u00favidas que a credibilidade e respeito como Presidente do PSB nos seus 27anos de vida partid\u00e1ria influenciou e contribuiu muito para tal vota\u00e7\u00e3o. Mas infelizmente hoje o nosso Presidente e surpreendido com uma virada de mesa e pelas costa da nobre vereadora assumindo sem vota\u00e7\u00e3o e discuss\u00e3o uma Provis\u00f3ria. A n\u00f3s filiados e membro deste partido sabemos que ao marcar uma elei\u00e7\u00e3o democr\u00e1tica e justa como deve ser feita a nobre vereadora n\u00e3o teria apoio nem votos para se tornar Presidente. Pois respeito e credibilidade n\u00e3o se imp\u00f5e, nem se compra como se compra voto, como se divide sal\u00e1rio de assessor. Isso se conquista nobre vereadora.<br \/>\n\u201cQUEREMOS ELEI\u00c7\u00d5ES\u201d queremos um representante que fale e defenda seus filiados, que tenha postura de Presidente, respeite nosso estatuto, que tenha fidelidade e \u00e9tica na vida p\u00fablica.<br \/>\nAssim como eu, tem outros insatisfeitos. Infelizmente n\u00e3o podem expressa tal insatisfa\u00e7\u00e3o, pois s\u00e3o amea\u00e7ados de perde seus cargos de CC pela nobre vereadora.<br \/>\nAlmir Coelho Aguiar<br \/>\nFiliado e membro do diret\u00f3rio municipal<\/p>\n<p style=\"text-align: justify;\">FESTA DO FOGUEIR\u00c3O DO BAIRRO PARAISO<br \/>\nPrezada editora,<br \/>\nComo morador do Grande Para\u00edso, me sinto envergonhado com as conversas de esquina que est\u00e3o acontecendo aqui em nosso bairro. Comenta-se, que a Secretaria de Eventos da Prefeitura Municipal de Resende, teria destinado uma verba de quase R$ 100.000,00 para a realiza\u00e7\u00e3o da festa.<br \/>\nSer\u00e1 que a popula\u00e7\u00e3o do Grande Para\u00edso est\u00e1 sabendo que ao lado, onde se realiza a festa, no Posto de Sa\u00fade, no momento esta faltando rem\u00e9dio para hipertensos (problema de press\u00e3o)?<br \/>\nSer\u00e1 que os moradores sabem que esta mesma festa n\u00e3o \u00e9 bem quista pelos que residem no entorno da festa, isto j\u00e1 foi verificado ate por abaixo assinado dos moradores em anos anteriores.<br \/>\nE para fechar meu coment\u00e1rio, n\u00e3o poderia deixar de citar que esta verba, at\u00e9 hoje ningu\u00e9m sabe para onde \u00e9 destinada e quem s\u00e3o os benefici\u00e1rios (Prefeitura Municipal de Resende ou Comiss\u00e3o Organizadora da Festa)?<br \/>\nMorador do bairro Para\u00edso que prefere se manter no anonimato<\/p>\n","protected":false},"excerpt":{"rendered":"<p>Carta aos Leitores (Jornal Beira-Rio) Caros Amigos, Como filiado do Partido Socialista Brasileiro h\u00e1 15 anos, candidato a vereador nas \u00faltimas elei\u00e7\u00f5es e membro<\/p>\n","protected":false},"author":1,"featured_media":0,"comment_status":"open","ping_status":"open","sticky":false,"template":"","format":"standard","meta":{"pmpro_default_level":"","footnotes":""},"categories":[8],"tags":[],"class_list":["post-31039","post","type-post","status-publish","format-standard","hentry","category-opiniao","pmpro-has-access"],"yoast_head":"<!-- This site is optimized with the Yoast SEO plugin v27.4 - https:\/\/yoast.com\/product\/yoast-seo-wordpress\/ -->\n<title>Cartas e E-mails - JORNAL BEIRA RIO<\/title>\n<meta name=\"robots\" content=\"index, follow, max-snippet:-1, max-image-preview:large, max-video-preview:-1\" \/>\n<link rel=\"canonical\" href=\"https:\/\/jornalbeirario.com.br\/portal\/?p=31039\" \/>\n<meta property=\"og:locale\" content=\"pt_BR\" \/>\n<meta property=\"og:type\" content=\"article\" \/>\n<meta property=\"og:title\" content=\"Cartas e E-mails - JORNAL BEIRA RIO\" \/>\n<meta property=\"og:description\" content=\"Carta aos Leitores (Jornal Beira-Rio) Caros Amigos, Como filiado do Partido Socialista Brasileiro h\u00e1 15 anos, candidato a vereador nas \u00faltimas elei\u00e7\u00f5es e membro\" \/>\n<meta property=\"og:url\" content=\"https:\/\/jornalbeirario.com.br\/portal\/?p=31039\" \/>\n<meta property=\"og:site_name\" content=\"JORNAL BEIRA RIO\" \/>\n<meta property=\"article:published_time\" content=\"2015-06-26T03:17:15+00:00\" \/>\n<meta name=\"author\" content=\"Jornal BEIRA-RIO\" \/>\n<meta name=\"twitter:card\" content=\"summary_large_image\" \/>\n<meta name=\"twitter:label1\" content=\"Escrito por\" \/>\n\t<meta name=\"twitter:data1\" content=\"Jornal BEIRA-RIO\" \/>\n\t<meta name=\"twitter:label2\" content=\"Est. tempo de leitura\" \/>\n\t<meta name=\"twitter:data2\" content=\"3 minutos\" \/>\n<script type=\"application\/ld+json\" class=\"yoast-schema-graph\">{\"@context\":\"https:\\\/\\\/schema.org\",\"@graph\":[{\"@type\":\"Article\",\"@id\":\"https:\\\/\\\/jornalbeirario.com.br\\\/portal\\\/?p=31039#article\",\"isPartOf\":{\"@id\":\"https:\\\/\\\/jornalbeirario.com.br\\\/portal\\\/?p=31039\"},\"author\":{\"name\":\"Jornal BEIRA-RIO\",\"@id\":\"https:\\\/\\\/jornalbeirario.com.br\\\/portal\\\/#\\\/schema\\\/person\\\/c6c423e4c2465d2a9233f6539173e7c1\"},\"headline\":\"Cartas e E-mails\",\"datePublished\":\"2015-06-26T03:17:15+00:00\",\"mainEntityOfPage\":{\"@id\":\"https:\\\/\\\/jornalbeirario.com.br\\\/portal\\\/?p=31039\"},\"wordCount\":563,\"commentCount\":0,\"publisher\":{\"@id\":\"https:\\\/\\\/jornalbeirario.com.br\\\/portal\\\/#organization\"},\"articleSection\":[\"Opini\u00e3o\"],\"inLanguage\":\"pt-BR\",\"potentialAction\":[{\"@type\":\"CommentAction\",\"name\":\"Comment\",\"target\":[\"https:\\\/\\\/jornalbeirario.com.br\\\/portal\\\/?p=31039#respond\"]}]},{\"@type\":\"WebPage\",\"@id\":\"https:\\\/\\\/jornalbeirario.com.br\\\/portal\\\/?p=31039\",\"url\":\"https:\\\/\\\/jornalbeirario.com.br\\\/portal\\\/?p=31039\",\"name\":\"Cartas e E-mails - JORNAL BEIRA RIO\",\"isPartOf\":{\"@id\":\"https:\\\/\\\/jornalbeirario.com.br\\\/portal\\\/#website\"},\"datePublished\":\"2015-06-26T03:17:15+00:00\",\"breadcrumb\":{\"@id\":\"https:\\\/\\\/jornalbeirario.com.br\\\/portal\\\/?p=31039#breadcrumb\"},\"inLanguage\":\"pt-BR\",\"potentialAction\":[{\"@type\":\"ReadAction\",\"target\":[\"https:\\\/\\\/jornalbeirario.com.br\\\/portal\\\/?p=31039\"]}]},{\"@type\":\"BreadcrumbList\",\"@id\":\"https:\\\/\\\/jornalbeirario.com.br\\\/portal\\\/?p=31039#breadcrumb\",\"itemListElement\":[{\"@type\":\"ListItem\",\"position\":1,\"name\":\"Home\",\"item\":\"https:\\\/\\\/jornalbeirario.com.br\\\/portal\"},{\"@type\":\"ListItem\",\"position\":2,\"name\":\"Cartas e E-mails\"}]},{\"@type\":\"WebSite\",\"@id\":\"https:\\\/\\\/jornalbeirario.com.br\\\/portal\\\/#website\",\"url\":\"https:\\\/\\\/jornalbeirario.com.br\\\/portal\\\/\",\"name\":\"JORNAL BEIRA RIO\",\"description\":\"\",\"publisher\":{\"@id\":\"https:\\\/\\\/jornalbeirario.com.br\\\/portal\\\/#organization\"},\"potentialAction\":[{\"@type\":\"SearchAction\",\"target\":{\"@type\":\"EntryPoint\",\"urlTemplate\":\"https:\\\/\\\/jornalbeirario.com.br\\\/portal\\\/?s={search_term_string}\"},\"query-input\":{\"@type\":\"PropertyValueSpecification\",\"valueRequired\":true,\"valueName\":\"search_term_string\"}}],\"inLanguage\":\"pt-BR\"},{\"@type\":\"Organization\",\"@id\":\"https:\\\/\\\/jornalbeirario.com.br\\\/portal\\\/#organization\",\"name\":\"JORNAL BEIRA RIO\",\"url\":\"https:\\\/\\\/jornalbeirario.com.br\\\/portal\\\/\",\"logo\":{\"@type\":\"ImageObject\",\"inLanguage\":\"pt-BR\",\"@id\":\"https:\\\/\\\/jornalbeirario.com.br\\\/portal\\\/#\\\/schema\\\/logo\\\/image\\\/\",\"url\":\"https:\\\/\\\/jornalbeirario.com.br\\\/portal\\\/wp-content\\\/uploads\\\/2017\\\/09\\\/BEIRA-RIO_logo600.png\",\"contentUrl\":\"https:\\\/\\\/jornalbeirario.com.br\\\/portal\\\/wp-content\\\/uploads\\\/2017\\\/09\\\/BEIRA-RIO_logo600.png\",\"width\":650,\"height\":108,\"caption\":\"JORNAL BEIRA RIO\"},\"image\":{\"@id\":\"https:\\\/\\\/jornalbeirario.com.br\\\/portal\\\/#\\\/schema\\\/logo\\\/image\\\/\"}},{\"@type\":\"Person\",\"@id\":\"https:\\\/\\\/jornalbeirario.com.br\\\/portal\\\/#\\\/schema\\\/person\\\/c6c423e4c2465d2a9233f6539173e7c1\",\"name\":\"Jornal BEIRA-RIO\",\"image\":{\"@type\":\"ImageObject\",\"inLanguage\":\"pt-BR\",\"@id\":\"https:\\\/\\\/jornalbeirario.com.br\\\/portal\\\/wp-content\\\/uploads\\\/2023\\\/10\\\/logojbr1.jpg\",\"url\":\"https:\\\/\\\/jornalbeirario.com.br\\\/portal\\\/wp-content\\\/uploads\\\/2023\\\/10\\\/logojbr1.jpg\",\"contentUrl\":\"https:\\\/\\\/jornalbeirario.com.br\\\/portal\\\/wp-content\\\/uploads\\\/2023\\\/10\\\/logojbr1.jpg\",\"caption\":\"Jornal BEIRA-RIO\"},\"url\":\"https:\\\/\\\/jornalbeirario.com.br\\\/portal\\\/?author=1\"}]}<\/script>\n<!-- \/ Yoast SEO plugin. -->","yoast_head_json":{"title":"Cartas e E-mails - JORNAL BEIRA RIO","robots":{"index":"index","follow":"follow","max-snippet":"max-snippet:-1","max-image-preview":"max-image-preview:large","max-video-preview":"max-video-preview:-1"},"canonical":"https:\/\/jornalbeirario.com.br\/portal\/?p=31039","og_locale":"pt_BR","og_type":"article","og_title":"Cartas e E-mails - JORNAL BEIRA RIO","og_description":"Carta aos Leitores (Jornal Beira-Rio) Caros Amigos, Como filiado do Partido Socialista Brasileiro h\u00e1 15 anos, candidato a vereador nas \u00faltimas elei\u00e7\u00f5es e membro","og_url":"https:\/\/jornalbeirario.com.br\/portal\/?p=31039","og_site_name":"JORNAL BEIRA RIO","article_published_time":"2015-06-26T03:17:15+00:00","author":"Jornal BEIRA-RIO","twitter_card":"summary_large_image","twitter_misc":{"Escrito por":"Jornal BEIRA-RIO","Est. tempo de leitura":"3 minutos"},"schema":{"@context":"https:\/\/schema.org","@graph":[{"@type":"Article","@id":"https:\/\/jornalbeirario.com.br\/portal\/?p=31039#article","isPartOf":{"@id":"https:\/\/jornalbeirario.com.br\/portal\/?p=31039"},"author":{"name":"Jornal BEIRA-RIO","@id":"https:\/\/jornalbeirario.com.br\/portal\/#\/schema\/person\/c6c423e4c2465d2a9233f6539173e7c1"},"headline":"Cartas e E-mails","datePublished":"2015-06-26T03:17:15+00:00","mainEntityOfPage":{"@id":"https:\/\/jornalbeirario.com.br\/portal\/?p=31039"},"wordCount":563,"commentCount":0,"publisher":{"@id":"https:\/\/jornalbeirario.com.br\/portal\/#organization"},"articleSection":["Opini\u00e3o"],"inLanguage":"pt-BR","potentialAction":[{"@type":"CommentAction","name":"Comment","target":["https:\/\/jornalbeirario.com.br\/portal\/?p=31039#respond"]}]},{"@type":"WebPage","@id":"https:\/\/jornalbeirario.com.br\/portal\/?p=31039","url":"https:\/\/jornalbeirario.com.br\/portal\/?p=31039","name":"Cartas e E-mails - JORNAL BEIRA RIO","isPartOf":{"@id":"https:\/\/jornalbeirario.com.br\/portal\/#website"},"datePublished":"2015-06-26T03:17:15+00:00","breadcrumb":{"@id":"https:\/\/jornalbeirario.com.br\/portal\/?p=31039#breadcrumb"},"inLanguage":"pt-BR","potentialAction":[{"@type":"ReadAction","target":["https:\/\/jornalbeirario.com.br\/portal\/?p=31039"]}]},{"@type":"BreadcrumbList","@id":"https:\/\/jornalbeirario.com.br\/portal\/?p=31039#breadcrumb","itemListElement":[{"@type":"ListItem","position":1,"name":"Home","item":"https:\/\/jornalbeirario.com.br\/portal"},{"@type":"ListItem","position":2,"name":"Cartas e E-mails"}]},{"@type":"WebSite","@id":"https:\/\/jornalbeirario.com.br\/portal\/#website","url":"https:\/\/jornalbeirario.com.br\/portal\/","name":"JORNAL BEIRA RIO","description":"","publisher":{"@id":"https:\/\/jornalbeirario.com.br\/portal\/#organization"},"potentialAction":[{"@type":"SearchAction","target":{"@type":"EntryPoint","urlTemplate":"https:\/\/jornalbeirario.com.br\/portal\/?s={search_term_string}"},"query-input":{"@type":"PropertyValueSpecification","valueRequired":true,"valueName":"search_term_string"}}],"inLanguage":"pt-BR"},{"@type":"Organization","@id":"https:\/\/jornalbeirario.com.br\/portal\/#organization","name":"JORNAL BEIRA RIO","url":"https:\/\/jornalbeirario.com.br\/portal\/","logo":{"@type":"ImageObject","inLanguage":"pt-BR","@id":"https:\/\/jornalbeirario.com.br\/portal\/#\/schema\/logo\/image\/","url":"https:\/\/jornalbeirario.com.br\/portal\/wp-content\/uploads\/2017\/09\/BEIRA-RIO_logo600.png","contentUrl":"https:\/\/jornalbeirario.com.br\/portal\/wp-content\/uploads\/2017\/09\/BEIRA-RIO_logo600.png","width":650,"height":108,"caption":"JORNAL BEIRA RIO"},"image":{"@id":"https:\/\/jornalbeirario.com.br\/portal\/#\/schema\/logo\/image\/"}},{"@type":"Person","@id":"https:\/\/jornalbeirario.com.br\/portal\/#\/schema\/person\/c6c423e4c2465d2a9233f6539173e7c1","name":"Jornal BEIRA-RIO","image":{"@type":"ImageObject","inLanguage":"pt-BR","@id":"https:\/\/jornalbeirario.com.br\/portal\/wp-content\/uploads\/2023\/10\/logojbr1.jpg","url":"https:\/\/jornalbeirario.com.br\/portal\/wp-content\/uploads\/2023\/10\/logojbr1.jpg","contentUrl":"https:\/\/jornalbeirario.com.br\/portal\/wp-content\/uploads\/2023\/10\/logojbr1.jpg","caption":"Jornal BEIRA-RIO"},"url":"https:\/\/jornalbeirario.com.br\/portal\/?author=1"}]}},"_links":{"self":[{"href":"https:\/\/jornalbeirario.com.br\/portal\/index.php?rest_route=\/wp\/v2\/posts\/31039","targetHints":{"allow":["GET"]}}],"collection":[{"href":"https:\/\/jornalbeirario.com.br\/portal\/index.php?rest_route=\/wp\/v2\/posts"}],"about":[{"href":"https:\/\/jornalbeirario.com.br\/portal\/index.php?rest_route=\/wp\/v2\/types\/post"}],"author":[{"embeddable":true,"href":"https:\/\/jornalbeirario.com.br\/portal\/index.php?rest_route=\/wp\/v2\/users\/1"}],"replies":[{"embeddable":true,"href":"https:\/\/jornalbeirario.com.br\/portal\/index.php?rest_route=%2Fwp%2Fv2%2Fcomments&post=31039"}],"version-history":[{"count":3,"href":"https:\/\/jornalbeirario.com.br\/portal\/index.php?rest_route=\/wp\/v2\/posts\/31039\/revisions"}],"predecessor-version":[{"id":31101,"href":"https:\/\/jornalbeirario.com.br\/portal\/index.php?rest_route=\/wp\/v2\/posts\/31039\/revisions\/31101"}],"wp:attachment":[{"href":"https:\/\/jornalbeirario.com.br\/portal\/index.php?rest_route=%2Fwp%2Fv2%2Fmedia&parent=31039"}],"wp:term":[{"taxonomy":"category","embeddable":true,"href":"https:\/\/jornalbeirario.com.br\/portal\/index.php?rest_route=%2Fwp%2Fv2%2Fcategories&post=31039"},{"taxonomy":"post_tag","embeddable":true,"href":"https:\/\/jornalbeirario.com.br\/portal\/index.php?rest_route=%2Fwp%2Fv2%2Ftags&post=31039"}],"curies":[{"name":"wp","href":"https:\/\/api.w.org\/{rel}","templated":true}]}}