
{"id":31030,"date":"2015-06-26T03:17:54","date_gmt":"2015-06-26T03:17:54","guid":{"rendered":"http:\/\/jornalbeirario.com.br\/portal\/portal\/?p=31030"},"modified":"2015-06-26T14:01:09","modified_gmt":"2015-06-26T14:01:09","slug":"lais-amaral-102","status":"publish","type":"post","link":"https:\/\/jornalbeirario.com.br\/portal\/?p=31030","title":{"rendered":"La\u00eds Amaral"},"content":{"rendered":"<p style=\"text-align: justify;\"><strong>\u2018J\u00f4 Soares morra\u2019. Esse filme vem de longe (1)<\/strong><br \/>\nJ\u00f4 Soares costuma acordar tarde, e quando se levantou na sexta passada, dia 19, certamente sua vizinha e boa parte dos brasileiros j\u00e1 sabia da picha\u00e7\u00e3o em frente ao seu pr\u00e9dio no aristocr\u00e1tico bairro de Higien\u00f3polis, na capital paulista. Estava l\u00e1 no asfalto: \u201cJ\u00f4 Soares \u2013 Morra\u201d. Para o escritor Fernando Moraes, que colocou a foto nas Redes Sociais, o ato deve ter sido uma repres\u00e1lia a J\u00f4, por ter entrevistado a Presidente Dilma Rousseff. Se foi, ele experimentou o que outros artistas que assumiram posi\u00e7\u00e3o j\u00e1 sentiram, como o ator Greg\u00f3rio Duvivier (Porta dos Fundos): a intoler\u00e2ncia expl\u00edcita nesses tempos estranhos de assanhamento fascista. Amargura, mau humor, intoler\u00e2ncia e viol\u00eancia. \u00c9 a inc\u00f4moda cadeia que vem crescendo no pa\u00eds. Por onde anda a solidariedade, a camaradagem, o esp\u00edrito fraterno e a toler\u00e2ncia do brasileiro ? E olha que o J\u00f4 nem bem se posicionou. Apenas entrevistou uma celebridade que certamente elevou sua audi\u00eancia.<\/p>\n<p><strong>\u2018J\u00f4 Soares morra\u2019. Esse filme vem de longe (2)<\/strong><br \/>\nO fil\u00f3sofo e linguista norte-americano Noam Chomsky conta que em meio a primeira guerra mundial, em 1916, o presidente Woodrow Wilson, queria os Estados Unidos na pugna. A ent\u00e3o pac\u00edfica popula\u00e7\u00e3o americana que era contra, pois\u00a0 n\u00e3o via motivos para o pa\u00eds se envolver naquela guerra na Europa, sentiu o impacto do trabalho da rec\u00e9m-criada comiss\u00e3o de propaganda governamental (Creel), que utilizou material produzido pelo traquejado Minist\u00e9rio da Propaganda, da Inglaterra. Resultado: em seis meses o povo que era pac\u00edfico foi transformado num bando hist\u00e9rico e belicoso que queria esquartejar o alem\u00e3o que visse pela frente. At\u00e9 hist\u00f3rias escabrosas de que os alem\u00e3es arrancavam bra\u00e7os de beb\u00eas foram publicadas em livros. A mentira \u00e9 mais um ingrediente que ajuda a gerar o medo, a insatisfa\u00e7\u00e3o e o \u00f3dio. Depois usaram o mesmo sistema para criar o \u2018P\u00e2nico Vermelho\u2019 que tamb\u00e9m deu resultado \u201cpositivo\u201d e causou a destrui\u00e7\u00e3o de sindicatos entre outros danos. Lideran\u00e7as empresariais investiram na iniciativa que foi apoiada por parte da M\u00eddia. A propaganda precisa desse bra\u00e7o (M\u00eddia). E quando ela assume de vez o seu lado, sai de baixo. A vers\u00e3o nacional desse velho filme tamb\u00e9m est\u00e1 em cartaz por aqui. E al\u00e9m da M\u00eddia, com outros segmentos bem canastr\u00f5es na tela.<\/p>\n<p><strong>TRIPA<\/strong><br \/>\n* S\u00e1bado passado, os Corais, Resencanto e Art&amp;mo\u00e7\u00e3o se apresentaram na festa de S\u00e3o Jo\u00e3o na localidade de Bagagem. A cantoria foi no Sal\u00e3o Paroquial e parece que o pessoal local gostou do que viu, e ouviu. Falando em Resencanto, o coral dos funcion\u00e1rios da Prefeitura de Resende, volta a ensaiar no refeit\u00f3rio do Centro Administrativo a partir desta segunda-feira, dia 29, \u00e0s 18h15min. A regente do coral (ali\u00e1s, dos dois corais), Alile Cuoco informa que o funcion\u00e1rio da Prefeitura que quiser participar do Resencanto, \u00e9 s\u00f3 aparecer na hora do ensaio. O coral est\u00e1 sempre aberto a novos membros *\u00a0 Penedo ganhou um Polo Gastron\u00f4mico. O lan\u00e7amento foi\u00a0 nessa segunda-feira, dia 22, durante o f\u00f3rum Sebrae na Mesa. O polo gastron\u00f4mico \u00e9 uma iniciativa do Sebrae, em parceria com os empres\u00e1rios de Penedo, com o apoio da Prefeitura, via Secretaria de Turismo. S\u00e3o 18 empresas do setor que v\u00e3o consolidar o fortalecimento de com\u00e9rcio e turismo do bairro, com a\u00e7\u00f5es de melhoria da qualidade dos servi\u00e7os oferecidos. Na verdade o polo j\u00e1 estava delineado, agora vai ficar mais profissional. Ponto positivo. Mas a ex-col\u00f4nia finlandesa est\u00e1 a cada dia mais distante do seu diferencial que fez de Penedo uma atra\u00e7\u00e3o a n\u00edvel nacional. Ponto negativo * O \u00e2ncora do Jornal da Band, Ricardo Boechat mandou o pastor Malafaia \u201cprocurar uma rola\u201d. Quem ainda n\u00e3o assistiu entre no Google e coloque \u2018Boechat Malafaia Rola\u2019. S\u00e3o tr\u00eas minutos e meio de uma resposta deliciosa do jornalista ao pastor homof\u00f3bico. De vez em quando eles se bicam. Vale conferir * Quarta que v\u00eam, dia 1\u00ba, o Atl\u00e2ntico inicia a programa\u00e7\u00e3o musical do m\u00eas. No dia seguinte o Festival de Inverno do \u2018Buteco\u2019 apresenta Diogo Senna e seu projeto Clube do Samba, a partir das 19 horas * Aguardem a livrista Dinossauro. J\u00e1-j\u00e1!<\/p>\n<p><strong>ANIVERS\u00c1RIOS<\/strong><br \/>\nDia 18 passado, mudaram de idade a Maria Alzira Lamin, a Adriana Flores, o meu primo Luciano Ramalho e o Renato Viegas. Dia 19 foi a vez do Sergio Cassani, do Miguel Veiga e da Regina L\u00facia Nogueira inaugurar idade nova. No dia 20 a Marineia Monteiro, a Beth Bessa e a Ana Voig receberam os \u2018parab\u00e9ns\u2019. Dia 21 os amigos Janilson Teixeira e Isabel Siqueira ficaram mais experientes. Nesse dia 23, a Neiva Ritter, o Luciano Arcanjo e o Conrado Rabello contaram mais um ano de vida. E nessa quarta, dia 24, sopraram velinhas a Sharlene Isoldi e a Dalrea Maria.\u00a0 Parab\u00e9ns e todas as felicidades do mundo a eles.<\/p>\n","protected":false},"excerpt":{"rendered":"<p>\u2018J\u00f4 Soares morra\u2019. Esse filme vem de longe (1) J\u00f4 Soares costuma acordar tarde, e quando se levantou na sexta passada, dia 19, certamente<\/p>\n","protected":false},"author":1,"featured_media":0,"comment_status":"open","ping_status":"open","sticky":false,"template":"","format":"standard","meta":{"pmpro_default_level":"","footnotes":""},"categories":[13],"tags":[],"class_list":["post-31030","post","type-post","status-publish","format-standard","hentry","category-social","pmpro-has-access"],"yoast_head":"<!-- This site is optimized with the Yoast SEO plugin v27.4 - https:\/\/yoast.com\/product\/yoast-seo-wordpress\/ -->\n<title>La\u00eds Amaral - JORNAL BEIRA RIO<\/title>\n<meta name=\"robots\" content=\"index, follow, max-snippet:-1, max-image-preview:large, max-video-preview:-1\" \/>\n<link rel=\"canonical\" href=\"https:\/\/jornalbeirario.com.br\/portal\/?p=31030\" \/>\n<meta property=\"og:locale\" content=\"pt_BR\" \/>\n<meta property=\"og:type\" content=\"article\" \/>\n<meta property=\"og:title\" content=\"La\u00eds Amaral - JORNAL BEIRA RIO\" \/>\n<meta property=\"og:description\" content=\"\u2018J\u00f4 Soares morra\u2019. Esse filme vem de longe (1) J\u00f4 Soares costuma acordar tarde, e quando se levantou na sexta passada, dia 19, certamente\" \/>\n<meta property=\"og:url\" content=\"https:\/\/jornalbeirario.com.br\/portal\/?p=31030\" \/>\n<meta property=\"og:site_name\" content=\"JORNAL BEIRA RIO\" \/>\n<meta property=\"article:published_time\" content=\"2015-06-26T03:17:54+00:00\" \/>\n<meta property=\"article:modified_time\" content=\"2015-06-26T14:01:09+00:00\" \/>\n<meta name=\"author\" content=\"Jornal BEIRA-RIO\" \/>\n<meta name=\"twitter:card\" content=\"summary_large_image\" \/>\n<meta name=\"twitter:label1\" content=\"Escrito por\" \/>\n\t<meta name=\"twitter:data1\" content=\"Jornal BEIRA-RIO\" \/>\n\t<meta name=\"twitter:label2\" content=\"Est. tempo de leitura\" \/>\n\t<meta name=\"twitter:data2\" content=\"4 minutos\" \/>\n<script type=\"application\/ld+json\" class=\"yoast-schema-graph\">{\"@context\":\"https:\\\/\\\/schema.org\",\"@graph\":[{\"@type\":\"Article\",\"@id\":\"https:\\\/\\\/jornalbeirario.com.br\\\/portal\\\/?p=31030#article\",\"isPartOf\":{\"@id\":\"https:\\\/\\\/jornalbeirario.com.br\\\/portal\\\/?p=31030\"},\"author\":{\"name\":\"Jornal BEIRA-RIO\",\"@id\":\"https:\\\/\\\/jornalbeirario.com.br\\\/portal\\\/#\\\/schema\\\/person\\\/c6c423e4c2465d2a9233f6539173e7c1\"},\"headline\":\"La\u00eds Amaral\",\"datePublished\":\"2015-06-26T03:17:54+00:00\",\"dateModified\":\"2015-06-26T14:01:09+00:00\",\"mainEntityOfPage\":{\"@id\":\"https:\\\/\\\/jornalbeirario.com.br\\\/portal\\\/?p=31030\"},\"wordCount\":850,\"commentCount\":1,\"publisher\":{\"@id\":\"https:\\\/\\\/jornalbeirario.com.br\\\/portal\\\/#organization\"},\"articleSection\":[\"Social\"],\"inLanguage\":\"pt-BR\",\"potentialAction\":[{\"@type\":\"CommentAction\",\"name\":\"Comment\",\"target\":[\"https:\\\/\\\/jornalbeirario.com.br\\\/portal\\\/?p=31030#respond\"]}]},{\"@type\":\"WebPage\",\"@id\":\"https:\\\/\\\/jornalbeirario.com.br\\\/portal\\\/?p=31030\",\"url\":\"https:\\\/\\\/jornalbeirario.com.br\\\/portal\\\/?p=31030\",\"name\":\"La\u00eds Amaral - JORNAL BEIRA RIO\",\"isPartOf\":{\"@id\":\"https:\\\/\\\/jornalbeirario.com.br\\\/portal\\\/#website\"},\"datePublished\":\"2015-06-26T03:17:54+00:00\",\"dateModified\":\"2015-06-26T14:01:09+00:00\",\"breadcrumb\":{\"@id\":\"https:\\\/\\\/jornalbeirario.com.br\\\/portal\\\/?p=31030#breadcrumb\"},\"inLanguage\":\"pt-BR\",\"potentialAction\":[{\"@type\":\"ReadAction\",\"target\":[\"https:\\\/\\\/jornalbeirario.com.br\\\/portal\\\/?p=31030\"]}]},{\"@type\":\"BreadcrumbList\",\"@id\":\"https:\\\/\\\/jornalbeirario.com.br\\\/portal\\\/?p=31030#breadcrumb\",\"itemListElement\":[{\"@type\":\"ListItem\",\"position\":1,\"name\":\"Home\",\"item\":\"https:\\\/\\\/jornalbeirario.com.br\\\/portal\"},{\"@type\":\"ListItem\",\"position\":2,\"name\":\"La\u00eds Amaral\"}]},{\"@type\":\"WebSite\",\"@id\":\"https:\\\/\\\/jornalbeirario.com.br\\\/portal\\\/#website\",\"url\":\"https:\\\/\\\/jornalbeirario.com.br\\\/portal\\\/\",\"name\":\"JORNAL BEIRA RIO\",\"description\":\"\",\"publisher\":{\"@id\":\"https:\\\/\\\/jornalbeirario.com.br\\\/portal\\\/#organization\"},\"potentialAction\":[{\"@type\":\"SearchAction\",\"target\":{\"@type\":\"EntryPoint\",\"urlTemplate\":\"https:\\\/\\\/jornalbeirario.com.br\\\/portal\\\/?s={search_term_string}\"},\"query-input\":{\"@type\":\"PropertyValueSpecification\",\"valueRequired\":true,\"valueName\":\"search_term_string\"}}],\"inLanguage\":\"pt-BR\"},{\"@type\":\"Organization\",\"@id\":\"https:\\\/\\\/jornalbeirario.com.br\\\/portal\\\/#organization\",\"name\":\"JORNAL BEIRA RIO\",\"url\":\"https:\\\/\\\/jornalbeirario.com.br\\\/portal\\\/\",\"logo\":{\"@type\":\"ImageObject\",\"inLanguage\":\"pt-BR\",\"@id\":\"https:\\\/\\\/jornalbeirario.com.br\\\/portal\\\/#\\\/schema\\\/logo\\\/image\\\/\",\"url\":\"https:\\\/\\\/jornalbeirario.com.br\\\/portal\\\/wp-content\\\/uploads\\\/2017\\\/09\\\/BEIRA-RIO_logo600.png\",\"contentUrl\":\"https:\\\/\\\/jornalbeirario.com.br\\\/portal\\\/wp-content\\\/uploads\\\/2017\\\/09\\\/BEIRA-RIO_logo600.png\",\"width\":650,\"height\":108,\"caption\":\"JORNAL BEIRA RIO\"},\"image\":{\"@id\":\"https:\\\/\\\/jornalbeirario.com.br\\\/portal\\\/#\\\/schema\\\/logo\\\/image\\\/\"}},{\"@type\":\"Person\",\"@id\":\"https:\\\/\\\/jornalbeirario.com.br\\\/portal\\\/#\\\/schema\\\/person\\\/c6c423e4c2465d2a9233f6539173e7c1\",\"name\":\"Jornal BEIRA-RIO\",\"image\":{\"@type\":\"ImageObject\",\"inLanguage\":\"pt-BR\",\"@id\":\"https:\\\/\\\/jornalbeirario.com.br\\\/portal\\\/wp-content\\\/uploads\\\/2023\\\/10\\\/logojbr1.jpg\",\"url\":\"https:\\\/\\\/jornalbeirario.com.br\\\/portal\\\/wp-content\\\/uploads\\\/2023\\\/10\\\/logojbr1.jpg\",\"contentUrl\":\"https:\\\/\\\/jornalbeirario.com.br\\\/portal\\\/wp-content\\\/uploads\\\/2023\\\/10\\\/logojbr1.jpg\",\"caption\":\"Jornal BEIRA-RIO\"},\"url\":\"https:\\\/\\\/jornalbeirario.com.br\\\/portal\\\/?author=1\"}]}<\/script>\n<!-- \/ Yoast SEO plugin. -->","yoast_head_json":{"title":"La\u00eds Amaral - JORNAL BEIRA RIO","robots":{"index":"index","follow":"follow","max-snippet":"max-snippet:-1","max-image-preview":"max-image-preview:large","max-video-preview":"max-video-preview:-1"},"canonical":"https:\/\/jornalbeirario.com.br\/portal\/?p=31030","og_locale":"pt_BR","og_type":"article","og_title":"La\u00eds Amaral - JORNAL BEIRA RIO","og_description":"\u2018J\u00f4 Soares morra\u2019. Esse filme vem de longe (1) J\u00f4 Soares costuma acordar tarde, e quando se levantou na sexta passada, dia 19, certamente","og_url":"https:\/\/jornalbeirario.com.br\/portal\/?p=31030","og_site_name":"JORNAL BEIRA RIO","article_published_time":"2015-06-26T03:17:54+00:00","article_modified_time":"2015-06-26T14:01:09+00:00","author":"Jornal BEIRA-RIO","twitter_card":"summary_large_image","twitter_misc":{"Escrito por":"Jornal BEIRA-RIO","Est. tempo de leitura":"4 minutos"},"schema":{"@context":"https:\/\/schema.org","@graph":[{"@type":"Article","@id":"https:\/\/jornalbeirario.com.br\/portal\/?p=31030#article","isPartOf":{"@id":"https:\/\/jornalbeirario.com.br\/portal\/?p=31030"},"author":{"name":"Jornal BEIRA-RIO","@id":"https:\/\/jornalbeirario.com.br\/portal\/#\/schema\/person\/c6c423e4c2465d2a9233f6539173e7c1"},"headline":"La\u00eds Amaral","datePublished":"2015-06-26T03:17:54+00:00","dateModified":"2015-06-26T14:01:09+00:00","mainEntityOfPage":{"@id":"https:\/\/jornalbeirario.com.br\/portal\/?p=31030"},"wordCount":850,"commentCount":1,"publisher":{"@id":"https:\/\/jornalbeirario.com.br\/portal\/#organization"},"articleSection":["Social"],"inLanguage":"pt-BR","potentialAction":[{"@type":"CommentAction","name":"Comment","target":["https:\/\/jornalbeirario.com.br\/portal\/?p=31030#respond"]}]},{"@type":"WebPage","@id":"https:\/\/jornalbeirario.com.br\/portal\/?p=31030","url":"https:\/\/jornalbeirario.com.br\/portal\/?p=31030","name":"La\u00eds Amaral - JORNAL BEIRA RIO","isPartOf":{"@id":"https:\/\/jornalbeirario.com.br\/portal\/#website"},"datePublished":"2015-06-26T03:17:54+00:00","dateModified":"2015-06-26T14:01:09+00:00","breadcrumb":{"@id":"https:\/\/jornalbeirario.com.br\/portal\/?p=31030#breadcrumb"},"inLanguage":"pt-BR","potentialAction":[{"@type":"ReadAction","target":["https:\/\/jornalbeirario.com.br\/portal\/?p=31030"]}]},{"@type":"BreadcrumbList","@id":"https:\/\/jornalbeirario.com.br\/portal\/?p=31030#breadcrumb","itemListElement":[{"@type":"ListItem","position":1,"name":"Home","item":"https:\/\/jornalbeirario.com.br\/portal"},{"@type":"ListItem","position":2,"name":"La\u00eds Amaral"}]},{"@type":"WebSite","@id":"https:\/\/jornalbeirario.com.br\/portal\/#website","url":"https:\/\/jornalbeirario.com.br\/portal\/","name":"JORNAL BEIRA RIO","description":"","publisher":{"@id":"https:\/\/jornalbeirario.com.br\/portal\/#organization"},"potentialAction":[{"@type":"SearchAction","target":{"@type":"EntryPoint","urlTemplate":"https:\/\/jornalbeirario.com.br\/portal\/?s={search_term_string}"},"query-input":{"@type":"PropertyValueSpecification","valueRequired":true,"valueName":"search_term_string"}}],"inLanguage":"pt-BR"},{"@type":"Organization","@id":"https:\/\/jornalbeirario.com.br\/portal\/#organization","name":"JORNAL BEIRA RIO","url":"https:\/\/jornalbeirario.com.br\/portal\/","logo":{"@type":"ImageObject","inLanguage":"pt-BR","@id":"https:\/\/jornalbeirario.com.br\/portal\/#\/schema\/logo\/image\/","url":"https:\/\/jornalbeirario.com.br\/portal\/wp-content\/uploads\/2017\/09\/BEIRA-RIO_logo600.png","contentUrl":"https:\/\/jornalbeirario.com.br\/portal\/wp-content\/uploads\/2017\/09\/BEIRA-RIO_logo600.png","width":650,"height":108,"caption":"JORNAL BEIRA RIO"},"image":{"@id":"https:\/\/jornalbeirario.com.br\/portal\/#\/schema\/logo\/image\/"}},{"@type":"Person","@id":"https:\/\/jornalbeirario.com.br\/portal\/#\/schema\/person\/c6c423e4c2465d2a9233f6539173e7c1","name":"Jornal BEIRA-RIO","image":{"@type":"ImageObject","inLanguage":"pt-BR","@id":"https:\/\/jornalbeirario.com.br\/portal\/wp-content\/uploads\/2023\/10\/logojbr1.jpg","url":"https:\/\/jornalbeirario.com.br\/portal\/wp-content\/uploads\/2023\/10\/logojbr1.jpg","contentUrl":"https:\/\/jornalbeirario.com.br\/portal\/wp-content\/uploads\/2023\/10\/logojbr1.jpg","caption":"Jornal BEIRA-RIO"},"url":"https:\/\/jornalbeirario.com.br\/portal\/?author=1"}]}},"_links":{"self":[{"href":"https:\/\/jornalbeirario.com.br\/portal\/index.php?rest_route=\/wp\/v2\/posts\/31030","targetHints":{"allow":["GET"]}}],"collection":[{"href":"https:\/\/jornalbeirario.com.br\/portal\/index.php?rest_route=\/wp\/v2\/posts"}],"about":[{"href":"https:\/\/jornalbeirario.com.br\/portal\/index.php?rest_route=\/wp\/v2\/types\/post"}],"author":[{"embeddable":true,"href":"https:\/\/jornalbeirario.com.br\/portal\/index.php?rest_route=\/wp\/v2\/users\/1"}],"replies":[{"embeddable":true,"href":"https:\/\/jornalbeirario.com.br\/portal\/index.php?rest_route=%2Fwp%2Fv2%2Fcomments&post=31030"}],"version-history":[{"count":4,"href":"https:\/\/jornalbeirario.com.br\/portal\/index.php?rest_route=\/wp\/v2\/posts\/31030\/revisions"}],"predecessor-version":[{"id":31122,"href":"https:\/\/jornalbeirario.com.br\/portal\/index.php?rest_route=\/wp\/v2\/posts\/31030\/revisions\/31122"}],"wp:attachment":[{"href":"https:\/\/jornalbeirario.com.br\/portal\/index.php?rest_route=%2Fwp%2Fv2%2Fmedia&parent=31030"}],"wp:term":[{"taxonomy":"category","embeddable":true,"href":"https:\/\/jornalbeirario.com.br\/portal\/index.php?rest_route=%2Fwp%2Fv2%2Fcategories&post=31030"},{"taxonomy":"post_tag","embeddable":true,"href":"https:\/\/jornalbeirario.com.br\/portal\/index.php?rest_route=%2Fwp%2Fv2%2Ftags&post=31030"}],"curies":[{"name":"wp","href":"https:\/\/api.w.org\/{rel}","templated":true}]}}