
{"id":30957,"date":"2015-06-19T09:19:17","date_gmt":"2015-06-19T09:19:17","guid":{"rendered":"http:\/\/jornalbeirario.com.br\/portal\/portal\/?p=30957"},"modified":"2015-06-19T09:19:17","modified_gmt":"2015-06-19T09:19:17","slug":"lais-amaral-101","status":"publish","type":"post","link":"https:\/\/jornalbeirario.com.br\/portal\/?p=30957","title":{"rendered":"La\u00eds Amaral"},"content":{"rendered":"<p style=\"text-align: justify;\"><strong>FLIR foi um sucesso e vai ficar ainda melhor<\/strong><br \/>\nValeu o empenho da Look M\u00eddia (Adriana e Carlinhos) em colocar no ar a \u2018pipa\u2019 da Feira do Livro de Resende, que aconteceu semana passada no Parque de Exposi\u00e7\u00f5es. (Era um dos meus sonhos quando assumi a presid\u00eancia da Casa da Cultura, em 2009, mas desembarquei antes do tempo regulamentar e talvez n\u00e3o tivesse a compet\u00eancia que esses jovens empres\u00e1rios do ramo de eventos tiveram). A segunda FLIR vai ser ainda melhor tenho certeza, a ver pelo sucesso que foi essa primeira. Al\u00e9m dos livros, da presen\u00e7a de nomes que se destacam no setor liter\u00e1rio e da valoriza\u00e7\u00e3o dos autores locais, a variedade e diversidade de atra\u00e7\u00f5es para gente de todas as idades mereceu aplausos e elogios. Sem falar da aten\u00e7\u00e3o especial com a crian\u00e7ada. Os leitores, escritores e pensadores de amanh\u00e3. O objetivo principal dos organizadores em popularizar o livro foi apenas iniciado. Que bom. A semente foi plantada. Mais uma vez, parab\u00e9ns a Carlinhos, Adriana e toda a equipe respons\u00e1vel pela FLIR. Ano que vem tem mais.<\/p>\n<p style=\"text-align: justify;\"><strong>Resende Cidade do Turismo de Aventura<\/strong><br \/>\nN\u00e3o sei se os n\u00fameros j\u00e1 s\u00e3o oficiais, mas a movimenta\u00e7\u00e3o financeira no final de semana em que ocorreu a Corrida da Montanha, em Visconde de Mau\u00e1 (23 e 24 de maio), parece ter sido bem mais que satisfat\u00f3ria. Algo em torno de 4 milh\u00f5es de reais. A rede hoteleira foi praticamente toda ocupada, restaurantes e outros equipamentos tamb\u00e9m foram beneficiados com o evento. Uma tacada certa a parceria da Administra\u00e7\u00e3o Municipal, via Secretaria Municipal de Turismo, com a corrida que tem como nome de batismo: Corrida de Montanha Challenge Ultra Trail Agulhas Negras. Evento j\u00e1 considerado hoje como a maior corrida de montanhas realizadas no Brasil. \u00c9 mais uma lajota na constru\u00e7\u00e3o da marca do Turismo de Aventura em Resende. Essa iniciativa somada a outras atividades esportivas praticadas junto \u00e0 natureza (parapente, asa delta, balonismo, paraquedismo, montain bike entre outras) v\u00e3o delineando essa voca\u00e7\u00e3o de Resende, Cidade Aventura, pela qual a Secretaria de Turismo, comandada pelo Antonio Le\u00e3o vem se empenhando. Estamos no caminho certo. Resende n\u00e3o pode limitar sua economia apenas ao que Ind\u00fastria nos manda, que como estamos vendo, vive a merc\u00ea dos ventos que sopram nos quatro cantos do mundo globalizado, mudando sua sa\u00fade de tempos em tempos. O Turismo com a natureza respeitada, \u00e9 perene. E n\u00e3o polui (tanto).<\/p>\n<p style=\"text-align: justify;\"><strong>TRIPA<\/strong><br \/>\n* Amanh\u00e3 (dia 20) acontece a 9\u00aa Confer\u00eancia Municipal de Sa\u00fade, de Resende, na AEDB, das 8h \u00e0s 17h30min, e \u00e9 aberto ao p\u00fablico em geral. Entre outros t\u00f3picos, estar\u00e3o em discuss\u00e3o: a participa\u00e7\u00e3o social, valoriza\u00e7\u00e3o do trabalho e da educa\u00e7\u00e3o em sa\u00fade, direito \u00e0 sa\u00fade, garantia de acesso e aten\u00e7\u00e3o de qualidade, financiamento e gest\u00e3o do SUS e ci\u00eancia, tecnologia e inova\u00e7\u00e3o no SUS * O \u2018Brameiros\u2019 levantou mais um caneco domingo passado. O time foi o campe\u00e3o do So\u00e7aite Cinquent\u00e3o da AABB ao bater, nos p\u00eanaltis, a equipe do S\u00edtio. No tempo normal o jogo acabou em 2 x 2 com Rodolfo marcando os dois gols dos \u2018Brameiros\u2019. Na preliminar a Turma da Pelada conquistou o terceiro lugar ao derrotar o time do Ipiranga. \u00c9 futebol melhor do que se v\u00ea na TV * O Museu de Arte Moderna de Resende abriu nessa ter\u00e7a, dia 16, a exposi\u00e7\u00e3o \u201c\u00c1rvore e Madeira\u201d, com esculturas de Bi\u00e9 Hardman e Pinturas de Pedro Ferreira. A noite foi animada pela apresenta\u00e7\u00e3o do \u00f3timo Coral do Visconde, capitaneado pela M\u00e1rcia Patroc\u00ednio. Vale conferir os trabalhos dessa dupla * Domingo passado, dia 14, a Feira do Livro de Visconde de Mau\u00e1, (que est\u00e1 na 5\u00aa edi\u00e7\u00e3o e por isso n\u00e3o se diz que a FLIR \u00e9 a primeira feira de livros de Resende) contou com um convidado de peso. M\u00e1rcio Borges (da turma de m\u00fasicos mineiros do Clube da Esquina), que lan\u00e7ou o seu \u201cCartas da Humanidade\u201d. Legal * E o Centro Cultural Visconde de Mau\u00e1 junto com a Galeria Ambiente apresentam a exposi\u00e7\u00e3o \u201cP\u00e1ssaros, Flores e outros Sonhos\u201d Desenhos l\u00edricos e po\u00e9ticos, Esculturas em papier m\u00e2ch\u00e9, da artista Ana Cristina Maciel, que ser\u00e1 aberta amanh\u00e3, dia 20, a partir das 11h. A exposi\u00e7\u00e3o abre a programa\u00e7\u00e3o da \u201cFesta do Solst\u00edcio\u201d, que acontecer\u00e1 durante todo o s\u00e1bado, na Aldeia dos Imigrantes, celebrando a chegada do inverno * E viva o Inverno !!!<\/p>\n<p style=\"text-align: justify;\"><strong>ANIVERS\u00c1RIOS<\/strong><br \/>\nDia 12 mudaram de idade: a Nina Barros, o Nando Besouchet, a Neide Capistrano e a Eliana Andr\u00e9a.<br \/>\nNo dia 14 o Robinho Rabelo, a Isabela Lage, o Bruno Ferreira e o Z\u00e9 Leon inauguraram idade nova. Se meu pai n\u00e3o tivesse se apressado ano passado, estaria nessa rela\u00e7\u00e3o. Dia 16, comemoraram mais um ano de vida o Vin\u00edcius Lima e o Deleco Alves. E no dia 17 uma turma grande recebeu os \u2018parab\u00e9ns\u2019. Foram eles: Maciel Agnelo (do bar do Garniz\u00e9), a Karina Florenzano, o Tadeu Rachid, a Dirce e seu compadre Elimar Santos e a Ge\u00edza Monteiro. Parab\u00e9ns e todas as felicidades do mundo pra essa turma boa.<\/p>\n","protected":false},"excerpt":{"rendered":"<p>FLIR foi um sucesso e vai ficar ainda melhor Valeu o empenho da Look M\u00eddia (Adriana e Carlinhos) em colocar no ar a \u2018pipa\u2019<\/p>\n","protected":false},"author":1,"featured_media":0,"comment_status":"open","ping_status":"open","sticky":false,"template":"","format":"standard","meta":{"pmpro_default_level":"","footnotes":""},"categories":[13],"tags":[],"class_list":["post-30957","post","type-post","status-publish","format-standard","hentry","category-social","pmpro-has-access"],"yoast_head":"<!-- This site is optimized with the Yoast SEO plugin v27.4 - https:\/\/yoast.com\/product\/yoast-seo-wordpress\/ -->\n<title>La\u00eds Amaral - JORNAL BEIRA RIO<\/title>\n<meta name=\"robots\" content=\"index, follow, max-snippet:-1, max-image-preview:large, max-video-preview:-1\" \/>\n<link rel=\"canonical\" href=\"https:\/\/jornalbeirario.com.br\/portal\/?p=30957\" \/>\n<meta property=\"og:locale\" content=\"pt_BR\" \/>\n<meta property=\"og:type\" content=\"article\" \/>\n<meta property=\"og:title\" content=\"La\u00eds Amaral - JORNAL BEIRA RIO\" \/>\n<meta property=\"og:description\" content=\"FLIR foi um sucesso e vai ficar ainda melhor Valeu o empenho da Look M\u00eddia (Adriana e Carlinhos) em colocar no ar a \u2018pipa\u2019\" \/>\n<meta property=\"og:url\" content=\"https:\/\/jornalbeirario.com.br\/portal\/?p=30957\" \/>\n<meta property=\"og:site_name\" content=\"JORNAL BEIRA RIO\" \/>\n<meta property=\"article:published_time\" content=\"2015-06-19T09:19:17+00:00\" \/>\n<meta name=\"author\" content=\"Jornal BEIRA-RIO\" \/>\n<meta name=\"twitter:card\" content=\"summary_large_image\" \/>\n<meta name=\"twitter:label1\" content=\"Escrito por\" \/>\n\t<meta name=\"twitter:data1\" content=\"Jornal BEIRA-RIO\" \/>\n\t<meta name=\"twitter:label2\" content=\"Est. tempo de leitura\" \/>\n\t<meta name=\"twitter:data2\" content=\"4 minutos\" \/>\n<script type=\"application\/ld+json\" class=\"yoast-schema-graph\">{\"@context\":\"https:\\\/\\\/schema.org\",\"@graph\":[{\"@type\":\"Article\",\"@id\":\"https:\\\/\\\/jornalbeirario.com.br\\\/portal\\\/?p=30957#article\",\"isPartOf\":{\"@id\":\"https:\\\/\\\/jornalbeirario.com.br\\\/portal\\\/?p=30957\"},\"author\":{\"name\":\"Jornal BEIRA-RIO\",\"@id\":\"https:\\\/\\\/jornalbeirario.com.br\\\/portal\\\/#\\\/schema\\\/person\\\/c6c423e4c2465d2a9233f6539173e7c1\"},\"headline\":\"La\u00eds Amaral\",\"datePublished\":\"2015-06-19T09:19:17+00:00\",\"mainEntityOfPage\":{\"@id\":\"https:\\\/\\\/jornalbeirario.com.br\\\/portal\\\/?p=30957\"},\"wordCount\":880,\"commentCount\":0,\"publisher\":{\"@id\":\"https:\\\/\\\/jornalbeirario.com.br\\\/portal\\\/#organization\"},\"articleSection\":[\"Social\"],\"inLanguage\":\"pt-BR\",\"potentialAction\":[{\"@type\":\"CommentAction\",\"name\":\"Comment\",\"target\":[\"https:\\\/\\\/jornalbeirario.com.br\\\/portal\\\/?p=30957#respond\"]}]},{\"@type\":\"WebPage\",\"@id\":\"https:\\\/\\\/jornalbeirario.com.br\\\/portal\\\/?p=30957\",\"url\":\"https:\\\/\\\/jornalbeirario.com.br\\\/portal\\\/?p=30957\",\"name\":\"La\u00eds Amaral - JORNAL BEIRA RIO\",\"isPartOf\":{\"@id\":\"https:\\\/\\\/jornalbeirario.com.br\\\/portal\\\/#website\"},\"datePublished\":\"2015-06-19T09:19:17+00:00\",\"breadcrumb\":{\"@id\":\"https:\\\/\\\/jornalbeirario.com.br\\\/portal\\\/?p=30957#breadcrumb\"},\"inLanguage\":\"pt-BR\",\"potentialAction\":[{\"@type\":\"ReadAction\",\"target\":[\"https:\\\/\\\/jornalbeirario.com.br\\\/portal\\\/?p=30957\"]}]},{\"@type\":\"BreadcrumbList\",\"@id\":\"https:\\\/\\\/jornalbeirario.com.br\\\/portal\\\/?p=30957#breadcrumb\",\"itemListElement\":[{\"@type\":\"ListItem\",\"position\":1,\"name\":\"Home\",\"item\":\"https:\\\/\\\/jornalbeirario.com.br\\\/portal\"},{\"@type\":\"ListItem\",\"position\":2,\"name\":\"La\u00eds Amaral\"}]},{\"@type\":\"WebSite\",\"@id\":\"https:\\\/\\\/jornalbeirario.com.br\\\/portal\\\/#website\",\"url\":\"https:\\\/\\\/jornalbeirario.com.br\\\/portal\\\/\",\"name\":\"JORNAL BEIRA RIO\",\"description\":\"\",\"publisher\":{\"@id\":\"https:\\\/\\\/jornalbeirario.com.br\\\/portal\\\/#organization\"},\"potentialAction\":[{\"@type\":\"SearchAction\",\"target\":{\"@type\":\"EntryPoint\",\"urlTemplate\":\"https:\\\/\\\/jornalbeirario.com.br\\\/portal\\\/?s={search_term_string}\"},\"query-input\":{\"@type\":\"PropertyValueSpecification\",\"valueRequired\":true,\"valueName\":\"search_term_string\"}}],\"inLanguage\":\"pt-BR\"},{\"@type\":\"Organization\",\"@id\":\"https:\\\/\\\/jornalbeirario.com.br\\\/portal\\\/#organization\",\"name\":\"JORNAL BEIRA RIO\",\"url\":\"https:\\\/\\\/jornalbeirario.com.br\\\/portal\\\/\",\"logo\":{\"@type\":\"ImageObject\",\"inLanguage\":\"pt-BR\",\"@id\":\"https:\\\/\\\/jornalbeirario.com.br\\\/portal\\\/#\\\/schema\\\/logo\\\/image\\\/\",\"url\":\"https:\\\/\\\/jornalbeirario.com.br\\\/portal\\\/wp-content\\\/uploads\\\/2017\\\/09\\\/BEIRA-RIO_logo600.png\",\"contentUrl\":\"https:\\\/\\\/jornalbeirario.com.br\\\/portal\\\/wp-content\\\/uploads\\\/2017\\\/09\\\/BEIRA-RIO_logo600.png\",\"width\":650,\"height\":108,\"caption\":\"JORNAL BEIRA RIO\"},\"image\":{\"@id\":\"https:\\\/\\\/jornalbeirario.com.br\\\/portal\\\/#\\\/schema\\\/logo\\\/image\\\/\"}},{\"@type\":\"Person\",\"@id\":\"https:\\\/\\\/jornalbeirario.com.br\\\/portal\\\/#\\\/schema\\\/person\\\/c6c423e4c2465d2a9233f6539173e7c1\",\"name\":\"Jornal BEIRA-RIO\",\"image\":{\"@type\":\"ImageObject\",\"inLanguage\":\"pt-BR\",\"@id\":\"https:\\\/\\\/jornalbeirario.com.br\\\/portal\\\/wp-content\\\/uploads\\\/2023\\\/10\\\/logojbr1.jpg\",\"url\":\"https:\\\/\\\/jornalbeirario.com.br\\\/portal\\\/wp-content\\\/uploads\\\/2023\\\/10\\\/logojbr1.jpg\",\"contentUrl\":\"https:\\\/\\\/jornalbeirario.com.br\\\/portal\\\/wp-content\\\/uploads\\\/2023\\\/10\\\/logojbr1.jpg\",\"caption\":\"Jornal BEIRA-RIO\"},\"url\":\"https:\\\/\\\/jornalbeirario.com.br\\\/portal\\\/?author=1\"}]}<\/script>\n<!-- \/ Yoast SEO plugin. -->","yoast_head_json":{"title":"La\u00eds Amaral - JORNAL BEIRA RIO","robots":{"index":"index","follow":"follow","max-snippet":"max-snippet:-1","max-image-preview":"max-image-preview:large","max-video-preview":"max-video-preview:-1"},"canonical":"https:\/\/jornalbeirario.com.br\/portal\/?p=30957","og_locale":"pt_BR","og_type":"article","og_title":"La\u00eds Amaral - JORNAL BEIRA RIO","og_description":"FLIR foi um sucesso e vai ficar ainda melhor Valeu o empenho da Look M\u00eddia (Adriana e Carlinhos) em colocar no ar a \u2018pipa\u2019","og_url":"https:\/\/jornalbeirario.com.br\/portal\/?p=30957","og_site_name":"JORNAL BEIRA RIO","article_published_time":"2015-06-19T09:19:17+00:00","author":"Jornal BEIRA-RIO","twitter_card":"summary_large_image","twitter_misc":{"Escrito por":"Jornal BEIRA-RIO","Est. tempo de leitura":"4 minutos"},"schema":{"@context":"https:\/\/schema.org","@graph":[{"@type":"Article","@id":"https:\/\/jornalbeirario.com.br\/portal\/?p=30957#article","isPartOf":{"@id":"https:\/\/jornalbeirario.com.br\/portal\/?p=30957"},"author":{"name":"Jornal BEIRA-RIO","@id":"https:\/\/jornalbeirario.com.br\/portal\/#\/schema\/person\/c6c423e4c2465d2a9233f6539173e7c1"},"headline":"La\u00eds Amaral","datePublished":"2015-06-19T09:19:17+00:00","mainEntityOfPage":{"@id":"https:\/\/jornalbeirario.com.br\/portal\/?p=30957"},"wordCount":880,"commentCount":0,"publisher":{"@id":"https:\/\/jornalbeirario.com.br\/portal\/#organization"},"articleSection":["Social"],"inLanguage":"pt-BR","potentialAction":[{"@type":"CommentAction","name":"Comment","target":["https:\/\/jornalbeirario.com.br\/portal\/?p=30957#respond"]}]},{"@type":"WebPage","@id":"https:\/\/jornalbeirario.com.br\/portal\/?p=30957","url":"https:\/\/jornalbeirario.com.br\/portal\/?p=30957","name":"La\u00eds Amaral - JORNAL BEIRA RIO","isPartOf":{"@id":"https:\/\/jornalbeirario.com.br\/portal\/#website"},"datePublished":"2015-06-19T09:19:17+00:00","breadcrumb":{"@id":"https:\/\/jornalbeirario.com.br\/portal\/?p=30957#breadcrumb"},"inLanguage":"pt-BR","potentialAction":[{"@type":"ReadAction","target":["https:\/\/jornalbeirario.com.br\/portal\/?p=30957"]}]},{"@type":"BreadcrumbList","@id":"https:\/\/jornalbeirario.com.br\/portal\/?p=30957#breadcrumb","itemListElement":[{"@type":"ListItem","position":1,"name":"Home","item":"https:\/\/jornalbeirario.com.br\/portal"},{"@type":"ListItem","position":2,"name":"La\u00eds Amaral"}]},{"@type":"WebSite","@id":"https:\/\/jornalbeirario.com.br\/portal\/#website","url":"https:\/\/jornalbeirario.com.br\/portal\/","name":"JORNAL BEIRA RIO","description":"","publisher":{"@id":"https:\/\/jornalbeirario.com.br\/portal\/#organization"},"potentialAction":[{"@type":"SearchAction","target":{"@type":"EntryPoint","urlTemplate":"https:\/\/jornalbeirario.com.br\/portal\/?s={search_term_string}"},"query-input":{"@type":"PropertyValueSpecification","valueRequired":true,"valueName":"search_term_string"}}],"inLanguage":"pt-BR"},{"@type":"Organization","@id":"https:\/\/jornalbeirario.com.br\/portal\/#organization","name":"JORNAL BEIRA RIO","url":"https:\/\/jornalbeirario.com.br\/portal\/","logo":{"@type":"ImageObject","inLanguage":"pt-BR","@id":"https:\/\/jornalbeirario.com.br\/portal\/#\/schema\/logo\/image\/","url":"https:\/\/jornalbeirario.com.br\/portal\/wp-content\/uploads\/2017\/09\/BEIRA-RIO_logo600.png","contentUrl":"https:\/\/jornalbeirario.com.br\/portal\/wp-content\/uploads\/2017\/09\/BEIRA-RIO_logo600.png","width":650,"height":108,"caption":"JORNAL BEIRA RIO"},"image":{"@id":"https:\/\/jornalbeirario.com.br\/portal\/#\/schema\/logo\/image\/"}},{"@type":"Person","@id":"https:\/\/jornalbeirario.com.br\/portal\/#\/schema\/person\/c6c423e4c2465d2a9233f6539173e7c1","name":"Jornal BEIRA-RIO","image":{"@type":"ImageObject","inLanguage":"pt-BR","@id":"https:\/\/jornalbeirario.com.br\/portal\/wp-content\/uploads\/2023\/10\/logojbr1.jpg","url":"https:\/\/jornalbeirario.com.br\/portal\/wp-content\/uploads\/2023\/10\/logojbr1.jpg","contentUrl":"https:\/\/jornalbeirario.com.br\/portal\/wp-content\/uploads\/2023\/10\/logojbr1.jpg","caption":"Jornal BEIRA-RIO"},"url":"https:\/\/jornalbeirario.com.br\/portal\/?author=1"}]}},"_links":{"self":[{"href":"https:\/\/jornalbeirario.com.br\/portal\/index.php?rest_route=\/wp\/v2\/posts\/30957","targetHints":{"allow":["GET"]}}],"collection":[{"href":"https:\/\/jornalbeirario.com.br\/portal\/index.php?rest_route=\/wp\/v2\/posts"}],"about":[{"href":"https:\/\/jornalbeirario.com.br\/portal\/index.php?rest_route=\/wp\/v2\/types\/post"}],"author":[{"embeddable":true,"href":"https:\/\/jornalbeirario.com.br\/portal\/index.php?rest_route=\/wp\/v2\/users\/1"}],"replies":[{"embeddable":true,"href":"https:\/\/jornalbeirario.com.br\/portal\/index.php?rest_route=%2Fwp%2Fv2%2Fcomments&post=30957"}],"version-history":[{"count":2,"href":"https:\/\/jornalbeirario.com.br\/portal\/index.php?rest_route=\/wp\/v2\/posts\/30957\/revisions"}],"predecessor-version":[{"id":30977,"href":"https:\/\/jornalbeirario.com.br\/portal\/index.php?rest_route=\/wp\/v2\/posts\/30957\/revisions\/30977"}],"wp:attachment":[{"href":"https:\/\/jornalbeirario.com.br\/portal\/index.php?rest_route=%2Fwp%2Fv2%2Fmedia&parent=30957"}],"wp:term":[{"taxonomy":"category","embeddable":true,"href":"https:\/\/jornalbeirario.com.br\/portal\/index.php?rest_route=%2Fwp%2Fv2%2Fcategories&post=30957"},{"taxonomy":"post_tag","embeddable":true,"href":"https:\/\/jornalbeirario.com.br\/portal\/index.php?rest_route=%2Fwp%2Fv2%2Ftags&post=30957"}],"curies":[{"name":"wp","href":"https:\/\/api.w.org\/{rel}","templated":true}]}}