
{"id":30944,"date":"2015-06-19T09:11:29","date_gmt":"2015-06-19T09:11:29","guid":{"rendered":"http:\/\/jornalbeirario.com.br\/portal\/portal\/?p=30944"},"modified":"2015-06-19T09:11:29","modified_gmt":"2015-06-19T09:11:29","slug":"quem-pensa-um-convite","status":"publish","type":"post","link":"https:\/\/jornalbeirario.com.br\/portal\/?p=30944","title":{"rendered":"QUEM PENSA? Um convite!"},"content":{"rendered":"<p style=\"text-align: justify;\">Essa semana meu editorial \u00e9 um convite para voc\u00ea leitor que se preocupa com a sa\u00fade do munic\u00edpio de Resende. Pol\u00edticas p\u00fablicas de sa\u00fade n\u00e3o se compram em lojas. Precisamos constru\u00ed-las e para isso precisamos nos chegar mais perto de onde essas pol\u00edticas s\u00e3o elaboradas. Caro leitor e cara leitora que me acompanha por essas linhas, aceite meu convite. S\u00e1bado, dia 20, na AEDB estaremos reunidos de 8 \u00e0s 17h30 para este momento de elabora\u00e7\u00e3o na 9\u00aa Confer\u00eancia Municipal de Sa\u00fade. Entrada franca. Venha nos ajudar.<\/p>\n<p style=\"text-align: justify;\">A Confer\u00eancia \u00e9 para voc\u00ea que reclama, na maioria das vezes com muita raz\u00e3o da falta de qualidade da sa\u00fade; para voc\u00ea que j\u00e1 foi mal ou bem atendido nas unidades de sa\u00fade de Resende; para voc\u00ea que apesar de ter plano de sa\u00fade privado j\u00e1 precisou in\u00fameras vezes do SUS; para voc\u00ea que ainda n\u00e3o precisou \u2013 \u00e9 um felizardo hein? &#8211; mas que tem uma vis\u00e3o coletiva e sabe a necessidade de quem precisa; para voc\u00ea que esperou meses para ser atendido por um especialista ou fazer um exame; para voc\u00ea que tenta um tratamento e at\u00e9 hoje n\u00e3o conseguiu; para voc\u00ea que conhece um vereador e acredita que ele pode dar um jeitinho para voc\u00ea; para voc\u00ea que acha que nada presta, tudo t\u00e1 uma bosta, mas ainda assim gostaria que as coisas funcionassem; para voc\u00ea que aprendeu a reconhecer a import\u00e2ncia do SUS e a defend\u00ea-lo.<\/p>\n<p style=\"text-align: justify;\">Essa Confer\u00eancia \u00e9 aberta para voc\u00ea que mesmo numa enfermaria de hospital sentiu o carinho e a compet\u00eancia dos m\u00e9dicos e enfermeiras; para voc\u00ea que teve horas, que sozinho, num leito de hospital, achou que ia morrer sozinho, porque n\u00e3o tinha quem lhe desse a m\u00e3o; para voc\u00ea que j\u00e1 foi tratado com total desprezo por profissionais que t\u00eam diploma e tudo que voc\u00ea esperava era uma ausculta ou uma palavra tipo \u201cvoc\u00ea ficar\u00e1 bem. Vou cuidar de voc\u00ea\u201d; para voc\u00ea que \u00e9 trabalhador da sa\u00fade e se desdobra em mais de um emprego e n\u00e3o v\u00ea o SUS olhar para voc\u00ea; para voc\u00ea m\u00e9dico que muitas vezes deixa um aperfei\u00e7oamento para n\u00e3o abandonar seus pacientes; para voc\u00ea gestor que v\u00ea pouco dinheiro e muita coisa para fazer.<\/p>\n<p style=\"text-align: justify;\">O SUS \u00e9 para todos n\u00f3s. Vamos sair da zona de conforto e ir l\u00e1 e depois acompanhar a aplica\u00e7\u00e3o destas pol\u00edticas sejam no munic\u00edpio, no estado e\/ou no pa\u00eds. O assunto participa\u00e7\u00e3o social n\u00e3o \u00e9 o dos mais atraentes, mas \u00e9 o meu favorito e penso que podemos ampliar essa participa\u00e7\u00e3o a partir dos conselhos municipais, assim como dos movimentos populares e ohttpzados.<\/p>\n<p style=\"text-align: justify;\">\n<p style=\"text-align: justify;\">No site cms.smsresende.com.br\u00a0voc\u00ea pode fazer sua inscri\u00e7\u00e3o. \u00c9 s\u00f3 acessar, preencher o formul\u00e1rio e chegar 8h no s\u00e1bado. Vamos ter um dia agrad\u00e1vel. No local ser\u00e3o servidos o caf\u00e9 e almo\u00e7o. Teremos tempo para conversar. Espero voc\u00eas l\u00e1!<\/p>\n<p style=\"text-align: justify;\">Ana L\u00facia<br \/>\neditora do jornal <strong>BEIRA-RIO<\/strong><br \/>\npresidente do Conselho Municipal de Sa\u00fade de Resende<br \/>\nanalucia@jornalbeirario.com.br<\/p>\n","protected":false},"excerpt":{"rendered":"<p>Essa semana meu editorial \u00e9 um convite para voc\u00ea leitor que se preocupa com a sa\u00fade do munic\u00edpio de Resende. Pol\u00edticas p\u00fablicas de sa\u00fade<\/p>\n","protected":false},"author":1,"featured_media":0,"comment_status":"open","ping_status":"open","sticky":false,"template":"","format":"standard","meta":{"pmpro_default_level":"","footnotes":""},"categories":[8],"tags":[],"class_list":["post-30944","post","type-post","status-publish","format-standard","hentry","category-opiniao","pmpro-has-access"],"yoast_head":"<!-- This site is optimized with the Yoast SEO plugin v27.4 - https:\/\/yoast.com\/product\/yoast-seo-wordpress\/ -->\n<title>QUEM PENSA? Um convite! - JORNAL BEIRA RIO<\/title>\n<meta name=\"robots\" content=\"index, follow, max-snippet:-1, max-image-preview:large, max-video-preview:-1\" \/>\n<link rel=\"canonical\" href=\"https:\/\/jornalbeirario.com.br\/portal\/?p=30944\" \/>\n<meta property=\"og:locale\" content=\"pt_BR\" \/>\n<meta property=\"og:type\" content=\"article\" \/>\n<meta property=\"og:title\" content=\"QUEM PENSA? Um convite! - JORNAL BEIRA RIO\" \/>\n<meta property=\"og:description\" content=\"Essa semana meu editorial \u00e9 um convite para voc\u00ea leitor que se preocupa com a sa\u00fade do munic\u00edpio de Resende. Pol\u00edticas p\u00fablicas de sa\u00fade\" \/>\n<meta property=\"og:url\" content=\"https:\/\/jornalbeirario.com.br\/portal\/?p=30944\" \/>\n<meta property=\"og:site_name\" content=\"JORNAL BEIRA RIO\" \/>\n<meta property=\"article:published_time\" content=\"2015-06-19T09:11:29+00:00\" \/>\n<meta name=\"author\" content=\"Jornal BEIRA-RIO\" \/>\n<meta name=\"twitter:card\" content=\"summary_large_image\" \/>\n<meta name=\"twitter:label1\" content=\"Escrito por\" \/>\n\t<meta name=\"twitter:data1\" content=\"Jornal BEIRA-RIO\" \/>\n\t<meta name=\"twitter:label2\" content=\"Est. tempo de leitura\" \/>\n\t<meta name=\"twitter:data2\" content=\"3 minutos\" \/>\n<script type=\"application\/ld+json\" class=\"yoast-schema-graph\">{\"@context\":\"https:\\\/\\\/schema.org\",\"@graph\":[{\"@type\":\"Article\",\"@id\":\"https:\\\/\\\/jornalbeirario.com.br\\\/portal\\\/?p=30944#article\",\"isPartOf\":{\"@id\":\"https:\\\/\\\/jornalbeirario.com.br\\\/portal\\\/?p=30944\"},\"author\":{\"name\":\"Jornal BEIRA-RIO\",\"@id\":\"https:\\\/\\\/jornalbeirario.com.br\\\/portal\\\/#\\\/schema\\\/person\\\/c6c423e4c2465d2a9233f6539173e7c1\"},\"headline\":\"QUEM PENSA? Um convite!\",\"datePublished\":\"2015-06-19T09:11:29+00:00\",\"mainEntityOfPage\":{\"@id\":\"https:\\\/\\\/jornalbeirario.com.br\\\/portal\\\/?p=30944\"},\"wordCount\":532,\"commentCount\":0,\"publisher\":{\"@id\":\"https:\\\/\\\/jornalbeirario.com.br\\\/portal\\\/#organization\"},\"articleSection\":[\"Opini\u00e3o\"],\"inLanguage\":\"pt-BR\",\"potentialAction\":[{\"@type\":\"CommentAction\",\"name\":\"Comment\",\"target\":[\"https:\\\/\\\/jornalbeirario.com.br\\\/portal\\\/?p=30944#respond\"]}]},{\"@type\":\"WebPage\",\"@id\":\"https:\\\/\\\/jornalbeirario.com.br\\\/portal\\\/?p=30944\",\"url\":\"https:\\\/\\\/jornalbeirario.com.br\\\/portal\\\/?p=30944\",\"name\":\"QUEM PENSA? Um convite! - JORNAL BEIRA RIO\",\"isPartOf\":{\"@id\":\"https:\\\/\\\/jornalbeirario.com.br\\\/portal\\\/#website\"},\"datePublished\":\"2015-06-19T09:11:29+00:00\",\"breadcrumb\":{\"@id\":\"https:\\\/\\\/jornalbeirario.com.br\\\/portal\\\/?p=30944#breadcrumb\"},\"inLanguage\":\"pt-BR\",\"potentialAction\":[{\"@type\":\"ReadAction\",\"target\":[\"https:\\\/\\\/jornalbeirario.com.br\\\/portal\\\/?p=30944\"]}]},{\"@type\":\"BreadcrumbList\",\"@id\":\"https:\\\/\\\/jornalbeirario.com.br\\\/portal\\\/?p=30944#breadcrumb\",\"itemListElement\":[{\"@type\":\"ListItem\",\"position\":1,\"name\":\"Home\",\"item\":\"https:\\\/\\\/jornalbeirario.com.br\\\/portal\"},{\"@type\":\"ListItem\",\"position\":2,\"name\":\"QUEM PENSA? Um convite!\"}]},{\"@type\":\"WebSite\",\"@id\":\"https:\\\/\\\/jornalbeirario.com.br\\\/portal\\\/#website\",\"url\":\"https:\\\/\\\/jornalbeirario.com.br\\\/portal\\\/\",\"name\":\"JORNAL BEIRA RIO\",\"description\":\"\",\"publisher\":{\"@id\":\"https:\\\/\\\/jornalbeirario.com.br\\\/portal\\\/#organization\"},\"potentialAction\":[{\"@type\":\"SearchAction\",\"target\":{\"@type\":\"EntryPoint\",\"urlTemplate\":\"https:\\\/\\\/jornalbeirario.com.br\\\/portal\\\/?s={search_term_string}\"},\"query-input\":{\"@type\":\"PropertyValueSpecification\",\"valueRequired\":true,\"valueName\":\"search_term_string\"}}],\"inLanguage\":\"pt-BR\"},{\"@type\":\"Organization\",\"@id\":\"https:\\\/\\\/jornalbeirario.com.br\\\/portal\\\/#organization\",\"name\":\"JORNAL BEIRA RIO\",\"url\":\"https:\\\/\\\/jornalbeirario.com.br\\\/portal\\\/\",\"logo\":{\"@type\":\"ImageObject\",\"inLanguage\":\"pt-BR\",\"@id\":\"https:\\\/\\\/jornalbeirario.com.br\\\/portal\\\/#\\\/schema\\\/logo\\\/image\\\/\",\"url\":\"https:\\\/\\\/jornalbeirario.com.br\\\/portal\\\/wp-content\\\/uploads\\\/2017\\\/09\\\/BEIRA-RIO_logo600.png\",\"contentUrl\":\"https:\\\/\\\/jornalbeirario.com.br\\\/portal\\\/wp-content\\\/uploads\\\/2017\\\/09\\\/BEIRA-RIO_logo600.png\",\"width\":650,\"height\":108,\"caption\":\"JORNAL BEIRA RIO\"},\"image\":{\"@id\":\"https:\\\/\\\/jornalbeirario.com.br\\\/portal\\\/#\\\/schema\\\/logo\\\/image\\\/\"}},{\"@type\":\"Person\",\"@id\":\"https:\\\/\\\/jornalbeirario.com.br\\\/portal\\\/#\\\/schema\\\/person\\\/c6c423e4c2465d2a9233f6539173e7c1\",\"name\":\"Jornal BEIRA-RIO\",\"image\":{\"@type\":\"ImageObject\",\"inLanguage\":\"pt-BR\",\"@id\":\"https:\\\/\\\/jornalbeirario.com.br\\\/portal\\\/wp-content\\\/uploads\\\/2023\\\/10\\\/logojbr1.jpg\",\"url\":\"https:\\\/\\\/jornalbeirario.com.br\\\/portal\\\/wp-content\\\/uploads\\\/2023\\\/10\\\/logojbr1.jpg\",\"contentUrl\":\"https:\\\/\\\/jornalbeirario.com.br\\\/portal\\\/wp-content\\\/uploads\\\/2023\\\/10\\\/logojbr1.jpg\",\"caption\":\"Jornal BEIRA-RIO\"},\"url\":\"https:\\\/\\\/jornalbeirario.com.br\\\/portal\\\/?author=1\"}]}<\/script>\n<!-- \/ Yoast SEO plugin. -->","yoast_head_json":{"title":"QUEM PENSA? Um convite! - JORNAL BEIRA RIO","robots":{"index":"index","follow":"follow","max-snippet":"max-snippet:-1","max-image-preview":"max-image-preview:large","max-video-preview":"max-video-preview:-1"},"canonical":"https:\/\/jornalbeirario.com.br\/portal\/?p=30944","og_locale":"pt_BR","og_type":"article","og_title":"QUEM PENSA? Um convite! - JORNAL BEIRA RIO","og_description":"Essa semana meu editorial \u00e9 um convite para voc\u00ea leitor que se preocupa com a sa\u00fade do munic\u00edpio de Resende. Pol\u00edticas p\u00fablicas de sa\u00fade","og_url":"https:\/\/jornalbeirario.com.br\/portal\/?p=30944","og_site_name":"JORNAL BEIRA RIO","article_published_time":"2015-06-19T09:11:29+00:00","author":"Jornal BEIRA-RIO","twitter_card":"summary_large_image","twitter_misc":{"Escrito por":"Jornal BEIRA-RIO","Est. tempo de leitura":"3 minutos"},"schema":{"@context":"https:\/\/schema.org","@graph":[{"@type":"Article","@id":"https:\/\/jornalbeirario.com.br\/portal\/?p=30944#article","isPartOf":{"@id":"https:\/\/jornalbeirario.com.br\/portal\/?p=30944"},"author":{"name":"Jornal BEIRA-RIO","@id":"https:\/\/jornalbeirario.com.br\/portal\/#\/schema\/person\/c6c423e4c2465d2a9233f6539173e7c1"},"headline":"QUEM PENSA? Um convite!","datePublished":"2015-06-19T09:11:29+00:00","mainEntityOfPage":{"@id":"https:\/\/jornalbeirario.com.br\/portal\/?p=30944"},"wordCount":532,"commentCount":0,"publisher":{"@id":"https:\/\/jornalbeirario.com.br\/portal\/#organization"},"articleSection":["Opini\u00e3o"],"inLanguage":"pt-BR","potentialAction":[{"@type":"CommentAction","name":"Comment","target":["https:\/\/jornalbeirario.com.br\/portal\/?p=30944#respond"]}]},{"@type":"WebPage","@id":"https:\/\/jornalbeirario.com.br\/portal\/?p=30944","url":"https:\/\/jornalbeirario.com.br\/portal\/?p=30944","name":"QUEM PENSA? Um convite! - JORNAL BEIRA RIO","isPartOf":{"@id":"https:\/\/jornalbeirario.com.br\/portal\/#website"},"datePublished":"2015-06-19T09:11:29+00:00","breadcrumb":{"@id":"https:\/\/jornalbeirario.com.br\/portal\/?p=30944#breadcrumb"},"inLanguage":"pt-BR","potentialAction":[{"@type":"ReadAction","target":["https:\/\/jornalbeirario.com.br\/portal\/?p=30944"]}]},{"@type":"BreadcrumbList","@id":"https:\/\/jornalbeirario.com.br\/portal\/?p=30944#breadcrumb","itemListElement":[{"@type":"ListItem","position":1,"name":"Home","item":"https:\/\/jornalbeirario.com.br\/portal"},{"@type":"ListItem","position":2,"name":"QUEM PENSA? Um convite!"}]},{"@type":"WebSite","@id":"https:\/\/jornalbeirario.com.br\/portal\/#website","url":"https:\/\/jornalbeirario.com.br\/portal\/","name":"JORNAL BEIRA RIO","description":"","publisher":{"@id":"https:\/\/jornalbeirario.com.br\/portal\/#organization"},"potentialAction":[{"@type":"SearchAction","target":{"@type":"EntryPoint","urlTemplate":"https:\/\/jornalbeirario.com.br\/portal\/?s={search_term_string}"},"query-input":{"@type":"PropertyValueSpecification","valueRequired":true,"valueName":"search_term_string"}}],"inLanguage":"pt-BR"},{"@type":"Organization","@id":"https:\/\/jornalbeirario.com.br\/portal\/#organization","name":"JORNAL BEIRA RIO","url":"https:\/\/jornalbeirario.com.br\/portal\/","logo":{"@type":"ImageObject","inLanguage":"pt-BR","@id":"https:\/\/jornalbeirario.com.br\/portal\/#\/schema\/logo\/image\/","url":"https:\/\/jornalbeirario.com.br\/portal\/wp-content\/uploads\/2017\/09\/BEIRA-RIO_logo600.png","contentUrl":"https:\/\/jornalbeirario.com.br\/portal\/wp-content\/uploads\/2017\/09\/BEIRA-RIO_logo600.png","width":650,"height":108,"caption":"JORNAL BEIRA RIO"},"image":{"@id":"https:\/\/jornalbeirario.com.br\/portal\/#\/schema\/logo\/image\/"}},{"@type":"Person","@id":"https:\/\/jornalbeirario.com.br\/portal\/#\/schema\/person\/c6c423e4c2465d2a9233f6539173e7c1","name":"Jornal BEIRA-RIO","image":{"@type":"ImageObject","inLanguage":"pt-BR","@id":"https:\/\/jornalbeirario.com.br\/portal\/wp-content\/uploads\/2023\/10\/logojbr1.jpg","url":"https:\/\/jornalbeirario.com.br\/portal\/wp-content\/uploads\/2023\/10\/logojbr1.jpg","contentUrl":"https:\/\/jornalbeirario.com.br\/portal\/wp-content\/uploads\/2023\/10\/logojbr1.jpg","caption":"Jornal BEIRA-RIO"},"url":"https:\/\/jornalbeirario.com.br\/portal\/?author=1"}]}},"_links":{"self":[{"href":"https:\/\/jornalbeirario.com.br\/portal\/index.php?rest_route=\/wp\/v2\/posts\/30944","targetHints":{"allow":["GET"]}}],"collection":[{"href":"https:\/\/jornalbeirario.com.br\/portal\/index.php?rest_route=\/wp\/v2\/posts"}],"about":[{"href":"https:\/\/jornalbeirario.com.br\/portal\/index.php?rest_route=\/wp\/v2\/types\/post"}],"author":[{"embeddable":true,"href":"https:\/\/jornalbeirario.com.br\/portal\/index.php?rest_route=\/wp\/v2\/users\/1"}],"replies":[{"embeddable":true,"href":"https:\/\/jornalbeirario.com.br\/portal\/index.php?rest_route=%2Fwp%2Fv2%2Fcomments&post=30944"}],"version-history":[{"count":2,"href":"https:\/\/jornalbeirario.com.br\/portal\/index.php?rest_route=\/wp\/v2\/posts\/30944\/revisions"}],"predecessor-version":[{"id":30975,"href":"https:\/\/jornalbeirario.com.br\/portal\/index.php?rest_route=\/wp\/v2\/posts\/30944\/revisions\/30975"}],"wp:attachment":[{"href":"https:\/\/jornalbeirario.com.br\/portal\/index.php?rest_route=%2Fwp%2Fv2%2Fmedia&parent=30944"}],"wp:term":[{"taxonomy":"category","embeddable":true,"href":"https:\/\/jornalbeirario.com.br\/portal\/index.php?rest_route=%2Fwp%2Fv2%2Fcategories&post=30944"},{"taxonomy":"post_tag","embeddable":true,"href":"https:\/\/jornalbeirario.com.br\/portal\/index.php?rest_route=%2Fwp%2Fv2%2Ftags&post=30944"}],"curies":[{"name":"wp","href":"https:\/\/api.w.org\/{rel}","templated":true}]}}