
{"id":30782,"date":"2015-06-12T04:33:53","date_gmt":"2015-06-12T04:33:53","guid":{"rendered":"http:\/\/jornalbeirario.com.br\/portal\/portal\/?p=30782"},"modified":"2015-06-12T04:33:53","modified_gmt":"2015-06-12T04:33:53","slug":"lais-amaral-100","status":"publish","type":"post","link":"https:\/\/jornalbeirario.com.br\/portal\/?p=30782","title":{"rendered":"La\u00eds Amaral"},"content":{"rendered":"<p style=\"text-align: justify;\"><strong>Feira de Livro de Resende come\u00e7a hoje (sexta) no Parque de Exposi\u00e7\u00f5es<\/strong><br \/>\nCome\u00e7a hoje (sexta, dia 12) e segue at\u00e9 domingo (14) a Feira do Livro de Resende (FLIR) no Parque de Exposi\u00e7\u00f5es. Estar\u00e3o expostas obras de todos os G\u00eaneros e ser\u00e3o promovidas dezenas de atividades gratuitas para p\u00fablicos de todas as faixas et\u00e1rias por meio da programa\u00e7\u00e3o cultural, que conta com escritores, ilustradores e contadores de hist\u00f3rias, entre outros convidados. Diversas livrarias e editoras marcar\u00e3o presen\u00e7a com novidades editoriais e \u00f3timos pre\u00e7os. O objetivo principal dos organizadores \u00e9 popularizar o livro por meio \u201cda democratiza\u00e7\u00e3o do acesso \u00e0 leitura, fomentando a arte e a cultura em nossa cidade, e apoiando, tamb\u00e9m, o mercado do setor\u201d. Claudionor Rosa estar\u00e1 lan\u00e7ando o livro sobre a hist\u00f3ria de Resende, \u201cRecordar \u00e9 viver \u2013 1898 &#8211; 1968\u201d, escrito por Joaquim Maia. A venda ser\u00e1 destinada ao jovem Armando Cunha que estuda engenharia em Niter\u00f3i e tem dificuldade para se locomover. Outros escritores locais estar\u00e3o presentes, e eu estarei lan\u00e7ando a Revista de Ler:\u00a0 DINOSSAURO. Mais informa\u00e7\u00f5es sobre a FLIR:\u00a0 www.feiradolivroderesende.com<\/p>\n<p><strong>S\u00e1bado que vem tem confer\u00eancia de Sa\u00fade em Resende: \u201cO SUS \u00e9 Nosso\u201d<\/strong><br \/>\nNum momento em que o Sistema \u00danico de Sa\u00fade (SUS) parece ser um alvo cada vez mais n\u00edtido na al\u00e7a de mira dos empres\u00e1rios da sa\u00fade, inclusive os estrangeiros, \u00e9 importante discutirmos a melhoria e o fortalecimento desse servi\u00e7o. \u00c9 fundamental entendermos o SUS como uma conquista da sociedade e da qual n\u00e3o vamos abrir m\u00e3o. O sistema universal de sa\u00fade p\u00fablica \u00e9 uma das bandeiras do presidente norte-americano, que j\u00e1 no segundo mandato n\u00e3o consegue implant\u00e1-lo. Obama enfrenta um congresso feroz, dominado pelos lobistas das empresas privadas de sa\u00fade (planos de sa\u00fade, ou seguros de sa\u00fade, como chamam l\u00e1). Hoje cerca de 40 milh\u00f5es de americanos n\u00e3o tem acesso \u00e0 sa\u00fade. Sem plano, sem m\u00e9dico. O nosso Congresso tem hoje um n\u00famero grande de deputados e senadores sens\u00edveis a lobistas e dispostos a entregar o SUS aos empres\u00e1rios. N\u00e3o podemos deixar. Tamb\u00e9m por isso \u00e9 importante que participemos no pr\u00f3ximo s\u00e1bado, dia 20, da 9\u00aa Confer\u00eancia Municipal de Sa\u00fade, de Resende, na AEDB. Um momento importante tamb\u00e9m para pensar e discutir a presta\u00e7\u00e3o de servi\u00e7os na \u00e1rea da sa\u00fade p\u00fablica no munic\u00edpio. O evento vai das 8 \u00e0s 17h30min, e \u00e9 aberto ao p\u00fablico em geral. As inscri\u00e7\u00f5es s\u00e3o gratuitas e podem ser feitas at\u00e9 dia 18, por e-mail (conselho.resende@gmail.com) ou na sede do Conselho de Sa\u00fade, ao lado do Hemon\u00facleo (Hospital de Emerg\u00eancia). Tel: 3360-6454. Participe, ser\u00e3o eleitos delegados para as confer\u00eancias estadual e federal.<\/p>\n<p><strong>TRIPA<\/strong><br \/>\n* Domingo \u00e9 dia de final no So\u00e7aite Cinquent\u00e3o da AABB. Brameiros X S\u00edtio fazem \u00e0s 10h15min a grande decis\u00e3o. Na preliminar a Turma da Pelada e o Ipiranga disputam o terceiro lugar. Os finalistas chegaram \u00e0 grande decis\u00e3o depois de dois jogos nas semifinais: Brameiros 1 X 0 Turma da Pelada (depois 1 X 1). Sitio 2 X 2 Ipiranga e no segundo jogo: Sitio 4 a 3 * Estar\u00e3o em discuss\u00e3o na confer\u00eancia de sa\u00fade do dia 20, os seguintes t\u00f3picos: 1) participa\u00e7\u00e3o social, 2) valoriza\u00e7\u00e3o do trabalho e da educa\u00e7\u00e3o em sa\u00fade, 3) direito \u00e0 sa\u00fade, garantia de acesso e aten\u00e7\u00e3o de qualidade, 4) financiamento do SUS e Modelos de aten\u00e7\u00e3o \u00e0 sa\u00fade, 5) gest\u00e3o do SUS e modelos de aten\u00e7\u00e3o \u00e0 sa\u00fade, 6) informa\u00e7\u00e3o, educa\u00e7\u00e3o e pol\u00edtica de comunica\u00e7\u00e3o do SUS, 7) ci\u00eancia, tecnologia e inova\u00e7\u00e3o no SUS e 8) reformas democr\u00e1ticas\u00a0 populares do estado *\u00a0 Neste domingo tamb\u00e9m tem a grande Malu Rocha cantando no Parque Nacional de Itatiaia, que comemora 78 anos. Ser\u00e1 no espa\u00e7o Ecoartes, na \u00e1rea administrativa, \u00e0s 14 horas. Avisem na portaria que est\u00e3o indo para o evento que n\u00e3o pagar\u00e3o ingresso. As comemora\u00e7\u00f5es come\u00e7am \u00e0s 9 horas com palestras e oficinas\u00a0 no Centro de Visitantes * E falando em feira de livro, est\u00e1 rolando na serra a 5\u00aa Feira do Livro de Visconde de Mau\u00e1, aberta das 8 \u00e0s 18 horas com venda de livro novos e usados al\u00e9m outras \u2018coisas\u2019 culturais. Mais uma do Centro Cultural Visconde de Mau\u00e1 e da M\u00e1rcia Patroc\u00ednio. Mais informa\u00e7\u00f5es: (24) 9 9948-5181.<\/p>\n<p><strong>ANIVERS\u00c1RIOS<\/strong><br \/>\nDia 5 de maio debutou a Pamela Reis Menandro Dipp, mas a festa mesmo foi no dia 30, no Clube da Casa da Lua, onde ela soprou 15 velinhas entre muitos parentes e amigos. Nesse dia 8 mudaram de idade os amigos: Serginho Garlopa, Jos\u00e9 Cezano e a querida Georgina Martins. Dia 9 foi a vez da M\u00e1rcia Thomas, do Cezinha Cl\u00f3vis e do Claudinei Alves receberem os \u2018parab\u00e9ns\u2019. Parab\u00e9ns e todas as felicidades do mundo a eles.<\/p>\n","protected":false},"excerpt":{"rendered":"<p>Feira de Livro de Resende come\u00e7a hoje (sexta) no Parque de Exposi\u00e7\u00f5es Come\u00e7a hoje (sexta, dia 12) e segue at\u00e9 domingo (14) a Feira<\/p>\n","protected":false},"author":1,"featured_media":0,"comment_status":"open","ping_status":"open","sticky":false,"template":"","format":"standard","meta":{"pmpro_default_level":"","footnotes":""},"categories":[13],"tags":[],"class_list":["post-30782","post","type-post","status-publish","format-standard","hentry","category-social","pmpro-has-access"],"yoast_head":"<!-- This site is optimized with the Yoast SEO plugin v27.4 - https:\/\/yoast.com\/product\/yoast-seo-wordpress\/ -->\n<title>La\u00eds Amaral - JORNAL BEIRA RIO<\/title>\n<meta name=\"robots\" content=\"index, follow, max-snippet:-1, max-image-preview:large, max-video-preview:-1\" \/>\n<link rel=\"canonical\" href=\"https:\/\/jornalbeirario.com.br\/portal\/?p=30782\" \/>\n<meta property=\"og:locale\" content=\"pt_BR\" \/>\n<meta property=\"og:type\" content=\"article\" \/>\n<meta property=\"og:title\" content=\"La\u00eds Amaral - JORNAL BEIRA RIO\" \/>\n<meta property=\"og:description\" content=\"Feira de Livro de Resende come\u00e7a hoje (sexta) no Parque de Exposi\u00e7\u00f5es Come\u00e7a hoje (sexta, dia 12) e segue at\u00e9 domingo (14) a Feira\" \/>\n<meta property=\"og:url\" content=\"https:\/\/jornalbeirario.com.br\/portal\/?p=30782\" \/>\n<meta property=\"og:site_name\" content=\"JORNAL BEIRA RIO\" \/>\n<meta property=\"article:published_time\" content=\"2015-06-12T04:33:53+00:00\" \/>\n<meta name=\"author\" content=\"Jornal BEIRA-RIO\" \/>\n<meta name=\"twitter:card\" content=\"summary_large_image\" \/>\n<meta name=\"twitter:label1\" content=\"Escrito por\" \/>\n\t<meta name=\"twitter:data1\" content=\"Jornal BEIRA-RIO\" \/>\n\t<meta name=\"twitter:label2\" content=\"Est. tempo de leitura\" \/>\n\t<meta name=\"twitter:data2\" content=\"4 minutos\" \/>\n<script type=\"application\/ld+json\" class=\"yoast-schema-graph\">{\"@context\":\"https:\\\/\\\/schema.org\",\"@graph\":[{\"@type\":\"Article\",\"@id\":\"https:\\\/\\\/jornalbeirario.com.br\\\/portal\\\/?p=30782#article\",\"isPartOf\":{\"@id\":\"https:\\\/\\\/jornalbeirario.com.br\\\/portal\\\/?p=30782\"},\"author\":{\"name\":\"Jornal BEIRA-RIO\",\"@id\":\"https:\\\/\\\/jornalbeirario.com.br\\\/portal\\\/#\\\/schema\\\/person\\\/c6c423e4c2465d2a9233f6539173e7c1\"},\"headline\":\"La\u00eds Amaral\",\"datePublished\":\"2015-06-12T04:33:53+00:00\",\"mainEntityOfPage\":{\"@id\":\"https:\\\/\\\/jornalbeirario.com.br\\\/portal\\\/?p=30782\"},\"wordCount\":828,\"commentCount\":0,\"publisher\":{\"@id\":\"https:\\\/\\\/jornalbeirario.com.br\\\/portal\\\/#organization\"},\"articleSection\":[\"Social\"],\"inLanguage\":\"pt-BR\",\"potentialAction\":[{\"@type\":\"CommentAction\",\"name\":\"Comment\",\"target\":[\"https:\\\/\\\/jornalbeirario.com.br\\\/portal\\\/?p=30782#respond\"]}]},{\"@type\":\"WebPage\",\"@id\":\"https:\\\/\\\/jornalbeirario.com.br\\\/portal\\\/?p=30782\",\"url\":\"https:\\\/\\\/jornalbeirario.com.br\\\/portal\\\/?p=30782\",\"name\":\"La\u00eds Amaral - JORNAL BEIRA RIO\",\"isPartOf\":{\"@id\":\"https:\\\/\\\/jornalbeirario.com.br\\\/portal\\\/#website\"},\"datePublished\":\"2015-06-12T04:33:53+00:00\",\"breadcrumb\":{\"@id\":\"https:\\\/\\\/jornalbeirario.com.br\\\/portal\\\/?p=30782#breadcrumb\"},\"inLanguage\":\"pt-BR\",\"potentialAction\":[{\"@type\":\"ReadAction\",\"target\":[\"https:\\\/\\\/jornalbeirario.com.br\\\/portal\\\/?p=30782\"]}]},{\"@type\":\"BreadcrumbList\",\"@id\":\"https:\\\/\\\/jornalbeirario.com.br\\\/portal\\\/?p=30782#breadcrumb\",\"itemListElement\":[{\"@type\":\"ListItem\",\"position\":1,\"name\":\"Home\",\"item\":\"https:\\\/\\\/jornalbeirario.com.br\\\/portal\"},{\"@type\":\"ListItem\",\"position\":2,\"name\":\"La\u00eds Amaral\"}]},{\"@type\":\"WebSite\",\"@id\":\"https:\\\/\\\/jornalbeirario.com.br\\\/portal\\\/#website\",\"url\":\"https:\\\/\\\/jornalbeirario.com.br\\\/portal\\\/\",\"name\":\"JORNAL BEIRA RIO\",\"description\":\"\",\"publisher\":{\"@id\":\"https:\\\/\\\/jornalbeirario.com.br\\\/portal\\\/#organization\"},\"potentialAction\":[{\"@type\":\"SearchAction\",\"target\":{\"@type\":\"EntryPoint\",\"urlTemplate\":\"https:\\\/\\\/jornalbeirario.com.br\\\/portal\\\/?s={search_term_string}\"},\"query-input\":{\"@type\":\"PropertyValueSpecification\",\"valueRequired\":true,\"valueName\":\"search_term_string\"}}],\"inLanguage\":\"pt-BR\"},{\"@type\":\"Organization\",\"@id\":\"https:\\\/\\\/jornalbeirario.com.br\\\/portal\\\/#organization\",\"name\":\"JORNAL BEIRA RIO\",\"url\":\"https:\\\/\\\/jornalbeirario.com.br\\\/portal\\\/\",\"logo\":{\"@type\":\"ImageObject\",\"inLanguage\":\"pt-BR\",\"@id\":\"https:\\\/\\\/jornalbeirario.com.br\\\/portal\\\/#\\\/schema\\\/logo\\\/image\\\/\",\"url\":\"https:\\\/\\\/jornalbeirario.com.br\\\/portal\\\/wp-content\\\/uploads\\\/2017\\\/09\\\/BEIRA-RIO_logo600.png\",\"contentUrl\":\"https:\\\/\\\/jornalbeirario.com.br\\\/portal\\\/wp-content\\\/uploads\\\/2017\\\/09\\\/BEIRA-RIO_logo600.png\",\"width\":650,\"height\":108,\"caption\":\"JORNAL BEIRA RIO\"},\"image\":{\"@id\":\"https:\\\/\\\/jornalbeirario.com.br\\\/portal\\\/#\\\/schema\\\/logo\\\/image\\\/\"}},{\"@type\":\"Person\",\"@id\":\"https:\\\/\\\/jornalbeirario.com.br\\\/portal\\\/#\\\/schema\\\/person\\\/c6c423e4c2465d2a9233f6539173e7c1\",\"name\":\"Jornal BEIRA-RIO\",\"image\":{\"@type\":\"ImageObject\",\"inLanguage\":\"pt-BR\",\"@id\":\"https:\\\/\\\/jornalbeirario.com.br\\\/portal\\\/wp-content\\\/uploads\\\/2023\\\/10\\\/logojbr1.jpg\",\"url\":\"https:\\\/\\\/jornalbeirario.com.br\\\/portal\\\/wp-content\\\/uploads\\\/2023\\\/10\\\/logojbr1.jpg\",\"contentUrl\":\"https:\\\/\\\/jornalbeirario.com.br\\\/portal\\\/wp-content\\\/uploads\\\/2023\\\/10\\\/logojbr1.jpg\",\"caption\":\"Jornal BEIRA-RIO\"},\"url\":\"https:\\\/\\\/jornalbeirario.com.br\\\/portal\\\/?author=1\"}]}<\/script>\n<!-- \/ Yoast SEO plugin. -->","yoast_head_json":{"title":"La\u00eds Amaral - JORNAL BEIRA RIO","robots":{"index":"index","follow":"follow","max-snippet":"max-snippet:-1","max-image-preview":"max-image-preview:large","max-video-preview":"max-video-preview:-1"},"canonical":"https:\/\/jornalbeirario.com.br\/portal\/?p=30782","og_locale":"pt_BR","og_type":"article","og_title":"La\u00eds Amaral - JORNAL BEIRA RIO","og_description":"Feira de Livro de Resende come\u00e7a hoje (sexta) no Parque de Exposi\u00e7\u00f5es Come\u00e7a hoje (sexta, dia 12) e segue at\u00e9 domingo (14) a Feira","og_url":"https:\/\/jornalbeirario.com.br\/portal\/?p=30782","og_site_name":"JORNAL BEIRA RIO","article_published_time":"2015-06-12T04:33:53+00:00","author":"Jornal BEIRA-RIO","twitter_card":"summary_large_image","twitter_misc":{"Escrito por":"Jornal BEIRA-RIO","Est. tempo de leitura":"4 minutos"},"schema":{"@context":"https:\/\/schema.org","@graph":[{"@type":"Article","@id":"https:\/\/jornalbeirario.com.br\/portal\/?p=30782#article","isPartOf":{"@id":"https:\/\/jornalbeirario.com.br\/portal\/?p=30782"},"author":{"name":"Jornal BEIRA-RIO","@id":"https:\/\/jornalbeirario.com.br\/portal\/#\/schema\/person\/c6c423e4c2465d2a9233f6539173e7c1"},"headline":"La\u00eds Amaral","datePublished":"2015-06-12T04:33:53+00:00","mainEntityOfPage":{"@id":"https:\/\/jornalbeirario.com.br\/portal\/?p=30782"},"wordCount":828,"commentCount":0,"publisher":{"@id":"https:\/\/jornalbeirario.com.br\/portal\/#organization"},"articleSection":["Social"],"inLanguage":"pt-BR","potentialAction":[{"@type":"CommentAction","name":"Comment","target":["https:\/\/jornalbeirario.com.br\/portal\/?p=30782#respond"]}]},{"@type":"WebPage","@id":"https:\/\/jornalbeirario.com.br\/portal\/?p=30782","url":"https:\/\/jornalbeirario.com.br\/portal\/?p=30782","name":"La\u00eds Amaral - JORNAL BEIRA RIO","isPartOf":{"@id":"https:\/\/jornalbeirario.com.br\/portal\/#website"},"datePublished":"2015-06-12T04:33:53+00:00","breadcrumb":{"@id":"https:\/\/jornalbeirario.com.br\/portal\/?p=30782#breadcrumb"},"inLanguage":"pt-BR","potentialAction":[{"@type":"ReadAction","target":["https:\/\/jornalbeirario.com.br\/portal\/?p=30782"]}]},{"@type":"BreadcrumbList","@id":"https:\/\/jornalbeirario.com.br\/portal\/?p=30782#breadcrumb","itemListElement":[{"@type":"ListItem","position":1,"name":"Home","item":"https:\/\/jornalbeirario.com.br\/portal"},{"@type":"ListItem","position":2,"name":"La\u00eds Amaral"}]},{"@type":"WebSite","@id":"https:\/\/jornalbeirario.com.br\/portal\/#website","url":"https:\/\/jornalbeirario.com.br\/portal\/","name":"JORNAL BEIRA RIO","description":"","publisher":{"@id":"https:\/\/jornalbeirario.com.br\/portal\/#organization"},"potentialAction":[{"@type":"SearchAction","target":{"@type":"EntryPoint","urlTemplate":"https:\/\/jornalbeirario.com.br\/portal\/?s={search_term_string}"},"query-input":{"@type":"PropertyValueSpecification","valueRequired":true,"valueName":"search_term_string"}}],"inLanguage":"pt-BR"},{"@type":"Organization","@id":"https:\/\/jornalbeirario.com.br\/portal\/#organization","name":"JORNAL BEIRA RIO","url":"https:\/\/jornalbeirario.com.br\/portal\/","logo":{"@type":"ImageObject","inLanguage":"pt-BR","@id":"https:\/\/jornalbeirario.com.br\/portal\/#\/schema\/logo\/image\/","url":"https:\/\/jornalbeirario.com.br\/portal\/wp-content\/uploads\/2017\/09\/BEIRA-RIO_logo600.png","contentUrl":"https:\/\/jornalbeirario.com.br\/portal\/wp-content\/uploads\/2017\/09\/BEIRA-RIO_logo600.png","width":650,"height":108,"caption":"JORNAL BEIRA RIO"},"image":{"@id":"https:\/\/jornalbeirario.com.br\/portal\/#\/schema\/logo\/image\/"}},{"@type":"Person","@id":"https:\/\/jornalbeirario.com.br\/portal\/#\/schema\/person\/c6c423e4c2465d2a9233f6539173e7c1","name":"Jornal BEIRA-RIO","image":{"@type":"ImageObject","inLanguage":"pt-BR","@id":"https:\/\/jornalbeirario.com.br\/portal\/wp-content\/uploads\/2023\/10\/logojbr1.jpg","url":"https:\/\/jornalbeirario.com.br\/portal\/wp-content\/uploads\/2023\/10\/logojbr1.jpg","contentUrl":"https:\/\/jornalbeirario.com.br\/portal\/wp-content\/uploads\/2023\/10\/logojbr1.jpg","caption":"Jornal BEIRA-RIO"},"url":"https:\/\/jornalbeirario.com.br\/portal\/?author=1"}]}},"_links":{"self":[{"href":"https:\/\/jornalbeirario.com.br\/portal\/index.php?rest_route=\/wp\/v2\/posts\/30782","targetHints":{"allow":["GET"]}}],"collection":[{"href":"https:\/\/jornalbeirario.com.br\/portal\/index.php?rest_route=\/wp\/v2\/posts"}],"about":[{"href":"https:\/\/jornalbeirario.com.br\/portal\/index.php?rest_route=\/wp\/v2\/types\/post"}],"author":[{"embeddable":true,"href":"https:\/\/jornalbeirario.com.br\/portal\/index.php?rest_route=\/wp\/v2\/users\/1"}],"replies":[{"embeddable":true,"href":"https:\/\/jornalbeirario.com.br\/portal\/index.php?rest_route=%2Fwp%2Fv2%2Fcomments&post=30782"}],"version-history":[{"count":2,"href":"https:\/\/jornalbeirario.com.br\/portal\/index.php?rest_route=\/wp\/v2\/posts\/30782\/revisions"}],"predecessor-version":[{"id":30832,"href":"https:\/\/jornalbeirario.com.br\/portal\/index.php?rest_route=\/wp\/v2\/posts\/30782\/revisions\/30832"}],"wp:attachment":[{"href":"https:\/\/jornalbeirario.com.br\/portal\/index.php?rest_route=%2Fwp%2Fv2%2Fmedia&parent=30782"}],"wp:term":[{"taxonomy":"category","embeddable":true,"href":"https:\/\/jornalbeirario.com.br\/portal\/index.php?rest_route=%2Fwp%2Fv2%2Fcategories&post=30782"},{"taxonomy":"post_tag","embeddable":true,"href":"https:\/\/jornalbeirario.com.br\/portal\/index.php?rest_route=%2Fwp%2Fv2%2Ftags&post=30782"}],"curies":[{"name":"wp","href":"https:\/\/api.w.org\/{rel}","templated":true}]}}