
{"id":30604,"date":"2015-06-05T06:50:49","date_gmt":"2015-06-05T06:50:49","guid":{"rendered":"http:\/\/jornalbeirario.com.br\/portal\/portal\/?p=30604"},"modified":"2015-06-05T06:50:49","modified_gmt":"2015-06-05T06:50:49","slug":"lais-amaral-99","status":"publish","type":"post","link":"https:\/\/jornalbeirario.com.br\/portal\/?p=30604","title":{"rendered":"La\u00eds Amaral"},"content":{"rendered":"<p style=\"text-align: justify;\"><strong>Sugest\u00e3o de pauta para o Fant\u00e1stico, para a Revista Veja ou tema para novela das 9<\/strong><br \/>\nDeu barata voa no submundo do futebol. Os domin\u00f3s est\u00e3o caindo. Voltemos no tempo para especularmos at\u00e9 onde pode ir a tsunami: uma empresa com sede nas Ilhas Virgens Brit\u00e2nicas (um para\u00edso fiscal) compra os direitos de transmiss\u00e3o da Copa do Mundo de 2002. A Rede Globo vai e compra dessa empresa os direitos de transmiss\u00e3o. A\u00ed a Pol\u00edcia Federal descobre que a tal empresa pertencia \u00e0 pr\u00f3pria Rede Globo. Uma manjada tramoia de mandar dinheiro para fora, que n\u00e3o \u00e9 contabilizado como lucro e sim, despesa, portanto n\u00e3o \u00e9 tributado. Caso t\u00edpico de sonega\u00e7\u00e3o e evas\u00e3o de divisas. Hoje a multa, valor sonegado e juros estariam em mais de 1 bilh\u00e3o. Agora caem Blater, Marim, Jerome Walcker (aquele Frances arrogante que espezinhava a organiza\u00e7\u00e3o da Copa do Mundo no Brasil) e Ricardo Teixeira \u00e9 indiciado por uma penca de crimes, entre os quais movimentar quase meio bilh\u00e3o de reais quando no Comit\u00ea Organizador da Copa, grupo do qual fazia parte Ronaldo Gordo &#8211; caladinho, caladinho (o mesmo Ronaldo que disse que tinha vergonha do Brasil na Copa, que a Espanha era favorita e que A\u00e9cio venceria as elei\u00e7\u00f5es). Ronaldo \u00e9 s\u00f3cio da J.Hawilla nos Estados Unidos. O FBI, que entrou na hist\u00f3ria ao investigar dinheiro do Terror, diz que a Traffic Sport (de J.Hawilla) e a Klefer (de Kleber Leite) pagavam propinas \u00e0 principal compradora de direitos de transmiss\u00e3o de eventos esportivos, a Globo. J. Havilla que \u00e9 dono da TV Tem (afiliada da Globo) teria entregado ao FBI toda a opera\u00e7\u00e3o de venda de direitos de televisivos no Brasil. Agora surge mais uma hist\u00f3ria cabeluda, que o diretor executivo da Globo Esportes, Marcelo Campos Pinto (intermedi\u00e1rio entre a emissora e a CBF, as Federa\u00e7\u00f5es e os clubes) teria sido pressionado a pedir demiss\u00e3o e teria retrucado: \u201ceu boto a boca no trombone\u201d. \u00d4 Agnaldo Silva, tai um bom t\u00edtulo de novela e com enredo polical j\u00e1 prontinho.<\/p>\n<p style=\"text-align: justify;\"><strong>Um musical m\u00e1gico e cheio de ideias<\/strong><br \/>\nAssisti domingo no teatro do Salesiano o musical infantil \u201cA Fonte M\u00e1gica das Ideias\u201d. Um bom texto de Marcello Jordan com precisa dire\u00e7\u00e3o de Andr\u00e9 Whately e muito boa m\u00fasica de Rog\u00e9rio Azeredo, al\u00e9m da coreografia de Silvester Carvalho. No final do espet\u00e1culo muito aplaudido e curtido pela plateia mirim que interagiu adoidado com os personagens (principalmente com o \u2018Sombra\u2019, interpretado pelo \u00f3timo Julio Cesar Pires), Andr\u00e9 chamou ao palco para dividir os aplausos, toda a trupe, desde o diretor musical, Tiago Zaidan at\u00e9 a jovem sonoplasta que n\u00e3o deixou a peteca cair. Um espet\u00e1culo pensado, escrito, dirigido e encenado para o p\u00fablico infantil, e que alcan\u00e7ou em cheio seu objetivo. Tomara que muito mais crian\u00e7as possam assistir. Parab\u00e9ns ao elenco: Julinho (j\u00e1 citado), a gracinha da Yasmim Silveira, o surpreendente m\u00fasico e cantor, Beto Oliveira, Erik Fabiano, Diana Fernanda e Vinicius Whately. Todos muito bem. Valeu mesmo !!<\/p>\n<p style=\"text-align: justify;\"><strong>TRIPA<\/strong><br \/>\n* Entrem no Google: \u201cImprensa internacional denuncia Globo\u201d que tem uma mat\u00e9ria (com v\u00eddeo) bem legal sobre a associa\u00e7\u00e3o dela com Ricardo Teixeira * Hoje, dia 5, tem palestra sobre agrot\u00f3cios na AEDB, \u00e0s 19 horas em comemora\u00e7\u00e3o do Dia Mundial do Meio Ambiente * Dia 10, o Duo, Rosenete Eberhardt (soprano ) e o violonista Marcus Llerena apresentam cl\u00e1ssicos da MPB, no Recanto 21, em Quatis, \u00e0s 20h30min. Entrada franca * Prorrogada por mais um m\u00eas a exposi\u00e7\u00e3o de m\u00e1quinas fotogr\u00e1ficas do Jo\u00e3o Saboia no MIS (Casa da Cultura). Entre as atra\u00e7\u00f5es, uma foto da Ponte Velha em 3D. Vale conferir * Reduzir a maioridade penal \u00e9 apagar fogo com gasolina. Sou totalmente contra * O coral dos servidores da Prefeitura de Resende, o \u2018Resencanto\u2019 se apresentar\u00e1 dia 24 de junho na cidade paulista de Arape\u00ed. O coral agora ensaia \u00e0s segundas-feiras na Casa da Cultura, e continua recebendo novos interessados em participar dessa pr\u00e1tica super saud\u00e1vel, que \u00e9 cantar. \u00c9 s\u00f3 chegar, garante a regente Alile Cuoco * S\u00e1bado passado o jornal \u2018Ponte Velha\u2019 completou 20 ano. A comemora\u00e7\u00e3o foi em Itatiaia. O \u2018Ponte\u2019 \u00e9 um jornal com alma de revista que consegue a fa\u00e7anha (para poucos) de manter j\u00e1 por duas d\u00e9cadas, todos os meses, um espa\u00e7o para leitura, an\u00e1lise, intelig\u00eancia, reflex\u00e3o, cr\u00edtica, pol\u00edtica e arte. Parab\u00e9ns ao seu grande realizador, o jornalista e escritor Gustavo Pra\u00e7a, ao Cotrin, ao meu amigo Joel \u2018Gafanhoto\u2019 e a todos demais articulistas e colaboradores fixos e eventuais. Longa vida ao Ponte Velha ! * Amanh\u00e3 tem Messi e Neymar no cinema no Shopping. Bar\u00e7a x Juventus (nada que se compare a um jogo do Fog\u00e3o na s\u00e9rie \u2018B\u2019, mas vale conferir).<\/p>\n<p style=\"text-align: justify;\"><strong>ANIVERS\u00c1RIOS<\/strong><br \/>\nDia 29 mudaram de idade tr\u00eas pessoas amigas: Leone Cavalcanti, Roxane Alexandre e Renato Ferraz. Dia 30 inauguraram idade nova mais tr\u00eas figura\u00e7as: o Romar Henry, a Elizete Duarte e a Cida Prado. Dia 1\u00ba, o William Sampaio, o Gustavo Whately e a Simone Duarte contaram mais um ano de vida. No dia 2 os amigos Antonio Neto e Hurla Garutti receberam os \u2018parab\u00e9ns\u2019. Nessa quarta, dia 3, ficou mais experiente o meu colega de trabalho, S\u00e9rgio Coelho (\u2018seu\u2019 S\u00e9rgio) e no mesmo dia soprou cinco velinhas o Gabriel Moura, filho do casal de pais corujas, Luciane e H\u00e9lio Moura. Parab\u00e9ns e todas as felicidades do mundo a eles.<\/p>\n","protected":false},"excerpt":{"rendered":"<p>Sugest\u00e3o de pauta para o Fant\u00e1stico, para a Revista Veja ou tema para novela das 9 Deu barata voa no submundo do futebol. Os<\/p>\n","protected":false},"author":1,"featured_media":0,"comment_status":"open","ping_status":"open","sticky":false,"template":"","format":"standard","meta":{"pmpro_default_level":"","footnotes":""},"categories":[13],"tags":[],"class_list":["post-30604","post","type-post","status-publish","format-standard","hentry","category-social","pmpro-has-access"],"yoast_head":"<!-- This site is optimized with the Yoast SEO plugin v27.4 - https:\/\/yoast.com\/product\/yoast-seo-wordpress\/ -->\n<title>La\u00eds Amaral - JORNAL BEIRA RIO<\/title>\n<meta name=\"robots\" content=\"index, follow, max-snippet:-1, max-image-preview:large, max-video-preview:-1\" \/>\n<link rel=\"canonical\" href=\"https:\/\/jornalbeirario.com.br\/portal\/?p=30604\" \/>\n<meta property=\"og:locale\" content=\"pt_BR\" \/>\n<meta property=\"og:type\" content=\"article\" \/>\n<meta property=\"og:title\" content=\"La\u00eds Amaral - JORNAL BEIRA RIO\" \/>\n<meta property=\"og:description\" content=\"Sugest\u00e3o de pauta para o Fant\u00e1stico, para a Revista Veja ou tema para novela das 9 Deu barata voa no submundo do futebol. Os\" \/>\n<meta property=\"og:url\" content=\"https:\/\/jornalbeirario.com.br\/portal\/?p=30604\" \/>\n<meta property=\"og:site_name\" content=\"JORNAL BEIRA RIO\" \/>\n<meta property=\"article:published_time\" content=\"2015-06-05T06:50:49+00:00\" \/>\n<meta name=\"author\" content=\"Jornal BEIRA-RIO\" \/>\n<meta name=\"twitter:card\" content=\"summary_large_image\" \/>\n<meta name=\"twitter:label1\" content=\"Escrito por\" \/>\n\t<meta name=\"twitter:data1\" content=\"Jornal BEIRA-RIO\" \/>\n\t<meta name=\"twitter:label2\" content=\"Est. tempo de leitura\" \/>\n\t<meta name=\"twitter:data2\" content=\"5 minutos\" \/>\n<script type=\"application\/ld+json\" class=\"yoast-schema-graph\">{\"@context\":\"https:\\\/\\\/schema.org\",\"@graph\":[{\"@type\":\"Article\",\"@id\":\"https:\\\/\\\/jornalbeirario.com.br\\\/portal\\\/?p=30604#article\",\"isPartOf\":{\"@id\":\"https:\\\/\\\/jornalbeirario.com.br\\\/portal\\\/?p=30604\"},\"author\":{\"name\":\"Jornal BEIRA-RIO\",\"@id\":\"https:\\\/\\\/jornalbeirario.com.br\\\/portal\\\/#\\\/schema\\\/person\\\/c6c423e4c2465d2a9233f6539173e7c1\"},\"headline\":\"La\u00eds Amaral\",\"datePublished\":\"2015-06-05T06:50:49+00:00\",\"mainEntityOfPage\":{\"@id\":\"https:\\\/\\\/jornalbeirario.com.br\\\/portal\\\/?p=30604\"},\"wordCount\":933,\"commentCount\":0,\"publisher\":{\"@id\":\"https:\\\/\\\/jornalbeirario.com.br\\\/portal\\\/#organization\"},\"articleSection\":[\"Social\"],\"inLanguage\":\"pt-BR\",\"potentialAction\":[{\"@type\":\"CommentAction\",\"name\":\"Comment\",\"target\":[\"https:\\\/\\\/jornalbeirario.com.br\\\/portal\\\/?p=30604#respond\"]}]},{\"@type\":\"WebPage\",\"@id\":\"https:\\\/\\\/jornalbeirario.com.br\\\/portal\\\/?p=30604\",\"url\":\"https:\\\/\\\/jornalbeirario.com.br\\\/portal\\\/?p=30604\",\"name\":\"La\u00eds Amaral - JORNAL BEIRA RIO\",\"isPartOf\":{\"@id\":\"https:\\\/\\\/jornalbeirario.com.br\\\/portal\\\/#website\"},\"datePublished\":\"2015-06-05T06:50:49+00:00\",\"breadcrumb\":{\"@id\":\"https:\\\/\\\/jornalbeirario.com.br\\\/portal\\\/?p=30604#breadcrumb\"},\"inLanguage\":\"pt-BR\",\"potentialAction\":[{\"@type\":\"ReadAction\",\"target\":[\"https:\\\/\\\/jornalbeirario.com.br\\\/portal\\\/?p=30604\"]}]},{\"@type\":\"BreadcrumbList\",\"@id\":\"https:\\\/\\\/jornalbeirario.com.br\\\/portal\\\/?p=30604#breadcrumb\",\"itemListElement\":[{\"@type\":\"ListItem\",\"position\":1,\"name\":\"Home\",\"item\":\"https:\\\/\\\/jornalbeirario.com.br\\\/portal\"},{\"@type\":\"ListItem\",\"position\":2,\"name\":\"La\u00eds Amaral\"}]},{\"@type\":\"WebSite\",\"@id\":\"https:\\\/\\\/jornalbeirario.com.br\\\/portal\\\/#website\",\"url\":\"https:\\\/\\\/jornalbeirario.com.br\\\/portal\\\/\",\"name\":\"JORNAL BEIRA RIO\",\"description\":\"\",\"publisher\":{\"@id\":\"https:\\\/\\\/jornalbeirario.com.br\\\/portal\\\/#organization\"},\"potentialAction\":[{\"@type\":\"SearchAction\",\"target\":{\"@type\":\"EntryPoint\",\"urlTemplate\":\"https:\\\/\\\/jornalbeirario.com.br\\\/portal\\\/?s={search_term_string}\"},\"query-input\":{\"@type\":\"PropertyValueSpecification\",\"valueRequired\":true,\"valueName\":\"search_term_string\"}}],\"inLanguage\":\"pt-BR\"},{\"@type\":\"Organization\",\"@id\":\"https:\\\/\\\/jornalbeirario.com.br\\\/portal\\\/#organization\",\"name\":\"JORNAL BEIRA RIO\",\"url\":\"https:\\\/\\\/jornalbeirario.com.br\\\/portal\\\/\",\"logo\":{\"@type\":\"ImageObject\",\"inLanguage\":\"pt-BR\",\"@id\":\"https:\\\/\\\/jornalbeirario.com.br\\\/portal\\\/#\\\/schema\\\/logo\\\/image\\\/\",\"url\":\"https:\\\/\\\/jornalbeirario.com.br\\\/portal\\\/wp-content\\\/uploads\\\/2017\\\/09\\\/BEIRA-RIO_logo600.png\",\"contentUrl\":\"https:\\\/\\\/jornalbeirario.com.br\\\/portal\\\/wp-content\\\/uploads\\\/2017\\\/09\\\/BEIRA-RIO_logo600.png\",\"width\":650,\"height\":108,\"caption\":\"JORNAL BEIRA RIO\"},\"image\":{\"@id\":\"https:\\\/\\\/jornalbeirario.com.br\\\/portal\\\/#\\\/schema\\\/logo\\\/image\\\/\"}},{\"@type\":\"Person\",\"@id\":\"https:\\\/\\\/jornalbeirario.com.br\\\/portal\\\/#\\\/schema\\\/person\\\/c6c423e4c2465d2a9233f6539173e7c1\",\"name\":\"Jornal BEIRA-RIO\",\"image\":{\"@type\":\"ImageObject\",\"inLanguage\":\"pt-BR\",\"@id\":\"https:\\\/\\\/jornalbeirario.com.br\\\/portal\\\/wp-content\\\/uploads\\\/2023\\\/10\\\/logojbr1.jpg\",\"url\":\"https:\\\/\\\/jornalbeirario.com.br\\\/portal\\\/wp-content\\\/uploads\\\/2023\\\/10\\\/logojbr1.jpg\",\"contentUrl\":\"https:\\\/\\\/jornalbeirario.com.br\\\/portal\\\/wp-content\\\/uploads\\\/2023\\\/10\\\/logojbr1.jpg\",\"caption\":\"Jornal BEIRA-RIO\"},\"url\":\"https:\\\/\\\/jornalbeirario.com.br\\\/portal\\\/?author=1\"}]}<\/script>\n<!-- \/ Yoast SEO plugin. -->","yoast_head_json":{"title":"La\u00eds Amaral - JORNAL BEIRA RIO","robots":{"index":"index","follow":"follow","max-snippet":"max-snippet:-1","max-image-preview":"max-image-preview:large","max-video-preview":"max-video-preview:-1"},"canonical":"https:\/\/jornalbeirario.com.br\/portal\/?p=30604","og_locale":"pt_BR","og_type":"article","og_title":"La\u00eds Amaral - JORNAL BEIRA RIO","og_description":"Sugest\u00e3o de pauta para o Fant\u00e1stico, para a Revista Veja ou tema para novela das 9 Deu barata voa no submundo do futebol. Os","og_url":"https:\/\/jornalbeirario.com.br\/portal\/?p=30604","og_site_name":"JORNAL BEIRA RIO","article_published_time":"2015-06-05T06:50:49+00:00","author":"Jornal BEIRA-RIO","twitter_card":"summary_large_image","twitter_misc":{"Escrito por":"Jornal BEIRA-RIO","Est. tempo de leitura":"5 minutos"},"schema":{"@context":"https:\/\/schema.org","@graph":[{"@type":"Article","@id":"https:\/\/jornalbeirario.com.br\/portal\/?p=30604#article","isPartOf":{"@id":"https:\/\/jornalbeirario.com.br\/portal\/?p=30604"},"author":{"name":"Jornal BEIRA-RIO","@id":"https:\/\/jornalbeirario.com.br\/portal\/#\/schema\/person\/c6c423e4c2465d2a9233f6539173e7c1"},"headline":"La\u00eds Amaral","datePublished":"2015-06-05T06:50:49+00:00","mainEntityOfPage":{"@id":"https:\/\/jornalbeirario.com.br\/portal\/?p=30604"},"wordCount":933,"commentCount":0,"publisher":{"@id":"https:\/\/jornalbeirario.com.br\/portal\/#organization"},"articleSection":["Social"],"inLanguage":"pt-BR","potentialAction":[{"@type":"CommentAction","name":"Comment","target":["https:\/\/jornalbeirario.com.br\/portal\/?p=30604#respond"]}]},{"@type":"WebPage","@id":"https:\/\/jornalbeirario.com.br\/portal\/?p=30604","url":"https:\/\/jornalbeirario.com.br\/portal\/?p=30604","name":"La\u00eds Amaral - JORNAL BEIRA RIO","isPartOf":{"@id":"https:\/\/jornalbeirario.com.br\/portal\/#website"},"datePublished":"2015-06-05T06:50:49+00:00","breadcrumb":{"@id":"https:\/\/jornalbeirario.com.br\/portal\/?p=30604#breadcrumb"},"inLanguage":"pt-BR","potentialAction":[{"@type":"ReadAction","target":["https:\/\/jornalbeirario.com.br\/portal\/?p=30604"]}]},{"@type":"BreadcrumbList","@id":"https:\/\/jornalbeirario.com.br\/portal\/?p=30604#breadcrumb","itemListElement":[{"@type":"ListItem","position":1,"name":"Home","item":"https:\/\/jornalbeirario.com.br\/portal"},{"@type":"ListItem","position":2,"name":"La\u00eds Amaral"}]},{"@type":"WebSite","@id":"https:\/\/jornalbeirario.com.br\/portal\/#website","url":"https:\/\/jornalbeirario.com.br\/portal\/","name":"JORNAL BEIRA RIO","description":"","publisher":{"@id":"https:\/\/jornalbeirario.com.br\/portal\/#organization"},"potentialAction":[{"@type":"SearchAction","target":{"@type":"EntryPoint","urlTemplate":"https:\/\/jornalbeirario.com.br\/portal\/?s={search_term_string}"},"query-input":{"@type":"PropertyValueSpecification","valueRequired":true,"valueName":"search_term_string"}}],"inLanguage":"pt-BR"},{"@type":"Organization","@id":"https:\/\/jornalbeirario.com.br\/portal\/#organization","name":"JORNAL BEIRA RIO","url":"https:\/\/jornalbeirario.com.br\/portal\/","logo":{"@type":"ImageObject","inLanguage":"pt-BR","@id":"https:\/\/jornalbeirario.com.br\/portal\/#\/schema\/logo\/image\/","url":"https:\/\/jornalbeirario.com.br\/portal\/wp-content\/uploads\/2017\/09\/BEIRA-RIO_logo600.png","contentUrl":"https:\/\/jornalbeirario.com.br\/portal\/wp-content\/uploads\/2017\/09\/BEIRA-RIO_logo600.png","width":650,"height":108,"caption":"JORNAL BEIRA RIO"},"image":{"@id":"https:\/\/jornalbeirario.com.br\/portal\/#\/schema\/logo\/image\/"}},{"@type":"Person","@id":"https:\/\/jornalbeirario.com.br\/portal\/#\/schema\/person\/c6c423e4c2465d2a9233f6539173e7c1","name":"Jornal BEIRA-RIO","image":{"@type":"ImageObject","inLanguage":"pt-BR","@id":"https:\/\/jornalbeirario.com.br\/portal\/wp-content\/uploads\/2023\/10\/logojbr1.jpg","url":"https:\/\/jornalbeirario.com.br\/portal\/wp-content\/uploads\/2023\/10\/logojbr1.jpg","contentUrl":"https:\/\/jornalbeirario.com.br\/portal\/wp-content\/uploads\/2023\/10\/logojbr1.jpg","caption":"Jornal BEIRA-RIO"},"url":"https:\/\/jornalbeirario.com.br\/portal\/?author=1"}]}},"_links":{"self":[{"href":"https:\/\/jornalbeirario.com.br\/portal\/index.php?rest_route=\/wp\/v2\/posts\/30604","targetHints":{"allow":["GET"]}}],"collection":[{"href":"https:\/\/jornalbeirario.com.br\/portal\/index.php?rest_route=\/wp\/v2\/posts"}],"about":[{"href":"https:\/\/jornalbeirario.com.br\/portal\/index.php?rest_route=\/wp\/v2\/types\/post"}],"author":[{"embeddable":true,"href":"https:\/\/jornalbeirario.com.br\/portal\/index.php?rest_route=\/wp\/v2\/users\/1"}],"replies":[{"embeddable":true,"href":"https:\/\/jornalbeirario.com.br\/portal\/index.php?rest_route=%2Fwp%2Fv2%2Fcomments&post=30604"}],"version-history":[{"count":2,"href":"https:\/\/jornalbeirario.com.br\/portal\/index.php?rest_route=\/wp\/v2\/posts\/30604\/revisions"}],"predecessor-version":[{"id":30646,"href":"https:\/\/jornalbeirario.com.br\/portal\/index.php?rest_route=\/wp\/v2\/posts\/30604\/revisions\/30646"}],"wp:attachment":[{"href":"https:\/\/jornalbeirario.com.br\/portal\/index.php?rest_route=%2Fwp%2Fv2%2Fmedia&parent=30604"}],"wp:term":[{"taxonomy":"category","embeddable":true,"href":"https:\/\/jornalbeirario.com.br\/portal\/index.php?rest_route=%2Fwp%2Fv2%2Fcategories&post=30604"},{"taxonomy":"post_tag","embeddable":true,"href":"https:\/\/jornalbeirario.com.br\/portal\/index.php?rest_route=%2Fwp%2Fv2%2Ftags&post=30604"}],"curies":[{"name":"wp","href":"https:\/\/api.w.org\/{rel}","templated":true}]}}