
{"id":30436,"date":"2015-05-29T03:43:07","date_gmt":"2015-05-29T03:43:07","guid":{"rendered":"http:\/\/jornalbeirario.com.br\/portal\/portal\/?p=30436"},"modified":"2015-05-29T03:43:07","modified_gmt":"2015-05-29T03:43:07","slug":"cartas-e-e-mails-71","status":"publish","type":"post","link":"https:\/\/jornalbeirario.com.br\/portal\/?p=30436","title":{"rendered":"Cartas e E-mails"},"content":{"rendered":"<p style=\"text-align: justify;\">UNIDADE PRA LUTAR, CORAGEM PRA VENCER!!!<br \/>\nO 1\u00ba de maio \u00e9 a \u201cbonita\u201d festa que \u201cest\u00e1 entrando no calend\u00e1rio das grandes festas da cidade\u201d, protagonizada pelo Prefeito Rechuan e o Sindicato dos Funcion\u00e1rios P\u00fablicos de Resende. Passada esta \u201cbonita\u201d festa e o 1\u00b0 de maio, nos vimos diante da seguinte realidade: em 2015 nada de reajuste salarial, cart\u00e3o alimenta\u00e7\u00e3o sem recarga por parte da Prefeitura, processos de adicional de qualifica\u00e7\u00e3o e vantagem pecuni\u00e1ria engavetados, Estatuto dos servidores sem regulamenta\u00e7\u00e3o e com amea\u00e7a de cortes em benef\u00edcios duramente conquistados, escolas abandonadas e sem infraestrutura, al\u00e9m de muitas outras mazelas.<br \/>\nO governo como sempre, tenta dar uma boa justificativa para tanto descaso. Dessa vez joga a culpa na t\u00e3o falada crise por que passa o pa\u00eds. Segundo estudo realizado pelo DIEESE, no ano de 2014, diferente de outros munic\u00edpios que acumularam perdas, Resende teve crescimento de arrecada\u00e7\u00e3o em torno de mais de 14%. N\u00c3O H\u00c1 CRISE EM RESENDE!!! O que o prefeito est\u00e1 fazendo \u00e9 usar o discurso dominante da crise para justificar sua falta de compromisso com o funcionalismo p\u00fablico municipal e com os moradores da cidade. At\u00e9 porque se houvesse crise, esta seria apenas para n\u00f3s funcion\u00e1rios de carreira, j\u00e1 que o prefeito passeia pelo Oriente e nenhum cargo comissionado foi cortado ou teve seus sal\u00e1rios diminu\u00eddos. Sabemos que jorram CCs em todas as secretarias para atender t\u00e3o somente a interesses pol\u00edticos com altos sal\u00e1rios e baixa produtividade.<br \/>\nEm Assembleia Unificada da APMR e Sindicato dos Funcion\u00e1rios P\u00fablicos do Munic\u00edpio de Resende realizada no dia 21\/05, profissionais da Educa\u00e7\u00e3o e demais funcion\u00e1rios da Prefeitura decidiram por uma paralisa\u00e7\u00e3o de 24 horas na quinta-feira dia 28 de maio.<br \/>\nO Sepe Resende considera a unidade pol\u00edtica entre os trabalhadores passo fundamental para o fortalecimento de nossas lutas e reivindica\u00e7\u00f5es. Discordamos de unidades costuradas por cima, entre diretores das entidades, sem nenhum debate e sem consulta pr\u00e9via \u00e0 categoria como fez a APMR que decidiu na pr\u00e1tica romper com o Sepe e se jogar no colo de uma suspeita diretoria do Sindicato do Funcionalismo Municipal! Acreditamos numa unidade que some for\u00e7as com todos que est\u00e3o ao lado dos trabalhadores e n\u00e3o as divida. Ent\u00e3o por que excluir o Sepe dessa unidade como tem feito APMR e Sindicato do Funcionalismo P\u00fablico?<br \/>\nQueremos nos unir \u00e0 luta de forma altiva, igualit\u00e1ria e democr\u00e1tica! N\u00e3o admitimos que entidades sejam tratadas de forma diferenciada ou como parceiro menor e submissa a outra.Todos fomos eleitos e portanto portadores de leg\u00edtima representatividade junto a sua base! Aqueles que aceitam tal submiss\u00e3o e que abrem m\u00e3o de antigas pautas de reivindica\u00e7\u00f5es de sua categoria est\u00e3o fazendo o jogo que o governo deseja. O Sepe Resende se faz presente para fazer lembrar a todos que a esqueceram ou a abandonaram que a Educa\u00e7\u00e3o tem uma pauta de reivindica\u00e7\u00f5es e que n\u00e3o a deixaremos de lado, pois nenhuma unidade se justifica se n\u00e3o for para fortalecer a luta de todos!<br \/>\nPAUTA DE REIVINDICA\u00c7\u00d5ES:<br \/>\n\u2022 REAJUSTE DE 15%;<br \/>\n\u2022 TABELA DE ENQUADRAMENTO POR FORMA\u00c7\u00c3O COM RETORNO DOS 10% ENTRE OS N\u00cdVEIS DE REFER\u00caNCIA;<br \/>\n\u2022 CART\u00c3O ALIMENTA\u00c7\u00c3O A TODOS NO VALOR DE R$150,00;<br \/>\n\u2022 1\/3 DE CARGA HOR\u00c1RIA PARA PLANEJAMENTO;<br \/>\n\u2022 MELHORES CONDI\u00c7\u00d5ES DE TRABALHO;<br \/>\n\u2022 GEST\u00c3O DEMOCR\u00c1TICA NAS ESCOLAS(elei\u00e7\u00e3o diretores e presta\u00e7\u00e3o de contas a comunidade escolar);<br \/>\n\u2022 REGULAMENTA\u00c7\u00c3O DO PCCS;<br \/>\n\u2022 FIM DAS TERCEIRIZA\u00c7\u00d5ES\/ CONCURSO P\u00daBLICO J\u00c1;<br \/>\n\u2022 CUMPRIMENTO DOS ACORDOS\/DOS NOSSOS DIREITOS (ESTATUTO FUNCIONALISMO E PCCS DA EDUCA\u00c7\u00c3O).<br \/>\nO SEPE SOMOS N\u00d3S, NOSSA FOR\u00c7A E NOSSA VOZ!<br \/>\nSindicato Estadual dos Profissionais da Educa\u00e7\u00e3o (Sepe)<\/p>\n<p style=\"text-align: justify;\">Sra. Editora,<br \/>\nNo dia 30 de mar\u00e7o encaminhamos ao prefeito a nossa pauta de reivindica\u00e7\u00f5es que foi votada e aprovada em Assembleia Geral no dia 26. No encaminhamento da pauta pedimos ao prefeito um agendamento em car\u00e1ter de urg\u00eancia para discutirmos a nossa pauta e para que o governo apresentasse as suas propostas. Infelizmente, n\u00e3o houve nenhuma resposta at\u00e9 agora. Tudo indica que n\u00e3o v\u00e3o conceder nem mesmo a reposi\u00e7\u00e3o da infla\u00e7\u00e3o.<br \/>\nConforme delibera\u00e7\u00e3o da assembleia realizada no dia 21, foi decidido que nesta quinta feira, dia 28 de maio, vamos fazer um dia de paralisa\u00e7\u00e3o por conta do descaso do prefeito com os servidores p\u00fablicos do munic\u00edpio. Depois de v\u00e1rias tentativas de agendar pelo menos uma reuni\u00e3o com o prefeito e n\u00e3o obtermos nenhuma resposta, s\u00f3 nos restou a paralisa\u00e7\u00e3o por um dia, que depois poder\u00e1 se transformar em uma greve por tempo indeterminado, caso o prefeito n\u00e3o apresente uma contraproposta.<br \/>\nPedimos 15% de reajuste e o prefeito ofereceu ZERO por cento.<br \/>\nPedimos o reajuste do Cart\u00e3o Alimenta\u00e7\u00e3o de R$ 72,00 para R$ 150,00, e o prefeito deixou os servidores sem a recarga no cart\u00e3o e sem previs\u00e3o de regulariza\u00e7\u00e3o do benef\u00edcio.<br \/>\nSolicitamos uma reuni\u00e3o urgente para discutirmos a nossa pauta de reivindica\u00e7\u00e3o e as corre\u00e7\u00f5es no Projeto de Lei do nosso Estatuto, e o prefeito foi viajar.<br \/>\nSindicato dos Funcion\u00e1rios P\u00fablicos do Munic\u00edpio de Resende (SFPMR)<\/p>\n<p style=\"text-align: justify;\">APMR E SINDICATO UNIDOS CONTRA O EMPOBRECIMENTO DOS FUNCION\u00c1RIOS POR PARTE DO GOVERNO RECHUAN<br \/>\nSe a situa\u00e7\u00e3o salarial dos servidores p\u00fablicos municipais estava ruim, agora ficou p\u00e9ssima diante do an\u00fancio do Secret\u00e1rio de Fazenda, Renato Viegas, de que este ano n\u00e3o teremos nada de reajuste nos vencimentos. Nem sequer a corre\u00e7\u00e3o da infla\u00e7\u00e3o de 8,13%. O motivo: a crise econ\u00f4mica nacional que afeta o munic\u00edpio provocando queda da arrecada\u00e7\u00e3o de impostos e dos repasses de verbas estaduais e federais. Isso significa que a partir de junho estaremos mais pobres, teremos que pagar (j\u00e1 estamos pagando desde o in\u00edcio do ano!) tudo mais caro e com o sal\u00e1rio de um ano atr\u00e1s. Isso \u00e9 justo com os servidores?<br \/>\nSabemos que h\u00e1 uma crise, que \u00e9 nacional, poder\u00edamos dizer, mundial. Mas n\u00e3o fomos n\u00f3s servidores e trabalhadores em geral que a criamos! Se assim \u00e9, por que seremos n\u00f3s, as v\u00edtimas da crise, a pagar a conta da irresponsabilidade dos pol\u00edticos? N\u00e3o \u00e9 uma contradi\u00e7\u00e3o: uns gastam e outros \u00e9 que pagam a conta?<br \/>\nPortanto, diante desse cen\u00e1rio catastr\u00f3fico, o que vamos fazer da nossa vida de trabalhador da Prefeitura de Resende? Vamos ficar calados, parados, de bra\u00e7os cruzados, concordando com a explica\u00e7\u00e3o do governo de que n\u00e3o tem jeito, de que o corte nas despesas j\u00e1 foi feito e continuar nossas tarefas di\u00e1rias, pacientemente, \u00e0 espera da melhora da economia? Ou vamos reagir e provocar o prefeito no sentido de buscar alguma alternativa para que seja reposta pelo menos a infla\u00e7\u00e3o? No nosso entendimento nem todo o sacrif\u00edcio foi feito por parte do governo, exemplo: o corte de pessoas que ocupam mais de 1.000 cargos comissionados.<br \/>\nA Associa\u00e7\u00e3o de Professores e o Sindicato dos Funcion\u00e1rios est\u00e3o unidos nessa luta.<br \/>\nAssocia\u00e7\u00e3o dos<br \/>\nProfessores Municipais de Resende (APMR)<\/p>\n<p style=\"text-align: justify;\">A PRA\u00c7A \u00c9 NOSSA<br \/>\nA onda conservadora que se espraia pa\u00eds a dentro &#8211; diga-se, fortemente apoiada e estimulada pelo poder da grande m\u00eddia &#8211; requer urgente aglutina\u00e7\u00e3o de segmentos e entidades, historicamente combatentes na luta contra privil\u00e9gios mantidos por desigualdades inaceit\u00e1veis.<br \/>\nFiliados e lideran\u00e7as suprapartid\u00e1rias, assim tamb\u00e9m entidades como ABI, CNBB e OAB, que se unam em torno de uma programa\u00e7\u00e3o de eventos p\u00fablicos para &#8211; al\u00e9m de denunciar &#8211; motivar a popula\u00e7\u00e3o com vistas a a\u00e7\u00f5es de combate ao golpismo latente. Avaliamos que o tema aglutinador dessa unidade caberia ser a Reforma Pol\u00edtica, a partir de proposi\u00e7\u00f5es diversas daquelas patrocinadas por um Congresso sem credibilidade e isen\u00e7\u00e3o para, por exemplo, estabelecimento de novos e renovadores itens democratizante do processo eleitoral.<br \/>\nPra\u00e7a da S\u00e9, do Ferreira, Cinel\u00e2ndia, Candel\u00e1ria e tantos outros locais que voltem a serem ocupados como espa\u00e7os de apresenta\u00e7\u00e3o e avalia\u00e7\u00e3o de propostas de a\u00e7\u00e3o, chamando-se os cidad\u00e3os \u00e0 retomada da participa\u00e7\u00e3o e interfer\u00eancia sobre decis\u00f5es pol\u00edticas em prol da pr\u00f3pria cidadania. Eventos de palestras e debates em redutos restritos de salas e audit\u00f3rios s\u00e3o necess\u00e1rios por\u00e9m, mais ainda importantes, se resultarem em encontros com a popula\u00e7\u00e3o. A Reforma Pol\u00edtica seria, de imediato, o tema a partir do qual a retomada org\u00e2nica de discuss\u00f5es interativas em espa\u00e7os p\u00fablicos se daria.<\/p>\n<p>Integra\u00e7\u00e3o<\/p>\n<p>Haja manifesta\u00e7\u00f5es<br \/>\nDe modo bem abrangente.<br \/>\nDiscutindo solu\u00e7\u00f5es<br \/>\nCom popula\u00e7\u00e3o presente.<\/p>\n<p>Com comandos definidos<br \/>\nE devida identidade.<br \/>\nIncluindo os partidos<br \/>\nJunto a outras entidades.<\/p>\n<p>Tanto espa\u00e7o dispon\u00edvel<br \/>\nAcolhendo a converg\u00eancia<br \/>\nA mostrar ser bem poss\u00edvel<br \/>\nCaminho da transpar\u00eancia.<\/p>\n<p>Disse o abolicionista<br \/>\nQue a Pra\u00e7a \u00e9 do povo.<br \/>\nN\u00e3o ser\u00e1 voluntarista<br \/>\nOcup\u00e1-la j\u00e1, de novo.<\/p>\n<p>Antonio Francisco<\/p>\n","protected":false},"excerpt":{"rendered":"<p>UNIDADE PRA LUTAR, CORAGEM PRA VENCER!!! O 1\u00ba de maio \u00e9 a \u201cbonita\u201d festa que \u201cest\u00e1 entrando no calend\u00e1rio das grandes festas da cidade\u201d,<\/p>\n","protected":false},"author":1,"featured_media":0,"comment_status":"open","ping_status":"open","sticky":false,"template":"","format":"standard","meta":{"pmpro_default_level":"","footnotes":""},"categories":[8],"tags":[],"class_list":["post-30436","post","type-post","status-publish","format-standard","hentry","category-opiniao","pmpro-has-access"],"yoast_head":"<!-- This site is optimized with the Yoast SEO plugin v27.4 - https:\/\/yoast.com\/product\/yoast-seo-wordpress\/ -->\n<title>Cartas e E-mails - JORNAL BEIRA RIO<\/title>\n<meta name=\"robots\" content=\"index, follow, max-snippet:-1, max-image-preview:large, max-video-preview:-1\" \/>\n<link rel=\"canonical\" href=\"https:\/\/jornalbeirario.com.br\/portal\/?p=30436\" \/>\n<meta property=\"og:locale\" content=\"pt_BR\" \/>\n<meta property=\"og:type\" content=\"article\" \/>\n<meta property=\"og:title\" content=\"Cartas e E-mails - JORNAL BEIRA RIO\" \/>\n<meta property=\"og:description\" content=\"UNIDADE PRA LUTAR, CORAGEM PRA VENCER!!! O 1\u00ba de maio \u00e9 a \u201cbonita\u201d festa que \u201cest\u00e1 entrando no calend\u00e1rio das grandes festas da cidade\u201d,\" \/>\n<meta property=\"og:url\" content=\"https:\/\/jornalbeirario.com.br\/portal\/?p=30436\" \/>\n<meta property=\"og:site_name\" content=\"JORNAL BEIRA RIO\" \/>\n<meta property=\"article:published_time\" content=\"2015-05-29T03:43:07+00:00\" \/>\n<meta name=\"author\" content=\"Jornal BEIRA-RIO\" \/>\n<meta name=\"twitter:card\" content=\"summary_large_image\" \/>\n<meta name=\"twitter:label1\" content=\"Escrito por\" \/>\n\t<meta name=\"twitter:data1\" content=\"Jornal BEIRA-RIO\" \/>\n\t<meta name=\"twitter:label2\" content=\"Est. tempo de leitura\" \/>\n\t<meta name=\"twitter:data2\" content=\"8 minutos\" \/>\n<script type=\"application\/ld+json\" class=\"yoast-schema-graph\">{\"@context\":\"https:\\\/\\\/schema.org\",\"@graph\":[{\"@type\":\"Article\",\"@id\":\"https:\\\/\\\/jornalbeirario.com.br\\\/portal\\\/?p=30436#article\",\"isPartOf\":{\"@id\":\"https:\\\/\\\/jornalbeirario.com.br\\\/portal\\\/?p=30436\"},\"author\":{\"name\":\"Jornal BEIRA-RIO\",\"@id\":\"https:\\\/\\\/jornalbeirario.com.br\\\/portal\\\/#\\\/schema\\\/person\\\/c6c423e4c2465d2a9233f6539173e7c1\"},\"headline\":\"Cartas e E-mails\",\"datePublished\":\"2015-05-29T03:43:07+00:00\",\"mainEntityOfPage\":{\"@id\":\"https:\\\/\\\/jornalbeirario.com.br\\\/portal\\\/?p=30436\"},\"wordCount\":1527,\"commentCount\":0,\"publisher\":{\"@id\":\"https:\\\/\\\/jornalbeirario.com.br\\\/portal\\\/#organization\"},\"articleSection\":[\"Opini\u00e3o\"],\"inLanguage\":\"pt-BR\",\"potentialAction\":[{\"@type\":\"CommentAction\",\"name\":\"Comment\",\"target\":[\"https:\\\/\\\/jornalbeirario.com.br\\\/portal\\\/?p=30436#respond\"]}]},{\"@type\":\"WebPage\",\"@id\":\"https:\\\/\\\/jornalbeirario.com.br\\\/portal\\\/?p=30436\",\"url\":\"https:\\\/\\\/jornalbeirario.com.br\\\/portal\\\/?p=30436\",\"name\":\"Cartas e E-mails - JORNAL BEIRA RIO\",\"isPartOf\":{\"@id\":\"https:\\\/\\\/jornalbeirario.com.br\\\/portal\\\/#website\"},\"datePublished\":\"2015-05-29T03:43:07+00:00\",\"breadcrumb\":{\"@id\":\"https:\\\/\\\/jornalbeirario.com.br\\\/portal\\\/?p=30436#breadcrumb\"},\"inLanguage\":\"pt-BR\",\"potentialAction\":[{\"@type\":\"ReadAction\",\"target\":[\"https:\\\/\\\/jornalbeirario.com.br\\\/portal\\\/?p=30436\"]}]},{\"@type\":\"BreadcrumbList\",\"@id\":\"https:\\\/\\\/jornalbeirario.com.br\\\/portal\\\/?p=30436#breadcrumb\",\"itemListElement\":[{\"@type\":\"ListItem\",\"position\":1,\"name\":\"Home\",\"item\":\"https:\\\/\\\/jornalbeirario.com.br\\\/portal\"},{\"@type\":\"ListItem\",\"position\":2,\"name\":\"Cartas e E-mails\"}]},{\"@type\":\"WebSite\",\"@id\":\"https:\\\/\\\/jornalbeirario.com.br\\\/portal\\\/#website\",\"url\":\"https:\\\/\\\/jornalbeirario.com.br\\\/portal\\\/\",\"name\":\"JORNAL BEIRA RIO\",\"description\":\"\",\"publisher\":{\"@id\":\"https:\\\/\\\/jornalbeirario.com.br\\\/portal\\\/#organization\"},\"potentialAction\":[{\"@type\":\"SearchAction\",\"target\":{\"@type\":\"EntryPoint\",\"urlTemplate\":\"https:\\\/\\\/jornalbeirario.com.br\\\/portal\\\/?s={search_term_string}\"},\"query-input\":{\"@type\":\"PropertyValueSpecification\",\"valueRequired\":true,\"valueName\":\"search_term_string\"}}],\"inLanguage\":\"pt-BR\"},{\"@type\":\"Organization\",\"@id\":\"https:\\\/\\\/jornalbeirario.com.br\\\/portal\\\/#organization\",\"name\":\"JORNAL BEIRA RIO\",\"url\":\"https:\\\/\\\/jornalbeirario.com.br\\\/portal\\\/\",\"logo\":{\"@type\":\"ImageObject\",\"inLanguage\":\"pt-BR\",\"@id\":\"https:\\\/\\\/jornalbeirario.com.br\\\/portal\\\/#\\\/schema\\\/logo\\\/image\\\/\",\"url\":\"https:\\\/\\\/jornalbeirario.com.br\\\/portal\\\/wp-content\\\/uploads\\\/2017\\\/09\\\/BEIRA-RIO_logo600.png\",\"contentUrl\":\"https:\\\/\\\/jornalbeirario.com.br\\\/portal\\\/wp-content\\\/uploads\\\/2017\\\/09\\\/BEIRA-RIO_logo600.png\",\"width\":650,\"height\":108,\"caption\":\"JORNAL BEIRA RIO\"},\"image\":{\"@id\":\"https:\\\/\\\/jornalbeirario.com.br\\\/portal\\\/#\\\/schema\\\/logo\\\/image\\\/\"}},{\"@type\":\"Person\",\"@id\":\"https:\\\/\\\/jornalbeirario.com.br\\\/portal\\\/#\\\/schema\\\/person\\\/c6c423e4c2465d2a9233f6539173e7c1\",\"name\":\"Jornal BEIRA-RIO\",\"image\":{\"@type\":\"ImageObject\",\"inLanguage\":\"pt-BR\",\"@id\":\"https:\\\/\\\/jornalbeirario.com.br\\\/portal\\\/wp-content\\\/uploads\\\/2023\\\/10\\\/logojbr1.jpg\",\"url\":\"https:\\\/\\\/jornalbeirario.com.br\\\/portal\\\/wp-content\\\/uploads\\\/2023\\\/10\\\/logojbr1.jpg\",\"contentUrl\":\"https:\\\/\\\/jornalbeirario.com.br\\\/portal\\\/wp-content\\\/uploads\\\/2023\\\/10\\\/logojbr1.jpg\",\"caption\":\"Jornal BEIRA-RIO\"},\"url\":\"https:\\\/\\\/jornalbeirario.com.br\\\/portal\\\/?author=1\"}]}<\/script>\n<!-- \/ Yoast SEO plugin. -->","yoast_head_json":{"title":"Cartas e E-mails - JORNAL BEIRA RIO","robots":{"index":"index","follow":"follow","max-snippet":"max-snippet:-1","max-image-preview":"max-image-preview:large","max-video-preview":"max-video-preview:-1"},"canonical":"https:\/\/jornalbeirario.com.br\/portal\/?p=30436","og_locale":"pt_BR","og_type":"article","og_title":"Cartas e E-mails - JORNAL BEIRA RIO","og_description":"UNIDADE PRA LUTAR, CORAGEM PRA VENCER!!! O 1\u00ba de maio \u00e9 a \u201cbonita\u201d festa que \u201cest\u00e1 entrando no calend\u00e1rio das grandes festas da cidade\u201d,","og_url":"https:\/\/jornalbeirario.com.br\/portal\/?p=30436","og_site_name":"JORNAL BEIRA RIO","article_published_time":"2015-05-29T03:43:07+00:00","author":"Jornal BEIRA-RIO","twitter_card":"summary_large_image","twitter_misc":{"Escrito por":"Jornal BEIRA-RIO","Est. tempo de leitura":"8 minutos"},"schema":{"@context":"https:\/\/schema.org","@graph":[{"@type":"Article","@id":"https:\/\/jornalbeirario.com.br\/portal\/?p=30436#article","isPartOf":{"@id":"https:\/\/jornalbeirario.com.br\/portal\/?p=30436"},"author":{"name":"Jornal BEIRA-RIO","@id":"https:\/\/jornalbeirario.com.br\/portal\/#\/schema\/person\/c6c423e4c2465d2a9233f6539173e7c1"},"headline":"Cartas e E-mails","datePublished":"2015-05-29T03:43:07+00:00","mainEntityOfPage":{"@id":"https:\/\/jornalbeirario.com.br\/portal\/?p=30436"},"wordCount":1527,"commentCount":0,"publisher":{"@id":"https:\/\/jornalbeirario.com.br\/portal\/#organization"},"articleSection":["Opini\u00e3o"],"inLanguage":"pt-BR","potentialAction":[{"@type":"CommentAction","name":"Comment","target":["https:\/\/jornalbeirario.com.br\/portal\/?p=30436#respond"]}]},{"@type":"WebPage","@id":"https:\/\/jornalbeirario.com.br\/portal\/?p=30436","url":"https:\/\/jornalbeirario.com.br\/portal\/?p=30436","name":"Cartas e E-mails - JORNAL BEIRA RIO","isPartOf":{"@id":"https:\/\/jornalbeirario.com.br\/portal\/#website"},"datePublished":"2015-05-29T03:43:07+00:00","breadcrumb":{"@id":"https:\/\/jornalbeirario.com.br\/portal\/?p=30436#breadcrumb"},"inLanguage":"pt-BR","potentialAction":[{"@type":"ReadAction","target":["https:\/\/jornalbeirario.com.br\/portal\/?p=30436"]}]},{"@type":"BreadcrumbList","@id":"https:\/\/jornalbeirario.com.br\/portal\/?p=30436#breadcrumb","itemListElement":[{"@type":"ListItem","position":1,"name":"Home","item":"https:\/\/jornalbeirario.com.br\/portal"},{"@type":"ListItem","position":2,"name":"Cartas e E-mails"}]},{"@type":"WebSite","@id":"https:\/\/jornalbeirario.com.br\/portal\/#website","url":"https:\/\/jornalbeirario.com.br\/portal\/","name":"JORNAL BEIRA RIO","description":"","publisher":{"@id":"https:\/\/jornalbeirario.com.br\/portal\/#organization"},"potentialAction":[{"@type":"SearchAction","target":{"@type":"EntryPoint","urlTemplate":"https:\/\/jornalbeirario.com.br\/portal\/?s={search_term_string}"},"query-input":{"@type":"PropertyValueSpecification","valueRequired":true,"valueName":"search_term_string"}}],"inLanguage":"pt-BR"},{"@type":"Organization","@id":"https:\/\/jornalbeirario.com.br\/portal\/#organization","name":"JORNAL BEIRA RIO","url":"https:\/\/jornalbeirario.com.br\/portal\/","logo":{"@type":"ImageObject","inLanguage":"pt-BR","@id":"https:\/\/jornalbeirario.com.br\/portal\/#\/schema\/logo\/image\/","url":"https:\/\/jornalbeirario.com.br\/portal\/wp-content\/uploads\/2017\/09\/BEIRA-RIO_logo600.png","contentUrl":"https:\/\/jornalbeirario.com.br\/portal\/wp-content\/uploads\/2017\/09\/BEIRA-RIO_logo600.png","width":650,"height":108,"caption":"JORNAL BEIRA RIO"},"image":{"@id":"https:\/\/jornalbeirario.com.br\/portal\/#\/schema\/logo\/image\/"}},{"@type":"Person","@id":"https:\/\/jornalbeirario.com.br\/portal\/#\/schema\/person\/c6c423e4c2465d2a9233f6539173e7c1","name":"Jornal BEIRA-RIO","image":{"@type":"ImageObject","inLanguage":"pt-BR","@id":"https:\/\/jornalbeirario.com.br\/portal\/wp-content\/uploads\/2023\/10\/logojbr1.jpg","url":"https:\/\/jornalbeirario.com.br\/portal\/wp-content\/uploads\/2023\/10\/logojbr1.jpg","contentUrl":"https:\/\/jornalbeirario.com.br\/portal\/wp-content\/uploads\/2023\/10\/logojbr1.jpg","caption":"Jornal BEIRA-RIO"},"url":"https:\/\/jornalbeirario.com.br\/portal\/?author=1"}]}},"_links":{"self":[{"href":"https:\/\/jornalbeirario.com.br\/portal\/index.php?rest_route=\/wp\/v2\/posts\/30436","targetHints":{"allow":["GET"]}}],"collection":[{"href":"https:\/\/jornalbeirario.com.br\/portal\/index.php?rest_route=\/wp\/v2\/posts"}],"about":[{"href":"https:\/\/jornalbeirario.com.br\/portal\/index.php?rest_route=\/wp\/v2\/types\/post"}],"author":[{"embeddable":true,"href":"https:\/\/jornalbeirario.com.br\/portal\/index.php?rest_route=\/wp\/v2\/users\/1"}],"replies":[{"embeddable":true,"href":"https:\/\/jornalbeirario.com.br\/portal\/index.php?rest_route=%2Fwp%2Fv2%2Fcomments&post=30436"}],"version-history":[{"count":2,"href":"https:\/\/jornalbeirario.com.br\/portal\/index.php?rest_route=\/wp\/v2\/posts\/30436\/revisions"}],"predecessor-version":[{"id":30469,"href":"https:\/\/jornalbeirario.com.br\/portal\/index.php?rest_route=\/wp\/v2\/posts\/30436\/revisions\/30469"}],"wp:attachment":[{"href":"https:\/\/jornalbeirario.com.br\/portal\/index.php?rest_route=%2Fwp%2Fv2%2Fmedia&parent=30436"}],"wp:term":[{"taxonomy":"category","embeddable":true,"href":"https:\/\/jornalbeirario.com.br\/portal\/index.php?rest_route=%2Fwp%2Fv2%2Fcategories&post=30436"},{"taxonomy":"post_tag","embeddable":true,"href":"https:\/\/jornalbeirario.com.br\/portal\/index.php?rest_route=%2Fwp%2Fv2%2Ftags&post=30436"}],"curies":[{"name":"wp","href":"https:\/\/api.w.org\/{rel}","templated":true}]}}