
{"id":30433,"date":"2015-05-29T03:44:33","date_gmt":"2015-05-29T03:44:33","guid":{"rendered":"http:\/\/jornalbeirario.com.br\/portal\/portal\/?p=30433"},"modified":"2015-05-29T03:44:33","modified_gmt":"2015-05-29T03:44:33","slug":"lais-amaral-98","status":"publish","type":"post","link":"https:\/\/jornalbeirario.com.br\/portal\/?p=30433","title":{"rendered":"La\u00eds Amaral"},"content":{"rendered":"<p style=\"text-align: justify;\"><strong>O trem que chega \u00e9 o mesmo trem que vai<\/strong><br \/>\nFiz h\u00e1 tempos uma viagem de trem entre Belo Horizonte e Vit\u00f3ria (ES). Gosto muito de andar de trem. Embarquei na esta\u00e7\u00e3o ferrovi\u00e1ria da capital mineira, pela manh\u00e3 e desembarquei no ponto final, em Cariacica, 13 horas e trinta esta\u00e7\u00f5es depois. Foram mais de 650 quil\u00f4metros de paisagens interessantes passando pelas amplas janelas da composi\u00e7\u00e3o. Quando o trem parou em Jo\u00e3o Monlevade, depois das paradas de Dois Irm\u00e3os e Rio Piracicaba, comecei a reparar no entra e sai. Entraram mais passageiros que sa\u00edram. E assim foi a cobra de ferro cortando as gerais, acolhendo e expelindo gente. Eu, sozinho na minha poltrona, reparava a mudan\u00e7as dos rostos. Quando j\u00e1 me acostumava com as fei\u00e7\u00f5es da vizinhan\u00e7a, eis que chegava Ipatinga, Pedra Corrida, Governador Valadares e l\u00e1 iam eles. E chegavam outros. O cen\u00e1rio humano ia mudando de acordo com as paradas. Um entra e sai gente que n\u00e3o para. Esse trem \u00e9 como a vida, filosofei com meus bot\u00f5es. As pessoas na vida s\u00e3o como companheiros de viagem. Voc\u00ea se apega, se acostuma, se familiariza e de repente ela salta numa pr\u00f3xima esta\u00e7\u00e3o. \u201c\u00c9 inc\u00f4modo pensar, mas um dia eu tamb\u00e9m vou saltar desse trem\u201d. Nas \u00faltimas semanas morreram pessoas conhecidas. O Jo\u00e3o Batista saltou n\u00e3o sei em que esta\u00e7\u00e3o. No final de semana que passou fez anivers\u00e1rio de um ano que meu pai tamb\u00e9m desembarcou. O trem deixa lentamente mais uma esta\u00e7\u00e3o e vejo rostos j\u00e1 ent\u00e3o conhecidos ficando para tr\u00e1s. Para nunca mais. E a esta\u00e7\u00e3o no olhar de quem est\u00e1 no trem \u00e9 sempre triste. Melanc\u00f3lica. V\u00eam \u00e0 cabe\u00e7a os versos de Fernando Brant na pungente \u2018Encontros e Despedidas\u2019 de Milton Nascimento: \u201cChegar e partir s\u00e3o s\u00f3 dois lados da mesma viagem&#8230;.\u201d<\/p>\n<p style=\"text-align: justify;\"><strong>Turismo de inclus\u00e3o. Boa!<\/strong><br \/>\nNo dia 18 de maio, o pessoal das Secretarias de Turismo e Rela\u00e7\u00f5es Comunit\u00e1rias, de Resende participaram de uma visita t\u00e9cnica ao Parque Estadual da Pedra Selada, em Visconde de Mau\u00e1. O objetivo foi colaborar com a implanta\u00e7\u00e3o de uma trilha acess\u00edvel e inclusiva para que pessoas com defici\u00eancia possam visitar aquela unidade de conserva\u00e7\u00e3o. Os funcion\u00e1rios da Prefeitura foram acompanhados por guardas florestais do Parque da Pedra Selada e por representantes do Projeto EDUC \u2013 Educa\u00e7\u00e3o Ambiental nas Unidades de Conserva\u00e7\u00e3o. Foi proposta a instala\u00e7\u00e3o de um Jardim Sensorial, ressaltando elementos que estimulam os sentidos do olfato e do tato, al\u00e9m de outras adapta\u00e7\u00f5es voltadas para pessoas com algum tipo de defici\u00eancia f\u00edsica ou com mobilidade reduzida. A proposta inclui a instala\u00e7\u00e3o de sinaliza\u00e7\u00e3o em braile e informa\u00e7\u00f5es para surdos e mudos. O local foi batizado com o nome \u201cTrilha do Bosque do Visconde\u201d. A iniciativa j\u00e1 \u00e9 desdobramento do Semin\u00e1rio de Turismo realizado m\u00eas passado. As secretarias de Urbanismo e de Assist\u00eancia Social e Direitos Humanos tamb\u00e9m s\u00e3o parceiras de um projeto maior, denominado &#8220;Turismo para Todos&#8221;. O Turismo em Resende vai encorpando. Valeu pessoal !!<\/p>\n<p style=\"text-align: justify;\"><strong>TRIPA<\/strong><br \/>\n* Termina hoje (Dia 29) a exposi\u00e7\u00e3o de m\u00e1quina fotogr\u00e1ficas do Jo\u00e3o Saboia no Museu da Imagem e do Som de Resende. S\u00e3o 40 m\u00e1quinas que contam a hist\u00f3ria da evolu\u00e7\u00e3o desse equipamento. O MIS fica na Casa da Cultura, no Centro Hist\u00f3rico da cidade. Entrada franca * Lu Gast\u00e3o lan\u00e7ou seu livro de resenhas sobre filmes. O livro no formato digital saiu pela Amazon. S\u00e3o 600 resenhas de filmes brasileiros. Pra quem deseja se inteirar sobre a filmografia brasileira, ta\u00ed a oportunidade. O Lu, pra quem n\u00e3o sabe, e dos caras mais fissurados por cinema que n\u00f3s todos conhecemos (www.amazon.com.br) * Termina tamb\u00e9m neste final de semana (dias 30 e 31) a curta temporada da pe\u00e7a infantil \u201cA Fonte M\u00e1gica das Ideias\u201d, no Teatro do Salesiano. O texto \u00e9 de Marcello Jordan que tem na dire\u00e7\u00e3o, Andr\u00e9 Whately. A m\u00fasica \u00e9 de Rog\u00e9rio Azeredo e coreografia de Silvester Carvalho. No elenco: Julio Cesar Pires, Yasmim Silveira, Beto Oliveira, Erik Fabiano, Diana Fernanda e Vinicius Whately. \u00c0s 17 horas * Hoje (dia29) \u00e9 dia de almo\u00e7ar o saboroso e tradicional \u2018Inhoque da Fortuna\u2019 dos meus amigos Odylo Franco e Maria Carmem. Imperd\u00edvel !! * E domingo tem semifinal do So\u00e7aite Cinquent\u00e3o da AABB. \u00c0s 9h15min jogam Turma da Pelada x Brameiros e a seguir: Ipiranga x S\u00edtio. Vai sair fa\u00edsca * Bora ficar logo bom pra aparecer no Atl\u00e2ntico, Ricardo !!<\/p>\n<p style=\"text-align: justify;\"><strong>ANIVERS\u00c1RIOS<\/strong><br \/>\nDia 21 de maio ficaram mais experientes a Soraia de Castro e a Bia. No dia 22, o Tiago Ribeiro e a dona Virg\u00ednia sopraram velinhas. No dia 23, um trio bem legal, mudou de idade: a Eliza Fernandes, o Antonio Marcos (Toninho, da C\u00e2mara) e a L\u00edvia Gil. Dia 25, os amigos Mauro Campos \u2018chocolate\u201d, Jefferson Ferreira e a Dany Lima, que ganhou um presente inesperado e desagrad\u00e1vel, tamb\u00e9m inauguraram idade nova. Parab\u00e9ns e todas as felicidades do mundo a eles.<\/p>\n","protected":false},"excerpt":{"rendered":"<p>O trem que chega \u00e9 o mesmo trem que vai Fiz h\u00e1 tempos uma viagem de trem entre Belo Horizonte e Vit\u00f3ria (ES). Gosto<\/p>\n","protected":false},"author":1,"featured_media":0,"comment_status":"open","ping_status":"open","sticky":false,"template":"","format":"standard","meta":{"pmpro_default_level":"","footnotes":""},"categories":[13],"tags":[],"class_list":["post-30433","post","type-post","status-publish","format-standard","hentry","category-social","pmpro-has-access"],"yoast_head":"<!-- This site is optimized with the Yoast SEO plugin v27.4 - https:\/\/yoast.com\/product\/yoast-seo-wordpress\/ -->\n<title>La\u00eds Amaral - JORNAL BEIRA RIO<\/title>\n<meta name=\"robots\" content=\"index, follow, max-snippet:-1, max-image-preview:large, max-video-preview:-1\" \/>\n<link rel=\"canonical\" href=\"https:\/\/jornalbeirario.com.br\/portal\/?p=30433\" \/>\n<meta property=\"og:locale\" content=\"pt_BR\" \/>\n<meta property=\"og:type\" content=\"article\" \/>\n<meta property=\"og:title\" content=\"La\u00eds Amaral - JORNAL BEIRA RIO\" \/>\n<meta property=\"og:description\" content=\"O trem que chega \u00e9 o mesmo trem que vai Fiz h\u00e1 tempos uma viagem de trem entre Belo Horizonte e Vit\u00f3ria (ES). Gosto\" \/>\n<meta property=\"og:url\" content=\"https:\/\/jornalbeirario.com.br\/portal\/?p=30433\" \/>\n<meta property=\"og:site_name\" content=\"JORNAL BEIRA RIO\" \/>\n<meta property=\"article:published_time\" content=\"2015-05-29T03:44:33+00:00\" \/>\n<meta name=\"author\" content=\"Jornal BEIRA-RIO\" \/>\n<meta name=\"twitter:card\" content=\"summary_large_image\" \/>\n<meta name=\"twitter:label1\" content=\"Escrito por\" \/>\n\t<meta name=\"twitter:data1\" content=\"Jornal BEIRA-RIO\" \/>\n\t<meta name=\"twitter:label2\" content=\"Est. tempo de leitura\" \/>\n\t<meta name=\"twitter:data2\" content=\"4 minutos\" \/>\n<script type=\"application\/ld+json\" class=\"yoast-schema-graph\">{\"@context\":\"https:\\\/\\\/schema.org\",\"@graph\":[{\"@type\":\"Article\",\"@id\":\"https:\\\/\\\/jornalbeirario.com.br\\\/portal\\\/?p=30433#article\",\"isPartOf\":{\"@id\":\"https:\\\/\\\/jornalbeirario.com.br\\\/portal\\\/?p=30433\"},\"author\":{\"name\":\"Jornal BEIRA-RIO\",\"@id\":\"https:\\\/\\\/jornalbeirario.com.br\\\/portal\\\/#\\\/schema\\\/person\\\/c6c423e4c2465d2a9233f6539173e7c1\"},\"headline\":\"La\u00eds Amaral\",\"datePublished\":\"2015-05-29T03:44:33+00:00\",\"mainEntityOfPage\":{\"@id\":\"https:\\\/\\\/jornalbeirario.com.br\\\/portal\\\/?p=30433\"},\"wordCount\":868,\"commentCount\":0,\"publisher\":{\"@id\":\"https:\\\/\\\/jornalbeirario.com.br\\\/portal\\\/#organization\"},\"articleSection\":[\"Social\"],\"inLanguage\":\"pt-BR\",\"potentialAction\":[{\"@type\":\"CommentAction\",\"name\":\"Comment\",\"target\":[\"https:\\\/\\\/jornalbeirario.com.br\\\/portal\\\/?p=30433#respond\"]}]},{\"@type\":\"WebPage\",\"@id\":\"https:\\\/\\\/jornalbeirario.com.br\\\/portal\\\/?p=30433\",\"url\":\"https:\\\/\\\/jornalbeirario.com.br\\\/portal\\\/?p=30433\",\"name\":\"La\u00eds Amaral - JORNAL BEIRA RIO\",\"isPartOf\":{\"@id\":\"https:\\\/\\\/jornalbeirario.com.br\\\/portal\\\/#website\"},\"datePublished\":\"2015-05-29T03:44:33+00:00\",\"breadcrumb\":{\"@id\":\"https:\\\/\\\/jornalbeirario.com.br\\\/portal\\\/?p=30433#breadcrumb\"},\"inLanguage\":\"pt-BR\",\"potentialAction\":[{\"@type\":\"ReadAction\",\"target\":[\"https:\\\/\\\/jornalbeirario.com.br\\\/portal\\\/?p=30433\"]}]},{\"@type\":\"BreadcrumbList\",\"@id\":\"https:\\\/\\\/jornalbeirario.com.br\\\/portal\\\/?p=30433#breadcrumb\",\"itemListElement\":[{\"@type\":\"ListItem\",\"position\":1,\"name\":\"Home\",\"item\":\"https:\\\/\\\/jornalbeirario.com.br\\\/portal\"},{\"@type\":\"ListItem\",\"position\":2,\"name\":\"La\u00eds Amaral\"}]},{\"@type\":\"WebSite\",\"@id\":\"https:\\\/\\\/jornalbeirario.com.br\\\/portal\\\/#website\",\"url\":\"https:\\\/\\\/jornalbeirario.com.br\\\/portal\\\/\",\"name\":\"JORNAL BEIRA RIO\",\"description\":\"\",\"publisher\":{\"@id\":\"https:\\\/\\\/jornalbeirario.com.br\\\/portal\\\/#organization\"},\"potentialAction\":[{\"@type\":\"SearchAction\",\"target\":{\"@type\":\"EntryPoint\",\"urlTemplate\":\"https:\\\/\\\/jornalbeirario.com.br\\\/portal\\\/?s={search_term_string}\"},\"query-input\":{\"@type\":\"PropertyValueSpecification\",\"valueRequired\":true,\"valueName\":\"search_term_string\"}}],\"inLanguage\":\"pt-BR\"},{\"@type\":\"Organization\",\"@id\":\"https:\\\/\\\/jornalbeirario.com.br\\\/portal\\\/#organization\",\"name\":\"JORNAL BEIRA RIO\",\"url\":\"https:\\\/\\\/jornalbeirario.com.br\\\/portal\\\/\",\"logo\":{\"@type\":\"ImageObject\",\"inLanguage\":\"pt-BR\",\"@id\":\"https:\\\/\\\/jornalbeirario.com.br\\\/portal\\\/#\\\/schema\\\/logo\\\/image\\\/\",\"url\":\"https:\\\/\\\/jornalbeirario.com.br\\\/portal\\\/wp-content\\\/uploads\\\/2017\\\/09\\\/BEIRA-RIO_logo600.png\",\"contentUrl\":\"https:\\\/\\\/jornalbeirario.com.br\\\/portal\\\/wp-content\\\/uploads\\\/2017\\\/09\\\/BEIRA-RIO_logo600.png\",\"width\":650,\"height\":108,\"caption\":\"JORNAL BEIRA RIO\"},\"image\":{\"@id\":\"https:\\\/\\\/jornalbeirario.com.br\\\/portal\\\/#\\\/schema\\\/logo\\\/image\\\/\"}},{\"@type\":\"Person\",\"@id\":\"https:\\\/\\\/jornalbeirario.com.br\\\/portal\\\/#\\\/schema\\\/person\\\/c6c423e4c2465d2a9233f6539173e7c1\",\"name\":\"Jornal BEIRA-RIO\",\"image\":{\"@type\":\"ImageObject\",\"inLanguage\":\"pt-BR\",\"@id\":\"https:\\\/\\\/jornalbeirario.com.br\\\/portal\\\/wp-content\\\/uploads\\\/2023\\\/10\\\/logojbr1.jpg\",\"url\":\"https:\\\/\\\/jornalbeirario.com.br\\\/portal\\\/wp-content\\\/uploads\\\/2023\\\/10\\\/logojbr1.jpg\",\"contentUrl\":\"https:\\\/\\\/jornalbeirario.com.br\\\/portal\\\/wp-content\\\/uploads\\\/2023\\\/10\\\/logojbr1.jpg\",\"caption\":\"Jornal BEIRA-RIO\"},\"url\":\"https:\\\/\\\/jornalbeirario.com.br\\\/portal\\\/?author=1\"}]}<\/script>\n<!-- \/ Yoast SEO plugin. -->","yoast_head_json":{"title":"La\u00eds Amaral - JORNAL BEIRA RIO","robots":{"index":"index","follow":"follow","max-snippet":"max-snippet:-1","max-image-preview":"max-image-preview:large","max-video-preview":"max-video-preview:-1"},"canonical":"https:\/\/jornalbeirario.com.br\/portal\/?p=30433","og_locale":"pt_BR","og_type":"article","og_title":"La\u00eds Amaral - JORNAL BEIRA RIO","og_description":"O trem que chega \u00e9 o mesmo trem que vai Fiz h\u00e1 tempos uma viagem de trem entre Belo Horizonte e Vit\u00f3ria (ES). Gosto","og_url":"https:\/\/jornalbeirario.com.br\/portal\/?p=30433","og_site_name":"JORNAL BEIRA RIO","article_published_time":"2015-05-29T03:44:33+00:00","author":"Jornal BEIRA-RIO","twitter_card":"summary_large_image","twitter_misc":{"Escrito por":"Jornal BEIRA-RIO","Est. tempo de leitura":"4 minutos"},"schema":{"@context":"https:\/\/schema.org","@graph":[{"@type":"Article","@id":"https:\/\/jornalbeirario.com.br\/portal\/?p=30433#article","isPartOf":{"@id":"https:\/\/jornalbeirario.com.br\/portal\/?p=30433"},"author":{"name":"Jornal BEIRA-RIO","@id":"https:\/\/jornalbeirario.com.br\/portal\/#\/schema\/person\/c6c423e4c2465d2a9233f6539173e7c1"},"headline":"La\u00eds Amaral","datePublished":"2015-05-29T03:44:33+00:00","mainEntityOfPage":{"@id":"https:\/\/jornalbeirario.com.br\/portal\/?p=30433"},"wordCount":868,"commentCount":0,"publisher":{"@id":"https:\/\/jornalbeirario.com.br\/portal\/#organization"},"articleSection":["Social"],"inLanguage":"pt-BR","potentialAction":[{"@type":"CommentAction","name":"Comment","target":["https:\/\/jornalbeirario.com.br\/portal\/?p=30433#respond"]}]},{"@type":"WebPage","@id":"https:\/\/jornalbeirario.com.br\/portal\/?p=30433","url":"https:\/\/jornalbeirario.com.br\/portal\/?p=30433","name":"La\u00eds Amaral - JORNAL BEIRA RIO","isPartOf":{"@id":"https:\/\/jornalbeirario.com.br\/portal\/#website"},"datePublished":"2015-05-29T03:44:33+00:00","breadcrumb":{"@id":"https:\/\/jornalbeirario.com.br\/portal\/?p=30433#breadcrumb"},"inLanguage":"pt-BR","potentialAction":[{"@type":"ReadAction","target":["https:\/\/jornalbeirario.com.br\/portal\/?p=30433"]}]},{"@type":"BreadcrumbList","@id":"https:\/\/jornalbeirario.com.br\/portal\/?p=30433#breadcrumb","itemListElement":[{"@type":"ListItem","position":1,"name":"Home","item":"https:\/\/jornalbeirario.com.br\/portal"},{"@type":"ListItem","position":2,"name":"La\u00eds Amaral"}]},{"@type":"WebSite","@id":"https:\/\/jornalbeirario.com.br\/portal\/#website","url":"https:\/\/jornalbeirario.com.br\/portal\/","name":"JORNAL BEIRA RIO","description":"","publisher":{"@id":"https:\/\/jornalbeirario.com.br\/portal\/#organization"},"potentialAction":[{"@type":"SearchAction","target":{"@type":"EntryPoint","urlTemplate":"https:\/\/jornalbeirario.com.br\/portal\/?s={search_term_string}"},"query-input":{"@type":"PropertyValueSpecification","valueRequired":true,"valueName":"search_term_string"}}],"inLanguage":"pt-BR"},{"@type":"Organization","@id":"https:\/\/jornalbeirario.com.br\/portal\/#organization","name":"JORNAL BEIRA RIO","url":"https:\/\/jornalbeirario.com.br\/portal\/","logo":{"@type":"ImageObject","inLanguage":"pt-BR","@id":"https:\/\/jornalbeirario.com.br\/portal\/#\/schema\/logo\/image\/","url":"https:\/\/jornalbeirario.com.br\/portal\/wp-content\/uploads\/2017\/09\/BEIRA-RIO_logo600.png","contentUrl":"https:\/\/jornalbeirario.com.br\/portal\/wp-content\/uploads\/2017\/09\/BEIRA-RIO_logo600.png","width":650,"height":108,"caption":"JORNAL BEIRA RIO"},"image":{"@id":"https:\/\/jornalbeirario.com.br\/portal\/#\/schema\/logo\/image\/"}},{"@type":"Person","@id":"https:\/\/jornalbeirario.com.br\/portal\/#\/schema\/person\/c6c423e4c2465d2a9233f6539173e7c1","name":"Jornal BEIRA-RIO","image":{"@type":"ImageObject","inLanguage":"pt-BR","@id":"https:\/\/jornalbeirario.com.br\/portal\/wp-content\/uploads\/2023\/10\/logojbr1.jpg","url":"https:\/\/jornalbeirario.com.br\/portal\/wp-content\/uploads\/2023\/10\/logojbr1.jpg","contentUrl":"https:\/\/jornalbeirario.com.br\/portal\/wp-content\/uploads\/2023\/10\/logojbr1.jpg","caption":"Jornal BEIRA-RIO"},"url":"https:\/\/jornalbeirario.com.br\/portal\/?author=1"}]}},"_links":{"self":[{"href":"https:\/\/jornalbeirario.com.br\/portal\/index.php?rest_route=\/wp\/v2\/posts\/30433","targetHints":{"allow":["GET"]}}],"collection":[{"href":"https:\/\/jornalbeirario.com.br\/portal\/index.php?rest_route=\/wp\/v2\/posts"}],"about":[{"href":"https:\/\/jornalbeirario.com.br\/portal\/index.php?rest_route=\/wp\/v2\/types\/post"}],"author":[{"embeddable":true,"href":"https:\/\/jornalbeirario.com.br\/portal\/index.php?rest_route=\/wp\/v2\/users\/1"}],"replies":[{"embeddable":true,"href":"https:\/\/jornalbeirario.com.br\/portal\/index.php?rest_route=%2Fwp%2Fv2%2Fcomments&post=30433"}],"version-history":[{"count":3,"href":"https:\/\/jornalbeirario.com.br\/portal\/index.php?rest_route=\/wp\/v2\/posts\/30433\/revisions"}],"predecessor-version":[{"id":30470,"href":"https:\/\/jornalbeirario.com.br\/portal\/index.php?rest_route=\/wp\/v2\/posts\/30433\/revisions\/30470"}],"wp:attachment":[{"href":"https:\/\/jornalbeirario.com.br\/portal\/index.php?rest_route=%2Fwp%2Fv2%2Fmedia&parent=30433"}],"wp:term":[{"taxonomy":"category","embeddable":true,"href":"https:\/\/jornalbeirario.com.br\/portal\/index.php?rest_route=%2Fwp%2Fv2%2Fcategories&post=30433"},{"taxonomy":"post_tag","embeddable":true,"href":"https:\/\/jornalbeirario.com.br\/portal\/index.php?rest_route=%2Fwp%2Fv2%2Ftags&post=30433"}],"curies":[{"name":"wp","href":"https:\/\/api.w.org\/{rel}","templated":true}]}}