
{"id":30312,"date":"2015-05-22T08:48:53","date_gmt":"2015-05-22T08:48:53","guid":{"rendered":"http:\/\/jornalbeirario.com.br\/portal\/portal\/?p=30312"},"modified":"2015-05-22T08:48:53","modified_gmt":"2015-05-22T08:48:53","slug":"quem-pensa-o-que-a-gente-faz-numa-hora-dessas","status":"publish","type":"post","link":"https:\/\/jornalbeirario.com.br\/portal\/?p=30312","title":{"rendered":"QUEM PENSA? O que a gente faz numa hora dessas?"},"content":{"rendered":"<p style=\"text-align: justify;\">Essa semana me deparei com uma situa\u00e7\u00e3o daquelas que apertam o cora\u00e7\u00e3o e que nos deixa em d\u00favida sobre o que fazer para ajudar aqueles que parecem fr\u00e1geis. N\u00e3o temos informa\u00e7\u00f5es sobre a estrutura social do munic\u00edpio, faltam informa\u00e7\u00f5es dos plant\u00f5es de programas de assist\u00eancia e quase sempre um desinteresse dos \u00f3rg\u00e3os p\u00fablicos.<\/p>\n<p style=\"text-align: justify;\">Final de tarde, um senhor quase \u00e9 atropelado na porta da minha casa depois que se desequilibra e cai. Regina, que ajuda a cuidar da minha casa, estava em final de expediente, indo pra casa quando assistiu a queda daquele velhinho. Ajudou o senhor e me chamou para tentar colaborar j\u00e1 que ele falava com muita dificuldades. O velhinho tinha cheio de cacha\u00e7a e algum tempo depois ele admitiu que foi chamado por um vizinho para \u201ctomar umas\u201d. O vizinho o troxe do Para\u00edso at\u00e9 a rodovi\u00e1ria no Centro, beberam e algum tempo depois, cad\u00ea o vizinho? Foi embora e deixou o velhinho de 72 anos com um peda\u00e7o de cabo de vassoura sozinho.<\/p>\n<p style=\"text-align: justify;\">Cambaleante, aquele senhor de olhos fundos na cor azul e cabe\u00e7a branca tinha as m\u00e3os calejadas e lhe faltam todos os dentes. Pois bem, n\u00e3o chegou a se ferir mais resolvi chamar o Samu, e fui conversar com o senhor que com dificuldades falou que n\u00e3o queria voltar para casa porque seria maltratado pela fam\u00edlia. Disse com aquela voz baixinha \u201cTenho muito aborrecimento. Muito mesmo\u201d. Queria se internar num asilo e por isso tentava subir a ladeira anterior ao antigo pr\u00e9dio do Asilo, sem saber que n\u00e3o funciona mais ali esta entidade.<\/p>\n<p style=\"text-align: justify;\">Por v\u00e1rias vezes me ofereci a lev\u00e1-lo para casa e ele nem dizia o endere\u00e7o para n\u00e3o correr o risco. Fui at\u00e9 a ONG Evoluir que funciona hoje no antigo asilo na tentativa de saber se poderia dar abrigo a ele naquela noite, mas l\u00e1 n\u00e3o funciona como dormit\u00f3rio. O atendimento internato da ONG \u00e9 em outro endere\u00e7o. Quando informei ao senhor que tinha chamado a ambul\u00e2ncia e que essa o levaria para o Hospital ele levanta cambaleante mais uma vez, \u201cquero hospital n\u00e3o\u201d.<\/p>\n<p style=\"text-align: justify;\">Chegar a voltar a ligar para o Samu para cancelar a vinda da ambul\u00e2ncia j\u00e1 que ele sem aparentes ferimentos da queda tamb\u00e9m se recusava ter um atendimento. Aquele momento que voc\u00ea respeita a opini\u00e3o do idoso j\u00e1 cansado de n\u00e3o ser ouvido, sabe como \u00e9? Pois bem, avisei ao Samu que n\u00e3o precisava mais mandar a ambul\u00e2ncia. Ali\u00e1s, uma pr\u00e1tica que precisamos ter com os servi\u00e7os p\u00fablicos: avisar que n\u00e3o precisamos para dar vez a outro. Voltei a conversar com o velhinho que por fim aceitou que o levasse para casa, quando entro em casa, tiro o carro da garagem e chega a ambul\u00e2ncia do Samu. Acho que n\u00e3o deu tempo de avisar, problemas no r\u00e1dio&#8230; realmente n\u00e3o procurei saber. Os atendentes de uma educa\u00e7\u00e3o \u00edmpar, uma gentileza de primeiro mundo e todo o cuidado com aquele velhinho que preservarei nome, o levaram para o Hospital de Emerg\u00eancia.<\/p>\n<p style=\"text-align: justify;\">Poderia ter terminado a\u00ed meu envolvimento, mas realmente n\u00e3o me sentiria bem sem saber se ao chegar sem documentos, parentes e com o cheiro da bebida seria atendido como merece. Na d\u00favida, liguei para as assistentes sociais do Hospital que ficam l\u00e1 no setor at\u00e9 \u00e0s 19h. E mais uma vez, a gentileza, a educa\u00e7\u00e3o e vontade de ajudar foram singulares e tive a certeza que ele seria bem atendido. A assistente social informou que em casos sem parentes \u00e9 providenciada uma ambul\u00e2ncia para lev\u00e1-lo para casa e ela pessoalmente iria receb\u00ea-lo no pronto socorro, j\u00e1 que a ambul\u00e2ncia deveria estar chegando.<\/p>\n<p style=\"text-align: justify;\">Durante esse vai e vem, porque n\u00e3o teria coragem de fechar o port\u00e3o e deixar o velhinho na rua l\u00e1 sem assist\u00eancia como tamb\u00e9m n\u00e3o teve a Regina que ficou at\u00e9 \u00e0s 18h30 ao lado do senhor conversando e tentando convenc\u00ea-lo a ir para casa, mandei mensagem para uma integrante do Conselho Municipal do Idoso relatando o caso e solicitando acompanhamento para este senhor, mas o que realmente apertou meu cora\u00e7\u00e3o foi saber que outros velhinhos e velhinhas nas mesmas condi\u00e7\u00f5es ou \u00e0s vezes at\u00e9 piores n\u00e3o t\u00eam a assist\u00eancia merecida dentro de casa e que perdem suas autonomia e direitos, muitos efetivamente s\u00f3 no papel.<\/p>\n<p style=\"text-align: justify;\">Em Resende, os programas sociais n\u00e3o t\u00eam a divulga\u00e7\u00e3o que precisam ter. N\u00e3o sabemos os telefones de plant\u00e3o de assistentes sociais, conselho tutelar, ajuda funer\u00e1ria, socorro aos idosos, situa\u00e7\u00e3o de perigo a moradores de rua ou dependentes qu\u00edmicos, maus-tratos de animais entre outros. Alguns mant\u00e9m at\u00e9 esses telefones, mas n\u00e3o divulgam. Do que adianta? Dizem que os \u00f3rg\u00e3os de Pol\u00edcia tem. Tem nada. Por v\u00e1rias vezes solicitei telefone de plant\u00e3o do conselho tutelar ao PM e nunca consegui. Na verdade, cabe ao poder p\u00fablico divulgar amplamente estas maneiras de assist\u00eancia fora de um hor\u00e1rio de expediente convencional. Tem gente que acredita que tudo \u00e9 chamar a Pol\u00edcia e n\u00e3o \u00e9.<\/p>\n<p style=\"text-align: justify;\">O governo municipal que tanto gosta de se gabar de pr\u00eamios conquistados deveria com uma simples a\u00e7\u00e3o, que depende de decis\u00e3o com olhar humanit\u00e1rio, criar uma grande rede de prote\u00e7\u00e3o \u00e0s pessoas em situa\u00e7\u00e3o de risco de vida como foi o caso desse velhinho. Enquanto isto n\u00e3o acontece, e n\u00e3o acredito que aconte\u00e7a nesse governo que a\u00ed est\u00e1, vamos tentando fazer aquilo que podemos e como podemos. Sem entregar na m\u00e3o de Deus, por favor. Ele j\u00e1 tem muita preocupa\u00e7\u00e3o. Vamos \u00e9 colocar batatas quentes nas m\u00e3os do prefeito e dos vereadores que deveriam cuidar e muito bem das \u00e1reas sociais com den\u00fancias ao MP, MPF, PF, Pol\u00edcia, Papa, capeta, seja l\u00e1 quem puder apertar esses que acreditam que somos apenas um n\u00famero em dia de elei\u00e7\u00e3o. Chega de brincar com a vida das pessoas.<\/p>\n<p style=\"text-align: justify;\">Ana L\u00facia<br \/>\neditora do jornal <strong>BEIRA-RIO<\/strong><br \/>\nanalucia@jornalbeirario.com.br<\/p>\n","protected":false},"excerpt":{"rendered":"<p>Essa semana me deparei com uma situa\u00e7\u00e3o daquelas que apertam o cora\u00e7\u00e3o e que nos deixa em d\u00favida sobre o que fazer para ajudar<\/p>\n","protected":false},"author":1,"featured_media":0,"comment_status":"open","ping_status":"open","sticky":false,"template":"","format":"standard","meta":{"pmpro_default_level":"","footnotes":""},"categories":[8],"tags":[],"class_list":["post-30312","post","type-post","status-publish","format-standard","hentry","category-opiniao","pmpro-has-access"],"yoast_head":"<!-- This site is optimized with the Yoast SEO plugin v27.4 - https:\/\/yoast.com\/product\/yoast-seo-wordpress\/ -->\n<title>QUEM PENSA? O que a gente faz numa hora dessas? - JORNAL BEIRA RIO<\/title>\n<meta name=\"robots\" content=\"index, follow, max-snippet:-1, max-image-preview:large, max-video-preview:-1\" \/>\n<link rel=\"canonical\" href=\"https:\/\/jornalbeirario.com.br\/portal\/?p=30312\" \/>\n<meta property=\"og:locale\" content=\"pt_BR\" \/>\n<meta property=\"og:type\" content=\"article\" \/>\n<meta property=\"og:title\" content=\"QUEM PENSA? O que a gente faz numa hora dessas? - JORNAL BEIRA RIO\" \/>\n<meta property=\"og:description\" content=\"Essa semana me deparei com uma situa\u00e7\u00e3o daquelas que apertam o cora\u00e7\u00e3o e que nos deixa em d\u00favida sobre o que fazer para ajudar\" \/>\n<meta property=\"og:url\" content=\"https:\/\/jornalbeirario.com.br\/portal\/?p=30312\" \/>\n<meta property=\"og:site_name\" content=\"JORNAL BEIRA RIO\" \/>\n<meta property=\"article:published_time\" content=\"2015-05-22T08:48:53+00:00\" \/>\n<meta name=\"author\" content=\"Jornal BEIRA-RIO\" \/>\n<meta name=\"twitter:card\" content=\"summary_large_image\" \/>\n<meta name=\"twitter:label1\" content=\"Escrito por\" \/>\n\t<meta name=\"twitter:data1\" content=\"Jornal BEIRA-RIO\" \/>\n\t<meta name=\"twitter:label2\" content=\"Est. tempo de leitura\" \/>\n\t<meta name=\"twitter:data2\" content=\"5 minutos\" \/>\n<script type=\"application\/ld+json\" class=\"yoast-schema-graph\">{\"@context\":\"https:\\\/\\\/schema.org\",\"@graph\":[{\"@type\":\"Article\",\"@id\":\"https:\\\/\\\/jornalbeirario.com.br\\\/portal\\\/?p=30312#article\",\"isPartOf\":{\"@id\":\"https:\\\/\\\/jornalbeirario.com.br\\\/portal\\\/?p=30312\"},\"author\":{\"name\":\"Jornal BEIRA-RIO\",\"@id\":\"https:\\\/\\\/jornalbeirario.com.br\\\/portal\\\/#\\\/schema\\\/person\\\/c6c423e4c2465d2a9233f6539173e7c1\"},\"headline\":\"QUEM PENSA? O que a gente faz numa hora dessas?\",\"datePublished\":\"2015-05-22T08:48:53+00:00\",\"mainEntityOfPage\":{\"@id\":\"https:\\\/\\\/jornalbeirario.com.br\\\/portal\\\/?p=30312\"},\"wordCount\":1060,\"commentCount\":1,\"publisher\":{\"@id\":\"https:\\\/\\\/jornalbeirario.com.br\\\/portal\\\/#organization\"},\"articleSection\":[\"Opini\u00e3o\"],\"inLanguage\":\"pt-BR\",\"potentialAction\":[{\"@type\":\"CommentAction\",\"name\":\"Comment\",\"target\":[\"https:\\\/\\\/jornalbeirario.com.br\\\/portal\\\/?p=30312#respond\"]}]},{\"@type\":\"WebPage\",\"@id\":\"https:\\\/\\\/jornalbeirario.com.br\\\/portal\\\/?p=30312\",\"url\":\"https:\\\/\\\/jornalbeirario.com.br\\\/portal\\\/?p=30312\",\"name\":\"QUEM PENSA? O que a gente faz numa hora dessas? - JORNAL BEIRA RIO\",\"isPartOf\":{\"@id\":\"https:\\\/\\\/jornalbeirario.com.br\\\/portal\\\/#website\"},\"datePublished\":\"2015-05-22T08:48:53+00:00\",\"breadcrumb\":{\"@id\":\"https:\\\/\\\/jornalbeirario.com.br\\\/portal\\\/?p=30312#breadcrumb\"},\"inLanguage\":\"pt-BR\",\"potentialAction\":[{\"@type\":\"ReadAction\",\"target\":[\"https:\\\/\\\/jornalbeirario.com.br\\\/portal\\\/?p=30312\"]}]},{\"@type\":\"BreadcrumbList\",\"@id\":\"https:\\\/\\\/jornalbeirario.com.br\\\/portal\\\/?p=30312#breadcrumb\",\"itemListElement\":[{\"@type\":\"ListItem\",\"position\":1,\"name\":\"Home\",\"item\":\"https:\\\/\\\/jornalbeirario.com.br\\\/portal\"},{\"@type\":\"ListItem\",\"position\":2,\"name\":\"QUEM PENSA? O que a gente faz numa hora dessas?\"}]},{\"@type\":\"WebSite\",\"@id\":\"https:\\\/\\\/jornalbeirario.com.br\\\/portal\\\/#website\",\"url\":\"https:\\\/\\\/jornalbeirario.com.br\\\/portal\\\/\",\"name\":\"JORNAL BEIRA RIO\",\"description\":\"\",\"publisher\":{\"@id\":\"https:\\\/\\\/jornalbeirario.com.br\\\/portal\\\/#organization\"},\"potentialAction\":[{\"@type\":\"SearchAction\",\"target\":{\"@type\":\"EntryPoint\",\"urlTemplate\":\"https:\\\/\\\/jornalbeirario.com.br\\\/portal\\\/?s={search_term_string}\"},\"query-input\":{\"@type\":\"PropertyValueSpecification\",\"valueRequired\":true,\"valueName\":\"search_term_string\"}}],\"inLanguage\":\"pt-BR\"},{\"@type\":\"Organization\",\"@id\":\"https:\\\/\\\/jornalbeirario.com.br\\\/portal\\\/#organization\",\"name\":\"JORNAL BEIRA RIO\",\"url\":\"https:\\\/\\\/jornalbeirario.com.br\\\/portal\\\/\",\"logo\":{\"@type\":\"ImageObject\",\"inLanguage\":\"pt-BR\",\"@id\":\"https:\\\/\\\/jornalbeirario.com.br\\\/portal\\\/#\\\/schema\\\/logo\\\/image\\\/\",\"url\":\"https:\\\/\\\/jornalbeirario.com.br\\\/portal\\\/wp-content\\\/uploads\\\/2017\\\/09\\\/BEIRA-RIO_logo600.png\",\"contentUrl\":\"https:\\\/\\\/jornalbeirario.com.br\\\/portal\\\/wp-content\\\/uploads\\\/2017\\\/09\\\/BEIRA-RIO_logo600.png\",\"width\":650,\"height\":108,\"caption\":\"JORNAL BEIRA RIO\"},\"image\":{\"@id\":\"https:\\\/\\\/jornalbeirario.com.br\\\/portal\\\/#\\\/schema\\\/logo\\\/image\\\/\"}},{\"@type\":\"Person\",\"@id\":\"https:\\\/\\\/jornalbeirario.com.br\\\/portal\\\/#\\\/schema\\\/person\\\/c6c423e4c2465d2a9233f6539173e7c1\",\"name\":\"Jornal BEIRA-RIO\",\"image\":{\"@type\":\"ImageObject\",\"inLanguage\":\"pt-BR\",\"@id\":\"https:\\\/\\\/jornalbeirario.com.br\\\/portal\\\/wp-content\\\/uploads\\\/2023\\\/10\\\/logojbr1.jpg\",\"url\":\"https:\\\/\\\/jornalbeirario.com.br\\\/portal\\\/wp-content\\\/uploads\\\/2023\\\/10\\\/logojbr1.jpg\",\"contentUrl\":\"https:\\\/\\\/jornalbeirario.com.br\\\/portal\\\/wp-content\\\/uploads\\\/2023\\\/10\\\/logojbr1.jpg\",\"caption\":\"Jornal BEIRA-RIO\"},\"url\":\"https:\\\/\\\/jornalbeirario.com.br\\\/portal\\\/?author=1\"}]}<\/script>\n<!-- \/ Yoast SEO plugin. -->","yoast_head_json":{"title":"QUEM PENSA? O que a gente faz numa hora dessas? - JORNAL BEIRA RIO","robots":{"index":"index","follow":"follow","max-snippet":"max-snippet:-1","max-image-preview":"max-image-preview:large","max-video-preview":"max-video-preview:-1"},"canonical":"https:\/\/jornalbeirario.com.br\/portal\/?p=30312","og_locale":"pt_BR","og_type":"article","og_title":"QUEM PENSA? O que a gente faz numa hora dessas? - JORNAL BEIRA RIO","og_description":"Essa semana me deparei com uma situa\u00e7\u00e3o daquelas que apertam o cora\u00e7\u00e3o e que nos deixa em d\u00favida sobre o que fazer para ajudar","og_url":"https:\/\/jornalbeirario.com.br\/portal\/?p=30312","og_site_name":"JORNAL BEIRA RIO","article_published_time":"2015-05-22T08:48:53+00:00","author":"Jornal BEIRA-RIO","twitter_card":"summary_large_image","twitter_misc":{"Escrito por":"Jornal BEIRA-RIO","Est. tempo de leitura":"5 minutos"},"schema":{"@context":"https:\/\/schema.org","@graph":[{"@type":"Article","@id":"https:\/\/jornalbeirario.com.br\/portal\/?p=30312#article","isPartOf":{"@id":"https:\/\/jornalbeirario.com.br\/portal\/?p=30312"},"author":{"name":"Jornal BEIRA-RIO","@id":"https:\/\/jornalbeirario.com.br\/portal\/#\/schema\/person\/c6c423e4c2465d2a9233f6539173e7c1"},"headline":"QUEM PENSA? O que a gente faz numa hora dessas?","datePublished":"2015-05-22T08:48:53+00:00","mainEntityOfPage":{"@id":"https:\/\/jornalbeirario.com.br\/portal\/?p=30312"},"wordCount":1060,"commentCount":1,"publisher":{"@id":"https:\/\/jornalbeirario.com.br\/portal\/#organization"},"articleSection":["Opini\u00e3o"],"inLanguage":"pt-BR","potentialAction":[{"@type":"CommentAction","name":"Comment","target":["https:\/\/jornalbeirario.com.br\/portal\/?p=30312#respond"]}]},{"@type":"WebPage","@id":"https:\/\/jornalbeirario.com.br\/portal\/?p=30312","url":"https:\/\/jornalbeirario.com.br\/portal\/?p=30312","name":"QUEM PENSA? O que a gente faz numa hora dessas? - JORNAL BEIRA RIO","isPartOf":{"@id":"https:\/\/jornalbeirario.com.br\/portal\/#website"},"datePublished":"2015-05-22T08:48:53+00:00","breadcrumb":{"@id":"https:\/\/jornalbeirario.com.br\/portal\/?p=30312#breadcrumb"},"inLanguage":"pt-BR","potentialAction":[{"@type":"ReadAction","target":["https:\/\/jornalbeirario.com.br\/portal\/?p=30312"]}]},{"@type":"BreadcrumbList","@id":"https:\/\/jornalbeirario.com.br\/portal\/?p=30312#breadcrumb","itemListElement":[{"@type":"ListItem","position":1,"name":"Home","item":"https:\/\/jornalbeirario.com.br\/portal"},{"@type":"ListItem","position":2,"name":"QUEM PENSA? O que a gente faz numa hora dessas?"}]},{"@type":"WebSite","@id":"https:\/\/jornalbeirario.com.br\/portal\/#website","url":"https:\/\/jornalbeirario.com.br\/portal\/","name":"JORNAL BEIRA RIO","description":"","publisher":{"@id":"https:\/\/jornalbeirario.com.br\/portal\/#organization"},"potentialAction":[{"@type":"SearchAction","target":{"@type":"EntryPoint","urlTemplate":"https:\/\/jornalbeirario.com.br\/portal\/?s={search_term_string}"},"query-input":{"@type":"PropertyValueSpecification","valueRequired":true,"valueName":"search_term_string"}}],"inLanguage":"pt-BR"},{"@type":"Organization","@id":"https:\/\/jornalbeirario.com.br\/portal\/#organization","name":"JORNAL BEIRA RIO","url":"https:\/\/jornalbeirario.com.br\/portal\/","logo":{"@type":"ImageObject","inLanguage":"pt-BR","@id":"https:\/\/jornalbeirario.com.br\/portal\/#\/schema\/logo\/image\/","url":"https:\/\/jornalbeirario.com.br\/portal\/wp-content\/uploads\/2017\/09\/BEIRA-RIO_logo600.png","contentUrl":"https:\/\/jornalbeirario.com.br\/portal\/wp-content\/uploads\/2017\/09\/BEIRA-RIO_logo600.png","width":650,"height":108,"caption":"JORNAL BEIRA RIO"},"image":{"@id":"https:\/\/jornalbeirario.com.br\/portal\/#\/schema\/logo\/image\/"}},{"@type":"Person","@id":"https:\/\/jornalbeirario.com.br\/portal\/#\/schema\/person\/c6c423e4c2465d2a9233f6539173e7c1","name":"Jornal BEIRA-RIO","image":{"@type":"ImageObject","inLanguage":"pt-BR","@id":"https:\/\/jornalbeirario.com.br\/portal\/wp-content\/uploads\/2023\/10\/logojbr1.jpg","url":"https:\/\/jornalbeirario.com.br\/portal\/wp-content\/uploads\/2023\/10\/logojbr1.jpg","contentUrl":"https:\/\/jornalbeirario.com.br\/portal\/wp-content\/uploads\/2023\/10\/logojbr1.jpg","caption":"Jornal BEIRA-RIO"},"url":"https:\/\/jornalbeirario.com.br\/portal\/?author=1"}]}},"_links":{"self":[{"href":"https:\/\/jornalbeirario.com.br\/portal\/index.php?rest_route=\/wp\/v2\/posts\/30312","targetHints":{"allow":["GET"]}}],"collection":[{"href":"https:\/\/jornalbeirario.com.br\/portal\/index.php?rest_route=\/wp\/v2\/posts"}],"about":[{"href":"https:\/\/jornalbeirario.com.br\/portal\/index.php?rest_route=\/wp\/v2\/types\/post"}],"author":[{"embeddable":true,"href":"https:\/\/jornalbeirario.com.br\/portal\/index.php?rest_route=\/wp\/v2\/users\/1"}],"replies":[{"embeddable":true,"href":"https:\/\/jornalbeirario.com.br\/portal\/index.php?rest_route=%2Fwp%2Fv2%2Fcomments&post=30312"}],"version-history":[{"count":2,"href":"https:\/\/jornalbeirario.com.br\/portal\/index.php?rest_route=\/wp\/v2\/posts\/30312\/revisions"}],"predecessor-version":[{"id":30345,"href":"https:\/\/jornalbeirario.com.br\/portal\/index.php?rest_route=\/wp\/v2\/posts\/30312\/revisions\/30345"}],"wp:attachment":[{"href":"https:\/\/jornalbeirario.com.br\/portal\/index.php?rest_route=%2Fwp%2Fv2%2Fmedia&parent=30312"}],"wp:term":[{"taxonomy":"category","embeddable":true,"href":"https:\/\/jornalbeirario.com.br\/portal\/index.php?rest_route=%2Fwp%2Fv2%2Fcategories&post=30312"},{"taxonomy":"post_tag","embeddable":true,"href":"https:\/\/jornalbeirario.com.br\/portal\/index.php?rest_route=%2Fwp%2Fv2%2Ftags&post=30312"}],"curies":[{"name":"wp","href":"https:\/\/api.w.org\/{rel}","templated":true}]}}