
{"id":30310,"date":"2015-05-22T08:58:26","date_gmt":"2015-05-22T08:58:26","guid":{"rendered":"http:\/\/jornalbeirario.com.br\/portal\/portal\/?p=30310"},"modified":"2015-05-22T08:58:26","modified_gmt":"2015-05-22T08:58:26","slug":"lais-amaral-97","status":"publish","type":"post","link":"https:\/\/jornalbeirario.com.br\/portal\/?p=30310","title":{"rendered":"La\u00eds Amaral"},"content":{"rendered":"<p style=\"text-align: justify;\"><strong>A mulher mais bonita de Resende&#8230; com algu\u00e9m de muita sorte<\/strong><br \/>\nComo naqueles velhos e surrados chav\u00f5es televisivos: um campe\u00e3o de audi\u00eancia est\u00e1 de volta a esta p\u00e1gina. No caso, uma campe\u00e3 de audi\u00eancia, a mulher mais bonita de Resende. Ela andou ausente por puro azar meu. De repente, nossos caminhos deixaram de se cruzar. Sabe-se l\u00e1 o que tramam os deuses quando est\u00e3o entregues ao puro \u00f3cio. Mas a vi, enfim, semana passada. Por coincid\u00eancia, sentada \u00e0 mesa de uma das padarias que frequento. E mais: na mesma mesa em que certa vez a vislumbrei ao volante, parada no sinal de tr\u00e2nsito pr\u00f3ximo. N\u00e3o sou dado a mentiras, ainda mais para meus leitores e leitoras. Confesso que a vi rapidamente no desfile do \u2018Crust\u00e1ceos da Mangua\u00e7a\u2019, em fevereiro deste ano. Ela, com a mesma eleg\u00e2ncia e naturalidade que enverga um cl\u00e1ssico tailleur (leia-se tai\u00ear) para ir ao trabalho, brincava fantasiada. Na verdade, usava um macaquinho e uma m\u00e1scara, que faria dela, f\u00e1cil-f\u00e1cil, Rainha do Carnaval em Veneza. Mas era o \u2018Crust\u00e1ceos\u2019, a cada ano mais animado e concorrido, e assim s\u00f3 a vi de relance. Dessa vez passei perto, pela cal\u00e7ada junto \u00e0 janela. Reparei que estava com um descontra\u00eddo rabo-de-cavalo, os mesmos \u00f3culos charmos\u00edssimos e uma camisa de malha, vinho, de mangas compridas. O restante n\u00e3o pude conferir. A parede impedia. Mas notei o ar com um \u2018qu\u00ea\u2019 de chatice, envolvendo ela e seu acompanhante \u2013 que n\u00e3o consigo lembrar nem a cor dos cabelos. N\u00e3o me motivei. Apenas segui meu caminho refletindo que, finalmente, depois de tanto tempo revi a mulher mais bonita de Resende. E dessa vez, acompanhada, de algu\u00e9m que nada sei a respeito, mas deduzo ser o sujeito mais sortudo da cidade.<\/p>\n<p style=\"text-align: justify;\"><strong>Teatro Infantil no Salesiano: \u2018A Fonte M\u00e1gica das Ideias\u2019<\/strong><br \/>\nEnfim, teatro infantil de verdade por aqui. Estreia amanh\u00e3 (s\u00e1bado) no Teatro do Salesiano a pe\u00e7a \u201cA Fonte M\u00e1gica das Ideias\u201d, um texto de Marcello Jordan com dire\u00e7\u00e3o de Andr\u00e9 Whately, m\u00fasica de Rog\u00e9rio Azeredo e coreografia de Silvester Carvalho. No elenco: Julio Cesar Pires, Yasmim Silveira, Beto Oliveira, Erik Fabiano, Diana Fernanda e Vinicius Whately. Para Andr\u00e9, a maior motiva\u00e7\u00e3o para assumir a dire\u00e7\u00e3o foi a valoriza\u00e7\u00e3o dos professores, a import\u00e2ncia de estudar e viver a imagina\u00e7\u00e3o ressaltados na pe\u00e7a. \u201cE al\u00e9m disso, uma pe\u00e7a com artistas mesmo, de carne e osso, que interpretam e cantam, sem falas gravadas em playback\u201d. A temporada \u00e9 de dois finais de semana, amanh\u00e3 e depois, dias 23 e 24 e s\u00e1bado e domingo da semana que vem, dias 30 e 31. Sempre \u00e0s 17 horas. Beleza !!<\/p>\n<p style=\"text-align: justify;\"><strong>TRIPA<\/strong><br \/>\n* O Conselho Municipal de Promo\u00e7\u00e3o da Igualdade Racial organiza hoje (dia 22) no Espa\u00e7o \u2018Z\u2019, um semin\u00e1rio sobre \u201cRacismo e M\u00eddias Sociais\u201d, uma alus\u00e3o ao dia 13 de maio, quando foi comemorada a Aboli\u00e7\u00e3o da Escravatura no Brasil. O evento vai das 13h30 \u00e0s 16 horas. O encontro \u00e9 aberto ao p\u00fablico e tem o objetivo de divulgar o tema na regi\u00e3o. No debate o advogado de Volta Redonda, Sebasti\u00e3o de Oliveira, (militante do movimento negro), o publicit\u00e1rio Carlos Rocha e o radialista Carlos Santa Rita. A abertura contar\u00e1 com a presen\u00e7a de representantes da Prefeitura, do Conselho, de militantes do movimento negro, entre outros convidados. Apoio da Secretaria Municipal de Rela\u00e7\u00f5es Comunit\u00e1rias e Cidadania * A vice-presidentre da Sociedade de Hotelaria Hospitalar do Estado do Rio de Janeiro, minha amiga Leila Pena, informa que est\u00e3o abertas as inscri\u00e7\u00f5es para o 4\u00ba Encontro de Hotelaria Hospitalar da Regi\u00e3o Serrana, que acontecer\u00e1 em 26 de junho no audit\u00f3rio da FASE, Petr\u00f3polis. * Hoje (sexta) e amanh\u00e3, a noite tem endere\u00e7o certo: \u2018Bar Atl\u00e2ntico\u2019. \u00c9 a Lapa aqui em Resende. Pertinho da Pra\u00e7a Oliveira Botelho (Matriz). M\u00fasica de primeira, atendimento de primeira e frequ\u00eancia de primeira * Pensando bem, pessoal, o futebol do Rio de Janeiro \u00e9 de segunda divis\u00e3o. O Botafogo \u00e9 o \u00fanico coerente da turma. O \u00fanico que est\u00e1 no lugar certo.<\/p>\n<p style=\"text-align: justify;\"><strong>ANIVERS\u00c1RIOS<\/strong><br \/>\nDia 14 ficou mais velho o meu amigo Luis Coelho Medina. Dia 15 um trio legal ficou mais experiente: a Soraia Cavalcante, o Ricardo Pimentel e o Diego Gavazzi. Dia 16 outro trio inaugurou idade nova: a Carol Lemos, a Januaceli Gandolfo e a Fabi Gonzalez. Dia 17 foi um quarteto que recebeu os \u2018parab\u00e9ns\u2019: a Elizabeth Caldeira, a Marie Louise Goransson, a F\u00e1tima Porto e o Tiago Diniz. No dia 18 aniversariou o luso-brasileiro Erc\u00edlio Galhardo neto. Dia 19, tr\u00eas mulheres: Cida Melo, Renildes Almeida e a Ana Rita Orioli. E dia 20, o vasca\u00edno feliz Z\u00e9 Carlos Matias e o americano nem t\u00e3o feliz assim com o futebol, Zequinha Campan\u00e1rio. Parab\u00e9ns e todas as felicidades do mundo a eles.<\/p>\n","protected":false},"excerpt":{"rendered":"<p>A mulher mais bonita de Resende&#8230; com algu\u00e9m de muita sorte Como naqueles velhos e surrados chav\u00f5es televisivos: um campe\u00e3o de audi\u00eancia est\u00e1 de<\/p>\n","protected":false},"author":1,"featured_media":0,"comment_status":"open","ping_status":"open","sticky":false,"template":"","format":"standard","meta":{"pmpro_default_level":"","footnotes":""},"categories":[13],"tags":[],"class_list":["post-30310","post","type-post","status-publish","format-standard","hentry","category-social","pmpro-has-access"],"yoast_head":"<!-- This site is optimized with the Yoast SEO plugin v27.4 - https:\/\/yoast.com\/product\/yoast-seo-wordpress\/ -->\n<title>La\u00eds Amaral - JORNAL BEIRA RIO<\/title>\n<meta name=\"robots\" content=\"index, follow, max-snippet:-1, max-image-preview:large, max-video-preview:-1\" \/>\n<link rel=\"canonical\" href=\"https:\/\/jornalbeirario.com.br\/portal\/?p=30310\" \/>\n<meta property=\"og:locale\" content=\"pt_BR\" \/>\n<meta property=\"og:type\" content=\"article\" \/>\n<meta property=\"og:title\" content=\"La\u00eds Amaral - JORNAL BEIRA RIO\" \/>\n<meta property=\"og:description\" content=\"A mulher mais bonita de Resende&#8230; com algu\u00e9m de muita sorte Como naqueles velhos e surrados chav\u00f5es televisivos: um campe\u00e3o de audi\u00eancia est\u00e1 de\" \/>\n<meta property=\"og:url\" content=\"https:\/\/jornalbeirario.com.br\/portal\/?p=30310\" \/>\n<meta property=\"og:site_name\" content=\"JORNAL BEIRA RIO\" \/>\n<meta property=\"article:published_time\" content=\"2015-05-22T08:58:26+00:00\" \/>\n<meta name=\"author\" content=\"Jornal BEIRA-RIO\" \/>\n<meta name=\"twitter:card\" content=\"summary_large_image\" \/>\n<meta name=\"twitter:label1\" content=\"Escrito por\" \/>\n\t<meta name=\"twitter:data1\" content=\"Jornal BEIRA-RIO\" \/>\n\t<meta name=\"twitter:label2\" content=\"Est. tempo de leitura\" \/>\n\t<meta name=\"twitter:data2\" content=\"4 minutos\" \/>\n<script type=\"application\/ld+json\" class=\"yoast-schema-graph\">{\"@context\":\"https:\\\/\\\/schema.org\",\"@graph\":[{\"@type\":\"Article\",\"@id\":\"https:\\\/\\\/jornalbeirario.com.br\\\/portal\\\/?p=30310#article\",\"isPartOf\":{\"@id\":\"https:\\\/\\\/jornalbeirario.com.br\\\/portal\\\/?p=30310\"},\"author\":{\"name\":\"Jornal BEIRA-RIO\",\"@id\":\"https:\\\/\\\/jornalbeirario.com.br\\\/portal\\\/#\\\/schema\\\/person\\\/c6c423e4c2465d2a9233f6539173e7c1\"},\"headline\":\"La\u00eds Amaral\",\"datePublished\":\"2015-05-22T08:58:26+00:00\",\"mainEntityOfPage\":{\"@id\":\"https:\\\/\\\/jornalbeirario.com.br\\\/portal\\\/?p=30310\"},\"wordCount\":828,\"commentCount\":0,\"publisher\":{\"@id\":\"https:\\\/\\\/jornalbeirario.com.br\\\/portal\\\/#organization\"},\"articleSection\":[\"Social\"],\"inLanguage\":\"pt-BR\",\"potentialAction\":[{\"@type\":\"CommentAction\",\"name\":\"Comment\",\"target\":[\"https:\\\/\\\/jornalbeirario.com.br\\\/portal\\\/?p=30310#respond\"]}]},{\"@type\":\"WebPage\",\"@id\":\"https:\\\/\\\/jornalbeirario.com.br\\\/portal\\\/?p=30310\",\"url\":\"https:\\\/\\\/jornalbeirario.com.br\\\/portal\\\/?p=30310\",\"name\":\"La\u00eds Amaral - JORNAL BEIRA RIO\",\"isPartOf\":{\"@id\":\"https:\\\/\\\/jornalbeirario.com.br\\\/portal\\\/#website\"},\"datePublished\":\"2015-05-22T08:58:26+00:00\",\"breadcrumb\":{\"@id\":\"https:\\\/\\\/jornalbeirario.com.br\\\/portal\\\/?p=30310#breadcrumb\"},\"inLanguage\":\"pt-BR\",\"potentialAction\":[{\"@type\":\"ReadAction\",\"target\":[\"https:\\\/\\\/jornalbeirario.com.br\\\/portal\\\/?p=30310\"]}]},{\"@type\":\"BreadcrumbList\",\"@id\":\"https:\\\/\\\/jornalbeirario.com.br\\\/portal\\\/?p=30310#breadcrumb\",\"itemListElement\":[{\"@type\":\"ListItem\",\"position\":1,\"name\":\"Home\",\"item\":\"https:\\\/\\\/jornalbeirario.com.br\\\/portal\"},{\"@type\":\"ListItem\",\"position\":2,\"name\":\"La\u00eds Amaral\"}]},{\"@type\":\"WebSite\",\"@id\":\"https:\\\/\\\/jornalbeirario.com.br\\\/portal\\\/#website\",\"url\":\"https:\\\/\\\/jornalbeirario.com.br\\\/portal\\\/\",\"name\":\"JORNAL BEIRA RIO\",\"description\":\"\",\"publisher\":{\"@id\":\"https:\\\/\\\/jornalbeirario.com.br\\\/portal\\\/#organization\"},\"potentialAction\":[{\"@type\":\"SearchAction\",\"target\":{\"@type\":\"EntryPoint\",\"urlTemplate\":\"https:\\\/\\\/jornalbeirario.com.br\\\/portal\\\/?s={search_term_string}\"},\"query-input\":{\"@type\":\"PropertyValueSpecification\",\"valueRequired\":true,\"valueName\":\"search_term_string\"}}],\"inLanguage\":\"pt-BR\"},{\"@type\":\"Organization\",\"@id\":\"https:\\\/\\\/jornalbeirario.com.br\\\/portal\\\/#organization\",\"name\":\"JORNAL BEIRA RIO\",\"url\":\"https:\\\/\\\/jornalbeirario.com.br\\\/portal\\\/\",\"logo\":{\"@type\":\"ImageObject\",\"inLanguage\":\"pt-BR\",\"@id\":\"https:\\\/\\\/jornalbeirario.com.br\\\/portal\\\/#\\\/schema\\\/logo\\\/image\\\/\",\"url\":\"https:\\\/\\\/jornalbeirario.com.br\\\/portal\\\/wp-content\\\/uploads\\\/2017\\\/09\\\/BEIRA-RIO_logo600.png\",\"contentUrl\":\"https:\\\/\\\/jornalbeirario.com.br\\\/portal\\\/wp-content\\\/uploads\\\/2017\\\/09\\\/BEIRA-RIO_logo600.png\",\"width\":650,\"height\":108,\"caption\":\"JORNAL BEIRA RIO\"},\"image\":{\"@id\":\"https:\\\/\\\/jornalbeirario.com.br\\\/portal\\\/#\\\/schema\\\/logo\\\/image\\\/\"}},{\"@type\":\"Person\",\"@id\":\"https:\\\/\\\/jornalbeirario.com.br\\\/portal\\\/#\\\/schema\\\/person\\\/c6c423e4c2465d2a9233f6539173e7c1\",\"name\":\"Jornal BEIRA-RIO\",\"image\":{\"@type\":\"ImageObject\",\"inLanguage\":\"pt-BR\",\"@id\":\"https:\\\/\\\/jornalbeirario.com.br\\\/portal\\\/wp-content\\\/uploads\\\/2023\\\/10\\\/logojbr1.jpg\",\"url\":\"https:\\\/\\\/jornalbeirario.com.br\\\/portal\\\/wp-content\\\/uploads\\\/2023\\\/10\\\/logojbr1.jpg\",\"contentUrl\":\"https:\\\/\\\/jornalbeirario.com.br\\\/portal\\\/wp-content\\\/uploads\\\/2023\\\/10\\\/logojbr1.jpg\",\"caption\":\"Jornal BEIRA-RIO\"},\"url\":\"https:\\\/\\\/jornalbeirario.com.br\\\/portal\\\/?author=1\"}]}<\/script>\n<!-- \/ Yoast SEO plugin. -->","yoast_head_json":{"title":"La\u00eds Amaral - JORNAL BEIRA RIO","robots":{"index":"index","follow":"follow","max-snippet":"max-snippet:-1","max-image-preview":"max-image-preview:large","max-video-preview":"max-video-preview:-1"},"canonical":"https:\/\/jornalbeirario.com.br\/portal\/?p=30310","og_locale":"pt_BR","og_type":"article","og_title":"La\u00eds Amaral - JORNAL BEIRA RIO","og_description":"A mulher mais bonita de Resende&#8230; com algu\u00e9m de muita sorte Como naqueles velhos e surrados chav\u00f5es televisivos: um campe\u00e3o de audi\u00eancia est\u00e1 de","og_url":"https:\/\/jornalbeirario.com.br\/portal\/?p=30310","og_site_name":"JORNAL BEIRA RIO","article_published_time":"2015-05-22T08:58:26+00:00","author":"Jornal BEIRA-RIO","twitter_card":"summary_large_image","twitter_misc":{"Escrito por":"Jornal BEIRA-RIO","Est. tempo de leitura":"4 minutos"},"schema":{"@context":"https:\/\/schema.org","@graph":[{"@type":"Article","@id":"https:\/\/jornalbeirario.com.br\/portal\/?p=30310#article","isPartOf":{"@id":"https:\/\/jornalbeirario.com.br\/portal\/?p=30310"},"author":{"name":"Jornal BEIRA-RIO","@id":"https:\/\/jornalbeirario.com.br\/portal\/#\/schema\/person\/c6c423e4c2465d2a9233f6539173e7c1"},"headline":"La\u00eds Amaral","datePublished":"2015-05-22T08:58:26+00:00","mainEntityOfPage":{"@id":"https:\/\/jornalbeirario.com.br\/portal\/?p=30310"},"wordCount":828,"commentCount":0,"publisher":{"@id":"https:\/\/jornalbeirario.com.br\/portal\/#organization"},"articleSection":["Social"],"inLanguage":"pt-BR","potentialAction":[{"@type":"CommentAction","name":"Comment","target":["https:\/\/jornalbeirario.com.br\/portal\/?p=30310#respond"]}]},{"@type":"WebPage","@id":"https:\/\/jornalbeirario.com.br\/portal\/?p=30310","url":"https:\/\/jornalbeirario.com.br\/portal\/?p=30310","name":"La\u00eds Amaral - JORNAL BEIRA RIO","isPartOf":{"@id":"https:\/\/jornalbeirario.com.br\/portal\/#website"},"datePublished":"2015-05-22T08:58:26+00:00","breadcrumb":{"@id":"https:\/\/jornalbeirario.com.br\/portal\/?p=30310#breadcrumb"},"inLanguage":"pt-BR","potentialAction":[{"@type":"ReadAction","target":["https:\/\/jornalbeirario.com.br\/portal\/?p=30310"]}]},{"@type":"BreadcrumbList","@id":"https:\/\/jornalbeirario.com.br\/portal\/?p=30310#breadcrumb","itemListElement":[{"@type":"ListItem","position":1,"name":"Home","item":"https:\/\/jornalbeirario.com.br\/portal"},{"@type":"ListItem","position":2,"name":"La\u00eds Amaral"}]},{"@type":"WebSite","@id":"https:\/\/jornalbeirario.com.br\/portal\/#website","url":"https:\/\/jornalbeirario.com.br\/portal\/","name":"JORNAL BEIRA RIO","description":"","publisher":{"@id":"https:\/\/jornalbeirario.com.br\/portal\/#organization"},"potentialAction":[{"@type":"SearchAction","target":{"@type":"EntryPoint","urlTemplate":"https:\/\/jornalbeirario.com.br\/portal\/?s={search_term_string}"},"query-input":{"@type":"PropertyValueSpecification","valueRequired":true,"valueName":"search_term_string"}}],"inLanguage":"pt-BR"},{"@type":"Organization","@id":"https:\/\/jornalbeirario.com.br\/portal\/#organization","name":"JORNAL BEIRA RIO","url":"https:\/\/jornalbeirario.com.br\/portal\/","logo":{"@type":"ImageObject","inLanguage":"pt-BR","@id":"https:\/\/jornalbeirario.com.br\/portal\/#\/schema\/logo\/image\/","url":"https:\/\/jornalbeirario.com.br\/portal\/wp-content\/uploads\/2017\/09\/BEIRA-RIO_logo600.png","contentUrl":"https:\/\/jornalbeirario.com.br\/portal\/wp-content\/uploads\/2017\/09\/BEIRA-RIO_logo600.png","width":650,"height":108,"caption":"JORNAL BEIRA RIO"},"image":{"@id":"https:\/\/jornalbeirario.com.br\/portal\/#\/schema\/logo\/image\/"}},{"@type":"Person","@id":"https:\/\/jornalbeirario.com.br\/portal\/#\/schema\/person\/c6c423e4c2465d2a9233f6539173e7c1","name":"Jornal BEIRA-RIO","image":{"@type":"ImageObject","inLanguage":"pt-BR","@id":"https:\/\/jornalbeirario.com.br\/portal\/wp-content\/uploads\/2023\/10\/logojbr1.jpg","url":"https:\/\/jornalbeirario.com.br\/portal\/wp-content\/uploads\/2023\/10\/logojbr1.jpg","contentUrl":"https:\/\/jornalbeirario.com.br\/portal\/wp-content\/uploads\/2023\/10\/logojbr1.jpg","caption":"Jornal BEIRA-RIO"},"url":"https:\/\/jornalbeirario.com.br\/portal\/?author=1"}]}},"_links":{"self":[{"href":"https:\/\/jornalbeirario.com.br\/portal\/index.php?rest_route=\/wp\/v2\/posts\/30310","targetHints":{"allow":["GET"]}}],"collection":[{"href":"https:\/\/jornalbeirario.com.br\/portal\/index.php?rest_route=\/wp\/v2\/posts"}],"about":[{"href":"https:\/\/jornalbeirario.com.br\/portal\/index.php?rest_route=\/wp\/v2\/types\/post"}],"author":[{"embeddable":true,"href":"https:\/\/jornalbeirario.com.br\/portal\/index.php?rest_route=\/wp\/v2\/users\/1"}],"replies":[{"embeddable":true,"href":"https:\/\/jornalbeirario.com.br\/portal\/index.php?rest_route=%2Fwp%2Fv2%2Fcomments&post=30310"}],"version-history":[{"count":2,"href":"https:\/\/jornalbeirario.com.br\/portal\/index.php?rest_route=\/wp\/v2\/posts\/30310\/revisions"}],"predecessor-version":[{"id":30347,"href":"https:\/\/jornalbeirario.com.br\/portal\/index.php?rest_route=\/wp\/v2\/posts\/30310\/revisions\/30347"}],"wp:attachment":[{"href":"https:\/\/jornalbeirario.com.br\/portal\/index.php?rest_route=%2Fwp%2Fv2%2Fmedia&parent=30310"}],"wp:term":[{"taxonomy":"category","embeddable":true,"href":"https:\/\/jornalbeirario.com.br\/portal\/index.php?rest_route=%2Fwp%2Fv2%2Fcategories&post=30310"},{"taxonomy":"post_tag","embeddable":true,"href":"https:\/\/jornalbeirario.com.br\/portal\/index.php?rest_route=%2Fwp%2Fv2%2Ftags&post=30310"}],"curies":[{"name":"wp","href":"https:\/\/api.w.org\/{rel}","templated":true}]}}