
{"id":30308,"date":"2015-05-22T08:59:33","date_gmt":"2015-05-22T08:59:33","guid":{"rendered":"http:\/\/jornalbeirario.com.br\/portal\/portal\/?p=30308"},"modified":"2015-05-22T08:59:33","modified_gmt":"2015-05-22T08:59:33","slug":"acredite-se-quiser-128","status":"publish","type":"post","link":"https:\/\/jornalbeirario.com.br\/portal\/?p=30308","title":{"rendered":"Acredite se Quiser"},"content":{"rendered":"<p style=\"text-align: justify;\">&#8211; Essa semana, o ambientalista e empres\u00e1rio Eliel de Assis Queiroz anunciou sua sa\u00edda do Comit\u00ea pela Transpar\u00eancia e Controle Social de Resende. Eliel que colaborou desde a funda\u00e7\u00e3o do ComSocial resolveu se afastar alegando problemas pessoais. Eliel que revelou ter sofrido persegui\u00e7\u00f5es por partes de \u00f3rg\u00e3os ambientais em sua propriedade na Serrinha do Alambari deixou duas frentes de atua\u00e7\u00e3o em um m\u00eas. Antes do ComSocial, o ambientalista tamb\u00e9m deixou a assessoria do mandato do deputado Glaucio Julianelli (Psol).<\/p>\n<p style=\"text-align: justify;\">&#8211; Sem qualquer comunicado \u00e0 popula\u00e7\u00e3o, a Secretaria Municipal de Sa\u00fade de Resende resolveu fechar os Postos de Sa\u00fade da Fam\u00edlia que, desde 2011 abrem aos s\u00e1bados para atender aqueles que durante a semana t\u00eam dificuldades para atendimento. O mais incr\u00edvel \u00e9 que, ainda com casos de dengue e no meio de uma campanha de vacina\u00e7\u00e3o contra a gripe, per\u00edodo que muitos filhos s\u00f3 t\u00eam o final de semana para levar pais idosos aos postos, o fechamento \u00e9 feito sob a justificativa de economia. Diz a nota da Assessoria da Prefeitura: \u201cSegundo a Secretaria de Sa\u00fade, o movimento nas unidades b\u00e1sicas aos fins de semana era muito pequeno e, diante das medidas de austeridade aplicadas pela Prefeitura, foi decidido o fechamento das unidades nos fins de semana\u201d. Pois \u00e9&#8230; austeridade. Onde est\u00e1 o prefeito Rechuan mesmo? Passeando no L\u00edbano!<\/p>\n<p style=\"text-align: justify;\">&#8211; A bandeirada dos t\u00e1xis em Resende j\u00e1 est\u00e1 R$ 6,27. O pre\u00e7o do tomate varia entre R$ 6 e R$ 12. E o estacionamento rotativo continua abusando do contribuinte. E no dia que a gasolina fica pela metade do pre\u00e7o tem n\u00f3 no tr\u00e2nsito. Aqui a gente (sobre)vive!<\/p>\n<p style=\"text-align: justify;\">&#8211; E o PT\/Resende depois de aprovar no Diret\u00f3rio que n\u00e3o vai compor com o prefeito cassado Jos\u00e9 Rechuan se encolheu mais uma vez. Reuni\u00f5es sem qu\u00f3rum por conta da falta de mobiliza\u00e7\u00e3o da Executiva e funcionamento adequado das coordena\u00e7\u00f5es. Xiiii&#8230; Rechuan n\u00e3o levou o partido, mas do jeito que caminha, o Partido dos Trabalhadores corre o risco, de mais uma vez, fazer aquele papel vergonho nas pr\u00f3ximas elei\u00e7\u00f5es, ou seja, nem um vereador para contar hist\u00f3ria.<\/p>\n<p style=\"text-align: justify;\">&#8211; Os deputados derrubaram o veto do governador Pez\u00e3o sobre o valor do piso para jornalistas que foram inclu\u00eddos no piso regional do estado do Rio de Janeiro. Mas o que passa a impress\u00e3o de conquista poder\u00e1 significar ainda muita dor de cabe\u00e7a para a categoria. Na capital, alguns ve\u00edculos de comunica\u00e7\u00e3o come\u00e7am a demitir para contratar a partir do piso. L\u00e1, com as negocia\u00e7\u00f5es feitas anteriormente com o Sindicato a remunera\u00e7\u00e3o inicial dos profissionais era maior do que o piso que foi aprovado (R$ 2.432,72), j\u00e1 no interior a situa\u00e7\u00e3o \u00e9 oposta. Para cidade com menos de 300 mil habitantes o Sindicato estabelecia um piso de R$ 1.400 por 7 horas, conforme \u00faltima conven\u00e7\u00e3o. Alguns jornais j\u00e1 come\u00e7aram a demitir ou ensaiar as demiss\u00f5es. Esta semana, pelo menos oito profissionais que trabalhavam nas reda\u00e7\u00f5es de um jornal di\u00e1rio da regi\u00e3o foram demitidos. Jornalistas se re\u00fanem dia 26 em Barra Mansa para a cria\u00e7\u00e3o da Associa\u00e7\u00e3o dos Jornalistas do Sul Fluminense e o assunto promete esquentar o debate.<\/p>\n","protected":false},"excerpt":{"rendered":"<p>&#8211; Essa semana, o ambientalista e empres\u00e1rio Eliel de Assis Queiroz anunciou sua sa\u00edda do Comit\u00ea pela Transpar\u00eancia e Controle Social de Resende. Eliel<\/p>\n","protected":false},"author":1,"featured_media":0,"comment_status":"open","ping_status":"open","sticky":false,"template":"","format":"standard","meta":{"pmpro_default_level":"","footnotes":""},"categories":[11],"tags":[],"class_list":["post-30308","post","type-post","status-publish","format-standard","hentry","category-politica","pmpro-has-access"],"yoast_head":"<!-- This site is optimized with the Yoast SEO plugin v27.4 - https:\/\/yoast.com\/product\/yoast-seo-wordpress\/ -->\n<title>Acredite se Quiser - JORNAL BEIRA RIO<\/title>\n<meta name=\"robots\" content=\"index, follow, max-snippet:-1, max-image-preview:large, max-video-preview:-1\" \/>\n<link rel=\"canonical\" href=\"https:\/\/jornalbeirario.com.br\/portal\/?p=30308\" \/>\n<meta property=\"og:locale\" content=\"pt_BR\" \/>\n<meta property=\"og:type\" content=\"article\" \/>\n<meta property=\"og:title\" content=\"Acredite se Quiser - JORNAL BEIRA RIO\" \/>\n<meta property=\"og:description\" content=\"&#8211; Essa semana, o ambientalista e empres\u00e1rio Eliel de Assis Queiroz anunciou sua sa\u00edda do Comit\u00ea pela Transpar\u00eancia e Controle Social de Resende. Eliel\" \/>\n<meta property=\"og:url\" content=\"https:\/\/jornalbeirario.com.br\/portal\/?p=30308\" \/>\n<meta property=\"og:site_name\" content=\"JORNAL BEIRA RIO\" \/>\n<meta property=\"article:published_time\" content=\"2015-05-22T08:59:33+00:00\" \/>\n<meta name=\"author\" content=\"Jornal BEIRA-RIO\" \/>\n<meta name=\"twitter:card\" content=\"summary_large_image\" \/>\n<meta name=\"twitter:label1\" content=\"Escrito por\" \/>\n\t<meta name=\"twitter:data1\" content=\"Jornal BEIRA-RIO\" \/>\n\t<meta name=\"twitter:label2\" content=\"Est. tempo de leitura\" \/>\n\t<meta name=\"twitter:data2\" content=\"3 minutos\" \/>\n<script type=\"application\/ld+json\" class=\"yoast-schema-graph\">{\"@context\":\"https:\\\/\\\/schema.org\",\"@graph\":[{\"@type\":\"Article\",\"@id\":\"https:\\\/\\\/jornalbeirario.com.br\\\/portal\\\/?p=30308#article\",\"isPartOf\":{\"@id\":\"https:\\\/\\\/jornalbeirario.com.br\\\/portal\\\/?p=30308\"},\"author\":{\"name\":\"Jornal BEIRA-RIO\",\"@id\":\"https:\\\/\\\/jornalbeirario.com.br\\\/portal\\\/#\\\/schema\\\/person\\\/c6c423e4c2465d2a9233f6539173e7c1\"},\"headline\":\"Acredite se Quiser\",\"datePublished\":\"2015-05-22T08:59:33+00:00\",\"mainEntityOfPage\":{\"@id\":\"https:\\\/\\\/jornalbeirario.com.br\\\/portal\\\/?p=30308\"},\"wordCount\":558,\"commentCount\":0,\"publisher\":{\"@id\":\"https:\\\/\\\/jornalbeirario.com.br\\\/portal\\\/#organization\"},\"articleSection\":[\"Pol\u00edtica\"],\"inLanguage\":\"pt-BR\",\"potentialAction\":[{\"@type\":\"CommentAction\",\"name\":\"Comment\",\"target\":[\"https:\\\/\\\/jornalbeirario.com.br\\\/portal\\\/?p=30308#respond\"]}]},{\"@type\":\"WebPage\",\"@id\":\"https:\\\/\\\/jornalbeirario.com.br\\\/portal\\\/?p=30308\",\"url\":\"https:\\\/\\\/jornalbeirario.com.br\\\/portal\\\/?p=30308\",\"name\":\"Acredite se Quiser - JORNAL BEIRA RIO\",\"isPartOf\":{\"@id\":\"https:\\\/\\\/jornalbeirario.com.br\\\/portal\\\/#website\"},\"datePublished\":\"2015-05-22T08:59:33+00:00\",\"breadcrumb\":{\"@id\":\"https:\\\/\\\/jornalbeirario.com.br\\\/portal\\\/?p=30308#breadcrumb\"},\"inLanguage\":\"pt-BR\",\"potentialAction\":[{\"@type\":\"ReadAction\",\"target\":[\"https:\\\/\\\/jornalbeirario.com.br\\\/portal\\\/?p=30308\"]}]},{\"@type\":\"BreadcrumbList\",\"@id\":\"https:\\\/\\\/jornalbeirario.com.br\\\/portal\\\/?p=30308#breadcrumb\",\"itemListElement\":[{\"@type\":\"ListItem\",\"position\":1,\"name\":\"Home\",\"item\":\"https:\\\/\\\/jornalbeirario.com.br\\\/portal\"},{\"@type\":\"ListItem\",\"position\":2,\"name\":\"Acredite se Quiser\"}]},{\"@type\":\"WebSite\",\"@id\":\"https:\\\/\\\/jornalbeirario.com.br\\\/portal\\\/#website\",\"url\":\"https:\\\/\\\/jornalbeirario.com.br\\\/portal\\\/\",\"name\":\"JORNAL BEIRA RIO\",\"description\":\"\",\"publisher\":{\"@id\":\"https:\\\/\\\/jornalbeirario.com.br\\\/portal\\\/#organization\"},\"potentialAction\":[{\"@type\":\"SearchAction\",\"target\":{\"@type\":\"EntryPoint\",\"urlTemplate\":\"https:\\\/\\\/jornalbeirario.com.br\\\/portal\\\/?s={search_term_string}\"},\"query-input\":{\"@type\":\"PropertyValueSpecification\",\"valueRequired\":true,\"valueName\":\"search_term_string\"}}],\"inLanguage\":\"pt-BR\"},{\"@type\":\"Organization\",\"@id\":\"https:\\\/\\\/jornalbeirario.com.br\\\/portal\\\/#organization\",\"name\":\"JORNAL BEIRA RIO\",\"url\":\"https:\\\/\\\/jornalbeirario.com.br\\\/portal\\\/\",\"logo\":{\"@type\":\"ImageObject\",\"inLanguage\":\"pt-BR\",\"@id\":\"https:\\\/\\\/jornalbeirario.com.br\\\/portal\\\/#\\\/schema\\\/logo\\\/image\\\/\",\"url\":\"https:\\\/\\\/jornalbeirario.com.br\\\/portal\\\/wp-content\\\/uploads\\\/2017\\\/09\\\/BEIRA-RIO_logo600.png\",\"contentUrl\":\"https:\\\/\\\/jornalbeirario.com.br\\\/portal\\\/wp-content\\\/uploads\\\/2017\\\/09\\\/BEIRA-RIO_logo600.png\",\"width\":650,\"height\":108,\"caption\":\"JORNAL BEIRA RIO\"},\"image\":{\"@id\":\"https:\\\/\\\/jornalbeirario.com.br\\\/portal\\\/#\\\/schema\\\/logo\\\/image\\\/\"}},{\"@type\":\"Person\",\"@id\":\"https:\\\/\\\/jornalbeirario.com.br\\\/portal\\\/#\\\/schema\\\/person\\\/c6c423e4c2465d2a9233f6539173e7c1\",\"name\":\"Jornal BEIRA-RIO\",\"image\":{\"@type\":\"ImageObject\",\"inLanguage\":\"pt-BR\",\"@id\":\"https:\\\/\\\/jornalbeirario.com.br\\\/portal\\\/wp-content\\\/uploads\\\/2023\\\/10\\\/logojbr1.jpg\",\"url\":\"https:\\\/\\\/jornalbeirario.com.br\\\/portal\\\/wp-content\\\/uploads\\\/2023\\\/10\\\/logojbr1.jpg\",\"contentUrl\":\"https:\\\/\\\/jornalbeirario.com.br\\\/portal\\\/wp-content\\\/uploads\\\/2023\\\/10\\\/logojbr1.jpg\",\"caption\":\"Jornal BEIRA-RIO\"},\"url\":\"https:\\\/\\\/jornalbeirario.com.br\\\/portal\\\/?author=1\"}]}<\/script>\n<!-- \/ Yoast SEO plugin. -->","yoast_head_json":{"title":"Acredite se Quiser - JORNAL BEIRA RIO","robots":{"index":"index","follow":"follow","max-snippet":"max-snippet:-1","max-image-preview":"max-image-preview:large","max-video-preview":"max-video-preview:-1"},"canonical":"https:\/\/jornalbeirario.com.br\/portal\/?p=30308","og_locale":"pt_BR","og_type":"article","og_title":"Acredite se Quiser - JORNAL BEIRA RIO","og_description":"&#8211; Essa semana, o ambientalista e empres\u00e1rio Eliel de Assis Queiroz anunciou sua sa\u00edda do Comit\u00ea pela Transpar\u00eancia e Controle Social de Resende. Eliel","og_url":"https:\/\/jornalbeirario.com.br\/portal\/?p=30308","og_site_name":"JORNAL BEIRA RIO","article_published_time":"2015-05-22T08:59:33+00:00","author":"Jornal BEIRA-RIO","twitter_card":"summary_large_image","twitter_misc":{"Escrito por":"Jornal BEIRA-RIO","Est. tempo de leitura":"3 minutos"},"schema":{"@context":"https:\/\/schema.org","@graph":[{"@type":"Article","@id":"https:\/\/jornalbeirario.com.br\/portal\/?p=30308#article","isPartOf":{"@id":"https:\/\/jornalbeirario.com.br\/portal\/?p=30308"},"author":{"name":"Jornal BEIRA-RIO","@id":"https:\/\/jornalbeirario.com.br\/portal\/#\/schema\/person\/c6c423e4c2465d2a9233f6539173e7c1"},"headline":"Acredite se Quiser","datePublished":"2015-05-22T08:59:33+00:00","mainEntityOfPage":{"@id":"https:\/\/jornalbeirario.com.br\/portal\/?p=30308"},"wordCount":558,"commentCount":0,"publisher":{"@id":"https:\/\/jornalbeirario.com.br\/portal\/#organization"},"articleSection":["Pol\u00edtica"],"inLanguage":"pt-BR","potentialAction":[{"@type":"CommentAction","name":"Comment","target":["https:\/\/jornalbeirario.com.br\/portal\/?p=30308#respond"]}]},{"@type":"WebPage","@id":"https:\/\/jornalbeirario.com.br\/portal\/?p=30308","url":"https:\/\/jornalbeirario.com.br\/portal\/?p=30308","name":"Acredite se Quiser - JORNAL BEIRA RIO","isPartOf":{"@id":"https:\/\/jornalbeirario.com.br\/portal\/#website"},"datePublished":"2015-05-22T08:59:33+00:00","breadcrumb":{"@id":"https:\/\/jornalbeirario.com.br\/portal\/?p=30308#breadcrumb"},"inLanguage":"pt-BR","potentialAction":[{"@type":"ReadAction","target":["https:\/\/jornalbeirario.com.br\/portal\/?p=30308"]}]},{"@type":"BreadcrumbList","@id":"https:\/\/jornalbeirario.com.br\/portal\/?p=30308#breadcrumb","itemListElement":[{"@type":"ListItem","position":1,"name":"Home","item":"https:\/\/jornalbeirario.com.br\/portal"},{"@type":"ListItem","position":2,"name":"Acredite se Quiser"}]},{"@type":"WebSite","@id":"https:\/\/jornalbeirario.com.br\/portal\/#website","url":"https:\/\/jornalbeirario.com.br\/portal\/","name":"JORNAL BEIRA RIO","description":"","publisher":{"@id":"https:\/\/jornalbeirario.com.br\/portal\/#organization"},"potentialAction":[{"@type":"SearchAction","target":{"@type":"EntryPoint","urlTemplate":"https:\/\/jornalbeirario.com.br\/portal\/?s={search_term_string}"},"query-input":{"@type":"PropertyValueSpecification","valueRequired":true,"valueName":"search_term_string"}}],"inLanguage":"pt-BR"},{"@type":"Organization","@id":"https:\/\/jornalbeirario.com.br\/portal\/#organization","name":"JORNAL BEIRA RIO","url":"https:\/\/jornalbeirario.com.br\/portal\/","logo":{"@type":"ImageObject","inLanguage":"pt-BR","@id":"https:\/\/jornalbeirario.com.br\/portal\/#\/schema\/logo\/image\/","url":"https:\/\/jornalbeirario.com.br\/portal\/wp-content\/uploads\/2017\/09\/BEIRA-RIO_logo600.png","contentUrl":"https:\/\/jornalbeirario.com.br\/portal\/wp-content\/uploads\/2017\/09\/BEIRA-RIO_logo600.png","width":650,"height":108,"caption":"JORNAL BEIRA RIO"},"image":{"@id":"https:\/\/jornalbeirario.com.br\/portal\/#\/schema\/logo\/image\/"}},{"@type":"Person","@id":"https:\/\/jornalbeirario.com.br\/portal\/#\/schema\/person\/c6c423e4c2465d2a9233f6539173e7c1","name":"Jornal BEIRA-RIO","image":{"@type":"ImageObject","inLanguage":"pt-BR","@id":"https:\/\/jornalbeirario.com.br\/portal\/wp-content\/uploads\/2023\/10\/logojbr1.jpg","url":"https:\/\/jornalbeirario.com.br\/portal\/wp-content\/uploads\/2023\/10\/logojbr1.jpg","contentUrl":"https:\/\/jornalbeirario.com.br\/portal\/wp-content\/uploads\/2023\/10\/logojbr1.jpg","caption":"Jornal BEIRA-RIO"},"url":"https:\/\/jornalbeirario.com.br\/portal\/?author=1"}]}},"_links":{"self":[{"href":"https:\/\/jornalbeirario.com.br\/portal\/index.php?rest_route=\/wp\/v2\/posts\/30308","targetHints":{"allow":["GET"]}}],"collection":[{"href":"https:\/\/jornalbeirario.com.br\/portal\/index.php?rest_route=\/wp\/v2\/posts"}],"about":[{"href":"https:\/\/jornalbeirario.com.br\/portal\/index.php?rest_route=\/wp\/v2\/types\/post"}],"author":[{"embeddable":true,"href":"https:\/\/jornalbeirario.com.br\/portal\/index.php?rest_route=\/wp\/v2\/users\/1"}],"replies":[{"embeddable":true,"href":"https:\/\/jornalbeirario.com.br\/portal\/index.php?rest_route=%2Fwp%2Fv2%2Fcomments&post=30308"}],"version-history":[{"count":2,"href":"https:\/\/jornalbeirario.com.br\/portal\/index.php?rest_route=\/wp\/v2\/posts\/30308\/revisions"}],"predecessor-version":[{"id":30348,"href":"https:\/\/jornalbeirario.com.br\/portal\/index.php?rest_route=\/wp\/v2\/posts\/30308\/revisions\/30348"}],"wp:attachment":[{"href":"https:\/\/jornalbeirario.com.br\/portal\/index.php?rest_route=%2Fwp%2Fv2%2Fmedia&parent=30308"}],"wp:term":[{"taxonomy":"category","embeddable":true,"href":"https:\/\/jornalbeirario.com.br\/portal\/index.php?rest_route=%2Fwp%2Fv2%2Fcategories&post=30308"},{"taxonomy":"post_tag","embeddable":true,"href":"https:\/\/jornalbeirario.com.br\/portal\/index.php?rest_route=%2Fwp%2Fv2%2Ftags&post=30308"}],"curies":[{"name":"wp","href":"https:\/\/api.w.org\/{rel}","templated":true}]}}