
{"id":3014,"date":"2012-12-21T11:25:49","date_gmt":"2012-12-21T11:25:49","guid":{"rendered":"http:\/\/jornalbeirario.com.br\/portal\/portal\/?p=3014"},"modified":"2012-12-21T11:25:49","modified_gmt":"2012-12-21T11:25:49","slug":"acredite-se-quiser-9","status":"publish","type":"post","link":"https:\/\/jornalbeirario.com.br\/portal\/?p=3014","title":{"rendered":"Acredite se Quiser"},"content":{"rendered":"<p>&#8211; A vereadora eleita pelo PSB, Soraia Balieiro dever\u00e1 assumir a Secretaria de A\u00e7\u00e3o Social de Resende a partir de janeiro, assim assume a primeira suplente Josiane Ren\u00ea (PTB). Parece que o governo Rechuan nesse segundo mandato, levando vereadores para a administra\u00e7\u00e3o, vai promover uma &#8220;guerra&#8221; pelo poder e vaga na sucess\u00e3o em 2016. De certa forma, isto \u00e9 bom, elimina a unanimidade.<\/p>\n<p>&#8211; Mas \u00e9 estranho isso da pessoa ser eleita prometendo legislar e depois ir pro Executivo n\u00e9 n\u00e3o? Isso n\u00e3o \u00e9 como, propaganda enganosa? \u00c9 s\u00f3 uma pergunta.<\/p>\n<p>&#8211; Por falar em unanimidade&#8230; a elei\u00e7\u00e3o para a Mesa da C\u00e2mara ainda esta uma inc\u00f3gnita. De uma lado, o vereador Bira Ritton (PP) garante ja tem 11 vereadores fechados com ele, por outro, h\u00e1 quem diga que Rechuan deixar\u00e1 as cartadas para cima da hora, pois &#8220;seu presidente&#8221; seria o vereador Pedra ( PDT). Parece estranho o Rechuan preferir um outro nome que n\u00e3o o do seu partido, o PP. Faltam poucos dias.<\/p>\n<p>&#8211; Por falar em vereador Pedra&#8230; ele ficou est\u00e1 bem na fita: ganhou no Tribunal Superior Eleitoral o recurso da a\u00e7\u00e3o de impugna\u00e7\u00e3o de sua candidatura. Portanto, sem amea\u00e7a de perda de mandato. A a\u00e7\u00e3o em que foi condenado ao pagamento de multa por improbidade adminsitrativa n\u00e3o vale para a perda de cargo eletivo segundo decis\u00e3o\u00a0 do TSE.<\/p>\n<p>&#8211; Por falar em processos&#8230; uma pergunta: por que o prefeito Rechuan em algumas a\u00e7\u00f5es n\u00e3o se defende? Ele tem sido considerado revel (r\u00e9u que perde o prazo para apresenta\u00e7\u00e3o de defesa) em algumas delas, inclusive na Justi\u00e7a Federal. Dizem as m\u00e1s l\u00edngua: \u201ctem padrinho bom na esfera federal\u201d. Ah t\u00e1!<\/p>\n<p>&#8211; Em Itatiaia, o prefeito Yp\u00ea n\u00e3o come\u00e7a bem o ano de 2013. O MP denunciou a c\u00fapula do poder por supostos crimes cometidos na elei\u00e7\u00e3o 2012. As acusa\u00e7\u00f5es s\u00e3o de abuso de poder econ\u00f4mico e tem ainda transporte de eleitores. A a\u00e7\u00e3o diz que Luis Carlos Yp\u00ea teria oferecido at\u00e9 R$ 300 para os eleitores. Compra de voto. Coisa muito s\u00e9ria. Boa investiga\u00e7\u00e3o ao Minist\u00e9rio P\u00fablico e boa sorte aos itatiaienses.<\/p>\n<p>&#8211; Governo Rechuan teimou com o projeto da resfriadeira em Visconde de Maua e agora o elefante branco que pretendia ser um centro cultural e tur\u00edstico dever\u00e1 passar para as m\u00e3os do Inea. Faltam recursos para manter o local. Ent\u00e3o ta ent\u00e3o!<\/p>\n<p>&#8211; Por falar em Visconde de Mau\u00e1 e adjac\u00eancias, depois das lamban\u00e7as do meio ambiente de Resende, parece que o Inea quer manter distancia e come\u00e7ou a apertar o governo Rechuan. Antes tarde do que nunca.\u00a0 No caso do Sesmaria ficou claro que o \u00f3rg\u00e3o responsabiliza o munic\u00edpio pela falta de estudos para a obra e agora, dizem que o muro constru\u00eddo corre o risco de desabar. Dinheiro do povo Sesmaria abaixo.<\/p>\n<p>&#8211; Segundo os muito pr\u00f3ximos do poder, o ator \u00c2ngelo Tramezzino \u00e9 um dos nomes mais cotados pelo governo para assumir a Funda\u00e7\u00e3o Casa da Cultura Macedo Miranda a partir de 2013. Mas outros nomes ainda nao est\u00e3o descartados.<\/p>\n<p>&#8211; A cerim\u00f4nia de diploma\u00e7\u00e3o em Itatiaia, realizada na noite do dia 17, foi marcada pelo atraso ocasionado pela falta de luz no plen\u00e1rio da C\u00e2mara. Foram aproximadamente 40 minutos. Em seguida, os ventiladores n\u00e3o funcionar\u00e3o corretamente, nem o ar condicionado. Com tanto problema, o juiz Thiago Gondim foi obrigado a encurtar a cerim\u00f4nia, tirando as palavras dos vereadores eleitos. \u201cN\u00e3o tem import\u00e2ncia porque eles v\u00e3o ter quatro anos para falarem o que quiserem\u201d, disse o magistrado arrancando risos dos presentes. \u00c9 vero!<\/p>\n<p>&#8211; E durante a diploma\u00e7\u00e3o, o vereador Eduardo Guedes (PSDB), pela segunda elei\u00e7\u00e3o consecutiva o mais votado na cidade, \u00fanico a superar a casa dos 1000 votos, j\u00e1 mandou o recado. Daqui a quatro anos ele quer estar em outra diploma\u00e7\u00e3o: a de prefeito. Recado dado!<\/p>\n<p>&#8211; E Quatis, mais uma vez o vereador presidente da C\u00e2mara, Chic\u00e3o (PSD), causa confus\u00e3o. Ele prop\u00f4s uma altera\u00e7\u00e3o no regimento interno da casa, aprovada pelos vereadores atuais, na qual o vereador mais eleito nas elei\u00e7\u00f5es deve ser, obrigatoriamente, o presidente da C\u00e2mara. Ele tamb\u00e9m sugeriu o t\u00e9rmino do bi\u00eanio, com a Mesa Diretora sendo eleita pelos quatro anos. A mudan\u00e7a foi aprovada com dois votos contr\u00e1rios: Tadeu (PV) e Valdir Balieiro (PR). E adivinha quem foi o vereador mais votado? O pr\u00f3prio Chic\u00e3o! Os vereadores eleitos n\u00e3o gostaram desta decis\u00e3o e se uniram, prometendo uma a\u00e7\u00e3o judicial contra esta mudan\u00e7a. Lembrando que em Quatis, a C\u00e2mara foi praticamente renovada, com apenas duas reelei\u00e7\u00f5es: Chic\u00e3o e Cabeludo (PPS).<\/p>\n<p>&#8211; Contam os que andam pela madrugada que teve um acidente feio com funcion\u00e1rios gra\u00fados da Hyundai, que s\u00f3 falavam em ingl\u00eas e n\u00e3o tinham habilita\u00e7\u00e3o,\u00a0 estavam num Azera e\u00a0 bateram num muro\u00a0 em Penedo, dia 16. O BEIRA-RIO tentou encontrar a ocorr\u00eancia, j\u00e1 que, os que testemunharam afirmam que deu PM, Bombeiros e curiosos, mas sem sucesso. A reda\u00e7\u00e3o do JBR entrou em contato com o comandante do 37\u00ba Batalh\u00e3o, Rog\u00e9rio Figueiredo que estava de folga devido a opera\u00e7\u00e3o realizada em Resende, mas o pr\u00f3prio, por telefone, informou que apurar\u00e1 a informa\u00e7\u00e3o assim que voltar nesta sexta-feira, dia 21. A coluna volta ao assunto.<\/p>\n","protected":false},"excerpt":{"rendered":"<p>&#8211; A vereadora eleita pelo PSB, Soraia Balieiro dever\u00e1 assumir a Secretaria de A\u00e7\u00e3o Social de Resende a partir de janeiro, assim assume a<\/p>\n","protected":false},"author":1,"featured_media":0,"comment_status":"open","ping_status":"open","sticky":false,"template":"","format":"standard","meta":{"pmpro_default_level":"","footnotes":""},"categories":[11],"tags":[],"class_list":["post-3014","post","type-post","status-publish","format-standard","hentry","category-politica","pmpro-has-access"],"yoast_head":"<!-- This site is optimized with the Yoast SEO plugin v27.4 - https:\/\/yoast.com\/product\/yoast-seo-wordpress\/ -->\n<title>Acredite se Quiser - JORNAL BEIRA RIO<\/title>\n<meta name=\"robots\" content=\"index, follow, max-snippet:-1, max-image-preview:large, max-video-preview:-1\" \/>\n<link rel=\"canonical\" href=\"https:\/\/jornalbeirario.com.br\/portal\/?p=3014\" \/>\n<meta property=\"og:locale\" content=\"pt_BR\" \/>\n<meta property=\"og:type\" content=\"article\" \/>\n<meta property=\"og:title\" content=\"Acredite se Quiser - JORNAL BEIRA RIO\" \/>\n<meta property=\"og:description\" content=\"&#8211; A vereadora eleita pelo PSB, Soraia Balieiro dever\u00e1 assumir a Secretaria de A\u00e7\u00e3o Social de Resende a partir de janeiro, assim assume a\" \/>\n<meta property=\"og:url\" content=\"https:\/\/jornalbeirario.com.br\/portal\/?p=3014\" \/>\n<meta property=\"og:site_name\" content=\"JORNAL BEIRA RIO\" \/>\n<meta property=\"article:published_time\" content=\"2012-12-21T11:25:49+00:00\" \/>\n<meta name=\"author\" content=\"Jornal BEIRA-RIO\" \/>\n<meta name=\"twitter:card\" content=\"summary_large_image\" \/>\n<meta name=\"twitter:label1\" content=\"Escrito por\" \/>\n\t<meta name=\"twitter:data1\" content=\"Jornal BEIRA-RIO\" \/>\n\t<meta name=\"twitter:label2\" content=\"Est. tempo de leitura\" \/>\n\t<meta name=\"twitter:data2\" content=\"5 minutos\" \/>\n<script type=\"application\/ld+json\" class=\"yoast-schema-graph\">{\"@context\":\"https:\\\/\\\/schema.org\",\"@graph\":[{\"@type\":\"Article\",\"@id\":\"https:\\\/\\\/jornalbeirario.com.br\\\/portal\\\/?p=3014#article\",\"isPartOf\":{\"@id\":\"https:\\\/\\\/jornalbeirario.com.br\\\/portal\\\/?p=3014\"},\"author\":{\"name\":\"Jornal BEIRA-RIO\",\"@id\":\"https:\\\/\\\/jornalbeirario.com.br\\\/portal\\\/#\\\/schema\\\/person\\\/c6c423e4c2465d2a9233f6539173e7c1\"},\"headline\":\"Acredite se Quiser\",\"datePublished\":\"2012-12-21T11:25:49+00:00\",\"mainEntityOfPage\":{\"@id\":\"https:\\\/\\\/jornalbeirario.com.br\\\/portal\\\/?p=3014\"},\"wordCount\":928,\"commentCount\":0,\"publisher\":{\"@id\":\"https:\\\/\\\/jornalbeirario.com.br\\\/portal\\\/#organization\"},\"articleSection\":[\"Pol\u00edtica\"],\"inLanguage\":\"pt-BR\",\"potentialAction\":[{\"@type\":\"CommentAction\",\"name\":\"Comment\",\"target\":[\"https:\\\/\\\/jornalbeirario.com.br\\\/portal\\\/?p=3014#respond\"]}]},{\"@type\":\"WebPage\",\"@id\":\"https:\\\/\\\/jornalbeirario.com.br\\\/portal\\\/?p=3014\",\"url\":\"https:\\\/\\\/jornalbeirario.com.br\\\/portal\\\/?p=3014\",\"name\":\"Acredite se Quiser - JORNAL BEIRA RIO\",\"isPartOf\":{\"@id\":\"https:\\\/\\\/jornalbeirario.com.br\\\/portal\\\/#website\"},\"datePublished\":\"2012-12-21T11:25:49+00:00\",\"breadcrumb\":{\"@id\":\"https:\\\/\\\/jornalbeirario.com.br\\\/portal\\\/?p=3014#breadcrumb\"},\"inLanguage\":\"pt-BR\",\"potentialAction\":[{\"@type\":\"ReadAction\",\"target\":[\"https:\\\/\\\/jornalbeirario.com.br\\\/portal\\\/?p=3014\"]}]},{\"@type\":\"BreadcrumbList\",\"@id\":\"https:\\\/\\\/jornalbeirario.com.br\\\/portal\\\/?p=3014#breadcrumb\",\"itemListElement\":[{\"@type\":\"ListItem\",\"position\":1,\"name\":\"Home\",\"item\":\"https:\\\/\\\/jornalbeirario.com.br\\\/portal\"},{\"@type\":\"ListItem\",\"position\":2,\"name\":\"Acredite se Quiser\"}]},{\"@type\":\"WebSite\",\"@id\":\"https:\\\/\\\/jornalbeirario.com.br\\\/portal\\\/#website\",\"url\":\"https:\\\/\\\/jornalbeirario.com.br\\\/portal\\\/\",\"name\":\"JORNAL BEIRA RIO\",\"description\":\"\",\"publisher\":{\"@id\":\"https:\\\/\\\/jornalbeirario.com.br\\\/portal\\\/#organization\"},\"potentialAction\":[{\"@type\":\"SearchAction\",\"target\":{\"@type\":\"EntryPoint\",\"urlTemplate\":\"https:\\\/\\\/jornalbeirario.com.br\\\/portal\\\/?s={search_term_string}\"},\"query-input\":{\"@type\":\"PropertyValueSpecification\",\"valueRequired\":true,\"valueName\":\"search_term_string\"}}],\"inLanguage\":\"pt-BR\"},{\"@type\":\"Organization\",\"@id\":\"https:\\\/\\\/jornalbeirario.com.br\\\/portal\\\/#organization\",\"name\":\"JORNAL BEIRA RIO\",\"url\":\"https:\\\/\\\/jornalbeirario.com.br\\\/portal\\\/\",\"logo\":{\"@type\":\"ImageObject\",\"inLanguage\":\"pt-BR\",\"@id\":\"https:\\\/\\\/jornalbeirario.com.br\\\/portal\\\/#\\\/schema\\\/logo\\\/image\\\/\",\"url\":\"https:\\\/\\\/jornalbeirario.com.br\\\/portal\\\/wp-content\\\/uploads\\\/2017\\\/09\\\/BEIRA-RIO_logo600.png\",\"contentUrl\":\"https:\\\/\\\/jornalbeirario.com.br\\\/portal\\\/wp-content\\\/uploads\\\/2017\\\/09\\\/BEIRA-RIO_logo600.png\",\"width\":650,\"height\":108,\"caption\":\"JORNAL BEIRA RIO\"},\"image\":{\"@id\":\"https:\\\/\\\/jornalbeirario.com.br\\\/portal\\\/#\\\/schema\\\/logo\\\/image\\\/\"}},{\"@type\":\"Person\",\"@id\":\"https:\\\/\\\/jornalbeirario.com.br\\\/portal\\\/#\\\/schema\\\/person\\\/c6c423e4c2465d2a9233f6539173e7c1\",\"name\":\"Jornal BEIRA-RIO\",\"image\":{\"@type\":\"ImageObject\",\"inLanguage\":\"pt-BR\",\"@id\":\"https:\\\/\\\/jornalbeirario.com.br\\\/portal\\\/wp-content\\\/uploads\\\/2023\\\/10\\\/logojbr1.jpg\",\"url\":\"https:\\\/\\\/jornalbeirario.com.br\\\/portal\\\/wp-content\\\/uploads\\\/2023\\\/10\\\/logojbr1.jpg\",\"contentUrl\":\"https:\\\/\\\/jornalbeirario.com.br\\\/portal\\\/wp-content\\\/uploads\\\/2023\\\/10\\\/logojbr1.jpg\",\"caption\":\"Jornal BEIRA-RIO\"},\"url\":\"https:\\\/\\\/jornalbeirario.com.br\\\/portal\\\/?author=1\"}]}<\/script>\n<!-- \/ Yoast SEO plugin. -->","yoast_head_json":{"title":"Acredite se Quiser - JORNAL BEIRA RIO","robots":{"index":"index","follow":"follow","max-snippet":"max-snippet:-1","max-image-preview":"max-image-preview:large","max-video-preview":"max-video-preview:-1"},"canonical":"https:\/\/jornalbeirario.com.br\/portal\/?p=3014","og_locale":"pt_BR","og_type":"article","og_title":"Acredite se Quiser - JORNAL BEIRA RIO","og_description":"&#8211; A vereadora eleita pelo PSB, Soraia Balieiro dever\u00e1 assumir a Secretaria de A\u00e7\u00e3o Social de Resende a partir de janeiro, assim assume a","og_url":"https:\/\/jornalbeirario.com.br\/portal\/?p=3014","og_site_name":"JORNAL BEIRA RIO","article_published_time":"2012-12-21T11:25:49+00:00","author":"Jornal BEIRA-RIO","twitter_card":"summary_large_image","twitter_misc":{"Escrito por":"Jornal BEIRA-RIO","Est. tempo de leitura":"5 minutos"},"schema":{"@context":"https:\/\/schema.org","@graph":[{"@type":"Article","@id":"https:\/\/jornalbeirario.com.br\/portal\/?p=3014#article","isPartOf":{"@id":"https:\/\/jornalbeirario.com.br\/portal\/?p=3014"},"author":{"name":"Jornal BEIRA-RIO","@id":"https:\/\/jornalbeirario.com.br\/portal\/#\/schema\/person\/c6c423e4c2465d2a9233f6539173e7c1"},"headline":"Acredite se Quiser","datePublished":"2012-12-21T11:25:49+00:00","mainEntityOfPage":{"@id":"https:\/\/jornalbeirario.com.br\/portal\/?p=3014"},"wordCount":928,"commentCount":0,"publisher":{"@id":"https:\/\/jornalbeirario.com.br\/portal\/#organization"},"articleSection":["Pol\u00edtica"],"inLanguage":"pt-BR","potentialAction":[{"@type":"CommentAction","name":"Comment","target":["https:\/\/jornalbeirario.com.br\/portal\/?p=3014#respond"]}]},{"@type":"WebPage","@id":"https:\/\/jornalbeirario.com.br\/portal\/?p=3014","url":"https:\/\/jornalbeirario.com.br\/portal\/?p=3014","name":"Acredite se Quiser - JORNAL BEIRA RIO","isPartOf":{"@id":"https:\/\/jornalbeirario.com.br\/portal\/#website"},"datePublished":"2012-12-21T11:25:49+00:00","breadcrumb":{"@id":"https:\/\/jornalbeirario.com.br\/portal\/?p=3014#breadcrumb"},"inLanguage":"pt-BR","potentialAction":[{"@type":"ReadAction","target":["https:\/\/jornalbeirario.com.br\/portal\/?p=3014"]}]},{"@type":"BreadcrumbList","@id":"https:\/\/jornalbeirario.com.br\/portal\/?p=3014#breadcrumb","itemListElement":[{"@type":"ListItem","position":1,"name":"Home","item":"https:\/\/jornalbeirario.com.br\/portal"},{"@type":"ListItem","position":2,"name":"Acredite se Quiser"}]},{"@type":"WebSite","@id":"https:\/\/jornalbeirario.com.br\/portal\/#website","url":"https:\/\/jornalbeirario.com.br\/portal\/","name":"JORNAL BEIRA RIO","description":"","publisher":{"@id":"https:\/\/jornalbeirario.com.br\/portal\/#organization"},"potentialAction":[{"@type":"SearchAction","target":{"@type":"EntryPoint","urlTemplate":"https:\/\/jornalbeirario.com.br\/portal\/?s={search_term_string}"},"query-input":{"@type":"PropertyValueSpecification","valueRequired":true,"valueName":"search_term_string"}}],"inLanguage":"pt-BR"},{"@type":"Organization","@id":"https:\/\/jornalbeirario.com.br\/portal\/#organization","name":"JORNAL BEIRA RIO","url":"https:\/\/jornalbeirario.com.br\/portal\/","logo":{"@type":"ImageObject","inLanguage":"pt-BR","@id":"https:\/\/jornalbeirario.com.br\/portal\/#\/schema\/logo\/image\/","url":"https:\/\/jornalbeirario.com.br\/portal\/wp-content\/uploads\/2017\/09\/BEIRA-RIO_logo600.png","contentUrl":"https:\/\/jornalbeirario.com.br\/portal\/wp-content\/uploads\/2017\/09\/BEIRA-RIO_logo600.png","width":650,"height":108,"caption":"JORNAL BEIRA RIO"},"image":{"@id":"https:\/\/jornalbeirario.com.br\/portal\/#\/schema\/logo\/image\/"}},{"@type":"Person","@id":"https:\/\/jornalbeirario.com.br\/portal\/#\/schema\/person\/c6c423e4c2465d2a9233f6539173e7c1","name":"Jornal BEIRA-RIO","image":{"@type":"ImageObject","inLanguage":"pt-BR","@id":"https:\/\/jornalbeirario.com.br\/portal\/wp-content\/uploads\/2023\/10\/logojbr1.jpg","url":"https:\/\/jornalbeirario.com.br\/portal\/wp-content\/uploads\/2023\/10\/logojbr1.jpg","contentUrl":"https:\/\/jornalbeirario.com.br\/portal\/wp-content\/uploads\/2023\/10\/logojbr1.jpg","caption":"Jornal BEIRA-RIO"},"url":"https:\/\/jornalbeirario.com.br\/portal\/?author=1"}]}},"_links":{"self":[{"href":"https:\/\/jornalbeirario.com.br\/portal\/index.php?rest_route=\/wp\/v2\/posts\/3014","targetHints":{"allow":["GET"]}}],"collection":[{"href":"https:\/\/jornalbeirario.com.br\/portal\/index.php?rest_route=\/wp\/v2\/posts"}],"about":[{"href":"https:\/\/jornalbeirario.com.br\/portal\/index.php?rest_route=\/wp\/v2\/types\/post"}],"author":[{"embeddable":true,"href":"https:\/\/jornalbeirario.com.br\/portal\/index.php?rest_route=\/wp\/v2\/users\/1"}],"replies":[{"embeddable":true,"href":"https:\/\/jornalbeirario.com.br\/portal\/index.php?rest_route=%2Fwp%2Fv2%2Fcomments&post=3014"}],"version-history":[{"count":1,"href":"https:\/\/jornalbeirario.com.br\/portal\/index.php?rest_route=\/wp\/v2\/posts\/3014\/revisions"}],"predecessor-version":[{"id":3015,"href":"https:\/\/jornalbeirario.com.br\/portal\/index.php?rest_route=\/wp\/v2\/posts\/3014\/revisions\/3015"}],"wp:attachment":[{"href":"https:\/\/jornalbeirario.com.br\/portal\/index.php?rest_route=%2Fwp%2Fv2%2Fmedia&parent=3014"}],"wp:term":[{"taxonomy":"category","embeddable":true,"href":"https:\/\/jornalbeirario.com.br\/portal\/index.php?rest_route=%2Fwp%2Fv2%2Fcategories&post=3014"},{"taxonomy":"post_tag","embeddable":true,"href":"https:\/\/jornalbeirario.com.br\/portal\/index.php?rest_route=%2Fwp%2Fv2%2Ftags&post=3014"}],"curies":[{"name":"wp","href":"https:\/\/api.w.org\/{rel}","templated":true}]}}