
{"id":30121,"date":"2015-05-15T09:16:09","date_gmt":"2015-05-15T09:16:09","guid":{"rendered":"http:\/\/jornalbeirario.com.br\/portal\/portal\/?p=30121"},"modified":"2015-05-15T09:16:09","modified_gmt":"2015-05-15T09:16:09","slug":"lais-amaral-96","status":"publish","type":"post","link":"https:\/\/jornalbeirario.com.br\/portal\/?p=30121","title":{"rendered":"La\u00eds Amaral"},"content":{"rendered":"<p style=\"text-align: justify;\"><strong>Cauby, biografia na telona, dia 28<\/strong><br \/>\nEntra em cartaz no pr\u00f3ximo dia 28, nos cinemas de S\u00e3o Paulo, Rio, Bras\u00edlia, Belo Horizonte e Porto Alegre a biografia filmada \u2013 longa metragem \u2013 de, nada mais nada menos que, Cauby Peixoto. \u00c9&#8230; n\u00e3o \u00e9 brincadeira, n\u00e3o. A pr\u00e9-estreia ser\u00e1 na segunda-feira, dia 25, \u00e0s 21hs, no Cine Odeon, na Cinel\u00e2ndia, no Rio. O filme tem a dire\u00e7\u00e3o de Nelson Hoineff e na dire\u00e7\u00e3o de produ\u00e7\u00e3o a nossa amiga, a jornalista Selma Regina (que trabalha na Comunica\u00e7\u00e3o da Prefeitura de Resende). E quanto orgulho a Selma tem de ter colaborado com a produ\u00e7\u00e3o do filme-document\u00e1rio de um artista da estatura de Cauby Peixoto. Certamente o \u00faltimo grande cantor do pa\u00eds. Cantor mesmo, de voz e interpreta\u00e7\u00e3o. O filme \u201cCome\u00e7aria tudo outra vez\u201d, conta a hist\u00f3ria desse espetacular nome da m\u00fasica brasileira que tem sua trajet\u00f3ria iniciada no come\u00e7o dos anos 60 e segue rompendo padr\u00f5es e se destacando por v\u00e1rias fases da carreira e conquistando prest\u00edgio dentro e fora do pa\u00eds. Certamente as novas gera\u00e7\u00f5es dificilmente entender\u00e3o um cantor que tem uma bela e forte voz e \u00e9 capaz de interpretar can\u00e7\u00f5es em outros idiomas e ser aplaudido por gente que fala outros idiomas reconhecendo nele, esse grande int\u00e9rprete. Um cantor de peso universal. Grande Cauby !!<\/p>\n<p style=\"text-align: justify;\"><strong>Trote solid\u00e1rio na AEDB: Sem viol\u00eancia. Com intelig\u00eancia<\/strong><br \/>\nEstudantes do 4\u00ba ano de Comunica\u00e7\u00e3o, com \u00eanfase em Publicidade e Propaganda das Faculdades dom Bosco est\u00e3o pela terceira vez erguendo a bandeira da \u201cAtitude Legal\u201d, que tem por ess\u00eancia, estimular o h\u00e1bito de ler (leia mat\u00e9ria especial na p\u00e1gina 17). Este ano o tema \u00e9: \u201cCompartilhando Hist\u00f3rias\u201d. O objetivo \u00e9 real\u00e7ar a import\u00e2ncia de desenvolver o h\u00e1bito da leitura e concomitantemente, promover a\u00e7\u00f5es culturais que incentivem a pr\u00e1tica da leitura, utilizando para isso, a\u00e7\u00f5es nos espa\u00e7os p\u00fablicos. O \u2018Atitude Legal\u2019 praticado na AEDB \u00e9 o Trote Solid\u00e1rio, que em vez de castigar calouros com a\u00e7\u00f5es bizarras e muitas vezes violentas e inadmiss\u00edveis, que n\u00e3o levam a nada de concreto, se destina a arrecadar livros de literatura, adulto e infantil (e tamb\u00e9m gibis) em bom estado de conserva\u00e7\u00e3o, para serem distribu\u00eddos. No dia 25 de Agosto os alunos que conseguirem acumular o maior n\u00famero de pontos, segundo o crit\u00e9rio de avalia\u00e7\u00e3o dos organizadores, ser\u00e3o premiados. Al\u00e9m dos calouros da AEDB, a sociedade civil, militar e empresas tamb\u00e9m podem participar, como pontos de coleta ou mesmo, doando livros, em bom estado, para a campanha \u201cAtitude Legal 2015\u201d. As doa\u00e7\u00f5es ser\u00e3o direcionadas a diversas institui\u00e7\u00f5es como bibliotecas comunit\u00e1rias, creches, asilos, ONGs e associa\u00e7\u00f5es de moradores. Coordenam a campanha os professores Marcus Silva (coordenador do curso de Comunica\u00e7\u00e3o) e Cidinha Cunha (publicit\u00e1ria do N\u00facleo Integrado de Comunica\u00e7\u00e3o da AEDB), com o apoio do Prof. Carlos Augusto Menezes, respons\u00e1vel pela disciplina \u2018Responsabilidade Social Corporativa\u2019, dos cursos de Administra\u00e7\u00e3o e de Gest\u00e3o de Recursos Humanos. As doa\u00e7\u00f5es podem ser feitas nas Faculdades Dom Bosco de 08:00 as 22:00 h, ou nos postos de coletas espalhados na regi\u00e3o. Valeu !!<\/p>\n<p style=\"text-align: justify;\"><strong>TRIPA<\/strong><br \/>\n* Neste s\u00e1bado, dia 16, acontece pelo nono ano consecutivo, o \u2018Encontro dos ex-funcion\u00e1rios da Xerox\u2019, que aqui permaneceram por mais de 20 anos. O encontro, com mais de cem participantes, ser\u00e1 realizado no Clube Casa da Lua. Na ocasi\u00e3o ser\u00e3o arrecadados alimentos e agasalhos para institui\u00e7\u00f5es de caridade de nossa Resende. Beleza !! * Dia 18, segunda-feira, acontece ao meio dia, a abertura da exposi\u00e7\u00e3o de fotografias no Museu da Imagem e do Som. Este ano o tema \u00e9 Cole\u00e7\u00f5es da Comunidade. Jo\u00e3o Saboia vai levar parte da sua cole\u00e7\u00e3o de m\u00e1quinas antigas para mostrar como o desenvolvimento dos filmes transformou os desenhos das c\u00e2meras fotogr\u00e1ficas ao longo do S\u00e9culo XX. De brinde, Jo\u00e3o levar\u00e1 uma c\u00e2mera que faz fotos em terceira dimens\u00e3o e uma foto da Ponte Velha em 3D, hoje conhecido como Realidade Virtual. Bom momento para curtir a arte e a hist\u00f3ria da Fotografia. Beleza !! * A Prefeitura, em parceria com A Igreja de Jesus Cristo dos Santos dos \u00daltimos Dias, realiza campanha de doa\u00e7\u00e3o de cadeiras de rodas. Os interessados devem se inscrever at\u00e9 hoje (sexta-feira, dia 15), por telefone. O n\u00famero de vagas \u00e9 ilimitado. Na pr\u00f3xima semana, os inscritos ser\u00e3o avaliados por dois fisioterapeutas da Prefeitura. A a\u00e7\u00e3o faz parte do Programa de Ajuda Humanit\u00e1ria da Igreja, que vai disponibilizar cadeiras de roda personalizadas, informou Jocimar Herm\u00f3genes, membro da Igreja. Anote os locais de inscri\u00e7\u00e3o: Centro Municipal de Fisioterapia \u2013 Tel: 3360-7716 (das 10 \u00e0s 17h30); Diretoria de Direitos Humanos \u2013 Tel: 3381-4980 (das 8h \u00e0s 14h) e Ouvidoria-Geral do Munic\u00edpio \u2013 Tel: 3360-6238\/3360-6200 (das 12h \u00e0s 17h:30). *<\/p>\n<p style=\"text-align: justify;\"><strong>ANIVERS\u00c1RIOS<\/strong><br \/>\nDia 8, mudaram de idade o meu amigo Edison Loureza e a Sonia Prestes. Dia 9 foi a vez do Edgard Queiroz, do M\u00e1rcio Costa e da Let\u00edcia Albino inaugurar idade nova. No dia 10, a Bell Fonseca, o Valdenir Soares, o \u2018Val\u2019, a Theodora Cerqueira, a \u2018Dora\u2019 e a Elza Resende ficaram mais experientes. Dia 11, a minha ex-colega de trabalho, M\u00e1rcia Caldeira e a minha amiga Rosana de Oliveira receberam os \u2018parab\u00e9ns\u2019. E nessa quarta, dia 13, dia de \u2018Preto Velho\u2019, o meu amigo, o ator e produtor Andr\u00e9 Whately soprou velinhas. Parab\u00e9ns e todas as felicidades do mundo a eles.<\/p>\n","protected":false},"excerpt":{"rendered":"<p>Cauby, biografia na telona, dia 28 Entra em cartaz no pr\u00f3ximo dia 28, nos cinemas de S\u00e3o Paulo, Rio, Bras\u00edlia, Belo Horizonte e Porto<\/p>\n","protected":false},"author":1,"featured_media":0,"comment_status":"open","ping_status":"open","sticky":false,"template":"","format":"standard","meta":{"pmpro_default_level":"","footnotes":""},"categories":[13],"tags":[],"class_list":["post-30121","post","type-post","status-publish","format-standard","hentry","category-social","pmpro-has-access"],"yoast_head":"<!-- This site is optimized with the Yoast SEO plugin v27.4 - https:\/\/yoast.com\/product\/yoast-seo-wordpress\/ -->\n<title>La\u00eds Amaral - JORNAL BEIRA RIO<\/title>\n<meta name=\"robots\" content=\"index, follow, max-snippet:-1, max-image-preview:large, max-video-preview:-1\" \/>\n<link rel=\"canonical\" href=\"https:\/\/jornalbeirario.com.br\/portal\/?p=30121\" \/>\n<meta property=\"og:locale\" content=\"pt_BR\" \/>\n<meta property=\"og:type\" content=\"article\" \/>\n<meta property=\"og:title\" content=\"La\u00eds Amaral - JORNAL BEIRA RIO\" \/>\n<meta property=\"og:description\" content=\"Cauby, biografia na telona, dia 28 Entra em cartaz no pr\u00f3ximo dia 28, nos cinemas de S\u00e3o Paulo, Rio, Bras\u00edlia, Belo Horizonte e Porto\" \/>\n<meta property=\"og:url\" content=\"https:\/\/jornalbeirario.com.br\/portal\/?p=30121\" \/>\n<meta property=\"og:site_name\" content=\"JORNAL BEIRA RIO\" \/>\n<meta property=\"article:published_time\" content=\"2015-05-15T09:16:09+00:00\" \/>\n<meta name=\"author\" content=\"Jornal BEIRA-RIO\" \/>\n<meta name=\"twitter:card\" content=\"summary_large_image\" \/>\n<meta name=\"twitter:label1\" content=\"Escrito por\" \/>\n\t<meta name=\"twitter:data1\" content=\"Jornal BEIRA-RIO\" \/>\n\t<meta name=\"twitter:label2\" content=\"Est. tempo de leitura\" \/>\n\t<meta name=\"twitter:data2\" content=\"5 minutos\" \/>\n<script type=\"application\/ld+json\" class=\"yoast-schema-graph\">{\"@context\":\"https:\\\/\\\/schema.org\",\"@graph\":[{\"@type\":\"Article\",\"@id\":\"https:\\\/\\\/jornalbeirario.com.br\\\/portal\\\/?p=30121#article\",\"isPartOf\":{\"@id\":\"https:\\\/\\\/jornalbeirario.com.br\\\/portal\\\/?p=30121\"},\"author\":{\"name\":\"Jornal BEIRA-RIO\",\"@id\":\"https:\\\/\\\/jornalbeirario.com.br\\\/portal\\\/#\\\/schema\\\/person\\\/c6c423e4c2465d2a9233f6539173e7c1\"},\"headline\":\"La\u00eds Amaral\",\"datePublished\":\"2015-05-15T09:16:09+00:00\",\"mainEntityOfPage\":{\"@id\":\"https:\\\/\\\/jornalbeirario.com.br\\\/portal\\\/?p=30121\"},\"wordCount\":937,\"commentCount\":0,\"publisher\":{\"@id\":\"https:\\\/\\\/jornalbeirario.com.br\\\/portal\\\/#organization\"},\"articleSection\":[\"Social\"],\"inLanguage\":\"pt-BR\",\"potentialAction\":[{\"@type\":\"CommentAction\",\"name\":\"Comment\",\"target\":[\"https:\\\/\\\/jornalbeirario.com.br\\\/portal\\\/?p=30121#respond\"]}]},{\"@type\":\"WebPage\",\"@id\":\"https:\\\/\\\/jornalbeirario.com.br\\\/portal\\\/?p=30121\",\"url\":\"https:\\\/\\\/jornalbeirario.com.br\\\/portal\\\/?p=30121\",\"name\":\"La\u00eds Amaral - JORNAL BEIRA RIO\",\"isPartOf\":{\"@id\":\"https:\\\/\\\/jornalbeirario.com.br\\\/portal\\\/#website\"},\"datePublished\":\"2015-05-15T09:16:09+00:00\",\"breadcrumb\":{\"@id\":\"https:\\\/\\\/jornalbeirario.com.br\\\/portal\\\/?p=30121#breadcrumb\"},\"inLanguage\":\"pt-BR\",\"potentialAction\":[{\"@type\":\"ReadAction\",\"target\":[\"https:\\\/\\\/jornalbeirario.com.br\\\/portal\\\/?p=30121\"]}]},{\"@type\":\"BreadcrumbList\",\"@id\":\"https:\\\/\\\/jornalbeirario.com.br\\\/portal\\\/?p=30121#breadcrumb\",\"itemListElement\":[{\"@type\":\"ListItem\",\"position\":1,\"name\":\"Home\",\"item\":\"https:\\\/\\\/jornalbeirario.com.br\\\/portal\"},{\"@type\":\"ListItem\",\"position\":2,\"name\":\"La\u00eds Amaral\"}]},{\"@type\":\"WebSite\",\"@id\":\"https:\\\/\\\/jornalbeirario.com.br\\\/portal\\\/#website\",\"url\":\"https:\\\/\\\/jornalbeirario.com.br\\\/portal\\\/\",\"name\":\"JORNAL BEIRA RIO\",\"description\":\"\",\"publisher\":{\"@id\":\"https:\\\/\\\/jornalbeirario.com.br\\\/portal\\\/#organization\"},\"potentialAction\":[{\"@type\":\"SearchAction\",\"target\":{\"@type\":\"EntryPoint\",\"urlTemplate\":\"https:\\\/\\\/jornalbeirario.com.br\\\/portal\\\/?s={search_term_string}\"},\"query-input\":{\"@type\":\"PropertyValueSpecification\",\"valueRequired\":true,\"valueName\":\"search_term_string\"}}],\"inLanguage\":\"pt-BR\"},{\"@type\":\"Organization\",\"@id\":\"https:\\\/\\\/jornalbeirario.com.br\\\/portal\\\/#organization\",\"name\":\"JORNAL BEIRA RIO\",\"url\":\"https:\\\/\\\/jornalbeirario.com.br\\\/portal\\\/\",\"logo\":{\"@type\":\"ImageObject\",\"inLanguage\":\"pt-BR\",\"@id\":\"https:\\\/\\\/jornalbeirario.com.br\\\/portal\\\/#\\\/schema\\\/logo\\\/image\\\/\",\"url\":\"https:\\\/\\\/jornalbeirario.com.br\\\/portal\\\/wp-content\\\/uploads\\\/2017\\\/09\\\/BEIRA-RIO_logo600.png\",\"contentUrl\":\"https:\\\/\\\/jornalbeirario.com.br\\\/portal\\\/wp-content\\\/uploads\\\/2017\\\/09\\\/BEIRA-RIO_logo600.png\",\"width\":650,\"height\":108,\"caption\":\"JORNAL BEIRA RIO\"},\"image\":{\"@id\":\"https:\\\/\\\/jornalbeirario.com.br\\\/portal\\\/#\\\/schema\\\/logo\\\/image\\\/\"}},{\"@type\":\"Person\",\"@id\":\"https:\\\/\\\/jornalbeirario.com.br\\\/portal\\\/#\\\/schema\\\/person\\\/c6c423e4c2465d2a9233f6539173e7c1\",\"name\":\"Jornal BEIRA-RIO\",\"image\":{\"@type\":\"ImageObject\",\"inLanguage\":\"pt-BR\",\"@id\":\"https:\\\/\\\/jornalbeirario.com.br\\\/portal\\\/wp-content\\\/uploads\\\/2023\\\/10\\\/logojbr1.jpg\",\"url\":\"https:\\\/\\\/jornalbeirario.com.br\\\/portal\\\/wp-content\\\/uploads\\\/2023\\\/10\\\/logojbr1.jpg\",\"contentUrl\":\"https:\\\/\\\/jornalbeirario.com.br\\\/portal\\\/wp-content\\\/uploads\\\/2023\\\/10\\\/logojbr1.jpg\",\"caption\":\"Jornal BEIRA-RIO\"},\"url\":\"https:\\\/\\\/jornalbeirario.com.br\\\/portal\\\/?author=1\"}]}<\/script>\n<!-- \/ Yoast SEO plugin. -->","yoast_head_json":{"title":"La\u00eds Amaral - JORNAL BEIRA RIO","robots":{"index":"index","follow":"follow","max-snippet":"max-snippet:-1","max-image-preview":"max-image-preview:large","max-video-preview":"max-video-preview:-1"},"canonical":"https:\/\/jornalbeirario.com.br\/portal\/?p=30121","og_locale":"pt_BR","og_type":"article","og_title":"La\u00eds Amaral - JORNAL BEIRA RIO","og_description":"Cauby, biografia na telona, dia 28 Entra em cartaz no pr\u00f3ximo dia 28, nos cinemas de S\u00e3o Paulo, Rio, Bras\u00edlia, Belo Horizonte e Porto","og_url":"https:\/\/jornalbeirario.com.br\/portal\/?p=30121","og_site_name":"JORNAL BEIRA RIO","article_published_time":"2015-05-15T09:16:09+00:00","author":"Jornal BEIRA-RIO","twitter_card":"summary_large_image","twitter_misc":{"Escrito por":"Jornal BEIRA-RIO","Est. tempo de leitura":"5 minutos"},"schema":{"@context":"https:\/\/schema.org","@graph":[{"@type":"Article","@id":"https:\/\/jornalbeirario.com.br\/portal\/?p=30121#article","isPartOf":{"@id":"https:\/\/jornalbeirario.com.br\/portal\/?p=30121"},"author":{"name":"Jornal BEIRA-RIO","@id":"https:\/\/jornalbeirario.com.br\/portal\/#\/schema\/person\/c6c423e4c2465d2a9233f6539173e7c1"},"headline":"La\u00eds Amaral","datePublished":"2015-05-15T09:16:09+00:00","mainEntityOfPage":{"@id":"https:\/\/jornalbeirario.com.br\/portal\/?p=30121"},"wordCount":937,"commentCount":0,"publisher":{"@id":"https:\/\/jornalbeirario.com.br\/portal\/#organization"},"articleSection":["Social"],"inLanguage":"pt-BR","potentialAction":[{"@type":"CommentAction","name":"Comment","target":["https:\/\/jornalbeirario.com.br\/portal\/?p=30121#respond"]}]},{"@type":"WebPage","@id":"https:\/\/jornalbeirario.com.br\/portal\/?p=30121","url":"https:\/\/jornalbeirario.com.br\/portal\/?p=30121","name":"La\u00eds Amaral - JORNAL BEIRA RIO","isPartOf":{"@id":"https:\/\/jornalbeirario.com.br\/portal\/#website"},"datePublished":"2015-05-15T09:16:09+00:00","breadcrumb":{"@id":"https:\/\/jornalbeirario.com.br\/portal\/?p=30121#breadcrumb"},"inLanguage":"pt-BR","potentialAction":[{"@type":"ReadAction","target":["https:\/\/jornalbeirario.com.br\/portal\/?p=30121"]}]},{"@type":"BreadcrumbList","@id":"https:\/\/jornalbeirario.com.br\/portal\/?p=30121#breadcrumb","itemListElement":[{"@type":"ListItem","position":1,"name":"Home","item":"https:\/\/jornalbeirario.com.br\/portal"},{"@type":"ListItem","position":2,"name":"La\u00eds Amaral"}]},{"@type":"WebSite","@id":"https:\/\/jornalbeirario.com.br\/portal\/#website","url":"https:\/\/jornalbeirario.com.br\/portal\/","name":"JORNAL BEIRA RIO","description":"","publisher":{"@id":"https:\/\/jornalbeirario.com.br\/portal\/#organization"},"potentialAction":[{"@type":"SearchAction","target":{"@type":"EntryPoint","urlTemplate":"https:\/\/jornalbeirario.com.br\/portal\/?s={search_term_string}"},"query-input":{"@type":"PropertyValueSpecification","valueRequired":true,"valueName":"search_term_string"}}],"inLanguage":"pt-BR"},{"@type":"Organization","@id":"https:\/\/jornalbeirario.com.br\/portal\/#organization","name":"JORNAL BEIRA RIO","url":"https:\/\/jornalbeirario.com.br\/portal\/","logo":{"@type":"ImageObject","inLanguage":"pt-BR","@id":"https:\/\/jornalbeirario.com.br\/portal\/#\/schema\/logo\/image\/","url":"https:\/\/jornalbeirario.com.br\/portal\/wp-content\/uploads\/2017\/09\/BEIRA-RIO_logo600.png","contentUrl":"https:\/\/jornalbeirario.com.br\/portal\/wp-content\/uploads\/2017\/09\/BEIRA-RIO_logo600.png","width":650,"height":108,"caption":"JORNAL BEIRA RIO"},"image":{"@id":"https:\/\/jornalbeirario.com.br\/portal\/#\/schema\/logo\/image\/"}},{"@type":"Person","@id":"https:\/\/jornalbeirario.com.br\/portal\/#\/schema\/person\/c6c423e4c2465d2a9233f6539173e7c1","name":"Jornal BEIRA-RIO","image":{"@type":"ImageObject","inLanguage":"pt-BR","@id":"https:\/\/jornalbeirario.com.br\/portal\/wp-content\/uploads\/2023\/10\/logojbr1.jpg","url":"https:\/\/jornalbeirario.com.br\/portal\/wp-content\/uploads\/2023\/10\/logojbr1.jpg","contentUrl":"https:\/\/jornalbeirario.com.br\/portal\/wp-content\/uploads\/2023\/10\/logojbr1.jpg","caption":"Jornal BEIRA-RIO"},"url":"https:\/\/jornalbeirario.com.br\/portal\/?author=1"}]}},"_links":{"self":[{"href":"https:\/\/jornalbeirario.com.br\/portal\/index.php?rest_route=\/wp\/v2\/posts\/30121","targetHints":{"allow":["GET"]}}],"collection":[{"href":"https:\/\/jornalbeirario.com.br\/portal\/index.php?rest_route=\/wp\/v2\/posts"}],"about":[{"href":"https:\/\/jornalbeirario.com.br\/portal\/index.php?rest_route=\/wp\/v2\/types\/post"}],"author":[{"embeddable":true,"href":"https:\/\/jornalbeirario.com.br\/portal\/index.php?rest_route=\/wp\/v2\/users\/1"}],"replies":[{"embeddable":true,"href":"https:\/\/jornalbeirario.com.br\/portal\/index.php?rest_route=%2Fwp%2Fv2%2Fcomments&post=30121"}],"version-history":[{"count":5,"href":"https:\/\/jornalbeirario.com.br\/portal\/index.php?rest_route=\/wp\/v2\/posts\/30121\/revisions"}],"predecessor-version":[{"id":30172,"href":"https:\/\/jornalbeirario.com.br\/portal\/index.php?rest_route=\/wp\/v2\/posts\/30121\/revisions\/30172"}],"wp:attachment":[{"href":"https:\/\/jornalbeirario.com.br\/portal\/index.php?rest_route=%2Fwp%2Fv2%2Fmedia&parent=30121"}],"wp:term":[{"taxonomy":"category","embeddable":true,"href":"https:\/\/jornalbeirario.com.br\/portal\/index.php?rest_route=%2Fwp%2Fv2%2Fcategories&post=30121"},{"taxonomy":"post_tag","embeddable":true,"href":"https:\/\/jornalbeirario.com.br\/portal\/index.php?rest_route=%2Fwp%2Fv2%2Ftags&post=30121"}],"curies":[{"name":"wp","href":"https:\/\/api.w.org\/{rel}","templated":true}]}}