
{"id":29913,"date":"2015-05-08T06:11:00","date_gmt":"2015-05-08T06:11:00","guid":{"rendered":"http:\/\/jornalbeirario.com.br\/portal\/portal\/?p=29913"},"modified":"2015-05-08T06:11:00","modified_gmt":"2015-05-08T06:11:00","slug":"quem-pensa-crise-financeira","status":"publish","type":"post","link":"https:\/\/jornalbeirario.com.br\/portal\/?p=29913","title":{"rendered":"QUEM PENSA? Crise financeira?"},"content":{"rendered":"<p style=\"text-align: justify;\">Em meio a crise financeira que Resende mergulhou, em parte, pelas crises nacional e internacional, mas com destaque para incompet\u00eancia administrativa do governo municipal do prefeito Jos\u00e9 Rechuan e de certa forma, pela morosidade da Justi\u00e7a em definir o destino pol\u00edtico-econ\u00f4mico, quer seja, no julgamento da cassa\u00e7\u00e3o de Rechuan, quer seja pelo bom andamento dos processos de improbidade administrativa, a cidade amarga n\u00e3o apenas a sensa\u00e7\u00e3o de abandono, mas de fato a paralisa\u00e7\u00e3o de obras, o comprometimento de outras, inclusive pelo fantasma da corrup\u00e7\u00e3o, assim como a amea\u00e7a da falta de rem\u00e9dios e o agravamento dos problemas sociais, entre eles, a viol\u00eancia e o n\u00famero crescente da popula\u00e7\u00e3o em situa\u00e7\u00e3o de rua.<\/p>\n<p style=\"text-align: justify;\">Muitos segmentos em Resende ganharam dinheiro nos \u00faltimos anos, ainda que isto n\u00e3o seja transparente nos \u00edndices econ\u00f4micos; o setor da constru\u00e7\u00e3o civil que o diga. Outros setores se destacaram por fatores que j\u00e1 podem ser observados como fen\u00f4meno no pa\u00eds inteiro, como por exemplo, o setor de servi\u00e7os, ali\u00e1s, destaque nos \u00faltimos \u00edndices da pesquisa Firjan, Resende foi exce\u00e7\u00e3o, comparada a outras cidades da regi\u00e3o, na cria\u00e7\u00e3o de pelo menos mais 100 empregos nos \u00faltimos tr\u00eas meses de 2015. Fen\u00f4meno porque h\u00e1 uma flagrante perda da participa\u00e7\u00e3o da ind\u00fastria, de um modo geral, e porque os empregos gerados na \u00e1rea de servi\u00e7o s\u00e3o considerados de baixa produtividade. Logo, o crescimento n\u00e3o acontece ou acontece timidamente.<br \/>\nAo olhar o panorama de Resende n\u00e3o \u00e9 poss\u00edvel deixar de analisar por exemplo, a movimenta\u00e7\u00e3o de consumo no munic\u00edpio. S\u00f3 a classe C1 movimenta a economia de Resende com cerca de meio bilh\u00e3o, por ano. E no total do consumo familiar passamos dos R$ 2 bilh\u00f5es. Pois \u00e9. Agora, diz, como um governo incompetente deixa circular mais de R$ 2 bilh\u00f5es s\u00f3 em consumo na cidade e lembrando que em 2012 (mas tem gente com mem\u00f3ria curta) o governo anunciava uma arrecada\u00e7\u00e3o superior a R$ 120 milh\u00f5es de ICMS porque de 2009 a 2012 teriam aumentado tal arrecada\u00e7\u00e3o em 100% e como medida pede adiantamento de receita dos royalties at\u00e9 o final de 2016? Ora, a quem este governo quer enganar?<br \/>\nTamb\u00e9m em 2012 (ano eleitoral) o governo do prefeito m\u00e9dico anunciava um estudo desenvolvido pela Secretaria de Ind\u00fastria, Tecnologia e Servi\u00e7os da Prefeitura de Resende que projeta a abertura de 20 mil novas vagas de emprego at\u00e9 2018, ou seja, projetou, planejou e pelo jeito da pior maneira poss\u00edvel. Do contr\u00e1rio, como explicar, a crise instalada, menos de tr\u00eas anos depois? E n\u00e3o venha com essa conversa de crise nacional, porque quem acompanha os desdobramentos econ\u00f4micos do munic\u00edpio, sabe que este governo nunca trabalhou fomento e aumento de arrecada\u00e7\u00e3o pr\u00f3prios. Gerar receita pr\u00f3pria me parece realmente uma falta de habilidade da maioria dos gestores municipais, mas a diferen\u00e7a de Resende est\u00e1 no foco: todas as a\u00e7\u00f5es foram baseadas (e ainda s\u00e3o) em proje\u00e7\u00f5es pol\u00edtico-eleitorais e n\u00e3o de incremento da economia e cria\u00e7\u00e3o de empregos. Os fatos est\u00e3o a\u00ed para quem quiser se debru\u00e7ar sobre \u00edndices, ren\u00fancias fiscais, irresponsabilidades, falta de compromisso p\u00fablico e qui\u00e7\u00e1 outras a\u00e7\u00f5es que deixo para os \u00f3rg\u00e3os federais e estaduais que j\u00e1 est\u00e3o a investigar.<\/p>\n<p style=\"text-align: justify;\">Ana L\u00facia<br \/>\neditora do\u00a0jornal <strong>BEIRA-RIO<\/strong><br \/>\nanalucia@jornalbeirario.com.br<\/p>\n","protected":false},"excerpt":{"rendered":"<p>Em meio a crise financeira que Resende mergulhou, em parte, pelas crises nacional e internacional, mas com destaque para incompet\u00eancia administrativa do governo municipal<\/p>\n","protected":false},"author":1,"featured_media":0,"comment_status":"open","ping_status":"open","sticky":false,"template":"","format":"standard","meta":{"pmpro_default_level":"","footnotes":""},"categories":[8],"tags":[],"class_list":["post-29913","post","type-post","status-publish","format-standard","hentry","category-opiniao","pmpro-has-access"],"yoast_head":"<!-- This site is optimized with the Yoast SEO plugin v27.4 - https:\/\/yoast.com\/product\/yoast-seo-wordpress\/ -->\n<title>QUEM PENSA? Crise financeira? - JORNAL BEIRA RIO<\/title>\n<meta name=\"robots\" content=\"index, follow, max-snippet:-1, max-image-preview:large, max-video-preview:-1\" \/>\n<link rel=\"canonical\" href=\"https:\/\/jornalbeirario.com.br\/portal\/?p=29913\" \/>\n<meta property=\"og:locale\" content=\"pt_BR\" \/>\n<meta property=\"og:type\" content=\"article\" \/>\n<meta property=\"og:title\" content=\"QUEM PENSA? Crise financeira? - JORNAL BEIRA RIO\" \/>\n<meta property=\"og:description\" content=\"Em meio a crise financeira que Resende mergulhou, em parte, pelas crises nacional e internacional, mas com destaque para incompet\u00eancia administrativa do governo municipal\" \/>\n<meta property=\"og:url\" content=\"https:\/\/jornalbeirario.com.br\/portal\/?p=29913\" \/>\n<meta property=\"og:site_name\" content=\"JORNAL BEIRA RIO\" \/>\n<meta property=\"article:published_time\" content=\"2015-05-08T06:11:00+00:00\" \/>\n<meta name=\"author\" content=\"Jornal BEIRA-RIO\" \/>\n<meta name=\"twitter:card\" content=\"summary_large_image\" \/>\n<meta name=\"twitter:label1\" content=\"Escrito por\" \/>\n\t<meta name=\"twitter:data1\" content=\"Jornal BEIRA-RIO\" \/>\n\t<meta name=\"twitter:label2\" content=\"Est. tempo de leitura\" \/>\n\t<meta name=\"twitter:data2\" content=\"3 minutos\" \/>\n<script type=\"application\/ld+json\" class=\"yoast-schema-graph\">{\"@context\":\"https:\\\/\\\/schema.org\",\"@graph\":[{\"@type\":\"Article\",\"@id\":\"https:\\\/\\\/jornalbeirario.com.br\\\/portal\\\/?p=29913#article\",\"isPartOf\":{\"@id\":\"https:\\\/\\\/jornalbeirario.com.br\\\/portal\\\/?p=29913\"},\"author\":{\"name\":\"Jornal BEIRA-RIO\",\"@id\":\"https:\\\/\\\/jornalbeirario.com.br\\\/portal\\\/#\\\/schema\\\/person\\\/c6c423e4c2465d2a9233f6539173e7c1\"},\"headline\":\"QUEM PENSA? Crise financeira?\",\"datePublished\":\"2015-05-08T06:11:00+00:00\",\"mainEntityOfPage\":{\"@id\":\"https:\\\/\\\/jornalbeirario.com.br\\\/portal\\\/?p=29913\"},\"wordCount\":589,\"commentCount\":0,\"publisher\":{\"@id\":\"https:\\\/\\\/jornalbeirario.com.br\\\/portal\\\/#organization\"},\"articleSection\":[\"Opini\u00e3o\"],\"inLanguage\":\"pt-BR\",\"potentialAction\":[{\"@type\":\"CommentAction\",\"name\":\"Comment\",\"target\":[\"https:\\\/\\\/jornalbeirario.com.br\\\/portal\\\/?p=29913#respond\"]}]},{\"@type\":\"WebPage\",\"@id\":\"https:\\\/\\\/jornalbeirario.com.br\\\/portal\\\/?p=29913\",\"url\":\"https:\\\/\\\/jornalbeirario.com.br\\\/portal\\\/?p=29913\",\"name\":\"QUEM PENSA? Crise financeira? - JORNAL BEIRA RIO\",\"isPartOf\":{\"@id\":\"https:\\\/\\\/jornalbeirario.com.br\\\/portal\\\/#website\"},\"datePublished\":\"2015-05-08T06:11:00+00:00\",\"breadcrumb\":{\"@id\":\"https:\\\/\\\/jornalbeirario.com.br\\\/portal\\\/?p=29913#breadcrumb\"},\"inLanguage\":\"pt-BR\",\"potentialAction\":[{\"@type\":\"ReadAction\",\"target\":[\"https:\\\/\\\/jornalbeirario.com.br\\\/portal\\\/?p=29913\"]}]},{\"@type\":\"BreadcrumbList\",\"@id\":\"https:\\\/\\\/jornalbeirario.com.br\\\/portal\\\/?p=29913#breadcrumb\",\"itemListElement\":[{\"@type\":\"ListItem\",\"position\":1,\"name\":\"Home\",\"item\":\"https:\\\/\\\/jornalbeirario.com.br\\\/portal\"},{\"@type\":\"ListItem\",\"position\":2,\"name\":\"QUEM PENSA? Crise financeira?\"}]},{\"@type\":\"WebSite\",\"@id\":\"https:\\\/\\\/jornalbeirario.com.br\\\/portal\\\/#website\",\"url\":\"https:\\\/\\\/jornalbeirario.com.br\\\/portal\\\/\",\"name\":\"JORNAL BEIRA RIO\",\"description\":\"\",\"publisher\":{\"@id\":\"https:\\\/\\\/jornalbeirario.com.br\\\/portal\\\/#organization\"},\"potentialAction\":[{\"@type\":\"SearchAction\",\"target\":{\"@type\":\"EntryPoint\",\"urlTemplate\":\"https:\\\/\\\/jornalbeirario.com.br\\\/portal\\\/?s={search_term_string}\"},\"query-input\":{\"@type\":\"PropertyValueSpecification\",\"valueRequired\":true,\"valueName\":\"search_term_string\"}}],\"inLanguage\":\"pt-BR\"},{\"@type\":\"Organization\",\"@id\":\"https:\\\/\\\/jornalbeirario.com.br\\\/portal\\\/#organization\",\"name\":\"JORNAL BEIRA RIO\",\"url\":\"https:\\\/\\\/jornalbeirario.com.br\\\/portal\\\/\",\"logo\":{\"@type\":\"ImageObject\",\"inLanguage\":\"pt-BR\",\"@id\":\"https:\\\/\\\/jornalbeirario.com.br\\\/portal\\\/#\\\/schema\\\/logo\\\/image\\\/\",\"url\":\"https:\\\/\\\/jornalbeirario.com.br\\\/portal\\\/wp-content\\\/uploads\\\/2017\\\/09\\\/BEIRA-RIO_logo600.png\",\"contentUrl\":\"https:\\\/\\\/jornalbeirario.com.br\\\/portal\\\/wp-content\\\/uploads\\\/2017\\\/09\\\/BEIRA-RIO_logo600.png\",\"width\":650,\"height\":108,\"caption\":\"JORNAL BEIRA RIO\"},\"image\":{\"@id\":\"https:\\\/\\\/jornalbeirario.com.br\\\/portal\\\/#\\\/schema\\\/logo\\\/image\\\/\"}},{\"@type\":\"Person\",\"@id\":\"https:\\\/\\\/jornalbeirario.com.br\\\/portal\\\/#\\\/schema\\\/person\\\/c6c423e4c2465d2a9233f6539173e7c1\",\"name\":\"Jornal BEIRA-RIO\",\"image\":{\"@type\":\"ImageObject\",\"inLanguage\":\"pt-BR\",\"@id\":\"https:\\\/\\\/jornalbeirario.com.br\\\/portal\\\/wp-content\\\/uploads\\\/2023\\\/10\\\/logojbr1.jpg\",\"url\":\"https:\\\/\\\/jornalbeirario.com.br\\\/portal\\\/wp-content\\\/uploads\\\/2023\\\/10\\\/logojbr1.jpg\",\"contentUrl\":\"https:\\\/\\\/jornalbeirario.com.br\\\/portal\\\/wp-content\\\/uploads\\\/2023\\\/10\\\/logojbr1.jpg\",\"caption\":\"Jornal BEIRA-RIO\"},\"url\":\"https:\\\/\\\/jornalbeirario.com.br\\\/portal\\\/?author=1\"}]}<\/script>\n<!-- \/ Yoast SEO plugin. -->","yoast_head_json":{"title":"QUEM PENSA? Crise financeira? - JORNAL BEIRA RIO","robots":{"index":"index","follow":"follow","max-snippet":"max-snippet:-1","max-image-preview":"max-image-preview:large","max-video-preview":"max-video-preview:-1"},"canonical":"https:\/\/jornalbeirario.com.br\/portal\/?p=29913","og_locale":"pt_BR","og_type":"article","og_title":"QUEM PENSA? Crise financeira? - JORNAL BEIRA RIO","og_description":"Em meio a crise financeira que Resende mergulhou, em parte, pelas crises nacional e internacional, mas com destaque para incompet\u00eancia administrativa do governo municipal","og_url":"https:\/\/jornalbeirario.com.br\/portal\/?p=29913","og_site_name":"JORNAL BEIRA RIO","article_published_time":"2015-05-08T06:11:00+00:00","author":"Jornal BEIRA-RIO","twitter_card":"summary_large_image","twitter_misc":{"Escrito por":"Jornal BEIRA-RIO","Est. tempo de leitura":"3 minutos"},"schema":{"@context":"https:\/\/schema.org","@graph":[{"@type":"Article","@id":"https:\/\/jornalbeirario.com.br\/portal\/?p=29913#article","isPartOf":{"@id":"https:\/\/jornalbeirario.com.br\/portal\/?p=29913"},"author":{"name":"Jornal BEIRA-RIO","@id":"https:\/\/jornalbeirario.com.br\/portal\/#\/schema\/person\/c6c423e4c2465d2a9233f6539173e7c1"},"headline":"QUEM PENSA? Crise financeira?","datePublished":"2015-05-08T06:11:00+00:00","mainEntityOfPage":{"@id":"https:\/\/jornalbeirario.com.br\/portal\/?p=29913"},"wordCount":589,"commentCount":0,"publisher":{"@id":"https:\/\/jornalbeirario.com.br\/portal\/#organization"},"articleSection":["Opini\u00e3o"],"inLanguage":"pt-BR","potentialAction":[{"@type":"CommentAction","name":"Comment","target":["https:\/\/jornalbeirario.com.br\/portal\/?p=29913#respond"]}]},{"@type":"WebPage","@id":"https:\/\/jornalbeirario.com.br\/portal\/?p=29913","url":"https:\/\/jornalbeirario.com.br\/portal\/?p=29913","name":"QUEM PENSA? Crise financeira? - JORNAL BEIRA RIO","isPartOf":{"@id":"https:\/\/jornalbeirario.com.br\/portal\/#website"},"datePublished":"2015-05-08T06:11:00+00:00","breadcrumb":{"@id":"https:\/\/jornalbeirario.com.br\/portal\/?p=29913#breadcrumb"},"inLanguage":"pt-BR","potentialAction":[{"@type":"ReadAction","target":["https:\/\/jornalbeirario.com.br\/portal\/?p=29913"]}]},{"@type":"BreadcrumbList","@id":"https:\/\/jornalbeirario.com.br\/portal\/?p=29913#breadcrumb","itemListElement":[{"@type":"ListItem","position":1,"name":"Home","item":"https:\/\/jornalbeirario.com.br\/portal"},{"@type":"ListItem","position":2,"name":"QUEM PENSA? Crise financeira?"}]},{"@type":"WebSite","@id":"https:\/\/jornalbeirario.com.br\/portal\/#website","url":"https:\/\/jornalbeirario.com.br\/portal\/","name":"JORNAL BEIRA RIO","description":"","publisher":{"@id":"https:\/\/jornalbeirario.com.br\/portal\/#organization"},"potentialAction":[{"@type":"SearchAction","target":{"@type":"EntryPoint","urlTemplate":"https:\/\/jornalbeirario.com.br\/portal\/?s={search_term_string}"},"query-input":{"@type":"PropertyValueSpecification","valueRequired":true,"valueName":"search_term_string"}}],"inLanguage":"pt-BR"},{"@type":"Organization","@id":"https:\/\/jornalbeirario.com.br\/portal\/#organization","name":"JORNAL BEIRA RIO","url":"https:\/\/jornalbeirario.com.br\/portal\/","logo":{"@type":"ImageObject","inLanguage":"pt-BR","@id":"https:\/\/jornalbeirario.com.br\/portal\/#\/schema\/logo\/image\/","url":"https:\/\/jornalbeirario.com.br\/portal\/wp-content\/uploads\/2017\/09\/BEIRA-RIO_logo600.png","contentUrl":"https:\/\/jornalbeirario.com.br\/portal\/wp-content\/uploads\/2017\/09\/BEIRA-RIO_logo600.png","width":650,"height":108,"caption":"JORNAL BEIRA RIO"},"image":{"@id":"https:\/\/jornalbeirario.com.br\/portal\/#\/schema\/logo\/image\/"}},{"@type":"Person","@id":"https:\/\/jornalbeirario.com.br\/portal\/#\/schema\/person\/c6c423e4c2465d2a9233f6539173e7c1","name":"Jornal BEIRA-RIO","image":{"@type":"ImageObject","inLanguage":"pt-BR","@id":"https:\/\/jornalbeirario.com.br\/portal\/wp-content\/uploads\/2023\/10\/logojbr1.jpg","url":"https:\/\/jornalbeirario.com.br\/portal\/wp-content\/uploads\/2023\/10\/logojbr1.jpg","contentUrl":"https:\/\/jornalbeirario.com.br\/portal\/wp-content\/uploads\/2023\/10\/logojbr1.jpg","caption":"Jornal BEIRA-RIO"},"url":"https:\/\/jornalbeirario.com.br\/portal\/?author=1"}]}},"_links":{"self":[{"href":"https:\/\/jornalbeirario.com.br\/portal\/index.php?rest_route=\/wp\/v2\/posts\/29913","targetHints":{"allow":["GET"]}}],"collection":[{"href":"https:\/\/jornalbeirario.com.br\/portal\/index.php?rest_route=\/wp\/v2\/posts"}],"about":[{"href":"https:\/\/jornalbeirario.com.br\/portal\/index.php?rest_route=\/wp\/v2\/types\/post"}],"author":[{"embeddable":true,"href":"https:\/\/jornalbeirario.com.br\/portal\/index.php?rest_route=\/wp\/v2\/users\/1"}],"replies":[{"embeddable":true,"href":"https:\/\/jornalbeirario.com.br\/portal\/index.php?rest_route=%2Fwp%2Fv2%2Fcomments&post=29913"}],"version-history":[{"count":2,"href":"https:\/\/jornalbeirario.com.br\/portal\/index.php?rest_route=\/wp\/v2\/posts\/29913\/revisions"}],"predecessor-version":[{"id":29957,"href":"https:\/\/jornalbeirario.com.br\/portal\/index.php?rest_route=\/wp\/v2\/posts\/29913\/revisions\/29957"}],"wp:attachment":[{"href":"https:\/\/jornalbeirario.com.br\/portal\/index.php?rest_route=%2Fwp%2Fv2%2Fmedia&parent=29913"}],"wp:term":[{"taxonomy":"category","embeddable":true,"href":"https:\/\/jornalbeirario.com.br\/portal\/index.php?rest_route=%2Fwp%2Fv2%2Fcategories&post=29913"},{"taxonomy":"post_tag","embeddable":true,"href":"https:\/\/jornalbeirario.com.br\/portal\/index.php?rest_route=%2Fwp%2Fv2%2Ftags&post=29913"}],"curies":[{"name":"wp","href":"https:\/\/api.w.org\/{rel}","templated":true}]}}