
{"id":29911,"date":"2015-05-08T06:12:43","date_gmt":"2015-05-08T06:12:43","guid":{"rendered":"http:\/\/jornalbeirario.com.br\/portal\/portal\/?p=29911"},"modified":"2015-05-08T06:12:43","modified_gmt":"2015-05-08T06:12:43","slug":"cartas-e-e-mails-68","status":"publish","type":"post","link":"https:\/\/jornalbeirario.com.br\/portal\/?p=29911","title":{"rendered":"Cartas e E-mails"},"content":{"rendered":"<p style=\"text-align: justify;\">Qual o melhor modelo politico?<br \/>\nAs ideias pol\u00edticas s\u00e3o uma abstra\u00e7\u00e3o da vida da sociedade, dizia Hegel. Todos acreditam em democracia, direitos humanos, economia aberta e direitos constitucionais. Mas na verdade vivemos uma dicotomia entre o que dizemos e o que praticamos. Hoje me sinto parte de uma minoria<br \/>\nO pensamento pol\u00edtico \u00e9 muito antigo. Arist\u00f3teles achava que a politica \u00e9 a nobre atividade na qual os homens decidem as regras pelas quais viver\u00e3o e os objetivos que querem buscar coletivamente. Mas sua ideia permitia somente os fil\u00f3sofos no poder. J\u00e1 Karl Marx, dizia que os fil\u00f3sofos t\u00eam apenas interpretado o mundo, a quest\u00e3o, por\u00e9m \u00e9 transform\u00e1-lo. E o filosofo Alexander Pope, afirmou que deix\u00e1ssemos os tolos discutirem a melhor forma de governo. O mais bem administrado, seja qual for, \u00e9 o melhor. J\u00e1 o americano linguista e fil\u00f3sofo politico, Noam Chomsky, afirma que o poder est\u00e1 cada vez mais concentrado em institui\u00e7\u00f5es que nunca prestam contas. Em nosso caso nossos tribunais que mantem essa desordem institucional.<br \/>\nInterpretar a hist\u00f3ria nos ajuda a compreender o ciclo em que vivemos e pra onde vamos. Porque a evolu\u00e7\u00e3o humana revive seus ciclos de tempos em tempos. Assim podemos compreender melhor o mundo e o momento em que vivemos. Como disse o Papa: \u201ctemos que ser revolucion\u00e1rios\u201d. Come\u00e7ando por n\u00f3s mesmo, depois em nossa fam\u00edlia, no bairro, na cidade, no Estado, no pa\u00eds e no mundo todo. O l\u00edder que n\u00e3o buscar a utopia do bem estar comum, n\u00e3o ser\u00e1 um bom l\u00edder. O amor tem que ser a base de qualquer filosofia. Amar a todos indiscriminadamente. Caso contr\u00e1rio, esses pseudo-l\u00edderes, n\u00e3o ter\u00e3o f\u00e9 o bastante pra cumprir sua miss\u00e3o.<br \/>\nPoder pelo poder<br \/>\nCom muito cuidado afirmo que aqui em Resende, como em muitas cidades brasileiras, o poder pelo poder, vem angariando muitas vit\u00f3rias. Comprando e iludindo a opini\u00e3o p\u00fablica. E ainda digo que: o gestor p\u00fablico que quiser tomar as medidas corretas pra o bem comum sofrer\u00e1 as consequ\u00eancia de lutar contra um sistema muito poderoso, com muitos interesses e muitas riquezas envolvidas. Os bandidos est\u00e3o se tornando nossos her\u00f3is nas novelas e na vida real. Somos muito intolerantes com nossos conhecidos e muito tolerantes com a novidade n\u00e3o testada na vida p\u00fablica.<br \/>\nO estado \u00e9 o maior pilar de toda economia nacional e o maior empregador do pa\u00eds. A soma dos impostos, taxas e tarifas arrecadados por empresas p\u00fablicas, estatais e dos governos municipais, estaduais e federal. Somados, representam mais da metade do PIB nacional. Tamb\u00e9m \u00e9 o maior empregador do pa\u00eds. Al\u00e9m disso, \u00e9 individualmente quem mais gasta em todos os meios de comunica\u00e7\u00e3o nacional. O estado enfim manda, desmanda e influencia em tudo! Por esse motivo, nesse modelo pol\u00edtico, a reelei\u00e7\u00e3o vem fazendo muito mal ao pa\u00eds.<br \/>\nO que a maioria pensa e quer?<br \/>\nVeja o caso das den\u00fancias feitas pelo dono da empreiteira Barrense, confessando ser c\u00famplice de corrup\u00e7\u00e3o no governo Rechuan. Porque ele apoiou Rechuan? Porque quis investir milhares de reais na campanha do Dr. ? Porque n\u00e3o preferiu continuar a participar de um governo honesto, segundo ele mesmo declarou, onde ele fazia v\u00e1rias obras, sem propina, sem corrup\u00e7\u00e3o, com uma margem de lucro de mercado e tinha seus recebimentos em dia? Com certeza foi por causa de uma proposta tentadora e indecorosa. Meu av\u00f4 dizia: que s\u00f3 um gamba aguenta cheirar outro gamba!<br \/>\nMas mesmo assim, foi bom ouvir de algu\u00e9m, que admite ter financiado um projeto politico corrupto em detrimento de um governo honesto, como foi o nosso e se arrependeu. Mesmo sabendo que foi por causa de uma disc\u00f3rdia na partilha do desvio do dinheiro p\u00fablico, valeu a pena ouvir isso depois de tanto tempo.<br \/>\nE o que podemos pensar sobre os resultados dessa ultima elei\u00e7\u00e3o? Foram gastos milh\u00f5es de reais de dinheiro p\u00fablico em contrata\u00e7\u00f5es fantasmas, obras superfaturadas, pagamentos a servi\u00e7o que n\u00e3o foram executados, para eleger pessoas despreparadas e sem nenhuma proposta ou compromisso assumido e principalmente sem nenhum servi\u00e7o relevante prestado a cidade. Venceram mais uma vez, sem assumir nenhum projeto concreto com a cidade e com a popula\u00e7\u00e3o.<br \/>\nAli\u00e1s, quais realmente foram e s\u00e3o as propostas desse governo em todas as \u00e1reas com a popula\u00e7\u00e3o? N\u00e3o existe! Nunca existiu planejamento algum, nem plano de governo, o prefeito inclusive admitiu isso em seu programa eleitoral. Ele dizia: o nosso lema e nosso plano \u00e9 trabalhar todos os dias sem parar! Esse vago \u00a8discurso\u00a8, foi aceito sem nenhum questionamento pela sociedade! Isso mostra como somos vulner\u00e1veis. \u00c9 melhor rir pra n\u00e3o chorar.<br \/>\nEsse governo sem planejamento, sem dire\u00e7\u00e3o, de coopta\u00e7\u00e3o de aliados a qualquer pre\u00e7o ou custo, que enriqueceu alguns em detrimento de muitos, com muita gastan\u00e7a e desvios merecedores de cadeia, age \u00fanica e exclusivamente na sua autopreserva\u00e7\u00e3o do poder pelo dinheiro. At\u00e9 hoje guardamos um papel com a proposta indecorosa que o Rechuan enviou ao meu pai, na tentativa de convenc\u00ea-lo a n\u00e3o ser candidato, contra sua reelei\u00e7\u00e3o. Claro que todas as vantagens oferecidas n\u00e3o seriam custeada por ele, mas por voc\u00ea.<br \/>\nOs verdadeiros donos do poder<br \/>\nQuando fui candidato a prefeito pela segunda vez em 2004, ap\u00f3s a derrota pra Meohas em 2000, convidei as maiores empresas prestadoras de servi\u00e7o municipal para um jantar em nosso hotel fazenda da fam\u00edlia. Eram mais de 40 pessoas. Empresas que controlaram a maioria do or\u00e7amento e dinheiro p\u00fablico gastos pelo munic\u00edpio nas ultimas d\u00e9cadas na regi\u00e3o. Ao final do jantar a \u00fanica coisa que pedi a eles foi que melhorassem a qualidade das obras e servi\u00e7os p\u00fablicos. Que gostaria que todas as empresas estivessem aptas a realizar esses servi\u00e7os, com novo padr\u00e3o caso ganh\u00e1ssemos a elei\u00e7\u00e3o, como mostravam as pesquisas e que se confirmou.<br \/>\nDe forma educada disse que pela situa\u00e7\u00e3o delicada que o munic\u00edpio vivia, t\u00ednhamos que devolver um pouco a cidade tudo que todos haviam ganho no munic\u00edpio. Tentar\u00edamos trabalhar no primeiro ano com 10% de desconto sobre o registro de pre\u00e7os oficiais do estado e nos \u00faltimos anos trabalhar\u00edamos com o pre\u00e7o oficial, chamado pre\u00e7o \u201cemop\u201d.<br \/>\nFui taxado de arrogante por n\u00e3o pedir nada e ainda chamar a aten\u00e7\u00e3o sobre a qualidade dos servi\u00e7os que prestavam. Por isso quase nenhuma dessas grandes empresas, ou grande construtora da cidade participou das nossas concorr\u00eancias. Diziam que nosso pre\u00e7o era muito baixo. Foi assim, que se abriram as portas da prefeitura de Resende pra empresas pequenas e medias da regi\u00e3o pra que pudessem prestar servi\u00e7o em nosso munic\u00edpio. Foi o caso da construtora Barrense e outras empreiteiras que hoje denunciam o prefeito de corrup\u00e7\u00e3o.<br \/>\nInfelizmente a maioria das empresas que trabalharam em nosso governo e outras que n\u00e3o trabalharam por causa do nosso pre\u00e7o baixo, se uniram e financiaram a campanha do Rechuan, n\u00e3o queriam mais um governo aut\u00f4nomo que s\u00f3 se submete ao interesse p\u00fablico. Perdi minha reelei\u00e7\u00e3o por 500 votos, e na \u00e9poca, pela lei de responsabilidade fiscal eu poderia ter contratado mais de 1000 pessoas, escolhi fazer novas obras e investimento com esse dinheiro. Paguei o pre\u00e7o pela minha arrog\u00e2ncia de n\u00e3o compor com o sistema e venceu o meu secret\u00e1rio de sa\u00fade.<br \/>\nDenuncia Jornal Beira-Rio<br \/>\nUma das passagens que mais me chocou na entrevista do empres\u00e1rio, foi ele n\u00e3o ver mal algum em atender ao pedido do Dr pra que atrasasse a obra do hospital, eu n\u00e3o poderia inaugurar mesmo, foram suas palavras. Mas e a cidade? E as pessoas que precisavam dessa obra? Quanta ingenuidade confiar num m\u00e9dico que pede o atraso da obra de um hospital. E que m\u00e9dico \u00e9 esse? Isso foi crime, eles deveriam pagar por isso. Espero que o MP e a justi\u00e7a tomem provid\u00eancias.<br \/>\nIncoer\u00eancia<br \/>\nComo num pa\u00eds com baixa qualidade das obras publicas e t\u00e3o pouca infraestrutura e retorno a popula\u00e7\u00e3o em rela\u00e7\u00e3o ao que pagamos em impostos, se justifica termos as maiores construtoras do mundo. S\u00f3 com muito desvio do dinheiro p\u00fablico. O mesmo que aconteceu com a Petrobras, aconteceu tamb\u00e9m com a Eletrobr\u00e1s, Furnas, Nuclebr\u00e1s, Banco do Brasil, Caixa Econ\u00f4mica e tantas outras empresas p\u00fablicas saqueadas. Enquanto nossos tribunais forem ocupados por indica\u00e7\u00f5es politicas o errado ser\u00e1 o certo e o certo ser\u00e1 errado.<br \/>\nDitadura da maioria<br \/>\nChamo de \u00a8A Ditadura sobre a maioria inconsciente\u00a8, esse movimento que tem essa postura corrupta do \u201cesperto que leva vantagem em tudo\u201d e influencia a maioria da popula\u00e7\u00e3o e mant\u00eam esses projetos de poder pelo poder. Esses espertos e o sistema que eles representam, v\u00eam manipulando e sobrevivendo desse estado caro, inchado e corrupto. Conheci poucos homens verdadeiramente preparados ou bem intencionados na vida pol\u00edtica. N\u00e3o existe ningu\u00e9m melhor que ningu\u00e9m, mas os bem intencionados e preparados, s\u00e3o descriminados e combatidos pelo sistema na tentativa de expurg\u00e1-los. O sistema prefere o corrupto servi\u00e7al, vassalo, despreparado e manipul\u00e1vel. E esse modelo de parceria do esperto da vez com o sistema ganancioso, esta virando um padr\u00e3o de atitude aceit\u00e1vel pela maioria da popula\u00e7\u00e3o. Bom exemplo disso foi esse epis\u00f3dio do dono da construtora, que trabalhava em nosso governo, afirmou que n\u00e3o existia corrup\u00e7\u00e3o, mas mesmo assim preferiu investir na campanha de nosso advers\u00e1rio, que prometeu lucro f\u00e1cil.<br \/>\nPadr\u00f5es semelhantes s\u00e3o revividos em v\u00e1rias \u00e9pocas em pa\u00edses diferentes em todo mundo. Na Europa, por exemplo, na d\u00e9cada de 30, o espanhol e filosofo Ortega Y Gasset, durante a revolu\u00e7\u00e3o espanhola defendeu a tese do surgimento na Europa dos pseudo-intelectuais. Ele argumentava que o levante das massas \u00e9 acompanhado por um decl\u00ednio intelectual. Surgindo o pseudo-intelectual, homem vulgar sem nenhum interesse nas tradi\u00e7\u00f5es ou c\u00f3digos morais, que v\u00ea a si mesmo como superior. Atrav\u00e9s do consumo indiscriminado e o poder do dinheiro. Tornaram-se a nova for\u00e7a na hist\u00f3ria, sem senso de dire\u00e7\u00e3o.<br \/>\nMas a meu ver, isso faz parte do processo natural e evolutivo de uma na\u00e7\u00e3o oprimida p\u00f3s-golpe de estado, derrubando governos ditatoriais, de ladr\u00f5es e de assassinos. Pra na\u00e7\u00e3o chegar \u00e0 democracia, liberdade e autonomia dos seus poderes, n\u00f3s teremos que amadurecer muito ainda. Por enquanto ainda seremos governados por muitos anos por incompetentes e corruptos. Tudo isso, por nossa livre e espont\u00e2nea escolha e vontade da maioria.<br \/>\nArrog\u00e2ncia do sistema<br \/>\nH\u00e1 pouco tempo atr\u00e1s fui num almo\u00e7o com os empres\u00e1rios e o assunto que se murmurava na mesa, era a comiss\u00e3o estipulada para o prefeito, em cima de todas as obras e servi\u00e7os realizados pelo governo.<br \/>\nNeste dia fiquei triste e feliz ao mesmo tempo. Triste por ouvir de um desses empres\u00e1rios, agiota de obras p\u00fablicas que financia outras empreiteiras, encarecendo as obras p\u00fablicas ha d\u00e9cadas, levantar suspeitas sobre mim. Insinuou que levei vantagem pessoal na concess\u00e3o do servi\u00e7o de \u00e1guas e esgoto de Resende, brincando que o Rechuan esparramou na cidade que minha m\u00e3e de mais de 60 anos que reside no distrito de Engenheiro Passos e pouco vem a Resende, era a dona da poderosa concessionaria que pertence hoje a um grupo onde fazem parte as maiores construtoras do Brasil.<br \/>\nV\u00e1rias pessoas e at\u00e9 grupos econ\u00f4micos de conhecidos e amigos meus ficaram tristes e se distanciaram de mim porque queriam participar da concess\u00e3o do servi\u00e7o de \u00e1guas de Resende sem nenhuma especialidade no assunto. Claro, um contrato de mais de um bilh\u00e3o de reais atinge a muitos interesses de poderosos. Foram muitos que queriam pegar de assalto essa concess\u00e3o. Sei que fiz o melhor que pude e coloquei o interesse p\u00fablico em primeiro lugar. A \u00fanica vantagem que pensei que teria seria o pol\u00edtico, com um servi\u00e7o bem prestado, tornando Resende um modelo de saneamento para o pa\u00eds. Assinei o contrato e logo depois perdi a reelei\u00e7\u00e3o. Quem implantou a concess\u00e3o de Resende e determinou o pre\u00e7o da \u00e1gua foi e continua sendo o Rechuan.<br \/>\nSofri muita press\u00e3o e amea\u00e7as veladas. Essas pessoas poderosas pertencem ou controlam muitos membros de todos os poderes constitu\u00eddos. Resisti e paguei o pre\u00e7o por isso. Mas esse boato absurdo sobre minha m\u00e3e virou verdade pra muitos, at\u00e9 pela omiss\u00e3o e desinteresse desse governo em esclarecer essa mentira.<br \/>\nA grande verdade \u00e9 que a omiss\u00e3o ou submiss\u00e3o do governo tem um pre\u00e7o, n\u00e3o \u00e9 poss\u00edvel uma empresa ditar e reger sozinha a rela\u00e7\u00e3o conflituosa de d\u00e9bito ou corte dos servi\u00e7os, com os cidad\u00e3os de Resende consumidores d\u00b4agua. Esse papel \u00e9 do munic\u00edpio. O poder executivo tem que regulamentar esse servi\u00e7o, criar essas normas com a participa\u00e7\u00e3o da sociedade civil e o poder legislativo.<br \/>\nMas voltando a parte boa do almo\u00e7o, fiquei feliz, porque olhei bem pra cada um daquela mesa, e me lembrei daquele jantar parecido de campanha que realizei na fazenda antes de ser prefeito e de todo o nosso governo honesto e trabalhador, sem dever um \u00fanico favor a ningu\u00e9m ali sentado, devo essa minha elei\u00e7\u00e3o aos eleitores, partidos e amigos. Lembrei tamb\u00e9m, que n\u00e3o existia nada que me constrangesse com todos os presentes e mandachuvas de d\u00e9cadas dos investimentos e da sucess\u00e3o municipal que estavam naquela mesa.<br \/>\nMas por fim o que predomina em mim a respeito da pol\u00edtica \u00e9 um sentimento de desanimo, cansa\u00e7o e descren\u00e7a por perceber que nesse universo que se restringe a regi\u00e3o das Agulhas Negras o momento hist\u00f3rico esta favor\u00e1vel aos espertos e pouco comprometido. Itatiaia jogou fora sua era de ouro, chegou a ser umas das dez maiores arrecada\u00e7\u00f5es perc\u00e1pita do pa\u00eds. Itatiaia era pra ser uma cidade modelo em todos os servi\u00e7os. Com a riqueza que circulou no munic\u00edpio na m\u00e3o de poucos, o que se criou foram favelas e pobreza vis\u00edvel. O mesmo acontece na cidade de Porto Real, saqueada h\u00e1 anos e que agora vive a amea\u00e7a de perder a empresa que mais arrecada no munic\u00edpio. Uma cidade rica onde a pobreza predomina. Resende idem, gastou demais num governo egoc\u00eantrico que quis impor a cidade seu gosto pessoal. Desrespeitando at\u00e9 nossos pr\u00e9dios hist\u00f3ricos e tombados.<br \/>\nTodos perguntam<br \/>\nonde est\u00e1 oposi\u00e7\u00e3o?<br \/>\nProcessamos dezenas de vezes esse governo, delatamos anos atr\u00e1s v\u00e1rios desvios, crime e praticas ilegais do mau uso e desvio do dinheiro p\u00fablico.<br \/>\nPor isso digo que o que \u00e9 bom foi testado v\u00e1rias vezes e que a tradi\u00e7\u00e3o e compet\u00eancia s\u00e3o frutos de um longo e bom trabalho. Mas a maioria prefere a novidade o desconhecido. Hoje nossos maiores representantes na cidade n\u00e3o tem nenhum servi\u00e7o relevante prestado para serem nossos lideres. Nem vereadores foram. Compraram tudo e todos. Gastaram todo o dinheiro que era pra financiar a infraestrutura da cidade em beneficio pr\u00f3prio e nas suas elei\u00e7\u00f5es. O dinheiro e a fraqueza humana s\u00e3o as armas utilizadas por esses corruptos para a perman\u00eancia no poder. Esses s\u00e3o os nossos pseudos lideres, novos her\u00f3is. N\u00e3o existe mais espa\u00e7o pro amadorismo ou pro amor. A maioria das pessoas n\u00e3o querem bandeiras ou compromisso com todos e sim a vantagem pessoal.<br \/>\nGoverno Municipal de<br \/>\nResende e regi\u00e3o<br \/>\nUm governo de muita sorte! Mas a sorte tem um fim! E a verdade sempre vem \u00e0 tona! Ele comprou quase todos e quase tudo. Mas n\u00e3o ha mau que perdure pra sempre! N\u00e3o podemos esquecer que ele representa a maioria esmagadora da popula\u00e7\u00e3o!<br \/>\nDenunciamos na ultima elei\u00e7\u00e3o tudo que agora est\u00e1 vindo \u00e0 tona. Recebemos cr\u00edticas por sermos t\u00e3o agressivos. N\u00e3o pod\u00edamos nos omitir pra o que est\u00e1vamos enxergando. Mas hoje vejo muita indigna\u00e7\u00e3o a esse governo t\u00e3o indigno do voto que recebeu. Escuto sempre: &#8230; ah, se nos tiv\u00e9ssemos ouvido voc\u00eas! Resende vai pagar caro por esse governo t\u00e3o despreparado e ganancioso e sem nenhum planejamento para o futuro pr\u00f3ximo. Ser\u00e3o anos para recuperar esses anos perdidos.<br \/>\nVivi essa hist\u00f3ria ap\u00f3s governo Meohas e sei o quando lutamos com t\u00e3o pouco para deixar uma cidade mais rica e prospera pra esse governo desfrutar e assaltar essa riqueza t\u00e3o suada.<br \/>\nN\u00f3s pegamos o munic\u00edpio de Resende em pleno decl\u00ednio, com queda em mais de 25 % no IFPM, \u00edndice de participa\u00e7\u00e3o dos munic\u00edpios sob os impostos cobrados pelo estado, A cidade estava um caos ap\u00f3s a administra\u00e7\u00e3o de 8 anos do ex-prefeiro Eduardo Meohas. Ele que propagava que \u00e9ramos ladr\u00f5es e nos chamavam de oligarquia, nunca provou nada.<br \/>\nHoje estamos aqui de p\u00e9 e de cabe\u00e7a erguida. Foram in\u00fameras vit\u00f3rias e derrotas, mas estamos aqui dignos e com um bom servi\u00e7o prestado. E o Dr. Meohas que gritava aos quatro cantos que \u00e9ramos ladr\u00f5es, hoje est\u00e1 condenado a devolver milh\u00f5es de reais aos cofres p\u00fablicos por a\u00e7\u00f5es nossas contra ele.<br \/>\nSer\u00e1 que s\u00e3o esses representantes que merecemos? Quadrilhas se formaram nessa regi\u00e3o, tentando arregimentar todos os poderes constitu\u00eddos nesse mar de lama.<br \/>\nGovernos personalistas, caros e crentes da impunidade. S\u00e3o in\u00fameras ilegalidades e mau uso do dinheiro p\u00fablico nesses governos.<br \/>\nAutoria das obras<br \/>\nNos furtaram o planejamento e a autoria de in\u00fameras conquista de recursos e obras que deixamos garantidas para cidade, Tais como: a constru\u00e7\u00e3o de milhares de casas, como o bairro Alian\u00e7a 1,2 e 3, Cirella, Gafisa, Alphaville, dentre outras. A nova entrada da cidade, o Shopping Patio Mix, o Habybs, avenida da ponte do Acesso Oeste, a UPA da Alegria, asfaltamento da Estrada Parque de Mau\u00e1, a inaugura\u00e7\u00e3o da Votorantim, o Centro Log\u00edstico da Volks, Nissan, Hunday. Al\u00e9m das obras, da quadra coberta e pista de skate no bairro Nova Alegria, a quadra coberta e policl\u00ednica do Novo Surubi, a creche da Morada do Contorno, asfaltamento de todo bairro Itapuca, as 06 policl\u00ednicas, amplia\u00e7\u00e3o do hospital de emerg\u00eancia. Dentre outras.<br \/>\nTodas foram obras que se arrastaram por quatro anos para serem entregues as v\u00e9speras da reelei\u00e7\u00e3o do prefeito, como se fossem obras dele. Isso s\u00f3 encareceu as obras e prejudicou a popula\u00e7\u00e3o. Sendo m\u00e9dico, \u00e9 uma vergonha e crime, pedir para uma empreiteira atrasar a amplia\u00e7\u00e3o do hospital. Isso \u00e9 imperdo\u00e1vel, merece uma condena\u00e7\u00e3o no CREMRJ em seu registro como m\u00e9dico.<br \/>\nO Dr. Rechuan inaugurou a amplia\u00e7\u00e3o como hospital da crian\u00e7a, o que foi outra fal\u00e1cia. N\u00e3o existe e nunca existiu hospital da crian\u00e7a. Alias, conversei com varias pessoas que participaram da elabora\u00e7\u00e3o das informa\u00e7\u00f5es que foram enviadas ao governo federal que concedeu ao munic\u00edpio o pr\u00eamio \u201cResende, Cidade Amiga da Crian\u00e7a\u201d n\u00e3o s\u00e3o verdadeiras, muitos dos dados n\u00e3o representam a realidade. E isso \u00e9 muito f\u00e1cil de se apurar. Essa \u00e9 a fun\u00e7\u00e3o da C\u00e2mara de Vereadores, fiscalizar. Espero que o MP tamb\u00e9m apure isso.<br \/>\nSucess\u00e3o Municipal<br \/>\nHoje vejo v\u00e1rios novos nomes se colocando como pr\u00e9-candidatos a prefeito. Mas n\u00e3o enxergo em nenhum deles um projeto pol\u00edtico pra cidade. N\u00e3o vejo nesses nomes homens p\u00fablicos de verdade. Eles n\u00e3o sonham a cidade. Sonham com a vit\u00f3ria. Muitas dessas pessoas s\u00e3o despreparadas para gerir a maior e mais complexa empresa do munic\u00edpio. Para serem gestores ou legisladores \u00e9 preciso ter preparo e forma\u00e7\u00e3o acad\u00eamica, intelectual, ou de vida na gest\u00e3o p\u00fablica. Voc\u00ea se operaria com quem n\u00e3o estudou pra ser m\u00e9dico? N\u00e3o escolha para governar uma cidade algu\u00e9m que nunca foi gestor p\u00fablico ou privado. N\u00e3o escolha um vereador para fiscalizar o dinheiro publico e fazer leis, quem n\u00e3o est\u00e1 preparado pra tal fun\u00e7\u00e3o, ou n\u00e3o conhece os anseios da sociedade que representa. Espero que nossos homens e mulheres, de not\u00f3rio saber e que se destacam em nossa sociedade venham assumir o poder. Precisamos de bons gestores. Espero que as pessoas do bem e preparadas venham assumir a responsabilidade de doar parte do tempo da sua vida ao bem estar comum.<br \/>\nMuitos perguntam se vou voltar pra vida p\u00fablica, mas acho que n\u00e3o existe espa\u00e7o para mim nesse momento e modelo atual.<br \/>\nAutopromo\u00e7\u00e3o<br \/>\nSinto que as pessoas est\u00e3o acordando dessa catarse do inconsciente coletivo em Resende e no Brasil. Vivemos quase uma hipnose de cores e formatos t\u00e3o alien\u00edgenas quanto essas obras disformes e egoc\u00eantricas. Ali\u00e1s, existe uma lei de minha autoria quando vereador, que proibia que qualquer governo pintasse a cidade e seus pr\u00e9dios p\u00fablicos, com as cores de seu governo. S\u00f3 podem ser usadas as cores do bras\u00e3o da cidade.<br \/>\nHoje esse estilo e marca que se espalhou pela cidade, tem que permanecer de propriedade p\u00fablica. N\u00e3o poder\u00e1 mais ser usado em obras privadas, porque sen\u00e3o ficara claro o mau uso do dinheiro p\u00fablico para auto-promo\u00e7\u00e3o e com aferi\u00e7\u00e3o de lucro pessoal. Agora este estilo \u00e9 publico e pertence ao povo de Resende!<br \/>\nLideres ou \u00cddolos<br \/>\nMinha expectativa \u00e9 grande sobre a reforma politica. Pra mim toda a reforma que precisamos inicia-se pela reforma politica. Se n\u00e3o mudarmos a regras da escolha de quem nos governa, n\u00e3o mudaremos as regras de como somos governados. S\u00f3 depois da reforma politica viabilizaremos a tribut\u00e1ria e todas as outras reformas. Estou muito esperan\u00e7o que essa mudan\u00e7a estrutural aconte\u00e7a ainda nessa minha vida.<br \/>\nSilvio Costa de Carvalho<\/p>\n<p style=\"text-align: justify;\">ASSESSORIA DEPUTADO DR. JULIANELLI<br \/>\nPRESTA\u00c7\u00c3O DE CONTAS<br \/>\nSe presta\u00e7\u00e3o de contas por parte de pol\u00edticos j\u00e1 \u00e9 algo incomum, de assessor de pol\u00edtico \u00e9 mais ainda. Mas n\u00e3o \u00e9 o meu caso. Por mera quest\u00e3o de car\u00e1ter, acrescido da minha condi\u00e7\u00e3o de presidente do Comit\u00ea Pela Transpar\u00eancia de Resende, o que passo a informar \u00e9 apenas uma obriga\u00e7\u00e3o.<br \/>\n1-CARGO E SAL\u00c1RIO<br \/>\nDurante os tr\u00eas meses em que estive na assessoria do deputado Dr. Julianelli exerci o cargo de assessor parlamentar n\u00edvel 1, recebendo um sal\u00e1rio mensal de R$ 7.200,00. Minha carga de trabalho era de tr\u00eas dias semanais na ALERJ, mais os finais de semana com trabalhos realizados em casa.<br \/>\n2-PROJETOS DE LEI ELABORADOS<br \/>\nDurante o tempo em que permaneci na assessoria do deputado elaborei projetos de lei que abordavam a quest\u00e3o ambiental com \u00eanfase na transpar\u00eancia ativa, aquela que obriga \u00f3rg\u00e3os e concession\u00e1rias de servi\u00e7os p\u00fablicos a manter em portal espec\u00edfico, em interface amig\u00e1vel, todos os dados relevantes das suas atua\u00e7\u00f5es.<br \/>\n2.1- PROJETO DE LEI QUE OBRIGA O GOVERNO DO ESTADO A MANTER EM TRANPAR\u00caNCIA ATIVA TODOS OS DADOS DO FUNCIONAMENTO DA C\u00c2MARA DE COMPENSA\u00c7\u00c3O AMBIENTAL (CCA\/RJ)<br \/>\nEssa \u00e9 mais uma caixa preta do estado. Alguns dados est\u00e3o na p\u00e1gina da CCA\/RJ, mas os mais relevantes, n\u00e3o. Como foi definida a compensa\u00e7\u00e3o? Por quem? Qual o cronograma da entrada e sa\u00edda dos recursos? Como s\u00e3o definidos os crit\u00e9rios da aplica\u00e7\u00e3o dos recursos? Onde fica depositado o dinheiro? Qual o saldo atual das compensa\u00e7\u00f5es? Esses s\u00e3o apenas alguns dos dados exigidos pelo projeto de lei que elaborei.<br \/>\n2.2- PROJETO DE LEI QUE OBRIGA O GOVERNO DO ESTADO A CRIAR E A MANTER O PROGRMA DE INCENTIVO AOS PRODUTORES DE \u00c1GUA<br \/>\nCom a crise h\u00eddrica, ainda latente, o estado deve ser mais ousado na pol\u00edtica de incentivo aos produtores de \u00e1gua, o chamado pagamento por servi\u00e7os ambientais. Os programas hoje existentes s\u00e3o t\u00edmidos e burocr\u00e1ticos, al\u00e9m de ser de ades\u00e3o espont\u00e2nea. Se a \u00e1gua \u00e9 bem comum, \u00e9 bem p\u00fablico, cabe ao estado decidir, com a participa\u00e7\u00e3o da sociedade, quais os mananciais mais importantes do ponto de vista da recupera\u00e7\u00e3o e da preserva\u00e7\u00e3o. Ao inv\u00e9s de dinheiro de conv\u00eanios, dinheiro p\u00fablico constante do or\u00e7amento do estado, em car\u00e1ter permanente. \u00c9 disso que trata o projeto.<br \/>\n2.3- PROJETO DE LEI QUE INSTITUI O SISTEMA DE MONITORAMENTO AMBIENTAL DAS ESTA\u00c7\u00d5ES DE TRATAMENTO DE \u00c1GUA (ETA) E DAS ESTA\u00c7\u00d5ES DE TRATAMENTO DE ESGOTO (ETE)<br \/>\nHoje n\u00e3o existe um sistema de monitoramento convincente sobre as concession\u00e1rias desses servi\u00e7os. Resende \u00e9 um exemplo disso. Este projeto estabelece regras r\u00edgidas sobre a opera\u00e7\u00e3o dessas empresas: mapa indicando por onde passam as redes coletoras de esgotos; a lista dos im\u00f3veis beneficiados por cada rede; a tecnologia utilizada em cada rede; a tecnologia usada pelas esta\u00e7\u00f5es; os programas de manuten\u00e7\u00e3o das mesmas; a obrigatoriedade de auditorias externas para avalia\u00e7\u00e3o dos servi\u00e7os das concession\u00e1rias, entre outras exig\u00eancias.<br \/>\n2.4- PROJETO DE LEI QUE CRIA O SISTEMA DE MONITORAMENTO AMBIENTAL DAS UNIDADES DE CONSERVA\u00c7\u00c3O DO ESTADO<br \/>\nComo anda a qualidade ambiental das nossas reservas? Existe monitoramento do ar, da \u00e1gua, do solo, de elementos arb\u00f3reos, da avifauna? Quem coleta esses dados, quando s\u00e3o coletados, onde s\u00e3o coletados, por quem, quem os analisa, onde s\u00e3o publicados esses dados? E disso que trata este projeto, obrigando o estado a dar respostas a essas perguntas.<br \/>\n2.5- PROJETO DE LEI QUE REFORMULA A POL\u00cdTICA DE RECURSOS H\u00cdDRICOS DO ESTADO<br \/>\nA crise h\u00eddrica exige respostas de curto, m\u00e9dio e longo prazo. Este projeto de lei obriga o estado a criar, de fato, a AG\u00caNCIA ESTADUAL DE \u00c1GUAS, interlocutora oficial com a ANA (Ag\u00eancia Nacional da \u00c1gua); reformula e d\u00e1 transpar\u00eancia na composi\u00e7\u00e3o e atua\u00e7\u00e3o, al\u00e9m de fortalecer institucionalmente o Conselho Estadual de Recursos H\u00eddricos. No bojo dessa pol\u00edtica, consta o projeto de lei que autoriza o governo do estado a criar a APA ESTADUAL DA REPRESA DO FUNIL, com uma pol\u00edtica de recupera\u00e7\u00e3o de \u00e1reas degradadas e de medidas compensat\u00f3rias para os produtores rurais da regi\u00e3o afetada por essa unidade de conserva\u00e7\u00e3o.<br \/>\n2.6- PROJETO DE RESOLU\u00c7\u00c3O QUE CRIA A COMISS\u00c3O PERMANENTE DE RECURSOS H\u00cdDRICOS DA ALERJ<br \/>\nPela relev\u00e2ncia do tema, recursos h\u00eddricos deve ser objeto de uma comiss\u00e3o parlamentar espec\u00edfica. Foi essa a inten\u00e7\u00e3o do nosso trabalho.<br \/>\n3- OUTROS TRABALHOS ELABORADOS<br \/>\n3.1- ELABORA\u00c7\u00c3O DO PROGRAMA DE ATUA\u00c7\u00c3O PARLAMENTAR DO DEPUTADO;<br \/>\n3.2- RELAT\u00d3RIO COM RECOMENDA\u00c7\u00d5ES NA POSTURA PARLAMENTAR;<br \/>\n3.3- RELAT\u00d3RIO COM PROPOSTAS DE REFORMULA\u00c7\u00c3O DO GABINETE;<br \/>\n3.4- OF\u00cdCIO PARA A SUPERINTEND\u00caNCIA DO MINIST\u00c9RIO P\u00daBLICO FEDERAL DO ESTADO DO RIO SOLICITANDO ESCLARECIMENTOS SOBRE A INTEN\u00c7\u00c3O DE ARQUIVAMENTO DO INQU\u00c9RITO DO CASO CHORUME;<br \/>\n3.5- OF\u00cdCIO AO SECRET\u00c1RIO ESTADUAL DO AMBIENTE SOLICITANDO ESCLARECIOMENTOS SOBRE O ESVAZIAMENTO FUNCIONAL DO SERVI\u00c7O DE RPPN (RESERVA PARTICULAR DO PATRIMONIO NATURAL) DO INEA;<br \/>\nCom esta presta\u00e7\u00e3o de contas estou apenas sincronizando meus discursos \u00e0s minhas pr\u00e1ticas.<br \/>\nEliel de Assis Queiroz<br \/>\nComit\u00ea Pela Transpar\u00eancia e Controle Social de Resende<br \/>\nPresidente<\/p>\n<p style=\"text-align: justify;\">\u00c0 Reda\u00e7\u00e3o,<br \/>\nChego ao Restaurante Cidad\u00e3o, em Resende, na manh\u00e3 da \u00faltima segunda-feira, 4 de maio, e sou informado do reajuste do valor da refei\u00e7\u00e3o: de R$ 1,00 para R$ 2,00.<br \/>\nDe imediato algo me inquieta: 100 % de aumento? O que explicaria um percentual t\u00e3o abusivo considerando-se os atuais \u00edndices de infla\u00e7\u00e3o e demais refer\u00eancias econ\u00f4micas muit\u00edssimo abaixo disto?<br \/>\nE para apimentar tamanha incoer\u00eancia, o outro reajuste \u2013 do desjejum \u2013 foi da ordem de 45 % &#8211; chegando aos atuais R$ 0,50 ante os R$ 0,35 anteriores. Ora, por que o almo\u00e7o aumenta 100 % enquanto o caf\u00e9 da manh\u00e3, 45 %?<br \/>\nAlguns g\u00eanios dir\u00e3o que o aumento foi pensado de modo a facilitar o troco. Outros t\u00e3o somente pagar\u00e3o e se calar\u00e3o.<br \/>\nO fato \u00e9 que, recentemente, houve uma restri\u00e7\u00e3o quanto ao n\u00famero de refei\u00e7\u00f5es servidas afetando diretamente o hor\u00e1rio de funcionamento do local for\u00e7ando um fechamento antecipado do estabelecimento.<br \/>\nE j\u00e1 sou comunicado por gente l\u00e1 de dentro que, a partir do novo valor de R$ 2,00, o hor\u00e1rio do almo\u00e7o voltar\u00e1 a ser de 10:30 h \u00e0s 14:30 h, e n\u00e3o mais haver\u00e1 limite di\u00e1rio de refei\u00e7\u00f5es.<br \/>\nResta, sim, saber de fato qual teria sido a motiva\u00e7\u00e3o por tr\u00e1s da restri\u00e7\u00e3o de refei\u00e7\u00f5es. Caberia, no m\u00ednimo, um melhor esclarecimento por parte do gestor \u2013 o Governo do Estado do Rio de Janeiro \u2013 que tais quais seus pares mostra-se assaz leniente quanto aos anseios da na\u00e7\u00e3o.<br \/>\nMarcelo Almeida<br \/>\nEmpres\u00e1rio, professor e jornalista<\/p>\n","protected":false},"excerpt":{"rendered":"<p>Qual o melhor modelo politico? As ideias pol\u00edticas s\u00e3o uma abstra\u00e7\u00e3o da vida da sociedade, dizia Hegel. Todos acreditam em democracia, direitos humanos, economia<\/p>\n","protected":false},"author":1,"featured_media":0,"comment_status":"open","ping_status":"open","sticky":false,"template":"","format":"standard","meta":{"pmpro_default_level":"","footnotes":""},"categories":[8],"tags":[],"class_list":["post-29911","post","type-post","status-publish","format-standard","hentry","category-opiniao","pmpro-has-access"],"yoast_head":"<!-- This site is optimized with the Yoast SEO plugin v27.4 - https:\/\/yoast.com\/product\/yoast-seo-wordpress\/ -->\n<title>Cartas e E-mails - JORNAL BEIRA RIO<\/title>\n<meta name=\"robots\" content=\"index, follow, max-snippet:-1, max-image-preview:large, max-video-preview:-1\" \/>\n<link rel=\"canonical\" href=\"https:\/\/jornalbeirario.com.br\/portal\/?p=29911\" \/>\n<meta property=\"og:locale\" content=\"pt_BR\" \/>\n<meta property=\"og:type\" content=\"article\" \/>\n<meta property=\"og:title\" content=\"Cartas e E-mails - JORNAL BEIRA RIO\" \/>\n<meta property=\"og:description\" content=\"Qual o melhor modelo politico? As ideias pol\u00edticas s\u00e3o uma abstra\u00e7\u00e3o da vida da sociedade, dizia Hegel. Todos acreditam em democracia, direitos humanos, economia\" \/>\n<meta property=\"og:url\" content=\"https:\/\/jornalbeirario.com.br\/portal\/?p=29911\" \/>\n<meta property=\"og:site_name\" content=\"JORNAL BEIRA RIO\" \/>\n<meta property=\"article:published_time\" content=\"2015-05-08T06:12:43+00:00\" \/>\n<meta name=\"author\" content=\"Jornal BEIRA-RIO\" \/>\n<meta name=\"twitter:card\" content=\"summary_large_image\" \/>\n<meta name=\"twitter:label1\" content=\"Escrito por\" \/>\n\t<meta name=\"twitter:data1\" content=\"Jornal BEIRA-RIO\" \/>\n\t<meta name=\"twitter:label2\" content=\"Est. tempo de leitura\" \/>\n\t<meta name=\"twitter:data2\" content=\"25 minutos\" \/>\n<script type=\"application\/ld+json\" class=\"yoast-schema-graph\">{\"@context\":\"https:\\\/\\\/schema.org\",\"@graph\":[{\"@type\":\"Article\",\"@id\":\"https:\\\/\\\/jornalbeirario.com.br\\\/portal\\\/?p=29911#article\",\"isPartOf\":{\"@id\":\"https:\\\/\\\/jornalbeirario.com.br\\\/portal\\\/?p=29911\"},\"author\":{\"name\":\"Jornal BEIRA-RIO\",\"@id\":\"https:\\\/\\\/jornalbeirario.com.br\\\/portal\\\/#\\\/schema\\\/person\\\/c6c423e4c2465d2a9233f6539173e7c1\"},\"headline\":\"Cartas e E-mails\",\"datePublished\":\"2015-05-08T06:12:43+00:00\",\"mainEntityOfPage\":{\"@id\":\"https:\\\/\\\/jornalbeirario.com.br\\\/portal\\\/?p=29911\"},\"wordCount\":4917,\"commentCount\":0,\"publisher\":{\"@id\":\"https:\\\/\\\/jornalbeirario.com.br\\\/portal\\\/#organization\"},\"articleSection\":[\"Opini\u00e3o\"],\"inLanguage\":\"pt-BR\",\"potentialAction\":[{\"@type\":\"CommentAction\",\"name\":\"Comment\",\"target\":[\"https:\\\/\\\/jornalbeirario.com.br\\\/portal\\\/?p=29911#respond\"]}]},{\"@type\":\"WebPage\",\"@id\":\"https:\\\/\\\/jornalbeirario.com.br\\\/portal\\\/?p=29911\",\"url\":\"https:\\\/\\\/jornalbeirario.com.br\\\/portal\\\/?p=29911\",\"name\":\"Cartas e E-mails - JORNAL BEIRA RIO\",\"isPartOf\":{\"@id\":\"https:\\\/\\\/jornalbeirario.com.br\\\/portal\\\/#website\"},\"datePublished\":\"2015-05-08T06:12:43+00:00\",\"breadcrumb\":{\"@id\":\"https:\\\/\\\/jornalbeirario.com.br\\\/portal\\\/?p=29911#breadcrumb\"},\"inLanguage\":\"pt-BR\",\"potentialAction\":[{\"@type\":\"ReadAction\",\"target\":[\"https:\\\/\\\/jornalbeirario.com.br\\\/portal\\\/?p=29911\"]}]},{\"@type\":\"BreadcrumbList\",\"@id\":\"https:\\\/\\\/jornalbeirario.com.br\\\/portal\\\/?p=29911#breadcrumb\",\"itemListElement\":[{\"@type\":\"ListItem\",\"position\":1,\"name\":\"Home\",\"item\":\"https:\\\/\\\/jornalbeirario.com.br\\\/portal\"},{\"@type\":\"ListItem\",\"position\":2,\"name\":\"Cartas e E-mails\"}]},{\"@type\":\"WebSite\",\"@id\":\"https:\\\/\\\/jornalbeirario.com.br\\\/portal\\\/#website\",\"url\":\"https:\\\/\\\/jornalbeirario.com.br\\\/portal\\\/\",\"name\":\"JORNAL BEIRA RIO\",\"description\":\"\",\"publisher\":{\"@id\":\"https:\\\/\\\/jornalbeirario.com.br\\\/portal\\\/#organization\"},\"potentialAction\":[{\"@type\":\"SearchAction\",\"target\":{\"@type\":\"EntryPoint\",\"urlTemplate\":\"https:\\\/\\\/jornalbeirario.com.br\\\/portal\\\/?s={search_term_string}\"},\"query-input\":{\"@type\":\"PropertyValueSpecification\",\"valueRequired\":true,\"valueName\":\"search_term_string\"}}],\"inLanguage\":\"pt-BR\"},{\"@type\":\"Organization\",\"@id\":\"https:\\\/\\\/jornalbeirario.com.br\\\/portal\\\/#organization\",\"name\":\"JORNAL BEIRA RIO\",\"url\":\"https:\\\/\\\/jornalbeirario.com.br\\\/portal\\\/\",\"logo\":{\"@type\":\"ImageObject\",\"inLanguage\":\"pt-BR\",\"@id\":\"https:\\\/\\\/jornalbeirario.com.br\\\/portal\\\/#\\\/schema\\\/logo\\\/image\\\/\",\"url\":\"https:\\\/\\\/jornalbeirario.com.br\\\/portal\\\/wp-content\\\/uploads\\\/2017\\\/09\\\/BEIRA-RIO_logo600.png\",\"contentUrl\":\"https:\\\/\\\/jornalbeirario.com.br\\\/portal\\\/wp-content\\\/uploads\\\/2017\\\/09\\\/BEIRA-RIO_logo600.png\",\"width\":650,\"height\":108,\"caption\":\"JORNAL BEIRA RIO\"},\"image\":{\"@id\":\"https:\\\/\\\/jornalbeirario.com.br\\\/portal\\\/#\\\/schema\\\/logo\\\/image\\\/\"}},{\"@type\":\"Person\",\"@id\":\"https:\\\/\\\/jornalbeirario.com.br\\\/portal\\\/#\\\/schema\\\/person\\\/c6c423e4c2465d2a9233f6539173e7c1\",\"name\":\"Jornal BEIRA-RIO\",\"image\":{\"@type\":\"ImageObject\",\"inLanguage\":\"pt-BR\",\"@id\":\"https:\\\/\\\/jornalbeirario.com.br\\\/portal\\\/wp-content\\\/uploads\\\/2023\\\/10\\\/logojbr1.jpg\",\"url\":\"https:\\\/\\\/jornalbeirario.com.br\\\/portal\\\/wp-content\\\/uploads\\\/2023\\\/10\\\/logojbr1.jpg\",\"contentUrl\":\"https:\\\/\\\/jornalbeirario.com.br\\\/portal\\\/wp-content\\\/uploads\\\/2023\\\/10\\\/logojbr1.jpg\",\"caption\":\"Jornal BEIRA-RIO\"},\"url\":\"https:\\\/\\\/jornalbeirario.com.br\\\/portal\\\/?author=1\"}]}<\/script>\n<!-- \/ Yoast SEO plugin. -->","yoast_head_json":{"title":"Cartas e E-mails - JORNAL BEIRA RIO","robots":{"index":"index","follow":"follow","max-snippet":"max-snippet:-1","max-image-preview":"max-image-preview:large","max-video-preview":"max-video-preview:-1"},"canonical":"https:\/\/jornalbeirario.com.br\/portal\/?p=29911","og_locale":"pt_BR","og_type":"article","og_title":"Cartas e E-mails - JORNAL BEIRA RIO","og_description":"Qual o melhor modelo politico? As ideias pol\u00edticas s\u00e3o uma abstra\u00e7\u00e3o da vida da sociedade, dizia Hegel. Todos acreditam em democracia, direitos humanos, economia","og_url":"https:\/\/jornalbeirario.com.br\/portal\/?p=29911","og_site_name":"JORNAL BEIRA RIO","article_published_time":"2015-05-08T06:12:43+00:00","author":"Jornal BEIRA-RIO","twitter_card":"summary_large_image","twitter_misc":{"Escrito por":"Jornal BEIRA-RIO","Est. tempo de leitura":"25 minutos"},"schema":{"@context":"https:\/\/schema.org","@graph":[{"@type":"Article","@id":"https:\/\/jornalbeirario.com.br\/portal\/?p=29911#article","isPartOf":{"@id":"https:\/\/jornalbeirario.com.br\/portal\/?p=29911"},"author":{"name":"Jornal BEIRA-RIO","@id":"https:\/\/jornalbeirario.com.br\/portal\/#\/schema\/person\/c6c423e4c2465d2a9233f6539173e7c1"},"headline":"Cartas e E-mails","datePublished":"2015-05-08T06:12:43+00:00","mainEntityOfPage":{"@id":"https:\/\/jornalbeirario.com.br\/portal\/?p=29911"},"wordCount":4917,"commentCount":0,"publisher":{"@id":"https:\/\/jornalbeirario.com.br\/portal\/#organization"},"articleSection":["Opini\u00e3o"],"inLanguage":"pt-BR","potentialAction":[{"@type":"CommentAction","name":"Comment","target":["https:\/\/jornalbeirario.com.br\/portal\/?p=29911#respond"]}]},{"@type":"WebPage","@id":"https:\/\/jornalbeirario.com.br\/portal\/?p=29911","url":"https:\/\/jornalbeirario.com.br\/portal\/?p=29911","name":"Cartas e E-mails - JORNAL BEIRA RIO","isPartOf":{"@id":"https:\/\/jornalbeirario.com.br\/portal\/#website"},"datePublished":"2015-05-08T06:12:43+00:00","breadcrumb":{"@id":"https:\/\/jornalbeirario.com.br\/portal\/?p=29911#breadcrumb"},"inLanguage":"pt-BR","potentialAction":[{"@type":"ReadAction","target":["https:\/\/jornalbeirario.com.br\/portal\/?p=29911"]}]},{"@type":"BreadcrumbList","@id":"https:\/\/jornalbeirario.com.br\/portal\/?p=29911#breadcrumb","itemListElement":[{"@type":"ListItem","position":1,"name":"Home","item":"https:\/\/jornalbeirario.com.br\/portal"},{"@type":"ListItem","position":2,"name":"Cartas e E-mails"}]},{"@type":"WebSite","@id":"https:\/\/jornalbeirario.com.br\/portal\/#website","url":"https:\/\/jornalbeirario.com.br\/portal\/","name":"JORNAL BEIRA RIO","description":"","publisher":{"@id":"https:\/\/jornalbeirario.com.br\/portal\/#organization"},"potentialAction":[{"@type":"SearchAction","target":{"@type":"EntryPoint","urlTemplate":"https:\/\/jornalbeirario.com.br\/portal\/?s={search_term_string}"},"query-input":{"@type":"PropertyValueSpecification","valueRequired":true,"valueName":"search_term_string"}}],"inLanguage":"pt-BR"},{"@type":"Organization","@id":"https:\/\/jornalbeirario.com.br\/portal\/#organization","name":"JORNAL BEIRA RIO","url":"https:\/\/jornalbeirario.com.br\/portal\/","logo":{"@type":"ImageObject","inLanguage":"pt-BR","@id":"https:\/\/jornalbeirario.com.br\/portal\/#\/schema\/logo\/image\/","url":"https:\/\/jornalbeirario.com.br\/portal\/wp-content\/uploads\/2017\/09\/BEIRA-RIO_logo600.png","contentUrl":"https:\/\/jornalbeirario.com.br\/portal\/wp-content\/uploads\/2017\/09\/BEIRA-RIO_logo600.png","width":650,"height":108,"caption":"JORNAL BEIRA RIO"},"image":{"@id":"https:\/\/jornalbeirario.com.br\/portal\/#\/schema\/logo\/image\/"}},{"@type":"Person","@id":"https:\/\/jornalbeirario.com.br\/portal\/#\/schema\/person\/c6c423e4c2465d2a9233f6539173e7c1","name":"Jornal BEIRA-RIO","image":{"@type":"ImageObject","inLanguage":"pt-BR","@id":"https:\/\/jornalbeirario.com.br\/portal\/wp-content\/uploads\/2023\/10\/logojbr1.jpg","url":"https:\/\/jornalbeirario.com.br\/portal\/wp-content\/uploads\/2023\/10\/logojbr1.jpg","contentUrl":"https:\/\/jornalbeirario.com.br\/portal\/wp-content\/uploads\/2023\/10\/logojbr1.jpg","caption":"Jornal BEIRA-RIO"},"url":"https:\/\/jornalbeirario.com.br\/portal\/?author=1"}]}},"_links":{"self":[{"href":"https:\/\/jornalbeirario.com.br\/portal\/index.php?rest_route=\/wp\/v2\/posts\/29911","targetHints":{"allow":["GET"]}}],"collection":[{"href":"https:\/\/jornalbeirario.com.br\/portal\/index.php?rest_route=\/wp\/v2\/posts"}],"about":[{"href":"https:\/\/jornalbeirario.com.br\/portal\/index.php?rest_route=\/wp\/v2\/types\/post"}],"author":[{"embeddable":true,"href":"https:\/\/jornalbeirario.com.br\/portal\/index.php?rest_route=\/wp\/v2\/users\/1"}],"replies":[{"embeddable":true,"href":"https:\/\/jornalbeirario.com.br\/portal\/index.php?rest_route=%2Fwp%2Fv2%2Fcomments&post=29911"}],"version-history":[{"count":3,"href":"https:\/\/jornalbeirario.com.br\/portal\/index.php?rest_route=\/wp\/v2\/posts\/29911\/revisions"}],"predecessor-version":[{"id":29958,"href":"https:\/\/jornalbeirario.com.br\/portal\/index.php?rest_route=\/wp\/v2\/posts\/29911\/revisions\/29958"}],"wp:attachment":[{"href":"https:\/\/jornalbeirario.com.br\/portal\/index.php?rest_route=%2Fwp%2Fv2%2Fmedia&parent=29911"}],"wp:term":[{"taxonomy":"category","embeddable":true,"href":"https:\/\/jornalbeirario.com.br\/portal\/index.php?rest_route=%2Fwp%2Fv2%2Fcategories&post=29911"},{"taxonomy":"post_tag","embeddable":true,"href":"https:\/\/jornalbeirario.com.br\/portal\/index.php?rest_route=%2Fwp%2Fv2%2Ftags&post=29911"}],"curies":[{"name":"wp","href":"https:\/\/api.w.org\/{rel}","templated":true}]}}