
{"id":29906,"date":"2015-05-08T06:13:59","date_gmt":"2015-05-08T06:13:59","guid":{"rendered":"http:\/\/jornalbeirario.com.br\/portal\/portal\/?p=29906"},"modified":"2015-05-08T06:13:59","modified_gmt":"2015-05-08T06:13:59","slug":"lais-amaral-95","status":"publish","type":"post","link":"https:\/\/jornalbeirario.com.br\/portal\/?p=29906","title":{"rendered":"La\u00eds Amaral"},"content":{"rendered":"<p style=\"text-align: justify;\"><strong>Ouro Preto: Liberdade ainda que tardia<\/strong><br \/>\nAproveitei essa montoeira de feriados e dei uma escapulida. Fui rever Ouro Preto, uma das cidades cujas silhuetas tenho tatuadas na alma. Fora toda a satisfa\u00e7\u00e3o que a cidade me passa, isso desde sempre, dessa vez tive uma satisfa\u00e7a a mais. Fiquei sabendo que depois de doze anos, a solenidade em homenagem ao her\u00f3i brasileiro, Joaquim Jos\u00e9 da Silva Xavier, o \u201cTiradentes\u201d, voltou a ser uma festa popular. Sem tapumes na Pra\u00e7a da Liberdade, sem travar a mobilidade da cidade e com a presen\u00e7a do povo. Povo que tanto aprecia solenidades c\u00edvicas (vide o 7 de Setembro). Foram homenageadas 141 personalidades com a \u2018Medalha da Inconfid\u00eancia\u2019. E os agraciados foram pessoas simples, trabalhadores que ajudam a construir a sociedade brasileira: M\u00e9dicos, artes\u00e3os, advogados, atletas, PROFESSORES, uma classe que parece causar urtic\u00e1ria no governador do Paran\u00e1, Beto Richa (PSDB). O governador mineiro, Fernando Pimentel entregou tamb\u00e9m a maior honraria das Minas Gerais ao presidente do Supremo Tribunal Federal, Ricardo Lewandowski e ao l\u00edder do MST, Jo\u00e3o Pedro St\u00e9dile. Nos doze anos de governo tucano (oito de A\u00e9cio e quatro de Anastasia) a festa popular foi escondida do povo. Tiradentes est\u00e1 tendo sua mem\u00f3ria libert\u00e1ria revista. E mais, dia 12 de novembro, data do nascimento do alferes, ser\u00e1 considerada o \u2018Dia Nacional da Liberdade\u2019, projeto de lei do deputado federal, Reginaldo Lopes. Grande Ouro Preto, grande Tiradentes.<\/p>\n<p style=\"text-align: justify;\"><strong>AEDB d\u00e1 bom exemplo de incentivo<\/strong><br \/>\nSemana passada, dia 27, dois dias antes de acontecer o vergonhoso, humilhante, injustific\u00e1vel, repugnante epis\u00f3dio do massacre dos professores pelas for\u00e7as de seguran\u00e7a do governo do Paran\u00e1, em Curitiba, em Resende aconteceu, precisamente na AEDB, um ato de est\u00edmulo \u00e0 educa\u00e7\u00e3o, de estimulo aos estudantes, e porque n\u00e3o dizer, de respeito aos mestres, que s\u00e3o quem prepara esses universit\u00e1rios. Foi a entrega do Pr\u00eamio Antonio Esteves a cinquenta e cinco alunos das Faculdades Dom Bosco, que tiveram a maior m\u00e9dia em 2014. Praticamente todos com m\u00e9dia acima de 9. O Pr\u00eamio \u00e9 simplesmente uma bolsa de estudo, integral, para o ano de 2015, nos dezoito cursos de gradua\u00e7\u00e3o da institui\u00e7\u00e3o. Sensacional. A solenidade ocorreu no audit\u00f3rio da Associa\u00e7\u00e3o Educacional Dom Bosco. O Pr\u00eamio \u00e9 um estimulo e um incentivo para que os alunos se dediquem mais e consequentemente, se preparem melhor para a vida profissional que j\u00e1 bate \u00e0 Porta. Parab\u00e9ns a AEDB e aos premiados. A\u00ed rapaziada, a melhor forma de estudar numa boa faculdade particular, sem pagar, \u00e9 sendo um craque. Pelo menos na AEDB \u00e9 assim.<\/p>\n<p style=\"text-align: justify;\"><strong>TRIPA<\/strong><br \/>\n* Depois de rodar por ruas e pra\u00e7as de grandes cidades pa\u00eds afora, a cantora e compositora Ive Seixas estar\u00e1 neste domingo, dia 10, a partir das 14 horas, se apresentando no Parque das \u00c1guas, em Resende. Enfim a \u2018Andorinha S\u00f3\u2019, volta a se apresentar em nossa cidade. Legal ! * Foi aberta nessa quinta-feira, dia 7, no Museu de Arte Moderna (MAM) de Resende a exposi\u00e7\u00e3o da artista Ana Cristina Maciel, \u201cP\u00e1ssaros, flores e outros sonhos\u201d. A exposi\u00e7\u00e3o segue at\u00e9 5 de junho, de segunda a sexta-feira, de meio dia \u00e0s 18 horas. Vale conferir * \u201cConhe\u00e7a o Nosso Asilo\u201d \u00e9 o nome do projeto de inclus\u00e3o social, cultural e educativa que envolve os alunos da rede de ensino com o Asilo Nicolino Gulhot. Por conta disso ser\u00e1 aberta no pr\u00f3ximo dia 14, uma exposi\u00e7\u00e3o sobre a Ponte Nilo Pe\u00e7anha (Ponte Velha), l\u00e1 no Asilo, no Bairro Ipiranga. A abertura est\u00e1 marcada para 13h30min. A exposi\u00e7\u00e3o permanecer\u00e1 no local at\u00e9 o dia 29 de maio. A iniciativa \u00e9 resultado de uma parceria entre Secretaria de Educa\u00e7\u00e3o e Casa da Cultura. Apoio da CDL-Resende * E depois de duas rodadas, o So\u00e7aite Cinquent\u00e3o da AABB tem na lideran\u00e7a o time do Ipiranga, empatado em pontos com o S\u00edtio, mas na frente pelo crit\u00e9rio de desempate pelo saldo de gols. Na rodada passada os resultados foram os seguintes: S\u00edtio 2 x 1 Capelinha e Ipiranga 5 x 3 Brameiros. Os jogos deste domingo, dia 10, s\u00e3o os seguintes, pela 3\u00aa rodada: Capelinha x Brameiros (9 horas) e Ipiranga x Turma da Pelada (10h30min.). Vale conferir o futebol bonito dos veteranos * Depois de ver Barcelona e Bayer, n\u00e3o quis ficar em casa pra ver Botafogo e Capivariano, n\u00e3o. Quis n\u00e3o. Nem me perguntem porqu\u00ea * Parab\u00e9ns a todas as mam\u00e3es pelo pr\u00f3ximo domingo.<\/p>\n<p style=\"text-align: justify;\"><strong>ANIVERS\u00c1RIOS<\/strong><br \/>\nMudaram de idade dia 2 de maio a vereadora Soraia Balieiro e o Rodrigo Vieira. No dia seguinte, foi a vez da Mabele, filha da vereadora, e mais um a turma legal, inaugurar idade nova, olha s\u00f3: a Helena Botelho, minha tutora no Cederj, o amigo sumido Fernando Fran\u00e7a, o Rodrigo Alc\u00e2ntara, a Silvia Maia e a Luciaria Diniz, que todos os anos (na Semana Santa) me acarinha com a pa\u00e7oca mais deliciosa que j\u00e1 comi na vida. Uma iguaria. Dia 4, ficaram mais experientes o Dr. Carlos Serra, o amigo Vagner Firmo, as irm\u00e3s Silvia M\u00f4nica e a Cida Andrade e o Beto Oliveira, cantor e m\u00fasico. Dia 5, recebeu os \u2018parab\u00e9ns\u2019, meu amigo Pedro Brant, rep\u00f3rter cinematogr\u00e1fico da TV Rio Sul. Parab\u00e9ns e todas as felicidades do mundo a eles.<\/p>\n","protected":false},"excerpt":{"rendered":"<p>Ouro Preto: Liberdade ainda que tardia Aproveitei essa montoeira de feriados e dei uma escapulida. Fui rever Ouro Preto, uma das cidades cujas silhuetas<\/p>\n","protected":false},"author":1,"featured_media":0,"comment_status":"open","ping_status":"open","sticky":false,"template":"","format":"standard","meta":{"pmpro_default_level":"","footnotes":""},"categories":[13],"tags":[],"class_list":["post-29906","post","type-post","status-publish","format-standard","hentry","category-social","pmpro-has-access"],"yoast_head":"<!-- This site is optimized with the Yoast SEO plugin v27.4 - https:\/\/yoast.com\/product\/yoast-seo-wordpress\/ -->\n<title>La\u00eds Amaral - JORNAL BEIRA RIO<\/title>\n<meta name=\"robots\" content=\"index, follow, max-snippet:-1, max-image-preview:large, max-video-preview:-1\" \/>\n<link rel=\"canonical\" href=\"https:\/\/jornalbeirario.com.br\/portal\/?p=29906\" \/>\n<meta property=\"og:locale\" content=\"pt_BR\" \/>\n<meta property=\"og:type\" content=\"article\" \/>\n<meta property=\"og:title\" content=\"La\u00eds Amaral - JORNAL BEIRA RIO\" \/>\n<meta property=\"og:description\" content=\"Ouro Preto: Liberdade ainda que tardia Aproveitei essa montoeira de feriados e dei uma escapulida. Fui rever Ouro Preto, uma das cidades cujas silhuetas\" \/>\n<meta property=\"og:url\" content=\"https:\/\/jornalbeirario.com.br\/portal\/?p=29906\" \/>\n<meta property=\"og:site_name\" content=\"JORNAL BEIRA RIO\" \/>\n<meta property=\"article:published_time\" content=\"2015-05-08T06:13:59+00:00\" \/>\n<meta name=\"author\" content=\"Jornal BEIRA-RIO\" \/>\n<meta name=\"twitter:card\" content=\"summary_large_image\" \/>\n<meta name=\"twitter:label1\" content=\"Escrito por\" \/>\n\t<meta name=\"twitter:data1\" content=\"Jornal BEIRA-RIO\" \/>\n\t<meta name=\"twitter:label2\" content=\"Est. tempo de leitura\" \/>\n\t<meta name=\"twitter:data2\" content=\"4 minutos\" \/>\n<script type=\"application\/ld+json\" class=\"yoast-schema-graph\">{\"@context\":\"https:\\\/\\\/schema.org\",\"@graph\":[{\"@type\":\"Article\",\"@id\":\"https:\\\/\\\/jornalbeirario.com.br\\\/portal\\\/?p=29906#article\",\"isPartOf\":{\"@id\":\"https:\\\/\\\/jornalbeirario.com.br\\\/portal\\\/?p=29906\"},\"author\":{\"name\":\"Jornal BEIRA-RIO\",\"@id\":\"https:\\\/\\\/jornalbeirario.com.br\\\/portal\\\/#\\\/schema\\\/person\\\/c6c423e4c2465d2a9233f6539173e7c1\"},\"headline\":\"La\u00eds Amaral\",\"datePublished\":\"2015-05-08T06:13:59+00:00\",\"mainEntityOfPage\":{\"@id\":\"https:\\\/\\\/jornalbeirario.com.br\\\/portal\\\/?p=29906\"},\"wordCount\":890,\"commentCount\":0,\"publisher\":{\"@id\":\"https:\\\/\\\/jornalbeirario.com.br\\\/portal\\\/#organization\"},\"articleSection\":[\"Social\"],\"inLanguage\":\"pt-BR\",\"potentialAction\":[{\"@type\":\"CommentAction\",\"name\":\"Comment\",\"target\":[\"https:\\\/\\\/jornalbeirario.com.br\\\/portal\\\/?p=29906#respond\"]}]},{\"@type\":\"WebPage\",\"@id\":\"https:\\\/\\\/jornalbeirario.com.br\\\/portal\\\/?p=29906\",\"url\":\"https:\\\/\\\/jornalbeirario.com.br\\\/portal\\\/?p=29906\",\"name\":\"La\u00eds Amaral - JORNAL BEIRA RIO\",\"isPartOf\":{\"@id\":\"https:\\\/\\\/jornalbeirario.com.br\\\/portal\\\/#website\"},\"datePublished\":\"2015-05-08T06:13:59+00:00\",\"breadcrumb\":{\"@id\":\"https:\\\/\\\/jornalbeirario.com.br\\\/portal\\\/?p=29906#breadcrumb\"},\"inLanguage\":\"pt-BR\",\"potentialAction\":[{\"@type\":\"ReadAction\",\"target\":[\"https:\\\/\\\/jornalbeirario.com.br\\\/portal\\\/?p=29906\"]}]},{\"@type\":\"BreadcrumbList\",\"@id\":\"https:\\\/\\\/jornalbeirario.com.br\\\/portal\\\/?p=29906#breadcrumb\",\"itemListElement\":[{\"@type\":\"ListItem\",\"position\":1,\"name\":\"Home\",\"item\":\"https:\\\/\\\/jornalbeirario.com.br\\\/portal\"},{\"@type\":\"ListItem\",\"position\":2,\"name\":\"La\u00eds Amaral\"}]},{\"@type\":\"WebSite\",\"@id\":\"https:\\\/\\\/jornalbeirario.com.br\\\/portal\\\/#website\",\"url\":\"https:\\\/\\\/jornalbeirario.com.br\\\/portal\\\/\",\"name\":\"JORNAL BEIRA RIO\",\"description\":\"\",\"publisher\":{\"@id\":\"https:\\\/\\\/jornalbeirario.com.br\\\/portal\\\/#organization\"},\"potentialAction\":[{\"@type\":\"SearchAction\",\"target\":{\"@type\":\"EntryPoint\",\"urlTemplate\":\"https:\\\/\\\/jornalbeirario.com.br\\\/portal\\\/?s={search_term_string}\"},\"query-input\":{\"@type\":\"PropertyValueSpecification\",\"valueRequired\":true,\"valueName\":\"search_term_string\"}}],\"inLanguage\":\"pt-BR\"},{\"@type\":\"Organization\",\"@id\":\"https:\\\/\\\/jornalbeirario.com.br\\\/portal\\\/#organization\",\"name\":\"JORNAL BEIRA RIO\",\"url\":\"https:\\\/\\\/jornalbeirario.com.br\\\/portal\\\/\",\"logo\":{\"@type\":\"ImageObject\",\"inLanguage\":\"pt-BR\",\"@id\":\"https:\\\/\\\/jornalbeirario.com.br\\\/portal\\\/#\\\/schema\\\/logo\\\/image\\\/\",\"url\":\"https:\\\/\\\/jornalbeirario.com.br\\\/portal\\\/wp-content\\\/uploads\\\/2017\\\/09\\\/BEIRA-RIO_logo600.png\",\"contentUrl\":\"https:\\\/\\\/jornalbeirario.com.br\\\/portal\\\/wp-content\\\/uploads\\\/2017\\\/09\\\/BEIRA-RIO_logo600.png\",\"width\":650,\"height\":108,\"caption\":\"JORNAL BEIRA RIO\"},\"image\":{\"@id\":\"https:\\\/\\\/jornalbeirario.com.br\\\/portal\\\/#\\\/schema\\\/logo\\\/image\\\/\"}},{\"@type\":\"Person\",\"@id\":\"https:\\\/\\\/jornalbeirario.com.br\\\/portal\\\/#\\\/schema\\\/person\\\/c6c423e4c2465d2a9233f6539173e7c1\",\"name\":\"Jornal BEIRA-RIO\",\"image\":{\"@type\":\"ImageObject\",\"inLanguage\":\"pt-BR\",\"@id\":\"https:\\\/\\\/jornalbeirario.com.br\\\/portal\\\/wp-content\\\/uploads\\\/2023\\\/10\\\/logojbr1.jpg\",\"url\":\"https:\\\/\\\/jornalbeirario.com.br\\\/portal\\\/wp-content\\\/uploads\\\/2023\\\/10\\\/logojbr1.jpg\",\"contentUrl\":\"https:\\\/\\\/jornalbeirario.com.br\\\/portal\\\/wp-content\\\/uploads\\\/2023\\\/10\\\/logojbr1.jpg\",\"caption\":\"Jornal BEIRA-RIO\"},\"url\":\"https:\\\/\\\/jornalbeirario.com.br\\\/portal\\\/?author=1\"}]}<\/script>\n<!-- \/ Yoast SEO plugin. -->","yoast_head_json":{"title":"La\u00eds Amaral - JORNAL BEIRA RIO","robots":{"index":"index","follow":"follow","max-snippet":"max-snippet:-1","max-image-preview":"max-image-preview:large","max-video-preview":"max-video-preview:-1"},"canonical":"https:\/\/jornalbeirario.com.br\/portal\/?p=29906","og_locale":"pt_BR","og_type":"article","og_title":"La\u00eds Amaral - JORNAL BEIRA RIO","og_description":"Ouro Preto: Liberdade ainda que tardia Aproveitei essa montoeira de feriados e dei uma escapulida. Fui rever Ouro Preto, uma das cidades cujas silhuetas","og_url":"https:\/\/jornalbeirario.com.br\/portal\/?p=29906","og_site_name":"JORNAL BEIRA RIO","article_published_time":"2015-05-08T06:13:59+00:00","author":"Jornal BEIRA-RIO","twitter_card":"summary_large_image","twitter_misc":{"Escrito por":"Jornal BEIRA-RIO","Est. tempo de leitura":"4 minutos"},"schema":{"@context":"https:\/\/schema.org","@graph":[{"@type":"Article","@id":"https:\/\/jornalbeirario.com.br\/portal\/?p=29906#article","isPartOf":{"@id":"https:\/\/jornalbeirario.com.br\/portal\/?p=29906"},"author":{"name":"Jornal BEIRA-RIO","@id":"https:\/\/jornalbeirario.com.br\/portal\/#\/schema\/person\/c6c423e4c2465d2a9233f6539173e7c1"},"headline":"La\u00eds Amaral","datePublished":"2015-05-08T06:13:59+00:00","mainEntityOfPage":{"@id":"https:\/\/jornalbeirario.com.br\/portal\/?p=29906"},"wordCount":890,"commentCount":0,"publisher":{"@id":"https:\/\/jornalbeirario.com.br\/portal\/#organization"},"articleSection":["Social"],"inLanguage":"pt-BR","potentialAction":[{"@type":"CommentAction","name":"Comment","target":["https:\/\/jornalbeirario.com.br\/portal\/?p=29906#respond"]}]},{"@type":"WebPage","@id":"https:\/\/jornalbeirario.com.br\/portal\/?p=29906","url":"https:\/\/jornalbeirario.com.br\/portal\/?p=29906","name":"La\u00eds Amaral - JORNAL BEIRA RIO","isPartOf":{"@id":"https:\/\/jornalbeirario.com.br\/portal\/#website"},"datePublished":"2015-05-08T06:13:59+00:00","breadcrumb":{"@id":"https:\/\/jornalbeirario.com.br\/portal\/?p=29906#breadcrumb"},"inLanguage":"pt-BR","potentialAction":[{"@type":"ReadAction","target":["https:\/\/jornalbeirario.com.br\/portal\/?p=29906"]}]},{"@type":"BreadcrumbList","@id":"https:\/\/jornalbeirario.com.br\/portal\/?p=29906#breadcrumb","itemListElement":[{"@type":"ListItem","position":1,"name":"Home","item":"https:\/\/jornalbeirario.com.br\/portal"},{"@type":"ListItem","position":2,"name":"La\u00eds Amaral"}]},{"@type":"WebSite","@id":"https:\/\/jornalbeirario.com.br\/portal\/#website","url":"https:\/\/jornalbeirario.com.br\/portal\/","name":"JORNAL BEIRA RIO","description":"","publisher":{"@id":"https:\/\/jornalbeirario.com.br\/portal\/#organization"},"potentialAction":[{"@type":"SearchAction","target":{"@type":"EntryPoint","urlTemplate":"https:\/\/jornalbeirario.com.br\/portal\/?s={search_term_string}"},"query-input":{"@type":"PropertyValueSpecification","valueRequired":true,"valueName":"search_term_string"}}],"inLanguage":"pt-BR"},{"@type":"Organization","@id":"https:\/\/jornalbeirario.com.br\/portal\/#organization","name":"JORNAL BEIRA RIO","url":"https:\/\/jornalbeirario.com.br\/portal\/","logo":{"@type":"ImageObject","inLanguage":"pt-BR","@id":"https:\/\/jornalbeirario.com.br\/portal\/#\/schema\/logo\/image\/","url":"https:\/\/jornalbeirario.com.br\/portal\/wp-content\/uploads\/2017\/09\/BEIRA-RIO_logo600.png","contentUrl":"https:\/\/jornalbeirario.com.br\/portal\/wp-content\/uploads\/2017\/09\/BEIRA-RIO_logo600.png","width":650,"height":108,"caption":"JORNAL BEIRA RIO"},"image":{"@id":"https:\/\/jornalbeirario.com.br\/portal\/#\/schema\/logo\/image\/"}},{"@type":"Person","@id":"https:\/\/jornalbeirario.com.br\/portal\/#\/schema\/person\/c6c423e4c2465d2a9233f6539173e7c1","name":"Jornal BEIRA-RIO","image":{"@type":"ImageObject","inLanguage":"pt-BR","@id":"https:\/\/jornalbeirario.com.br\/portal\/wp-content\/uploads\/2023\/10\/logojbr1.jpg","url":"https:\/\/jornalbeirario.com.br\/portal\/wp-content\/uploads\/2023\/10\/logojbr1.jpg","contentUrl":"https:\/\/jornalbeirario.com.br\/portal\/wp-content\/uploads\/2023\/10\/logojbr1.jpg","caption":"Jornal BEIRA-RIO"},"url":"https:\/\/jornalbeirario.com.br\/portal\/?author=1"}]}},"_links":{"self":[{"href":"https:\/\/jornalbeirario.com.br\/portal\/index.php?rest_route=\/wp\/v2\/posts\/29906","targetHints":{"allow":["GET"]}}],"collection":[{"href":"https:\/\/jornalbeirario.com.br\/portal\/index.php?rest_route=\/wp\/v2\/posts"}],"about":[{"href":"https:\/\/jornalbeirario.com.br\/portal\/index.php?rest_route=\/wp\/v2\/types\/post"}],"author":[{"embeddable":true,"href":"https:\/\/jornalbeirario.com.br\/portal\/index.php?rest_route=\/wp\/v2\/users\/1"}],"replies":[{"embeddable":true,"href":"https:\/\/jornalbeirario.com.br\/portal\/index.php?rest_route=%2Fwp%2Fv2%2Fcomments&post=29906"}],"version-history":[{"count":2,"href":"https:\/\/jornalbeirario.com.br\/portal\/index.php?rest_route=\/wp\/v2\/posts\/29906\/revisions"}],"predecessor-version":[{"id":29959,"href":"https:\/\/jornalbeirario.com.br\/portal\/index.php?rest_route=\/wp\/v2\/posts\/29906\/revisions\/29959"}],"wp:attachment":[{"href":"https:\/\/jornalbeirario.com.br\/portal\/index.php?rest_route=%2Fwp%2Fv2%2Fmedia&parent=29906"}],"wp:term":[{"taxonomy":"category","embeddable":true,"href":"https:\/\/jornalbeirario.com.br\/portal\/index.php?rest_route=%2Fwp%2Fv2%2Fcategories&post=29906"},{"taxonomy":"post_tag","embeddable":true,"href":"https:\/\/jornalbeirario.com.br\/portal\/index.php?rest_route=%2Fwp%2Fv2%2Ftags&post=29906"}],"curies":[{"name":"wp","href":"https:\/\/api.w.org\/{rel}","templated":true}]}}