
{"id":29819,"date":"2015-05-01T03:48:36","date_gmt":"2015-05-01T03:48:36","guid":{"rendered":"http:\/\/jornalbeirario.com.br\/portal\/portal\/?p=29819"},"modified":"2015-05-01T03:48:36","modified_gmt":"2015-05-01T03:48:36","slug":"lais-amaral-94","status":"publish","type":"post","link":"https:\/\/jornalbeirario.com.br\/portal\/?p=29819","title":{"rendered":"La\u00eds Amaral"},"content":{"rendered":"<p style=\"text-align: justify;\"><strong>Mem\u00f3rias desordenadas: \u201cF\u201d de Fausto Wolff<\/strong><br \/>\nChegamos a letra \u2018F\u2019 nessas mem\u00f3rias desordenadas. Pulei o \u2018E\u2019, mas tudo bem. Comecei pelo \u2018Q\u2019 de Quintana, algu\u00e9m lembra ? Por isso (tamb\u00e9m) s\u00e3o desordenadas. J\u00e1 conhecia e admirava Fausto Wolff das p\u00e1ginas do Pasquim e dos instigantes romances \u201cMatem o cantor e chamem o gar\u00e7om\u201d, e \u201cO acrobata pede desculpas e cai\u201d. O estilo agudo e feroz do jornalista-escritor muito me agradava. Fausto fora exilado em 68 e ficara 10 anos entre Dinamarca e It\u00e1lia. Apoiou Brizola em 1982. Num determinado momento, eu era rep\u00f3rter e diretor de cultura da associa\u00e7\u00e3o de moradores do Centro, em Nova Igua\u00e7u. Coube a mim a tarefa de convid\u00e1-lo para uma palestra que ocorreu no plen\u00e1rio da c\u00e2mara e como rep\u00f3rter, fazer uma breve entrevista para o di\u00e1rio que eu trabalhava. O tema do debate j\u00e1 me escapole. Ele chegou apertou minha que praticamente sumiu em sua manopla. O gaucho era grande mesmo. Fomos ao um bar onde ele emborcou sem careta um martelo de cacha\u00e7a. Depois tirou do meu peito uma \u2018praguinha\u2019 de candidato a federal. \u201cO Roberto n\u00e3o precisa\u201d, disse, e pregou a dele no meu peito. Ele tamb\u00e9m era candidato. Fui reencontr\u00e1-lo meses depois durante a apura\u00e7\u00e3o dos votos, l\u00e1 mesmo em NI. Ele acendeu um cigarro com jeit\u00e3o de John Wayne e perguntou como estavam os votos dele. Falei que estava mal. Com alguma resigna\u00e7\u00e3o e seu t\u00edpico humor c\u00e1ustico, disse que o TRE n\u00e3o registrara o nome Fasto Wolff, como era conhecido. E completou: \u201cQuem votaria em Faustin von Wolffenb\u00fcttel, porra !?\u201d. Seu nome de batismo. Que falta faz um Fausto Wolff no jornalismo de nossos dias. Ele arrebentaria com essa camarilha de almofadinhas de bosta tipo Waacs, Reinaldos e Mervais. Morreu dia 5 de setembro de 2008 depois de internado com hemorragia estomacal. A cara dele.<\/p>\n<p style=\"text-align: justify;\"><strong>O Triste 30 de Abril<\/strong><br \/>\nNessa quinta-feira, dia 30, foi aberta a exposi\u00e7\u00e3o alusiva a participa\u00e7\u00e3o do negro em nossa sociedade. Na ocasi\u00e3o foram descerradas no \u2018Corredor Cultural\u2019 da Casa da Cultura, placas com os nomes dos escravos Estev\u00e3o, Agostinho e Am\u00e2ncio que em 30 de abril de 1884 foram retirados da cadeia (onde hoje \u00e9 a casa da Cultura) e barbaramente assassinados por um grupo de homens que nunca foram condenados pela chacina. Apesar de tr\u00eas julgamentos. Nenhum juiz quis assumir novos julgamentos e uma crise foi criada no judici\u00e1rio local naquela ocasi\u00e3o. Ningu\u00e9m queria ser juiz em Resende. Os escravos eram suspeitos de assassinar um fazendeiro, o que nunca foi provado. Seus corpos foram esquartejados e jogados no entorno da \u2018cadeia\u2019; O epis\u00f3dio \u00e9 conhecido como o \u2018Triste 30 de Abril\u2019. Claudionor Rosa, o respons\u00e1vel pela exposi\u00e7\u00e3o informa que ela poder\u00e1 ser visitada at\u00e9 o dia 29 de maio, das 12 \u00e0s 17h30min, de segunda \u00e0 sexta-feira. A atividade est\u00e1 sendo desenvolvida em parceria com o Projeto C\u00e2mara Cultural da C\u00e2mara Municipal de Resende.<\/p>\n<p style=\"text-align: justify;\"><strong>TRIPA<\/strong><br \/>\n* Quem informa \u00e9 nossa amiga Leila Pena, vice-presidente da sociedade de Hotelaria Hospitalar no Estado do Rio de Janeiro: agora o Rio j\u00e1 tem P\u00f3s Gradua\u00e7\u00e3o em Hotelaria Hospitalar &#8211; Einstein \u2013 RJ, com coordena\u00e7\u00e3o do professor Marcelo Boeger. Inicio em setembro. Rua do Passeio, n\u00ba 42, 3\u00b0 andar &#8211; Centro &#8211; Rio de Janeiro-RJ. Mais Informa\u00e7\u00f5es: goo.gl\/K7jbP6* Ter\u00e7a \u00e0 noite tem Albrey e Nels\u00e3o no Buteco, a partir das 19 horas. M\u00fasica boa de ouvir e curtir. Dois craques * O Museu Janete Costa de Arte Popular, em Niter\u00f3i, est\u00e1 convidando para a abertura da exposi\u00e7\u00e3o \u201cNatureza e Sobrenatureza na Obra de Jorge Brito\u201d. S\u00e3o esculturas r\u00fasticas em madeira. Uma homenagem aos 80 anos do nosso artista popular. A exposi\u00e7\u00e3o foi aberta na ter\u00e7a-feira, 28, na Rua Presidente Domiciano, 178, Boa Viagem, Niter\u00f3i e conta, logicamente com todo o apoio do Centro Cultural Visconde de Mau\u00e1 * Nos dias 21 a 24 de Maio, a regi\u00e3o de Visconde de Mau\u00e1, vai ser palco para grandes atletas do mundo, certamente os melhores, para a primeira edi\u00e7\u00e3o da corrida de montanha The North Face Endurance Challenge Ultra Trail Agulhas Negras. \u00c9 mais um evento que vem contribuir para a consolida\u00e7\u00e3o do perfil tur\u00edstico de Resende, como um destino de aventura. Cada vez mais Resende se associa a essa modalidade de turismo que se abriga perfeitamente bem sob o guarda-chuva do Turismo de Natureza * Domingo vai ter alvinegro gritando: \u00e9 campe\u00e3o&#8230;\u00e9 campe\u00e3o !!<\/p>\n<p style=\"text-align: justify;\"><strong>ANIVERS\u00c1RIOS<\/strong><br \/>\nDia 26 passado o Jo\u00e3o Capistrano (nosso fot\u00f3grafo de plant\u00e3o) mudou de idade. No dia 28 um trio recebeu os \u2018parab\u00e9ns\u2019: Ricardo Sim\u00e3o, Vict\u00f3ria Amaral e Alcione Almeida. Quem ficou mais experiente nessa quinta, dia 30, foi N\u00e9lio, irm\u00e3o da Fabiane, minha molequinha. Hoje, 1\u00ba de Maio, \u00e9 a vez do pai deles, \u2018seu\u2019 Jo\u00e3o Coutinho, um vasca\u00edno feliz tamb\u00e9m assumir idade nova. No pr\u00f3ximo dia 7 conta mais um ano de vida o Rafael, nosso colega de trabalho. O tema da sua festa este ser\u00e1 o \u201cRambo\u201d. Rafael curte her\u00f3is de gibi e cinema. Parab\u00e9ns e todas as felicidades do mundo a eles.<\/p>\n","protected":false},"excerpt":{"rendered":"<p>Mem\u00f3rias desordenadas: \u201cF\u201d de Fausto Wolff Chegamos a letra \u2018F\u2019 nessas mem\u00f3rias desordenadas. Pulei o \u2018E\u2019, mas tudo bem. Comecei pelo \u2018Q\u2019 de Quintana,<\/p>\n","protected":false},"author":1,"featured_media":0,"comment_status":"open","ping_status":"open","sticky":false,"template":"","format":"standard","meta":{"pmpro_default_level":"","footnotes":""},"categories":[13],"tags":[],"class_list":["post-29819","post","type-post","status-publish","format-standard","hentry","category-social","pmpro-has-access"],"yoast_head":"<!-- This site is optimized with the Yoast SEO plugin v27.4 - https:\/\/yoast.com\/product\/yoast-seo-wordpress\/ -->\n<title>La\u00eds Amaral - JORNAL BEIRA RIO<\/title>\n<meta name=\"robots\" content=\"index, follow, max-snippet:-1, max-image-preview:large, max-video-preview:-1\" \/>\n<link rel=\"canonical\" href=\"https:\/\/jornalbeirario.com.br\/portal\/?p=29819\" \/>\n<meta property=\"og:locale\" content=\"pt_BR\" \/>\n<meta property=\"og:type\" content=\"article\" \/>\n<meta property=\"og:title\" content=\"La\u00eds Amaral - JORNAL BEIRA RIO\" \/>\n<meta property=\"og:description\" content=\"Mem\u00f3rias desordenadas: \u201cF\u201d de Fausto Wolff Chegamos a letra \u2018F\u2019 nessas mem\u00f3rias desordenadas. Pulei o \u2018E\u2019, mas tudo bem. Comecei pelo \u2018Q\u2019 de Quintana,\" \/>\n<meta property=\"og:url\" content=\"https:\/\/jornalbeirario.com.br\/portal\/?p=29819\" \/>\n<meta property=\"og:site_name\" content=\"JORNAL BEIRA RIO\" \/>\n<meta property=\"article:published_time\" content=\"2015-05-01T03:48:36+00:00\" \/>\n<meta name=\"author\" content=\"Jornal BEIRA-RIO\" \/>\n<meta name=\"twitter:card\" content=\"summary_large_image\" \/>\n<meta name=\"twitter:label1\" content=\"Escrito por\" \/>\n\t<meta name=\"twitter:data1\" content=\"Jornal BEIRA-RIO\" \/>\n\t<meta name=\"twitter:label2\" content=\"Est. tempo de leitura\" \/>\n\t<meta name=\"twitter:data2\" content=\"4 minutos\" \/>\n<script type=\"application\/ld+json\" class=\"yoast-schema-graph\">{\"@context\":\"https:\\\/\\\/schema.org\",\"@graph\":[{\"@type\":\"Article\",\"@id\":\"https:\\\/\\\/jornalbeirario.com.br\\\/portal\\\/?p=29819#article\",\"isPartOf\":{\"@id\":\"https:\\\/\\\/jornalbeirario.com.br\\\/portal\\\/?p=29819\"},\"author\":{\"name\":\"Jornal BEIRA-RIO\",\"@id\":\"https:\\\/\\\/jornalbeirario.com.br\\\/portal\\\/#\\\/schema\\\/person\\\/c6c423e4c2465d2a9233f6539173e7c1\"},\"headline\":\"La\u00eds Amaral\",\"datePublished\":\"2015-05-01T03:48:36+00:00\",\"mainEntityOfPage\":{\"@id\":\"https:\\\/\\\/jornalbeirario.com.br\\\/portal\\\/?p=29819\"},\"wordCount\":873,\"commentCount\":0,\"publisher\":{\"@id\":\"https:\\\/\\\/jornalbeirario.com.br\\\/portal\\\/#organization\"},\"articleSection\":[\"Social\"],\"inLanguage\":\"pt-BR\",\"potentialAction\":[{\"@type\":\"CommentAction\",\"name\":\"Comment\",\"target\":[\"https:\\\/\\\/jornalbeirario.com.br\\\/portal\\\/?p=29819#respond\"]}]},{\"@type\":\"WebPage\",\"@id\":\"https:\\\/\\\/jornalbeirario.com.br\\\/portal\\\/?p=29819\",\"url\":\"https:\\\/\\\/jornalbeirario.com.br\\\/portal\\\/?p=29819\",\"name\":\"La\u00eds Amaral - JORNAL BEIRA RIO\",\"isPartOf\":{\"@id\":\"https:\\\/\\\/jornalbeirario.com.br\\\/portal\\\/#website\"},\"datePublished\":\"2015-05-01T03:48:36+00:00\",\"breadcrumb\":{\"@id\":\"https:\\\/\\\/jornalbeirario.com.br\\\/portal\\\/?p=29819#breadcrumb\"},\"inLanguage\":\"pt-BR\",\"potentialAction\":[{\"@type\":\"ReadAction\",\"target\":[\"https:\\\/\\\/jornalbeirario.com.br\\\/portal\\\/?p=29819\"]}]},{\"@type\":\"BreadcrumbList\",\"@id\":\"https:\\\/\\\/jornalbeirario.com.br\\\/portal\\\/?p=29819#breadcrumb\",\"itemListElement\":[{\"@type\":\"ListItem\",\"position\":1,\"name\":\"Home\",\"item\":\"https:\\\/\\\/jornalbeirario.com.br\\\/portal\"},{\"@type\":\"ListItem\",\"position\":2,\"name\":\"La\u00eds Amaral\"}]},{\"@type\":\"WebSite\",\"@id\":\"https:\\\/\\\/jornalbeirario.com.br\\\/portal\\\/#website\",\"url\":\"https:\\\/\\\/jornalbeirario.com.br\\\/portal\\\/\",\"name\":\"JORNAL BEIRA RIO\",\"description\":\"\",\"publisher\":{\"@id\":\"https:\\\/\\\/jornalbeirario.com.br\\\/portal\\\/#organization\"},\"potentialAction\":[{\"@type\":\"SearchAction\",\"target\":{\"@type\":\"EntryPoint\",\"urlTemplate\":\"https:\\\/\\\/jornalbeirario.com.br\\\/portal\\\/?s={search_term_string}\"},\"query-input\":{\"@type\":\"PropertyValueSpecification\",\"valueRequired\":true,\"valueName\":\"search_term_string\"}}],\"inLanguage\":\"pt-BR\"},{\"@type\":\"Organization\",\"@id\":\"https:\\\/\\\/jornalbeirario.com.br\\\/portal\\\/#organization\",\"name\":\"JORNAL BEIRA RIO\",\"url\":\"https:\\\/\\\/jornalbeirario.com.br\\\/portal\\\/\",\"logo\":{\"@type\":\"ImageObject\",\"inLanguage\":\"pt-BR\",\"@id\":\"https:\\\/\\\/jornalbeirario.com.br\\\/portal\\\/#\\\/schema\\\/logo\\\/image\\\/\",\"url\":\"https:\\\/\\\/jornalbeirario.com.br\\\/portal\\\/wp-content\\\/uploads\\\/2017\\\/09\\\/BEIRA-RIO_logo600.png\",\"contentUrl\":\"https:\\\/\\\/jornalbeirario.com.br\\\/portal\\\/wp-content\\\/uploads\\\/2017\\\/09\\\/BEIRA-RIO_logo600.png\",\"width\":650,\"height\":108,\"caption\":\"JORNAL BEIRA RIO\"},\"image\":{\"@id\":\"https:\\\/\\\/jornalbeirario.com.br\\\/portal\\\/#\\\/schema\\\/logo\\\/image\\\/\"}},{\"@type\":\"Person\",\"@id\":\"https:\\\/\\\/jornalbeirario.com.br\\\/portal\\\/#\\\/schema\\\/person\\\/c6c423e4c2465d2a9233f6539173e7c1\",\"name\":\"Jornal BEIRA-RIO\",\"image\":{\"@type\":\"ImageObject\",\"inLanguage\":\"pt-BR\",\"@id\":\"https:\\\/\\\/jornalbeirario.com.br\\\/portal\\\/wp-content\\\/uploads\\\/2023\\\/10\\\/logojbr1.jpg\",\"url\":\"https:\\\/\\\/jornalbeirario.com.br\\\/portal\\\/wp-content\\\/uploads\\\/2023\\\/10\\\/logojbr1.jpg\",\"contentUrl\":\"https:\\\/\\\/jornalbeirario.com.br\\\/portal\\\/wp-content\\\/uploads\\\/2023\\\/10\\\/logojbr1.jpg\",\"caption\":\"Jornal BEIRA-RIO\"},\"url\":\"https:\\\/\\\/jornalbeirario.com.br\\\/portal\\\/?author=1\"}]}<\/script>\n<!-- \/ Yoast SEO plugin. -->","yoast_head_json":{"title":"La\u00eds Amaral - JORNAL BEIRA RIO","robots":{"index":"index","follow":"follow","max-snippet":"max-snippet:-1","max-image-preview":"max-image-preview:large","max-video-preview":"max-video-preview:-1"},"canonical":"https:\/\/jornalbeirario.com.br\/portal\/?p=29819","og_locale":"pt_BR","og_type":"article","og_title":"La\u00eds Amaral - JORNAL BEIRA RIO","og_description":"Mem\u00f3rias desordenadas: \u201cF\u201d de Fausto Wolff Chegamos a letra \u2018F\u2019 nessas mem\u00f3rias desordenadas. Pulei o \u2018E\u2019, mas tudo bem. Comecei pelo \u2018Q\u2019 de Quintana,","og_url":"https:\/\/jornalbeirario.com.br\/portal\/?p=29819","og_site_name":"JORNAL BEIRA RIO","article_published_time":"2015-05-01T03:48:36+00:00","author":"Jornal BEIRA-RIO","twitter_card":"summary_large_image","twitter_misc":{"Escrito por":"Jornal BEIRA-RIO","Est. tempo de leitura":"4 minutos"},"schema":{"@context":"https:\/\/schema.org","@graph":[{"@type":"Article","@id":"https:\/\/jornalbeirario.com.br\/portal\/?p=29819#article","isPartOf":{"@id":"https:\/\/jornalbeirario.com.br\/portal\/?p=29819"},"author":{"name":"Jornal BEIRA-RIO","@id":"https:\/\/jornalbeirario.com.br\/portal\/#\/schema\/person\/c6c423e4c2465d2a9233f6539173e7c1"},"headline":"La\u00eds Amaral","datePublished":"2015-05-01T03:48:36+00:00","mainEntityOfPage":{"@id":"https:\/\/jornalbeirario.com.br\/portal\/?p=29819"},"wordCount":873,"commentCount":0,"publisher":{"@id":"https:\/\/jornalbeirario.com.br\/portal\/#organization"},"articleSection":["Social"],"inLanguage":"pt-BR","potentialAction":[{"@type":"CommentAction","name":"Comment","target":["https:\/\/jornalbeirario.com.br\/portal\/?p=29819#respond"]}]},{"@type":"WebPage","@id":"https:\/\/jornalbeirario.com.br\/portal\/?p=29819","url":"https:\/\/jornalbeirario.com.br\/portal\/?p=29819","name":"La\u00eds Amaral - JORNAL BEIRA RIO","isPartOf":{"@id":"https:\/\/jornalbeirario.com.br\/portal\/#website"},"datePublished":"2015-05-01T03:48:36+00:00","breadcrumb":{"@id":"https:\/\/jornalbeirario.com.br\/portal\/?p=29819#breadcrumb"},"inLanguage":"pt-BR","potentialAction":[{"@type":"ReadAction","target":["https:\/\/jornalbeirario.com.br\/portal\/?p=29819"]}]},{"@type":"BreadcrumbList","@id":"https:\/\/jornalbeirario.com.br\/portal\/?p=29819#breadcrumb","itemListElement":[{"@type":"ListItem","position":1,"name":"Home","item":"https:\/\/jornalbeirario.com.br\/portal"},{"@type":"ListItem","position":2,"name":"La\u00eds Amaral"}]},{"@type":"WebSite","@id":"https:\/\/jornalbeirario.com.br\/portal\/#website","url":"https:\/\/jornalbeirario.com.br\/portal\/","name":"JORNAL BEIRA RIO","description":"","publisher":{"@id":"https:\/\/jornalbeirario.com.br\/portal\/#organization"},"potentialAction":[{"@type":"SearchAction","target":{"@type":"EntryPoint","urlTemplate":"https:\/\/jornalbeirario.com.br\/portal\/?s={search_term_string}"},"query-input":{"@type":"PropertyValueSpecification","valueRequired":true,"valueName":"search_term_string"}}],"inLanguage":"pt-BR"},{"@type":"Organization","@id":"https:\/\/jornalbeirario.com.br\/portal\/#organization","name":"JORNAL BEIRA RIO","url":"https:\/\/jornalbeirario.com.br\/portal\/","logo":{"@type":"ImageObject","inLanguage":"pt-BR","@id":"https:\/\/jornalbeirario.com.br\/portal\/#\/schema\/logo\/image\/","url":"https:\/\/jornalbeirario.com.br\/portal\/wp-content\/uploads\/2017\/09\/BEIRA-RIO_logo600.png","contentUrl":"https:\/\/jornalbeirario.com.br\/portal\/wp-content\/uploads\/2017\/09\/BEIRA-RIO_logo600.png","width":650,"height":108,"caption":"JORNAL BEIRA RIO"},"image":{"@id":"https:\/\/jornalbeirario.com.br\/portal\/#\/schema\/logo\/image\/"}},{"@type":"Person","@id":"https:\/\/jornalbeirario.com.br\/portal\/#\/schema\/person\/c6c423e4c2465d2a9233f6539173e7c1","name":"Jornal BEIRA-RIO","image":{"@type":"ImageObject","inLanguage":"pt-BR","@id":"https:\/\/jornalbeirario.com.br\/portal\/wp-content\/uploads\/2023\/10\/logojbr1.jpg","url":"https:\/\/jornalbeirario.com.br\/portal\/wp-content\/uploads\/2023\/10\/logojbr1.jpg","contentUrl":"https:\/\/jornalbeirario.com.br\/portal\/wp-content\/uploads\/2023\/10\/logojbr1.jpg","caption":"Jornal BEIRA-RIO"},"url":"https:\/\/jornalbeirario.com.br\/portal\/?author=1"}]}},"_links":{"self":[{"href":"https:\/\/jornalbeirario.com.br\/portal\/index.php?rest_route=\/wp\/v2\/posts\/29819","targetHints":{"allow":["GET"]}}],"collection":[{"href":"https:\/\/jornalbeirario.com.br\/portal\/index.php?rest_route=\/wp\/v2\/posts"}],"about":[{"href":"https:\/\/jornalbeirario.com.br\/portal\/index.php?rest_route=\/wp\/v2\/types\/post"}],"author":[{"embeddable":true,"href":"https:\/\/jornalbeirario.com.br\/portal\/index.php?rest_route=\/wp\/v2\/users\/1"}],"replies":[{"embeddable":true,"href":"https:\/\/jornalbeirario.com.br\/portal\/index.php?rest_route=%2Fwp%2Fv2%2Fcomments&post=29819"}],"version-history":[{"count":2,"href":"https:\/\/jornalbeirario.com.br\/portal\/index.php?rest_route=\/wp\/v2\/posts\/29819\/revisions"}],"predecessor-version":[{"id":29863,"href":"https:\/\/jornalbeirario.com.br\/portal\/index.php?rest_route=\/wp\/v2\/posts\/29819\/revisions\/29863"}],"wp:attachment":[{"href":"https:\/\/jornalbeirario.com.br\/portal\/index.php?rest_route=%2Fwp%2Fv2%2Fmedia&parent=29819"}],"wp:term":[{"taxonomy":"category","embeddable":true,"href":"https:\/\/jornalbeirario.com.br\/portal\/index.php?rest_route=%2Fwp%2Fv2%2Fcategories&post=29819"},{"taxonomy":"post_tag","embeddable":true,"href":"https:\/\/jornalbeirario.com.br\/portal\/index.php?rest_route=%2Fwp%2Fv2%2Ftags&post=29819"}],"curies":[{"name":"wp","href":"https:\/\/api.w.org\/{rel}","templated":true}]}}