
{"id":29663,"date":"2015-04-24T08:49:53","date_gmt":"2015-04-24T08:49:53","guid":{"rendered":"http:\/\/jornalbeirario.com.br\/portal\/portal\/?p=29663"},"modified":"2015-04-24T08:50:26","modified_gmt":"2015-04-24T08:50:26","slug":"quem-pensa-sobre-a-tal-da-terceirizacao","status":"publish","type":"post","link":"https:\/\/jornalbeirario.com.br\/portal\/?p=29663","title":{"rendered":"QUEM PENSA? Sobre a tal da terceiriza\u00e7\u00e3o&#8230;"},"content":{"rendered":"<p style=\"text-align: justify;\">Muito temos ouvido nos telejornais sobre este assunto e nada tem sido explicado como realmente merece ser. Poucas pessoas t\u00eam buscado informa\u00e7\u00f5es complementares \u00e0s assistidas na televis\u00e3o ou jornais e com isso ficamos \u00e0 merc\u00ea das opini\u00e3o prontas e acabamos por emitir opini\u00f5es formadas sem realmente alcan\u00e7ar o que esta mudan\u00e7a nas rela\u00e7\u00f5es trabalhistas pode trazer para a categoria que sempre est\u00e1 com pires na m\u00e3o: a trabalhadora, aquela que \u00e9 empregada, marca ponto e se esfor\u00e7a e fica na expectativa de uma promo\u00e7\u00e3o.<\/p>\n<p style=\"text-align: justify;\">Na cidade de Resende, n\u00e3o poucas vezes, a m\u00eddia tratou da falta de pagamento, falta de valoriza\u00e7\u00e3o e respeito aos empregados terceirizado, sobretudo nas escolas estaduais. N\u00e3o s\u00e3o poucas as a\u00e7\u00f5es trabalhistas que demonstram que o empregado terceirizado, nas categorias hoje permitidas, precisa da aten\u00e7\u00e3o do legislador para regulamentar o processo e n\u00e3o como querem alguns, ampliar esta rela\u00e7\u00e3o que sem d\u00favida traz preju\u00edzo certeiro para o trabalhador.<\/p>\n<p style=\"text-align: justify;\">O jornalista Leonardo Sakamoto em seu blog traz informa\u00e7\u00f5es com a ajuda e an\u00e1lise de um juiz do trabalho que, penso, poder\u00e3o colaborar para entendermos realmente o que est\u00e1 por tr\u00e1s desse discurso de modernidade. Seguem nas pr\u00f3ximas linhas.<\/p>\n<p style=\"text-align: justify;\">\u201cEnquanto o Congresso Nacional segue analisando e votando o projeto que amplia a terceiriza\u00e7\u00e3o no Brasil, a guerra de informa\u00e7\u00e3o corre solta na internet.<\/p>\n<p style=\"text-align: justify;\">Muitos dizem que o projeto vai colocar o Brasil na vanguarda das rela\u00e7\u00f5es de trabalho em todo o mundo. Na verdade, n\u00e3o vai. Claro que \u00e9 necess\u00e1rio garantir que a terceiriza\u00e7\u00e3o seja regulada por legisla\u00e7\u00e3o para proteger as categorias em que ela j\u00e1 \u00e9 legalmente autorizada. Mas n\u00e3o que essa legisla\u00e7\u00e3o aproveite para retirar direitos de todos os trabalhadores, como \u00e9 o caso da autoriza\u00e7\u00e3o para a terceiriza\u00e7\u00e3o de todas as atividades de uma empresa.<\/p>\n<p style=\"text-align: justify;\">Pedi para o juiz do trabalho e professor de direito Marcus Barberino comentar exatamente isso: o Brasil vai ser vanguarda com a nova lei da terceiriza\u00e7\u00e3o? Segue a resposta:<\/p>\n<p style=\"text-align: justify;\">O Brasil tem regula\u00e7\u00e3o do trabalho. E ela n\u00e3o \u00e9 extensa e protetora como se pensa, pois a maioria das regras da CLT tratam do direito processual do trabalho e da organiza\u00e7\u00e3o do Estado, inclusive o poder de fiscaliza\u00e7\u00e3o do Minist\u00e9rio do Trabalho e Emprego. Enquanto isso, a maioria esmagadora dos processos trabalhistas do Brasil tratam de temas como jornada extraordin\u00e1ria e n\u00e3o pagamento de sal\u00e1rios. Todos os pa\u00edses ocidentais t\u00eam regras duras para isso. E em todos, salvo na Am\u00e9rica Latina, respeita-se minimamente o limite de oito horas de jornada, por exemplo.<\/p>\n<p style=\"text-align: justify;\">Portanto, ao contr\u00e1rio do que alguns afirmam, a regula\u00e7\u00e3o do mercado de trabalho n\u00e3o se relaciona com a intensidade da din\u00e2mica capitalista. Ter ou n\u00e3o ter regras de prote\u00e7\u00e3o n\u00e3o \u00e9 o vari\u00e1vel dominante. A legisla\u00e7\u00e3o do trabalho brasileira se tem um norte \u00e9 a fragmenta\u00e7\u00e3o e a desigualdade.<\/p>\n<p style=\"text-align: justify;\">Por exemplo, a jornada dos advogados empregados \u00e9 de quatro horas di\u00e1rias. Parece-me que a redu\u00e7\u00e3o da jornada de trabalho hist\u00f3rica deveria estar no contexto de uma ampla pactua\u00e7\u00e3o. Mas h\u00e1 estamentos brasileiros que adoram a regula\u00e7\u00e3o fragment\u00e1ria. A clientela mais poderosa se abastece de regras que lhe s\u00e3o favor\u00e1veis como grupo ou como indiv\u00edduos desse grupo (a pejotiza\u00e7\u00e3o dos jornalistas se encaixa aqui, pois o grande amplia seu poder sobre os pequenos e os pequenos n\u00e3o participam do fundo p\u00fablico social e ainda se vitimizam).<\/p>\n<p style=\"text-align: justify;\">O Brasil foi um dos pa\u00edses que mais cresceu no s\u00e9culo 20. Como a Alemanha. Por l\u00e1, o direito do trabalho legal \u00e9 r\u00edgido, mas n\u00e3o \u00e9 muito extenso. Contudo, troco ele pelo nosso em dois segundos. Pois as institui\u00e7\u00f5es desse direito do trabalho s\u00e3o protetivas e articuladas com o contrato coletivo de trabalho nos setores econ\u00f4micos.<\/p>\n<p style=\"text-align: justify;\">Por outro lado, um monte de pa\u00edses africanos n\u00e3o sabe o que \u00e9 direito do trabalho, nem regula\u00e7\u00e3o do mercado de trabalho. Seus sal\u00e1rios s\u00e3o baix\u00edssimos e nem por isso h\u00e1 din\u00e2mica capitalista por l\u00e1 que v\u00e1 al\u00e9m de economias de extra\u00e7\u00e3o.<\/p>\n<p style=\"text-align: justify;\">Estamos vendo nos notici\u00e1rios centenas de imigrantes africanos morrendo em tentativas de chegar \u00e0 Europa e conseguir trabalho. Ningu\u00e9m migra fugindo de leis trabalhistas de seus pr\u00f3prios pa\u00edses como afirmam alguns. As pessoas fogem \u00e9 da desesperan\u00e7a e da mis\u00e9ria. Por isso, tantas pessoas migram ou tentam migrar para Europa, EUA e Brasil. O ser humano foge em busca de bem estar e seguran\u00e7a, de renda e, naturalmente, de sonhos que fazem a nossa sa\u00fade ps\u00edquica ficar alerta.<\/p>\n<p style=\"text-align: justify;\">A Su\u00e9cia \u00e9 um dos pa\u00edses mais din\u00e2micos do mundo e tem leis sociais e tribut\u00e1rias dur\u00edssimas. O ponto que me parece relevante \u00e9 que todos esses pa\u00edses criaram uma estrat\u00e9gia nacional em que capital e trabalho estavam de algum modo partilhando o Estado e cooperando. Os ajustes de coopera\u00e7\u00e3o s\u00e3o v\u00e1rios.<\/p>\n<p style=\"text-align: justify;\">Do ponto de vista da demanda agregada, o fator mais significativo \u00e9 que o direito do trabalho funciona como estabilizador da renda nacional. Ele auxilia as decis\u00f5es macro-econ\u00f4micas a evitar ampla flutua\u00e7\u00e3o da atividade e o rebaixamento da renda dispon\u00edvel para o consumo.<\/p>\n<p style=\"text-align: justify;\">\u00c9 fato que a regula\u00e7\u00e3o tende a envelhecer e perder efic\u00e1cia. Da\u00ed a necessidade de sua constante revis\u00e3o. Mas me parece que se deva manter a ideia central, quer de prote\u00e7\u00e3o m\u00ednima, quer de estabilizador da renda nacional. Fazer ajuste para retroceder ao tempo do s\u00e9culo 19, como \u00e9 o caso do projeto que amplia a terceiriza\u00e7\u00e3o em discuss\u00e3o no Congresso Nacional, \u00e9 flertar com a viol\u00eancia institucional\u201d.<\/p>\n<p style=\"text-align: justify;\">Ana L\u00facia<br \/>\neditora do jornal <strong>BEIRA-RIO<\/strong><br \/>\nanalucia@jornalbeirario.com.br<\/p>\n","protected":false},"excerpt":{"rendered":"<p>Muito temos ouvido nos telejornais sobre este assunto e nada tem sido explicado como realmente merece ser. Poucas pessoas t\u00eam buscado informa\u00e7\u00f5es complementares \u00e0s<\/p>\n","protected":false},"author":1,"featured_media":0,"comment_status":"open","ping_status":"open","sticky":false,"template":"","format":"standard","meta":{"pmpro_default_level":"","footnotes":"","_members_access_role":[],"_members_access_error":""},"categories":[8],"tags":[],"class_list":["post-29663","post","type-post","status-publish","format-standard","hentry","category-opiniao","pmpro-has-access"],"yoast_head":"<!-- This site is optimized with the Yoast SEO plugin v28.4 - https:\/\/yoast.com\/product\/yoast-seo-wordpress\/ -->\n<title>QUEM PENSA? Sobre a tal da terceiriza\u00e7\u00e3o... - JORNAL BEIRA RIO<\/title>\n<meta name=\"robots\" content=\"index, follow, max-snippet:-1, max-image-preview:large, max-video-preview:-1\" \/>\n<link rel=\"canonical\" href=\"https:\/\/jornalbeirario.com.br\/portal\/?p=29663\" \/>\n<meta property=\"og:locale\" content=\"pt_BR\" \/>\n<meta property=\"og:type\" content=\"article\" \/>\n<meta property=\"og:title\" content=\"QUEM PENSA? Sobre a tal da terceiriza\u00e7\u00e3o... - JORNAL BEIRA RIO\" \/>\n<meta property=\"og:description\" content=\"Muito temos ouvido nos telejornais sobre este assunto e nada tem sido explicado como realmente merece ser. Poucas pessoas t\u00eam buscado informa\u00e7\u00f5es complementares \u00e0s\" \/>\n<meta property=\"og:url\" content=\"https:\/\/jornalbeirario.com.br\/portal\/?p=29663\" \/>\n<meta property=\"og:site_name\" content=\"JORNAL BEIRA RIO\" \/>\n<meta property=\"article:published_time\" content=\"2015-04-24T08:49:53+00:00\" \/>\n<meta property=\"article:modified_time\" content=\"2015-04-24T08:50:26+00:00\" \/>\n<meta name=\"author\" content=\"Jornal BEIRA-RIO\" \/>\n<meta name=\"twitter:card\" content=\"summary_large_image\" \/>\n<meta name=\"twitter:label1\" content=\"Escrito por\" \/>\n\t<meta name=\"twitter:data1\" content=\"Jornal BEIRA-RIO\" \/>\n\t<meta name=\"twitter:label2\" content=\"Est. tempo de leitura\" \/>\n\t<meta name=\"twitter:data2\" content=\"5 minutos\" \/>\n<script type=\"application\/ld+json\" class=\"yoast-schema-graph\">{\"@context\":\"https:\\\/\\\/schema.org\",\"@graph\":[{\"@type\":\"Article\",\"@id\":\"https:\\\/\\\/jornalbeirario.com.br\\\/portal\\\/?p=29663#article\",\"isPartOf\":{\"@id\":\"https:\\\/\\\/jornalbeirario.com.br\\\/portal\\\/?p=29663\"},\"author\":{\"name\":\"Jornal BEIRA-RIO\",\"@id\":\"https:\\\/\\\/jornalbeirario.com.br\\\/portal\\\/#\\\/schema\\\/person\\\/c6c423e4c2465d2a9233f6539173e7c1\"},\"headline\":\"QUEM PENSA? Sobre a tal da terceiriza\u00e7\u00e3o&#8230;\",\"datePublished\":\"2015-04-24T08:49:53+00:00\",\"dateModified\":\"2015-04-24T08:50:26+00:00\",\"mainEntityOfPage\":{\"@id\":\"https:\\\/\\\/jornalbeirario.com.br\\\/portal\\\/?p=29663\"},\"wordCount\":1004,\"commentCount\":0,\"publisher\":{\"@id\":\"https:\\\/\\\/jornalbeirario.com.br\\\/portal\\\/#organization\"},\"articleSection\":[\"Opini\u00e3o\"],\"inLanguage\":\"pt-BR\",\"potentialAction\":[{\"@type\":\"CommentAction\",\"name\":\"Comment\",\"target\":[\"https:\\\/\\\/jornalbeirario.com.br\\\/portal\\\/?p=29663#respond\"]}]},{\"@type\":\"WebPage\",\"@id\":\"https:\\\/\\\/jornalbeirario.com.br\\\/portal\\\/?p=29663\",\"url\":\"https:\\\/\\\/jornalbeirario.com.br\\\/portal\\\/?p=29663\",\"name\":\"QUEM PENSA? Sobre a tal da terceiriza\u00e7\u00e3o... - JORNAL BEIRA RIO\",\"isPartOf\":{\"@id\":\"https:\\\/\\\/jornalbeirario.com.br\\\/portal\\\/#website\"},\"datePublished\":\"2015-04-24T08:49:53+00:00\",\"dateModified\":\"2015-04-24T08:50:26+00:00\",\"breadcrumb\":{\"@id\":\"https:\\\/\\\/jornalbeirario.com.br\\\/portal\\\/?p=29663#breadcrumb\"},\"inLanguage\":\"pt-BR\",\"potentialAction\":[{\"@type\":\"ReadAction\",\"target\":[\"https:\\\/\\\/jornalbeirario.com.br\\\/portal\\\/?p=29663\"]}]},{\"@type\":\"BreadcrumbList\",\"@id\":\"https:\\\/\\\/jornalbeirario.com.br\\\/portal\\\/?p=29663#breadcrumb\",\"itemListElement\":[{\"@type\":\"ListItem\",\"position\":1,\"name\":\"Home\",\"item\":\"https:\\\/\\\/jornalbeirario.com.br\\\/portal\"},{\"@type\":\"ListItem\",\"position\":2,\"name\":\"QUEM PENSA? Sobre a tal da terceiriza\u00e7\u00e3o&#8230;\"}]},{\"@type\":\"WebSite\",\"@id\":\"https:\\\/\\\/jornalbeirario.com.br\\\/portal\\\/#website\",\"url\":\"https:\\\/\\\/jornalbeirario.com.br\\\/portal\\\/\",\"name\":\"JORNAL BEIRA RIO\",\"description\":\"\",\"publisher\":{\"@id\":\"https:\\\/\\\/jornalbeirario.com.br\\\/portal\\\/#organization\"},\"potentialAction\":[{\"@type\":\"SearchAction\",\"target\":{\"@type\":\"EntryPoint\",\"urlTemplate\":\"https:\\\/\\\/jornalbeirario.com.br\\\/portal\\\/?s={search_term_string}\"},\"query-input\":{\"@type\":\"PropertyValueSpecification\",\"valueRequired\":true,\"valueName\":\"search_term_string\"}}],\"inLanguage\":\"pt-BR\"},{\"@type\":\"Organization\",\"@id\":\"https:\\\/\\\/jornalbeirario.com.br\\\/portal\\\/#organization\",\"name\":\"JORNAL BEIRA RIO\",\"url\":\"https:\\\/\\\/jornalbeirario.com.br\\\/portal\\\/\",\"logo\":{\"@type\":\"ImageObject\",\"inLanguage\":\"pt-BR\",\"@id\":\"https:\\\/\\\/jornalbeirario.com.br\\\/portal\\\/#\\\/schema\\\/logo\\\/image\\\/\",\"url\":\"https:\\\/\\\/jornalbeirario.com.br\\\/portal\\\/wp-content\\\/uploads\\\/2017\\\/09\\\/BEIRA-RIO_logo600.png\",\"contentUrl\":\"https:\\\/\\\/jornalbeirario.com.br\\\/portal\\\/wp-content\\\/uploads\\\/2017\\\/09\\\/BEIRA-RIO_logo600.png\",\"width\":650,\"height\":108,\"caption\":\"JORNAL BEIRA RIO\"},\"image\":{\"@id\":\"https:\\\/\\\/jornalbeirario.com.br\\\/portal\\\/#\\\/schema\\\/logo\\\/image\\\/\"}},{\"@type\":\"Person\",\"@id\":\"https:\\\/\\\/jornalbeirario.com.br\\\/portal\\\/#\\\/schema\\\/person\\\/c6c423e4c2465d2a9233f6539173e7c1\",\"name\":\"Jornal BEIRA-RIO\",\"image\":{\"@type\":\"ImageObject\",\"inLanguage\":\"pt-BR\",\"@id\":\"https:\\\/\\\/jornalbeirario.com.br\\\/portal\\\/wp-content\\\/uploads\\\/2023\\\/10\\\/logojbr1.jpg\",\"url\":\"https:\\\/\\\/jornalbeirario.com.br\\\/portal\\\/wp-content\\\/uploads\\\/2023\\\/10\\\/logojbr1.jpg\",\"contentUrl\":\"https:\\\/\\\/jornalbeirario.com.br\\\/portal\\\/wp-content\\\/uploads\\\/2023\\\/10\\\/logojbr1.jpg\",\"caption\":\"Jornal BEIRA-RIO\"},\"url\":\"https:\\\/\\\/jornalbeirario.com.br\\\/portal\\\/?author=1\"}]}<\/script>\n<!-- \/ Yoast SEO plugin. -->","yoast_head_json":{"title":"QUEM PENSA? Sobre a tal da terceiriza\u00e7\u00e3o... - JORNAL BEIRA RIO","robots":{"index":"index","follow":"follow","max-snippet":"max-snippet:-1","max-image-preview":"max-image-preview:large","max-video-preview":"max-video-preview:-1"},"canonical":"https:\/\/jornalbeirario.com.br\/portal\/?p=29663","og_locale":"pt_BR","og_type":"article","og_title":"QUEM PENSA? Sobre a tal da terceiriza\u00e7\u00e3o... - JORNAL BEIRA RIO","og_description":"Muito temos ouvido nos telejornais sobre este assunto e nada tem sido explicado como realmente merece ser. Poucas pessoas t\u00eam buscado informa\u00e7\u00f5es complementares \u00e0s","og_url":"https:\/\/jornalbeirario.com.br\/portal\/?p=29663","og_site_name":"JORNAL BEIRA RIO","article_published_time":"2015-04-24T08:49:53+00:00","article_modified_time":"2015-04-24T08:50:26+00:00","author":"Jornal BEIRA-RIO","twitter_card":"summary_large_image","twitter_misc":{"Escrito por":"Jornal BEIRA-RIO","Est. tempo de leitura":"5 minutos"},"schema":{"@context":"https:\/\/schema.org","@graph":[{"@type":"Article","@id":"https:\/\/jornalbeirario.com.br\/portal\/?p=29663#article","isPartOf":{"@id":"https:\/\/jornalbeirario.com.br\/portal\/?p=29663"},"author":{"name":"Jornal BEIRA-RIO","@id":"https:\/\/jornalbeirario.com.br\/portal\/#\/schema\/person\/c6c423e4c2465d2a9233f6539173e7c1"},"headline":"QUEM PENSA? Sobre a tal da terceiriza\u00e7\u00e3o&#8230;","datePublished":"2015-04-24T08:49:53+00:00","dateModified":"2015-04-24T08:50:26+00:00","mainEntityOfPage":{"@id":"https:\/\/jornalbeirario.com.br\/portal\/?p=29663"},"wordCount":1004,"commentCount":0,"publisher":{"@id":"https:\/\/jornalbeirario.com.br\/portal\/#organization"},"articleSection":["Opini\u00e3o"],"inLanguage":"pt-BR","potentialAction":[{"@type":"CommentAction","name":"Comment","target":["https:\/\/jornalbeirario.com.br\/portal\/?p=29663#respond"]}]},{"@type":"WebPage","@id":"https:\/\/jornalbeirario.com.br\/portal\/?p=29663","url":"https:\/\/jornalbeirario.com.br\/portal\/?p=29663","name":"QUEM PENSA? Sobre a tal da terceiriza\u00e7\u00e3o... - JORNAL BEIRA RIO","isPartOf":{"@id":"https:\/\/jornalbeirario.com.br\/portal\/#website"},"datePublished":"2015-04-24T08:49:53+00:00","dateModified":"2015-04-24T08:50:26+00:00","breadcrumb":{"@id":"https:\/\/jornalbeirario.com.br\/portal\/?p=29663#breadcrumb"},"inLanguage":"pt-BR","potentialAction":[{"@type":"ReadAction","target":["https:\/\/jornalbeirario.com.br\/portal\/?p=29663"]}]},{"@type":"BreadcrumbList","@id":"https:\/\/jornalbeirario.com.br\/portal\/?p=29663#breadcrumb","itemListElement":[{"@type":"ListItem","position":1,"name":"Home","item":"https:\/\/jornalbeirario.com.br\/portal"},{"@type":"ListItem","position":2,"name":"QUEM PENSA? Sobre a tal da terceiriza\u00e7\u00e3o&#8230;"}]},{"@type":"WebSite","@id":"https:\/\/jornalbeirario.com.br\/portal\/#website","url":"https:\/\/jornalbeirario.com.br\/portal\/","name":"JORNAL BEIRA RIO","description":"","publisher":{"@id":"https:\/\/jornalbeirario.com.br\/portal\/#organization"},"potentialAction":[{"@type":"SearchAction","target":{"@type":"EntryPoint","urlTemplate":"https:\/\/jornalbeirario.com.br\/portal\/?s={search_term_string}"},"query-input":{"@type":"PropertyValueSpecification","valueRequired":true,"valueName":"search_term_string"}}],"inLanguage":"pt-BR"},{"@type":"Organization","@id":"https:\/\/jornalbeirario.com.br\/portal\/#organization","name":"JORNAL BEIRA RIO","url":"https:\/\/jornalbeirario.com.br\/portal\/","logo":{"@type":"ImageObject","inLanguage":"pt-BR","@id":"https:\/\/jornalbeirario.com.br\/portal\/#\/schema\/logo\/image\/","url":"https:\/\/jornalbeirario.com.br\/portal\/wp-content\/uploads\/2017\/09\/BEIRA-RIO_logo600.png","contentUrl":"https:\/\/jornalbeirario.com.br\/portal\/wp-content\/uploads\/2017\/09\/BEIRA-RIO_logo600.png","width":650,"height":108,"caption":"JORNAL BEIRA RIO"},"image":{"@id":"https:\/\/jornalbeirario.com.br\/portal\/#\/schema\/logo\/image\/"}},{"@type":"Person","@id":"https:\/\/jornalbeirario.com.br\/portal\/#\/schema\/person\/c6c423e4c2465d2a9233f6539173e7c1","name":"Jornal BEIRA-RIO","image":{"@type":"ImageObject","inLanguage":"pt-BR","@id":"https:\/\/jornalbeirario.com.br\/portal\/wp-content\/uploads\/2023\/10\/logojbr1.jpg","url":"https:\/\/jornalbeirario.com.br\/portal\/wp-content\/uploads\/2023\/10\/logojbr1.jpg","contentUrl":"https:\/\/jornalbeirario.com.br\/portal\/wp-content\/uploads\/2023\/10\/logojbr1.jpg","caption":"Jornal BEIRA-RIO"},"url":"https:\/\/jornalbeirario.com.br\/portal\/?author=1"}]}},"_links":{"self":[{"href":"https:\/\/jornalbeirario.com.br\/portal\/index.php?rest_route=\/wp\/v2\/posts\/29663","targetHints":{"allow":["GET"]}}],"collection":[{"href":"https:\/\/jornalbeirario.com.br\/portal\/index.php?rest_route=\/wp\/v2\/posts"}],"about":[{"href":"https:\/\/jornalbeirario.com.br\/portal\/index.php?rest_route=\/wp\/v2\/types\/post"}],"author":[{"embeddable":true,"href":"https:\/\/jornalbeirario.com.br\/portal\/index.php?rest_route=\/wp\/v2\/users\/1"}],"replies":[{"embeddable":true,"href":"https:\/\/jornalbeirario.com.br\/portal\/index.php?rest_route=%2Fwp%2Fv2%2Fcomments&post=29663"}],"version-history":[{"count":3,"href":"https:\/\/jornalbeirario.com.br\/portal\/index.php?rest_route=\/wp\/v2\/posts\/29663\/revisions"}],"predecessor-version":[{"id":29738,"href":"https:\/\/jornalbeirario.com.br\/portal\/index.php?rest_route=\/wp\/v2\/posts\/29663\/revisions\/29738"}],"wp:attachment":[{"href":"https:\/\/jornalbeirario.com.br\/portal\/index.php?rest_route=%2Fwp%2Fv2%2Fmedia&parent=29663"}],"wp:term":[{"taxonomy":"category","embeddable":true,"href":"https:\/\/jornalbeirario.com.br\/portal\/index.php?rest_route=%2Fwp%2Fv2%2Fcategories&post=29663"},{"taxonomy":"post_tag","embeddable":true,"href":"https:\/\/jornalbeirario.com.br\/portal\/index.php?rest_route=%2Fwp%2Fv2%2Ftags&post=29663"}],"curies":[{"name":"wp","href":"https:\/\/api.w.org\/{rel}","templated":true}]}}