
{"id":29661,"date":"2015-04-24T08:51:53","date_gmt":"2015-04-24T08:51:53","guid":{"rendered":"http:\/\/jornalbeirario.com.br\/portal\/portal\/?p=29661"},"modified":"2015-04-24T08:51:53","modified_gmt":"2015-04-24T08:51:53","slug":"lais-amaral-93","status":"publish","type":"post","link":"https:\/\/jornalbeirario.com.br\/portal\/?p=29661","title":{"rendered":"La\u00eds Amaral"},"content":{"rendered":"<p style=\"text-align: justify;\"><strong>M\u00fasicos, artistas e manias. Ou: Sara Bentes lan\u00e7a CD novo dia 6<\/strong><br \/>\nRecebi um e-mail do Jo\u00e3o Paulo 7 Cordas falando de uma apresenta\u00e7\u00e3o da Sara Bentes no Gacems, dia 6 de maio. \u00c9 o lan\u00e7amento do seu CD \u201cInvis\u00edvel\u201d. Pretendo ir. Sara \u00e9 uma tremenda artista. Cantora e compositora talentosa que j\u00e1 andou pelo pa\u00eds, pelo continente e pelo mundo derramando sua arte. H\u00e1 uns seis ou sete anos, ela interpretou um Choro meu e do Guido de Castro (letra minha e m\u00fasica dele), chamado \u201cAtrevida\u201d. Ficamos em terceiro lugar no Festival de m\u00fasica de Pirai e em segundo lugar no festival de Volta Redonda. Nas duas ocasi\u00f5es ela foi acompanhada pelo grupo de Choro \u2018N\u00f3s nas Cordas\u2019. O Jo\u00e3o Paulo, esse l\u00e1 de cima, era o \u20187 Cordas\u2019 e l\u00edder do grupo, que tinha ainda o Romeu Aleixo no bandolim, o Aldair Almeida no cavaco e o Fl\u00e1vio no pandeiro. Uma pena a dissolu\u00e7\u00e3o do \u201cN\u00f3s\u201d. O Guido, como foi o autor da melodia, deu uma for\u00e7a com o viol\u00e3o de seis cordas. E quando se junta uma turma assim, tem sempre hist\u00f3rias. Lembrei uma do Fl\u00e1vio que o Aldair me contou. Al\u00e9m de um tremendo pandeirista, o melhor que vi por aqui, Fl\u00e1vio era dado a manias. Uma delas era a de levar uma toalhinha para secar o suor das m\u00e3os nos shows. At\u00e9 a\u00ed nada demais. Mas como mania nunca anda s\u00f3, ele gostava de combinar a cor da toalha com a camisa. Certa vez demorou tanto escolhendo uma camisa que combinasse com a toalhinha que perdeu a van que levaria o grupo para uma apresenta\u00e7\u00e3o numa cidade vizinha. Mas foi perdoado. O Fl\u00e1vio \u00e9 craque. Assim como a Sara Bentes.<\/p>\n<p style=\"text-align: justify;\"><strong>Deputados do Rio contra a Terceiriza\u00e7\u00e3o<\/strong><br \/>\nConforme o prometido, eis os nomes dos deputados federais do Rio de Janeiro que votaram contra a Terceiriza\u00e7\u00e3o, em Bras\u00edlia. Algumas emendas foram aprovadas, como a apresentada pelo Vicentinho (PT-SP) tirando a possibilidade de a Terceiriza\u00e7\u00e3o chegar ao servi\u00e7o p\u00fablico. Mas a coisa ainda est\u00e1 feia. Caso as emendas sejam derrubadas e o projeto avance para o Senado e esses tamb\u00e9m roam as cordas, vai sobrar o \u2018Veto\u2019 da Presidente Dilma. Veto que eles podem derrubar. A\u00ed sobra uma A\u00e7\u00e3o da OAB junto ao Supremo. Parece dif\u00edcil pra eles mas n\u00e3o \u00e9. Eles tem toda a for\u00e7a com apoio da Velha M\u00eddia Comercial, de parte do Judici\u00e1rio e o lobby dos empres\u00e1rios (o que nem precisaria haja vista a bancada empresarial gigantesca na C\u00e2mara). Seguem os nomes daqueles que honraram os eleitores fluminenses votando contra a Terceiriza\u00e7\u00e3o: Jandira Feghali (PC do B), Marcelo Matos (PDT), Clarissa Garotinho (PR), Miro Teixeira (PROS), Glauber Braga (PSB) S\u00f3stenes Cavalcante (PSD), Cabo Daciolo (Psol), Chico Alencar (Psol), Jean Wyllys (Psol), Alessandro Molon (PT), Benedita da Silva (PT), Chico D\u2019Angelo (PT), Fabiano Horta (PT), Luiz S\u00e9rgio (PT) e Deley (PTB).<\/p>\n<p style=\"text-align: justify;\"><strong>TRIPA<\/strong><br \/>\n* Nesta s\u00e1bado, dia 25, tem \u2018Vin\u00edcius de Moraes \u00e9&#8230; demais\u2019 no Jazz Village, no Penedo &#8230; E como o Andr\u00e9 Whately est\u00e1 sempre mostrando alguma novidade no seu consagrado espet\u00e1culo, a vocalista da vez \u00e9 a \u00f3tima Sanny Alves. \u00c9 m\u00fasica, poesia e hist\u00f3rias e mais hist\u00f3rias do poetinha e seus parceiros. Vale conferir: 21 horas * Aten\u00e7\u00e3o: dia 29 tem Inhoque da Fortuna, no Ponto 107. Quem conhece n\u00e3o perde * A minha amiga Leila Pena toma posse, neste s\u00e1bado, dia 25, agora como vice-presidente da Sociedade de Hotelaria Hospitalar do Estado do Rio de Janeiro. A solenidade acontece \u00e0s 10 horas no Hospital da Unimed no Vale do Para\u00edso, em Petr\u00f3polis. Parab\u00e9ns Leila ! * Ainda neste s\u00e1bado, 25, ser\u00e1 realizado das 9h \u00e0s 17h, na Associa\u00e7\u00e3o Educacional Dom Bosco (AEDB) o Festival Latino-Americano de Instala\u00e7\u00e3o de Software Livre \u2013 FLISoL. \u00c9 a 11\u00aa edi\u00e7\u00e3o do evento que acontece pelo terceiro ano consecutivo na AEDB. O FLISoL \u00e9 o maior evento da Am\u00e9rica Latina de divulga\u00e7\u00e3o de Software Livre. O objetivo \u00e9 promover o uso de Software Livre, mostrando ao p\u00fablico em geral sua filosofia, abrang\u00eancia, avan\u00e7os e desenvolvimento, informa minha amiga Vivi Calaes * Uma dica pessoal: quem ainda n\u00e3o viu, quinta-feira que vem ser\u00e1 a \u00faltima apresenta\u00e7\u00e3o de um trio muito bom comandado pelo m\u00fasico argentino Fernando Farias (violino e bandolin). S\u00e3o tangos, boleros cubanos, salsa e outras coisas mais. Vale conferir. Muito bom * Eu n\u00e3o vi a disputa de p\u00eanalti. Confio no meu cora\u00e7\u00e3o&#8230;pero no mucho.<\/p>\n<p style=\"text-align: justify;\"><strong>ANIVERS\u00c1RIO<\/strong><br \/>\nNo dia 15 uma turma grande, incluindo duas grandes cantoras, mudaram de idade: Lyria Cravo e Mariana Gomes, e mais: Jeferson Santos, Renata do Vale, Rozelia Costa e Solange Farias. Dia 16 tr\u00eas meninas inauguraram idade nova: Quele Cristina, Pamela Salvate e Luana Lopes. Dia 20, foi a vez da Helena Campan\u00e1rio soprar velinhas. Dia, 21, a Cristiane Coutinho, a Sheila Koenigkam e a K\u00e1tia Alencar receberam, os &#8216;parab\u00e9ns&#8217;. Nesse dia 23, Dia de S\u00e3o Jorge, tamb\u00e9m soprou velinhas o Felipe, meu neto de cora\u00e7\u00e3o e filh\u00e3o do Fernando e da Cris Coup\u00e9e. ! Nesse 24 quem ficou mais experiente foi o professor Elon Viana e neste dia 25, a Lene Oliveira conta mais um ano de vida. Comemora no Casar\u00e3o, em Resende. Parab\u00e9ns e todas as felicidades do mundo a eles.<\/p>\n","protected":false},"excerpt":{"rendered":"<p>M\u00fasicos, artistas e manias. Ou: Sara Bentes lan\u00e7a CD novo dia 6 Recebi um e-mail do Jo\u00e3o Paulo 7 Cordas falando de uma apresenta\u00e7\u00e3o<\/p>\n","protected":false},"author":1,"featured_media":0,"comment_status":"open","ping_status":"open","sticky":false,"template":"","format":"standard","meta":{"pmpro_default_level":"","footnotes":""},"categories":[13],"tags":[],"class_list":["post-29661","post","type-post","status-publish","format-standard","hentry","category-social","pmpro-has-access"],"yoast_head":"<!-- This site is optimized with the Yoast SEO plugin v27.4 - https:\/\/yoast.com\/product\/yoast-seo-wordpress\/ -->\n<title>La\u00eds Amaral - JORNAL BEIRA RIO<\/title>\n<meta name=\"robots\" content=\"index, follow, max-snippet:-1, max-image-preview:large, max-video-preview:-1\" \/>\n<link rel=\"canonical\" href=\"https:\/\/jornalbeirario.com.br\/portal\/?p=29661\" \/>\n<meta property=\"og:locale\" content=\"pt_BR\" \/>\n<meta property=\"og:type\" content=\"article\" \/>\n<meta property=\"og:title\" content=\"La\u00eds Amaral - JORNAL BEIRA RIO\" \/>\n<meta property=\"og:description\" content=\"M\u00fasicos, artistas e manias. Ou: Sara Bentes lan\u00e7a CD novo dia 6 Recebi um e-mail do Jo\u00e3o Paulo 7 Cordas falando de uma apresenta\u00e7\u00e3o\" \/>\n<meta property=\"og:url\" content=\"https:\/\/jornalbeirario.com.br\/portal\/?p=29661\" \/>\n<meta property=\"og:site_name\" content=\"JORNAL BEIRA RIO\" \/>\n<meta property=\"article:published_time\" content=\"2015-04-24T08:51:53+00:00\" \/>\n<meta name=\"author\" content=\"Jornal BEIRA-RIO\" \/>\n<meta name=\"twitter:card\" content=\"summary_large_image\" \/>\n<meta name=\"twitter:label1\" content=\"Escrito por\" \/>\n\t<meta name=\"twitter:data1\" content=\"Jornal BEIRA-RIO\" \/>\n\t<meta name=\"twitter:label2\" content=\"Est. tempo de leitura\" \/>\n\t<meta name=\"twitter:data2\" content=\"5 minutos\" \/>\n<script type=\"application\/ld+json\" class=\"yoast-schema-graph\">{\"@context\":\"https:\\\/\\\/schema.org\",\"@graph\":[{\"@type\":\"Article\",\"@id\":\"https:\\\/\\\/jornalbeirario.com.br\\\/portal\\\/?p=29661#article\",\"isPartOf\":{\"@id\":\"https:\\\/\\\/jornalbeirario.com.br\\\/portal\\\/?p=29661\"},\"author\":{\"name\":\"Jornal BEIRA-RIO\",\"@id\":\"https:\\\/\\\/jornalbeirario.com.br\\\/portal\\\/#\\\/schema\\\/person\\\/c6c423e4c2465d2a9233f6539173e7c1\"},\"headline\":\"La\u00eds Amaral\",\"datePublished\":\"2015-04-24T08:51:53+00:00\",\"mainEntityOfPage\":{\"@id\":\"https:\\\/\\\/jornalbeirario.com.br\\\/portal\\\/?p=29661\"},\"wordCount\":912,\"commentCount\":0,\"publisher\":{\"@id\":\"https:\\\/\\\/jornalbeirario.com.br\\\/portal\\\/#organization\"},\"articleSection\":[\"Social\"],\"inLanguage\":\"pt-BR\",\"potentialAction\":[{\"@type\":\"CommentAction\",\"name\":\"Comment\",\"target\":[\"https:\\\/\\\/jornalbeirario.com.br\\\/portal\\\/?p=29661#respond\"]}]},{\"@type\":\"WebPage\",\"@id\":\"https:\\\/\\\/jornalbeirario.com.br\\\/portal\\\/?p=29661\",\"url\":\"https:\\\/\\\/jornalbeirario.com.br\\\/portal\\\/?p=29661\",\"name\":\"La\u00eds Amaral - JORNAL BEIRA RIO\",\"isPartOf\":{\"@id\":\"https:\\\/\\\/jornalbeirario.com.br\\\/portal\\\/#website\"},\"datePublished\":\"2015-04-24T08:51:53+00:00\",\"breadcrumb\":{\"@id\":\"https:\\\/\\\/jornalbeirario.com.br\\\/portal\\\/?p=29661#breadcrumb\"},\"inLanguage\":\"pt-BR\",\"potentialAction\":[{\"@type\":\"ReadAction\",\"target\":[\"https:\\\/\\\/jornalbeirario.com.br\\\/portal\\\/?p=29661\"]}]},{\"@type\":\"BreadcrumbList\",\"@id\":\"https:\\\/\\\/jornalbeirario.com.br\\\/portal\\\/?p=29661#breadcrumb\",\"itemListElement\":[{\"@type\":\"ListItem\",\"position\":1,\"name\":\"Home\",\"item\":\"https:\\\/\\\/jornalbeirario.com.br\\\/portal\"},{\"@type\":\"ListItem\",\"position\":2,\"name\":\"La\u00eds Amaral\"}]},{\"@type\":\"WebSite\",\"@id\":\"https:\\\/\\\/jornalbeirario.com.br\\\/portal\\\/#website\",\"url\":\"https:\\\/\\\/jornalbeirario.com.br\\\/portal\\\/\",\"name\":\"JORNAL BEIRA RIO\",\"description\":\"\",\"publisher\":{\"@id\":\"https:\\\/\\\/jornalbeirario.com.br\\\/portal\\\/#organization\"},\"potentialAction\":[{\"@type\":\"SearchAction\",\"target\":{\"@type\":\"EntryPoint\",\"urlTemplate\":\"https:\\\/\\\/jornalbeirario.com.br\\\/portal\\\/?s={search_term_string}\"},\"query-input\":{\"@type\":\"PropertyValueSpecification\",\"valueRequired\":true,\"valueName\":\"search_term_string\"}}],\"inLanguage\":\"pt-BR\"},{\"@type\":\"Organization\",\"@id\":\"https:\\\/\\\/jornalbeirario.com.br\\\/portal\\\/#organization\",\"name\":\"JORNAL BEIRA RIO\",\"url\":\"https:\\\/\\\/jornalbeirario.com.br\\\/portal\\\/\",\"logo\":{\"@type\":\"ImageObject\",\"inLanguage\":\"pt-BR\",\"@id\":\"https:\\\/\\\/jornalbeirario.com.br\\\/portal\\\/#\\\/schema\\\/logo\\\/image\\\/\",\"url\":\"https:\\\/\\\/jornalbeirario.com.br\\\/portal\\\/wp-content\\\/uploads\\\/2017\\\/09\\\/BEIRA-RIO_logo600.png\",\"contentUrl\":\"https:\\\/\\\/jornalbeirario.com.br\\\/portal\\\/wp-content\\\/uploads\\\/2017\\\/09\\\/BEIRA-RIO_logo600.png\",\"width\":650,\"height\":108,\"caption\":\"JORNAL BEIRA RIO\"},\"image\":{\"@id\":\"https:\\\/\\\/jornalbeirario.com.br\\\/portal\\\/#\\\/schema\\\/logo\\\/image\\\/\"}},{\"@type\":\"Person\",\"@id\":\"https:\\\/\\\/jornalbeirario.com.br\\\/portal\\\/#\\\/schema\\\/person\\\/c6c423e4c2465d2a9233f6539173e7c1\",\"name\":\"Jornal BEIRA-RIO\",\"image\":{\"@type\":\"ImageObject\",\"inLanguage\":\"pt-BR\",\"@id\":\"https:\\\/\\\/jornalbeirario.com.br\\\/portal\\\/wp-content\\\/uploads\\\/2023\\\/10\\\/logojbr1.jpg\",\"url\":\"https:\\\/\\\/jornalbeirario.com.br\\\/portal\\\/wp-content\\\/uploads\\\/2023\\\/10\\\/logojbr1.jpg\",\"contentUrl\":\"https:\\\/\\\/jornalbeirario.com.br\\\/portal\\\/wp-content\\\/uploads\\\/2023\\\/10\\\/logojbr1.jpg\",\"caption\":\"Jornal BEIRA-RIO\"},\"url\":\"https:\\\/\\\/jornalbeirario.com.br\\\/portal\\\/?author=1\"}]}<\/script>\n<!-- \/ Yoast SEO plugin. -->","yoast_head_json":{"title":"La\u00eds Amaral - JORNAL BEIRA RIO","robots":{"index":"index","follow":"follow","max-snippet":"max-snippet:-1","max-image-preview":"max-image-preview:large","max-video-preview":"max-video-preview:-1"},"canonical":"https:\/\/jornalbeirario.com.br\/portal\/?p=29661","og_locale":"pt_BR","og_type":"article","og_title":"La\u00eds Amaral - JORNAL BEIRA RIO","og_description":"M\u00fasicos, artistas e manias. Ou: Sara Bentes lan\u00e7a CD novo dia 6 Recebi um e-mail do Jo\u00e3o Paulo 7 Cordas falando de uma apresenta\u00e7\u00e3o","og_url":"https:\/\/jornalbeirario.com.br\/portal\/?p=29661","og_site_name":"JORNAL BEIRA RIO","article_published_time":"2015-04-24T08:51:53+00:00","author":"Jornal BEIRA-RIO","twitter_card":"summary_large_image","twitter_misc":{"Escrito por":"Jornal BEIRA-RIO","Est. tempo de leitura":"5 minutos"},"schema":{"@context":"https:\/\/schema.org","@graph":[{"@type":"Article","@id":"https:\/\/jornalbeirario.com.br\/portal\/?p=29661#article","isPartOf":{"@id":"https:\/\/jornalbeirario.com.br\/portal\/?p=29661"},"author":{"name":"Jornal BEIRA-RIO","@id":"https:\/\/jornalbeirario.com.br\/portal\/#\/schema\/person\/c6c423e4c2465d2a9233f6539173e7c1"},"headline":"La\u00eds Amaral","datePublished":"2015-04-24T08:51:53+00:00","mainEntityOfPage":{"@id":"https:\/\/jornalbeirario.com.br\/portal\/?p=29661"},"wordCount":912,"commentCount":0,"publisher":{"@id":"https:\/\/jornalbeirario.com.br\/portal\/#organization"},"articleSection":["Social"],"inLanguage":"pt-BR","potentialAction":[{"@type":"CommentAction","name":"Comment","target":["https:\/\/jornalbeirario.com.br\/portal\/?p=29661#respond"]}]},{"@type":"WebPage","@id":"https:\/\/jornalbeirario.com.br\/portal\/?p=29661","url":"https:\/\/jornalbeirario.com.br\/portal\/?p=29661","name":"La\u00eds Amaral - JORNAL BEIRA RIO","isPartOf":{"@id":"https:\/\/jornalbeirario.com.br\/portal\/#website"},"datePublished":"2015-04-24T08:51:53+00:00","breadcrumb":{"@id":"https:\/\/jornalbeirario.com.br\/portal\/?p=29661#breadcrumb"},"inLanguage":"pt-BR","potentialAction":[{"@type":"ReadAction","target":["https:\/\/jornalbeirario.com.br\/portal\/?p=29661"]}]},{"@type":"BreadcrumbList","@id":"https:\/\/jornalbeirario.com.br\/portal\/?p=29661#breadcrumb","itemListElement":[{"@type":"ListItem","position":1,"name":"Home","item":"https:\/\/jornalbeirario.com.br\/portal"},{"@type":"ListItem","position":2,"name":"La\u00eds Amaral"}]},{"@type":"WebSite","@id":"https:\/\/jornalbeirario.com.br\/portal\/#website","url":"https:\/\/jornalbeirario.com.br\/portal\/","name":"JORNAL BEIRA RIO","description":"","publisher":{"@id":"https:\/\/jornalbeirario.com.br\/portal\/#organization"},"potentialAction":[{"@type":"SearchAction","target":{"@type":"EntryPoint","urlTemplate":"https:\/\/jornalbeirario.com.br\/portal\/?s={search_term_string}"},"query-input":{"@type":"PropertyValueSpecification","valueRequired":true,"valueName":"search_term_string"}}],"inLanguage":"pt-BR"},{"@type":"Organization","@id":"https:\/\/jornalbeirario.com.br\/portal\/#organization","name":"JORNAL BEIRA RIO","url":"https:\/\/jornalbeirario.com.br\/portal\/","logo":{"@type":"ImageObject","inLanguage":"pt-BR","@id":"https:\/\/jornalbeirario.com.br\/portal\/#\/schema\/logo\/image\/","url":"https:\/\/jornalbeirario.com.br\/portal\/wp-content\/uploads\/2017\/09\/BEIRA-RIO_logo600.png","contentUrl":"https:\/\/jornalbeirario.com.br\/portal\/wp-content\/uploads\/2017\/09\/BEIRA-RIO_logo600.png","width":650,"height":108,"caption":"JORNAL BEIRA RIO"},"image":{"@id":"https:\/\/jornalbeirario.com.br\/portal\/#\/schema\/logo\/image\/"}},{"@type":"Person","@id":"https:\/\/jornalbeirario.com.br\/portal\/#\/schema\/person\/c6c423e4c2465d2a9233f6539173e7c1","name":"Jornal BEIRA-RIO","image":{"@type":"ImageObject","inLanguage":"pt-BR","@id":"https:\/\/jornalbeirario.com.br\/portal\/wp-content\/uploads\/2023\/10\/logojbr1.jpg","url":"https:\/\/jornalbeirario.com.br\/portal\/wp-content\/uploads\/2023\/10\/logojbr1.jpg","contentUrl":"https:\/\/jornalbeirario.com.br\/portal\/wp-content\/uploads\/2023\/10\/logojbr1.jpg","caption":"Jornal BEIRA-RIO"},"url":"https:\/\/jornalbeirario.com.br\/portal\/?author=1"}]}},"_links":{"self":[{"href":"https:\/\/jornalbeirario.com.br\/portal\/index.php?rest_route=\/wp\/v2\/posts\/29661","targetHints":{"allow":["GET"]}}],"collection":[{"href":"https:\/\/jornalbeirario.com.br\/portal\/index.php?rest_route=\/wp\/v2\/posts"}],"about":[{"href":"https:\/\/jornalbeirario.com.br\/portal\/index.php?rest_route=\/wp\/v2\/types\/post"}],"author":[{"embeddable":true,"href":"https:\/\/jornalbeirario.com.br\/portal\/index.php?rest_route=\/wp\/v2\/users\/1"}],"replies":[{"embeddable":true,"href":"https:\/\/jornalbeirario.com.br\/portal\/index.php?rest_route=%2Fwp%2Fv2%2Fcomments&post=29661"}],"version-history":[{"count":2,"href":"https:\/\/jornalbeirario.com.br\/portal\/index.php?rest_route=\/wp\/v2\/posts\/29661\/revisions"}],"predecessor-version":[{"id":29740,"href":"https:\/\/jornalbeirario.com.br\/portal\/index.php?rest_route=\/wp\/v2\/posts\/29661\/revisions\/29740"}],"wp:attachment":[{"href":"https:\/\/jornalbeirario.com.br\/portal\/index.php?rest_route=%2Fwp%2Fv2%2Fmedia&parent=29661"}],"wp:term":[{"taxonomy":"category","embeddable":true,"href":"https:\/\/jornalbeirario.com.br\/portal\/index.php?rest_route=%2Fwp%2Fv2%2Fcategories&post=29661"},{"taxonomy":"post_tag","embeddable":true,"href":"https:\/\/jornalbeirario.com.br\/portal\/index.php?rest_route=%2Fwp%2Fv2%2Ftags&post=29661"}],"curies":[{"name":"wp","href":"https:\/\/api.w.org\/{rel}","templated":true}]}}