
{"id":29520,"date":"2015-04-17T03:13:36","date_gmt":"2015-04-17T03:13:36","guid":{"rendered":"http:\/\/jornalbeirario.com.br\/portal\/portal\/?p=29520"},"modified":"2015-04-17T03:14:03","modified_gmt":"2015-04-17T03:14:03","slug":"lais-amaral-92","status":"publish","type":"post","link":"https:\/\/jornalbeirario.com.br\/portal\/?p=29520","title":{"rendered":"La\u00eds Amaral"},"content":{"rendered":"<p style=\"text-align: justify;\"><strong>Galeano influenciou gera\u00e7\u00f5es com o seu \u2018Veias Abertas&#8230;\u2019, um livro fundamental<\/strong><br \/>\nSegue o in\u00edcio do primeiro par\u00e1grafo de \u201cAs Veias Abertas da Am\u00e9rica Latina\u2019, de Eduardo Galeano. Livro visceral e essencial para se entender a realidade latino-americana. Em minha opini\u00e3o, deveria constar dos curr\u00edculos de todas as escolas de ensino m\u00e9dio do Continente: \u201cH\u00e1 dois lados na divis\u00e3o internacional do trabalho: um em que alguns pa\u00edses especializam-se em ganhar, e outro em que se especializaram em perder. Nossa comarca do mundo, que hoje chamamos de Am\u00e9rica Latina, foi precoce: especializou-se em perder desde os remotos tempos em que os europeus do Renascimento se abalan\u00e7aram pelo mar e fincaram os dentes em sua garganta. Passaram os s\u00e9culos, e a Am\u00e9rica Latina aperfei\u00e7oou suas fun\u00e7\u00f5es. Este j\u00e1 n\u00e3o \u00e9 o reino das maravilhas, onde a realidade derrotava a f\u00e1bula e a imagina\u00e7\u00e3o era humilhada pelos trof\u00e9us das conquistas, as jazidas de ouro e as montanhas de prata. Mas a regi\u00e3o continua trabalhando como um servi\u00e7al. Continua existindo a servi\u00e7o de necessidades alheias, como fonte e reserva de petr\u00f3leo e ferro, cobre e carne, frutas e caf\u00e9, mat\u00e9rias-primas e alimentos, destinados aos pa\u00edses ricos que ganham, consumindo-os, muito mais do que a Am\u00e9rica Latina ganha produzindo-os. S\u00e3o muito mais altos os impostos que cobram os compradores do que os pre\u00e7os que recebem os vendedores; e no final das contas, como declarou em julho de 1968 Covey T. Oliver, coordenador da Alian\u00e7a para o Progresso, \u201cfalar de pre\u00e7os justos, atualmente, \u00e9 um conceito medieval. Estamos em plena \u00e9poca da livre comercializa\u00e7\u00e3o&#8230;\u201d. O uruguaio Eduardo Galeano morreu nessa Segunda, dia 13, aos 74 anos.<\/p>\n<p style=\"text-align: justify;\"><strong>Os deputados que aprovaram o maior retrocesso nas rela\u00e7\u00f5es de trabalho<\/strong><br \/>\nGuarde essa lista para quando daqui a tr\u00eas anos eles voltarem para pedir o seu voto. Certamente voc\u00ea estar\u00e1 desempregado ou com os direitos trabalhistas devorados pela pr\u00e1tica da Terceiriza\u00e7\u00e3o. Eles votaram a favor da Terceiriza\u00e7\u00e3o: Rodrigo Maia (DEM), Celso Jacob (PMDB), Celso Pansera (PMDB), Fernando Jord\u00e3o (PMDB), Leonardo Picciani (PMDB), Marquinho Mendes (PMDB), Soraya Santos (PMDB), Washington Reis (PMDB), Julio Lopes (PP), Sim\u00e3o Sessim (PP), Altineu C\u00f4rtes (PR), Dr. Jo\u00e3o (PR), Francisco Floriano (PR), Paulo Feij\u00f3 (PR), Hugo Leal (PROS), Alexandre Valle (PRP), Alexandre Serfiotis (PSD), Sergio Zveiter (PSD), Otavio Leite (PSDB), Luiz Carlos Ramos (PSDC), Walney Rocha (PTB), Aureo (SD), Ezequiel Teixeira (SD), Roberto Sales (PRB) e Ros\u00e2ngela Gomes (PRB). Semana que vem os nomes dos deputados federais do Rio que n\u00e3o tra\u00edram os trabalhadores.<\/p>\n<p style=\"text-align: justify;\"><strong>TRIPA<\/strong><br \/>\n* Meu amigo e parceiro de m\u00fasica, Guido de Castro continua mais irrequieto do que nunca. No pr\u00f3ximo dia 21, vai rolar no seu \u2018Recanto 21\u2019, em Quatis, um grande concerto de viol\u00e3o solo com o m\u00fasico Marcus Llerena. Llerena estar\u00e1 lan\u00e7ando seu CD Burgos de Mau\u00e1 (re-edi\u00e7\u00e3o) e CD Varia\u00e7\u00f5es (m\u00fasicas dos S\u00e9c XVI, XVII e XIX). A se\u00e7\u00e3o come\u00e7a \u00e0s 20 horas e a entrada \u00e9 franca. No curr\u00edculo do violonista constam importantes pr\u00eamios em concursos realizados no pa\u00eds, como Viol\u00f5es de Ouro, organizado pela Rede Globo em 1978 e o Concurso Internacional de Porto Alegre em 1981 * Cabra bom esse Fl\u00e1vio Dino, governador do Maranh\u00e3o. Um excelente quadro do PCdoB. L\u00facido, coerente e determinado * O modelo de gest\u00e3o adotado pela Prefeitura de Resende no setor de medicamentos \u00e9 refer\u00eancia no pa\u00eds. O munic\u00edpio foi escolhido pelo Minist\u00e9rio da Sa\u00fade como exemplo a ser usado nos treinamentos de profissionais de outras cidades. De acordo com a Coordena\u00e7\u00e3o Geral de Assist\u00eancia Farmac\u00eautica B\u00e1sica, do Minist\u00e9rio da Sa\u00fade, o material gravado em Resende ser\u00e1 usado no Curso de Qualifica\u00e7\u00e3o Nacional em Assist\u00eancia Farmac\u00eautica e utiliza\u00e7\u00e3o do Sistema Nacional de Gest\u00e3o da Assist\u00eancia Farmac\u00eautica \u2013 H\u00f3rus. Beleza !! * Hoje, Sexta, tem m\u00fasica da boa na noite de Resende. Quem for ao Bar Atl\u00e2ntico vai curtir L\u00edvia Itaboray, que foi destaque no \u2018The Voice\u2019, da Globo ano passado.<\/p>\n<p style=\"text-align: justify;\"><strong>ANIVERS\u00c1RIOS<\/strong><br \/>\nDia 10 mudaram de idade o Jos\u00e9 Arcibenes e o Eduardo Jairo, o Dudu. No dia 11 foi a vez da Daniela Stagi, do Hed Silva e do Vander Nascimento inaugurarem idade nova. No dia 12 o Gl\u00e1ucio Ramos e o Altamir Gomes ficaram mais experientes. Nessa segunda, dia 13 o Fernando Bento e o Tigu Guimar\u00e3es receberam os \u2018parab\u00e9ns\u2019 e no dia 14, a Olivia Schneider, o Felipe Dias e a D\u00e9bora Nicomedes tamb\u00e9m contaram mais um ano de vida. Parab\u00e9ns e todas as felicidades do mundo a eles.<\/p>\n","protected":false},"excerpt":{"rendered":"<p>Galeano influenciou gera\u00e7\u00f5es com o seu \u2018Veias Abertas&#8230;\u2019, um livro fundamental Segue o in\u00edcio do primeiro par\u00e1grafo de \u201cAs Veias Abertas da Am\u00e9rica Latina\u2019,<\/p>\n","protected":false},"author":1,"featured_media":0,"comment_status":"open","ping_status":"open","sticky":false,"template":"","format":"standard","meta":{"pmpro_default_level":"","footnotes":""},"categories":[13],"tags":[],"class_list":["post-29520","post","type-post","status-publish","format-standard","hentry","category-social","pmpro-has-access"],"yoast_head":"<!-- This site is optimized with the Yoast SEO plugin v27.4 - https:\/\/yoast.com\/product\/yoast-seo-wordpress\/ -->\n<title>La\u00eds Amaral - JORNAL BEIRA RIO<\/title>\n<meta name=\"robots\" content=\"index, follow, max-snippet:-1, max-image-preview:large, max-video-preview:-1\" \/>\n<link rel=\"canonical\" href=\"https:\/\/jornalbeirario.com.br\/portal\/?p=29520\" \/>\n<meta property=\"og:locale\" content=\"pt_BR\" \/>\n<meta property=\"og:type\" content=\"article\" \/>\n<meta property=\"og:title\" content=\"La\u00eds Amaral - JORNAL BEIRA RIO\" \/>\n<meta property=\"og:description\" content=\"Galeano influenciou gera\u00e7\u00f5es com o seu \u2018Veias Abertas&#8230;\u2019, um livro fundamental Segue o in\u00edcio do primeiro par\u00e1grafo de \u201cAs Veias Abertas da Am\u00e9rica Latina\u2019,\" \/>\n<meta property=\"og:url\" content=\"https:\/\/jornalbeirario.com.br\/portal\/?p=29520\" \/>\n<meta property=\"og:site_name\" content=\"JORNAL BEIRA RIO\" \/>\n<meta property=\"article:published_time\" content=\"2015-04-17T03:13:36+00:00\" \/>\n<meta property=\"article:modified_time\" content=\"2015-04-17T03:14:03+00:00\" \/>\n<meta name=\"author\" content=\"Jornal BEIRA-RIO\" \/>\n<meta name=\"twitter:card\" content=\"summary_large_image\" \/>\n<meta name=\"twitter:label1\" content=\"Escrito por\" \/>\n\t<meta name=\"twitter:data1\" content=\"Jornal BEIRA-RIO\" \/>\n\t<meta name=\"twitter:label2\" content=\"Est. tempo de leitura\" \/>\n\t<meta name=\"twitter:data2\" content=\"4 minutos\" \/>\n<script type=\"application\/ld+json\" class=\"yoast-schema-graph\">{\"@context\":\"https:\\\/\\\/schema.org\",\"@graph\":[{\"@type\":\"Article\",\"@id\":\"https:\\\/\\\/jornalbeirario.com.br\\\/portal\\\/?p=29520#article\",\"isPartOf\":{\"@id\":\"https:\\\/\\\/jornalbeirario.com.br\\\/portal\\\/?p=29520\"},\"author\":{\"name\":\"Jornal BEIRA-RIO\",\"@id\":\"https:\\\/\\\/jornalbeirario.com.br\\\/portal\\\/#\\\/schema\\\/person\\\/c6c423e4c2465d2a9233f6539173e7c1\"},\"headline\":\"La\u00eds Amaral\",\"datePublished\":\"2015-04-17T03:13:36+00:00\",\"dateModified\":\"2015-04-17T03:14:03+00:00\",\"mainEntityOfPage\":{\"@id\":\"https:\\\/\\\/jornalbeirario.com.br\\\/portal\\\/?p=29520\"},\"wordCount\":799,\"commentCount\":0,\"publisher\":{\"@id\":\"https:\\\/\\\/jornalbeirario.com.br\\\/portal\\\/#organization\"},\"articleSection\":[\"Social\"],\"inLanguage\":\"pt-BR\",\"potentialAction\":[{\"@type\":\"CommentAction\",\"name\":\"Comment\",\"target\":[\"https:\\\/\\\/jornalbeirario.com.br\\\/portal\\\/?p=29520#respond\"]}]},{\"@type\":\"WebPage\",\"@id\":\"https:\\\/\\\/jornalbeirario.com.br\\\/portal\\\/?p=29520\",\"url\":\"https:\\\/\\\/jornalbeirario.com.br\\\/portal\\\/?p=29520\",\"name\":\"La\u00eds Amaral - JORNAL BEIRA RIO\",\"isPartOf\":{\"@id\":\"https:\\\/\\\/jornalbeirario.com.br\\\/portal\\\/#website\"},\"datePublished\":\"2015-04-17T03:13:36+00:00\",\"dateModified\":\"2015-04-17T03:14:03+00:00\",\"breadcrumb\":{\"@id\":\"https:\\\/\\\/jornalbeirario.com.br\\\/portal\\\/?p=29520#breadcrumb\"},\"inLanguage\":\"pt-BR\",\"potentialAction\":[{\"@type\":\"ReadAction\",\"target\":[\"https:\\\/\\\/jornalbeirario.com.br\\\/portal\\\/?p=29520\"]}]},{\"@type\":\"BreadcrumbList\",\"@id\":\"https:\\\/\\\/jornalbeirario.com.br\\\/portal\\\/?p=29520#breadcrumb\",\"itemListElement\":[{\"@type\":\"ListItem\",\"position\":1,\"name\":\"Home\",\"item\":\"https:\\\/\\\/jornalbeirario.com.br\\\/portal\"},{\"@type\":\"ListItem\",\"position\":2,\"name\":\"La\u00eds Amaral\"}]},{\"@type\":\"WebSite\",\"@id\":\"https:\\\/\\\/jornalbeirario.com.br\\\/portal\\\/#website\",\"url\":\"https:\\\/\\\/jornalbeirario.com.br\\\/portal\\\/\",\"name\":\"JORNAL BEIRA RIO\",\"description\":\"\",\"publisher\":{\"@id\":\"https:\\\/\\\/jornalbeirario.com.br\\\/portal\\\/#organization\"},\"potentialAction\":[{\"@type\":\"SearchAction\",\"target\":{\"@type\":\"EntryPoint\",\"urlTemplate\":\"https:\\\/\\\/jornalbeirario.com.br\\\/portal\\\/?s={search_term_string}\"},\"query-input\":{\"@type\":\"PropertyValueSpecification\",\"valueRequired\":true,\"valueName\":\"search_term_string\"}}],\"inLanguage\":\"pt-BR\"},{\"@type\":\"Organization\",\"@id\":\"https:\\\/\\\/jornalbeirario.com.br\\\/portal\\\/#organization\",\"name\":\"JORNAL BEIRA RIO\",\"url\":\"https:\\\/\\\/jornalbeirario.com.br\\\/portal\\\/\",\"logo\":{\"@type\":\"ImageObject\",\"inLanguage\":\"pt-BR\",\"@id\":\"https:\\\/\\\/jornalbeirario.com.br\\\/portal\\\/#\\\/schema\\\/logo\\\/image\\\/\",\"url\":\"https:\\\/\\\/jornalbeirario.com.br\\\/portal\\\/wp-content\\\/uploads\\\/2017\\\/09\\\/BEIRA-RIO_logo600.png\",\"contentUrl\":\"https:\\\/\\\/jornalbeirario.com.br\\\/portal\\\/wp-content\\\/uploads\\\/2017\\\/09\\\/BEIRA-RIO_logo600.png\",\"width\":650,\"height\":108,\"caption\":\"JORNAL BEIRA RIO\"},\"image\":{\"@id\":\"https:\\\/\\\/jornalbeirario.com.br\\\/portal\\\/#\\\/schema\\\/logo\\\/image\\\/\"}},{\"@type\":\"Person\",\"@id\":\"https:\\\/\\\/jornalbeirario.com.br\\\/portal\\\/#\\\/schema\\\/person\\\/c6c423e4c2465d2a9233f6539173e7c1\",\"name\":\"Jornal BEIRA-RIO\",\"image\":{\"@type\":\"ImageObject\",\"inLanguage\":\"pt-BR\",\"@id\":\"https:\\\/\\\/jornalbeirario.com.br\\\/portal\\\/wp-content\\\/uploads\\\/2023\\\/10\\\/logojbr1.jpg\",\"url\":\"https:\\\/\\\/jornalbeirario.com.br\\\/portal\\\/wp-content\\\/uploads\\\/2023\\\/10\\\/logojbr1.jpg\",\"contentUrl\":\"https:\\\/\\\/jornalbeirario.com.br\\\/portal\\\/wp-content\\\/uploads\\\/2023\\\/10\\\/logojbr1.jpg\",\"caption\":\"Jornal BEIRA-RIO\"},\"url\":\"https:\\\/\\\/jornalbeirario.com.br\\\/portal\\\/?author=1\"}]}<\/script>\n<!-- \/ Yoast SEO plugin. -->","yoast_head_json":{"title":"La\u00eds Amaral - JORNAL BEIRA RIO","robots":{"index":"index","follow":"follow","max-snippet":"max-snippet:-1","max-image-preview":"max-image-preview:large","max-video-preview":"max-video-preview:-1"},"canonical":"https:\/\/jornalbeirario.com.br\/portal\/?p=29520","og_locale":"pt_BR","og_type":"article","og_title":"La\u00eds Amaral - JORNAL BEIRA RIO","og_description":"Galeano influenciou gera\u00e7\u00f5es com o seu \u2018Veias Abertas&#8230;\u2019, um livro fundamental Segue o in\u00edcio do primeiro par\u00e1grafo de \u201cAs Veias Abertas da Am\u00e9rica Latina\u2019,","og_url":"https:\/\/jornalbeirario.com.br\/portal\/?p=29520","og_site_name":"JORNAL BEIRA RIO","article_published_time":"2015-04-17T03:13:36+00:00","article_modified_time":"2015-04-17T03:14:03+00:00","author":"Jornal BEIRA-RIO","twitter_card":"summary_large_image","twitter_misc":{"Escrito por":"Jornal BEIRA-RIO","Est. tempo de leitura":"4 minutos"},"schema":{"@context":"https:\/\/schema.org","@graph":[{"@type":"Article","@id":"https:\/\/jornalbeirario.com.br\/portal\/?p=29520#article","isPartOf":{"@id":"https:\/\/jornalbeirario.com.br\/portal\/?p=29520"},"author":{"name":"Jornal BEIRA-RIO","@id":"https:\/\/jornalbeirario.com.br\/portal\/#\/schema\/person\/c6c423e4c2465d2a9233f6539173e7c1"},"headline":"La\u00eds Amaral","datePublished":"2015-04-17T03:13:36+00:00","dateModified":"2015-04-17T03:14:03+00:00","mainEntityOfPage":{"@id":"https:\/\/jornalbeirario.com.br\/portal\/?p=29520"},"wordCount":799,"commentCount":0,"publisher":{"@id":"https:\/\/jornalbeirario.com.br\/portal\/#organization"},"articleSection":["Social"],"inLanguage":"pt-BR","potentialAction":[{"@type":"CommentAction","name":"Comment","target":["https:\/\/jornalbeirario.com.br\/portal\/?p=29520#respond"]}]},{"@type":"WebPage","@id":"https:\/\/jornalbeirario.com.br\/portal\/?p=29520","url":"https:\/\/jornalbeirario.com.br\/portal\/?p=29520","name":"La\u00eds Amaral - JORNAL BEIRA RIO","isPartOf":{"@id":"https:\/\/jornalbeirario.com.br\/portal\/#website"},"datePublished":"2015-04-17T03:13:36+00:00","dateModified":"2015-04-17T03:14:03+00:00","breadcrumb":{"@id":"https:\/\/jornalbeirario.com.br\/portal\/?p=29520#breadcrumb"},"inLanguage":"pt-BR","potentialAction":[{"@type":"ReadAction","target":["https:\/\/jornalbeirario.com.br\/portal\/?p=29520"]}]},{"@type":"BreadcrumbList","@id":"https:\/\/jornalbeirario.com.br\/portal\/?p=29520#breadcrumb","itemListElement":[{"@type":"ListItem","position":1,"name":"Home","item":"https:\/\/jornalbeirario.com.br\/portal"},{"@type":"ListItem","position":2,"name":"La\u00eds Amaral"}]},{"@type":"WebSite","@id":"https:\/\/jornalbeirario.com.br\/portal\/#website","url":"https:\/\/jornalbeirario.com.br\/portal\/","name":"JORNAL BEIRA RIO","description":"","publisher":{"@id":"https:\/\/jornalbeirario.com.br\/portal\/#organization"},"potentialAction":[{"@type":"SearchAction","target":{"@type":"EntryPoint","urlTemplate":"https:\/\/jornalbeirario.com.br\/portal\/?s={search_term_string}"},"query-input":{"@type":"PropertyValueSpecification","valueRequired":true,"valueName":"search_term_string"}}],"inLanguage":"pt-BR"},{"@type":"Organization","@id":"https:\/\/jornalbeirario.com.br\/portal\/#organization","name":"JORNAL BEIRA RIO","url":"https:\/\/jornalbeirario.com.br\/portal\/","logo":{"@type":"ImageObject","inLanguage":"pt-BR","@id":"https:\/\/jornalbeirario.com.br\/portal\/#\/schema\/logo\/image\/","url":"https:\/\/jornalbeirario.com.br\/portal\/wp-content\/uploads\/2017\/09\/BEIRA-RIO_logo600.png","contentUrl":"https:\/\/jornalbeirario.com.br\/portal\/wp-content\/uploads\/2017\/09\/BEIRA-RIO_logo600.png","width":650,"height":108,"caption":"JORNAL BEIRA RIO"},"image":{"@id":"https:\/\/jornalbeirario.com.br\/portal\/#\/schema\/logo\/image\/"}},{"@type":"Person","@id":"https:\/\/jornalbeirario.com.br\/portal\/#\/schema\/person\/c6c423e4c2465d2a9233f6539173e7c1","name":"Jornal BEIRA-RIO","image":{"@type":"ImageObject","inLanguage":"pt-BR","@id":"https:\/\/jornalbeirario.com.br\/portal\/wp-content\/uploads\/2023\/10\/logojbr1.jpg","url":"https:\/\/jornalbeirario.com.br\/portal\/wp-content\/uploads\/2023\/10\/logojbr1.jpg","contentUrl":"https:\/\/jornalbeirario.com.br\/portal\/wp-content\/uploads\/2023\/10\/logojbr1.jpg","caption":"Jornal BEIRA-RIO"},"url":"https:\/\/jornalbeirario.com.br\/portal\/?author=1"}]}},"_links":{"self":[{"href":"https:\/\/jornalbeirario.com.br\/portal\/index.php?rest_route=\/wp\/v2\/posts\/29520","targetHints":{"allow":["GET"]}}],"collection":[{"href":"https:\/\/jornalbeirario.com.br\/portal\/index.php?rest_route=\/wp\/v2\/posts"}],"about":[{"href":"https:\/\/jornalbeirario.com.br\/portal\/index.php?rest_route=\/wp\/v2\/types\/post"}],"author":[{"embeddable":true,"href":"https:\/\/jornalbeirario.com.br\/portal\/index.php?rest_route=\/wp\/v2\/users\/1"}],"replies":[{"embeddable":true,"href":"https:\/\/jornalbeirario.com.br\/portal\/index.php?rest_route=%2Fwp%2Fv2%2Fcomments&post=29520"}],"version-history":[{"count":3,"href":"https:\/\/jornalbeirario.com.br\/portal\/index.php?rest_route=\/wp\/v2\/posts\/29520\/revisions"}],"predecessor-version":[{"id":29523,"href":"https:\/\/jornalbeirario.com.br\/portal\/index.php?rest_route=\/wp\/v2\/posts\/29520\/revisions\/29523"}],"wp:attachment":[{"href":"https:\/\/jornalbeirario.com.br\/portal\/index.php?rest_route=%2Fwp%2Fv2%2Fmedia&parent=29520"}],"wp:term":[{"taxonomy":"category","embeddable":true,"href":"https:\/\/jornalbeirario.com.br\/portal\/index.php?rest_route=%2Fwp%2Fv2%2Fcategories&post=29520"},{"taxonomy":"post_tag","embeddable":true,"href":"https:\/\/jornalbeirario.com.br\/portal\/index.php?rest_route=%2Fwp%2Fv2%2Ftags&post=29520"}],"curies":[{"name":"wp","href":"https:\/\/api.w.org\/{rel}","templated":true}]}}