
{"id":29452,"date":"2015-04-12T20:04:37","date_gmt":"2015-04-12T20:04:37","guid":{"rendered":"http:\/\/jornalbeirario.com.br\/portal\/portal\/?p=29452"},"modified":"2015-04-12T20:22:48","modified_gmt":"2015-04-12T20:22:48","slug":"manifestacao-contra-dilma-perde-forca-em-resende","status":"publish","type":"post","link":"https:\/\/jornalbeirario.com.br\/portal\/?p=29452","title":{"rendered":"Manifesta\u00e7\u00e3o contra Dilma perde for\u00e7a em Resende"},"content":{"rendered":"<p><a href=\"https:\/\/jornalbeirario.com.br\/portal\/wp-content\/uploads\/2015\/04\/dentro-protesto1.jpg\"><img loading=\"lazy\" decoding=\"async\" class=\"alignleft size-medium wp-image-29459\" title=\"dentro protesto\" src=\"https:\/\/jornalbeirario.com.br\/portal\/wp-content\/uploads\/2015\/04\/dentro-protesto1-300x99.jpg\" alt=\"\" width=\"300\" height=\"99\" srcset=\"https:\/\/jornalbeirario.com.br\/portal\/wp-content\/uploads\/2015\/04\/dentro-protesto1-300x99.jpg 300w, https:\/\/jornalbeirario.com.br\/portal\/wp-content\/uploads\/2015\/04\/dentro-protesto1.jpg 640w\" sizes=\"auto, (max-width: 300px) 100vw, 300px\" \/><\/a>A manifesta\u00e7\u00e3o contra a presidente Dilma Rousseff (PT), na tarde deste domingo, dia 12, acompanhou os protestos realizados em outras partes do Brasil e tamb\u00e9m teve menos pessoas em rela\u00e7\u00e3o \u00e0 manifesta\u00e7\u00e3o anterior, apenas 200 pessoas reunindo a popula\u00e7\u00e3o de Resende e Itatiaia. Outra mudan\u00e7a foi o p\u00fablico, que desta vez quase n\u00e3o teve jovens. Como o BEIRA-RIO havia mostrado mais cedo, havia <a href=\"https:\/\/jornalbeirario.com.br\/portal\/?p=29436\">dois <\/a>protestos diferentes, que acabaram se fundindo.<\/p>\n<p>Os dois trios el\u00e9tricos sairiam de pontos diferentes e se uniriam no encontro entre as ruas Albino de Almeida e Luiz Pistarini, mas devido \u00e0 quantidade de pessoas, o grupo liderado por Julio Reym\u00e3o optou por n\u00e3o fazer parte do trajeto sozinho e come\u00e7ou a passeata onde os grupos se encontrariam. Ainda na concentra\u00e7\u00e3o, segundo a Pol\u00edcia Militar, o p\u00fablico parecia menor que 250 pessoas e ao final do trajeto a organiza\u00e7\u00e3o confirmou que havia &#8220;mais ou menos 200 pessoas&#8221;.<\/p>\n<p>A maior parte dos manifestantes aparentava mais de 40 anos ou era idoso e havia ainda nomes que figuram na pol\u00edtica, como das candidatas Hevelyne Siqueira e Sandra Nascimento, do ex-vereador Paulo do Som, e do vereador Kiko Besouchet. Muitas pessoas aproveitaram as andan\u00e7as para fazer fotografias do tipo selfie, demonstrando piuca motiva\u00e7\u00e3o pelo protesto.<\/p>\n<p>Entre os animados estava a moradora de Itatiaia Monique F. Mendes, que carregava um cartaz escrito &#8220;Fora Yp\u00ea&#8221;, em alus\u00e3o ao prefeito da cidade, que foi cassado.<\/p>\n<p>&#8211; Itatiaia est\u00e1 fora de ser uma cidade padr\u00e3o. Ganha muitos tributos e n\u00e3o \u00e9 investido na cidade, parece que est\u00e1 cada vez mais caindo a cidade &#8211; afirmou, explicando que pessoas de Itatiaia vieram para Resende porque l\u00e1 n\u00e3o houve manifesta\u00e7\u00e3o.<\/p>\n<p>Al\u00e9m da Pol\u00edcia Militar, o protesto teve refor\u00e7o da Guarda Municipal com quatro viaturas, tr\u00eas motos e 16 agentes.<\/p>\n<p>&nbsp;<\/p>\n","protected":false},"excerpt":{"rendered":"<p>A manifesta\u00e7\u00e3o contra a presidente Dilma Rousseff (PT), na tarde deste domingo, dia 12, acompanhou os protestos realizados em outras partes do Brasil e<\/p>\n","protected":false},"author":1,"featured_media":29458,"comment_status":"open","ping_status":"open","sticky":false,"template":"","format":"standard","meta":{"pmpro_default_level":"","footnotes":"","_members_access_role":[],"_members_access_error":""},"categories":[11],"tags":[155,153],"class_list":["post-29452","post","type-post","status-publish","format-standard","has-post-thumbnail","hentry","category-politica","tag-dehoraemhora","tag-manchete","pmpro-has-access"],"yoast_head":"<!-- This site is optimized with the Yoast SEO plugin v28.4 - https:\/\/yoast.com\/product\/yoast-seo-wordpress\/ -->\n<title>Manifesta\u00e7\u00e3o contra Dilma perde for\u00e7a em Resende - JORNAL BEIRA RIO<\/title>\n<meta name=\"robots\" content=\"index, follow, max-snippet:-1, max-image-preview:large, max-video-preview:-1\" \/>\n<link rel=\"canonical\" href=\"https:\/\/jornalbeirario.com.br\/portal\/?p=29452\" \/>\n<meta property=\"og:locale\" content=\"pt_BR\" \/>\n<meta property=\"og:type\" content=\"article\" \/>\n<meta property=\"og:title\" content=\"Manifesta\u00e7\u00e3o contra Dilma perde for\u00e7a em Resende - JORNAL BEIRA RIO\" \/>\n<meta property=\"og:description\" content=\"A manifesta\u00e7\u00e3o contra a presidente Dilma Rousseff (PT), na tarde deste domingo, dia 12, acompanhou os protestos realizados em outras partes do Brasil e\" \/>\n<meta property=\"og:url\" content=\"https:\/\/jornalbeirario.com.br\/portal\/?p=29452\" \/>\n<meta property=\"og:site_name\" content=\"JORNAL BEIRA RIO\" \/>\n<meta property=\"article:published_time\" content=\"2015-04-12T20:04:37+00:00\" \/>\n<meta property=\"article:modified_time\" content=\"2015-04-12T20:22:48+00:00\" \/>\n<meta property=\"og:image\" content=\"https:\/\/jornalbeirario.com.br\/portal\/wp-content\/uploads\/2015\/04\/capa7.jpg\" \/>\n\t<meta property=\"og:image:width\" content=\"930\" \/>\n\t<meta property=\"og:image:height\" content=\"350\" \/>\n\t<meta property=\"og:image:type\" content=\"image\/jpeg\" \/>\n<meta name=\"author\" content=\"Jornal BEIRA-RIO\" \/>\n<meta name=\"twitter:card\" content=\"summary_large_image\" \/>\n<meta name=\"twitter:label1\" content=\"Escrito por\" \/>\n\t<meta name=\"twitter:data1\" content=\"Jornal BEIRA-RIO\" \/>\n\t<meta name=\"twitter:label2\" content=\"Est. tempo de leitura\" \/>\n\t<meta name=\"twitter:data2\" content=\"2 minutos\" \/>\n<script type=\"application\/ld+json\" class=\"yoast-schema-graph\">{\"@context\":\"https:\\\/\\\/schema.org\",\"@graph\":[{\"@type\":\"Article\",\"@id\":\"https:\\\/\\\/jornalbeirario.com.br\\\/portal\\\/?p=29452#article\",\"isPartOf\":{\"@id\":\"https:\\\/\\\/jornalbeirario.com.br\\\/portal\\\/?p=29452\"},\"author\":{\"name\":\"Jornal BEIRA-RIO\",\"@id\":\"https:\\\/\\\/jornalbeirario.com.br\\\/portal\\\/#\\\/schema\\\/person\\\/c6c423e4c2465d2a9233f6539173e7c1\"},\"headline\":\"Manifesta\u00e7\u00e3o contra Dilma perde for\u00e7a em Resende\",\"datePublished\":\"2015-04-12T20:04:37+00:00\",\"dateModified\":\"2015-04-12T20:22:48+00:00\",\"mainEntityOfPage\":{\"@id\":\"https:\\\/\\\/jornalbeirario.com.br\\\/portal\\\/?p=29452\"},\"wordCount\":322,\"commentCount\":0,\"publisher\":{\"@id\":\"https:\\\/\\\/jornalbeirario.com.br\\\/portal\\\/#organization\"},\"image\":{\"@id\":\"https:\\\/\\\/jornalbeirario.com.br\\\/portal\\\/?p=29452#primaryimage\"},\"thumbnailUrl\":\"https:\\\/\\\/jornalbeirario.com.br\\\/portal\\\/wp-content\\\/uploads\\\/2015\\\/04\\\/capa7.jpg\",\"keywords\":[\"dehoraemhora\",\"manchete\"],\"articleSection\":[\"Pol\u00edtica\"],\"inLanguage\":\"pt-BR\",\"potentialAction\":[{\"@type\":\"CommentAction\",\"name\":\"Comment\",\"target\":[\"https:\\\/\\\/jornalbeirario.com.br\\\/portal\\\/?p=29452#respond\"]}]},{\"@type\":\"WebPage\",\"@id\":\"https:\\\/\\\/jornalbeirario.com.br\\\/portal\\\/?p=29452\",\"url\":\"https:\\\/\\\/jornalbeirario.com.br\\\/portal\\\/?p=29452\",\"name\":\"Manifesta\u00e7\u00e3o contra Dilma perde for\u00e7a em Resende - JORNAL BEIRA RIO\",\"isPartOf\":{\"@id\":\"https:\\\/\\\/jornalbeirario.com.br\\\/portal\\\/#website\"},\"primaryImageOfPage\":{\"@id\":\"https:\\\/\\\/jornalbeirario.com.br\\\/portal\\\/?p=29452#primaryimage\"},\"image\":{\"@id\":\"https:\\\/\\\/jornalbeirario.com.br\\\/portal\\\/?p=29452#primaryimage\"},\"thumbnailUrl\":\"https:\\\/\\\/jornalbeirario.com.br\\\/portal\\\/wp-content\\\/uploads\\\/2015\\\/04\\\/capa7.jpg\",\"datePublished\":\"2015-04-12T20:04:37+00:00\",\"dateModified\":\"2015-04-12T20:22:48+00:00\",\"breadcrumb\":{\"@id\":\"https:\\\/\\\/jornalbeirario.com.br\\\/portal\\\/?p=29452#breadcrumb\"},\"inLanguage\":\"pt-BR\",\"potentialAction\":[{\"@type\":\"ReadAction\",\"target\":[\"https:\\\/\\\/jornalbeirario.com.br\\\/portal\\\/?p=29452\"]}]},{\"@type\":\"ImageObject\",\"inLanguage\":\"pt-BR\",\"@id\":\"https:\\\/\\\/jornalbeirario.com.br\\\/portal\\\/?p=29452#primaryimage\",\"url\":\"https:\\\/\\\/jornalbeirario.com.br\\\/portal\\\/wp-content\\\/uploads\\\/2015\\\/04\\\/capa7.jpg\",\"contentUrl\":\"https:\\\/\\\/jornalbeirario.com.br\\\/portal\\\/wp-content\\\/uploads\\\/2015\\\/04\\\/capa7.jpg\",\"width\":\"930\",\"height\":\"350\"},{\"@type\":\"BreadcrumbList\",\"@id\":\"https:\\\/\\\/jornalbeirario.com.br\\\/portal\\\/?p=29452#breadcrumb\",\"itemListElement\":[{\"@type\":\"ListItem\",\"position\":1,\"name\":\"Home\",\"item\":\"https:\\\/\\\/jornalbeirario.com.br\\\/portal\"},{\"@type\":\"ListItem\",\"position\":2,\"name\":\"Manifesta\u00e7\u00e3o contra Dilma perde for\u00e7a em Resende\"}]},{\"@type\":\"WebSite\",\"@id\":\"https:\\\/\\\/jornalbeirario.com.br\\\/portal\\\/#website\",\"url\":\"https:\\\/\\\/jornalbeirario.com.br\\\/portal\\\/\",\"name\":\"JORNAL BEIRA RIO\",\"description\":\"\",\"publisher\":{\"@id\":\"https:\\\/\\\/jornalbeirario.com.br\\\/portal\\\/#organization\"},\"potentialAction\":[{\"@type\":\"SearchAction\",\"target\":{\"@type\":\"EntryPoint\",\"urlTemplate\":\"https:\\\/\\\/jornalbeirario.com.br\\\/portal\\\/?s={search_term_string}\"},\"query-input\":{\"@type\":\"PropertyValueSpecification\",\"valueRequired\":true,\"valueName\":\"search_term_string\"}}],\"inLanguage\":\"pt-BR\"},{\"@type\":\"Organization\",\"@id\":\"https:\\\/\\\/jornalbeirario.com.br\\\/portal\\\/#organization\",\"name\":\"JORNAL BEIRA RIO\",\"url\":\"https:\\\/\\\/jornalbeirario.com.br\\\/portal\\\/\",\"logo\":{\"@type\":\"ImageObject\",\"inLanguage\":\"pt-BR\",\"@id\":\"https:\\\/\\\/jornalbeirario.com.br\\\/portal\\\/#\\\/schema\\\/logo\\\/image\\\/\",\"url\":\"https:\\\/\\\/jornalbeirario.com.br\\\/portal\\\/wp-content\\\/uploads\\\/2017\\\/09\\\/BEIRA-RIO_logo600.png\",\"contentUrl\":\"https:\\\/\\\/jornalbeirario.com.br\\\/portal\\\/wp-content\\\/uploads\\\/2017\\\/09\\\/BEIRA-RIO_logo600.png\",\"width\":650,\"height\":108,\"caption\":\"JORNAL BEIRA RIO\"},\"image\":{\"@id\":\"https:\\\/\\\/jornalbeirario.com.br\\\/portal\\\/#\\\/schema\\\/logo\\\/image\\\/\"}},{\"@type\":\"Person\",\"@id\":\"https:\\\/\\\/jornalbeirario.com.br\\\/portal\\\/#\\\/schema\\\/person\\\/c6c423e4c2465d2a9233f6539173e7c1\",\"name\":\"Jornal BEIRA-RIO\",\"image\":{\"@type\":\"ImageObject\",\"inLanguage\":\"pt-BR\",\"@id\":\"https:\\\/\\\/jornalbeirario.com.br\\\/portal\\\/wp-content\\\/uploads\\\/2023\\\/10\\\/logojbr1.jpg\",\"url\":\"https:\\\/\\\/jornalbeirario.com.br\\\/portal\\\/wp-content\\\/uploads\\\/2023\\\/10\\\/logojbr1.jpg\",\"contentUrl\":\"https:\\\/\\\/jornalbeirario.com.br\\\/portal\\\/wp-content\\\/uploads\\\/2023\\\/10\\\/logojbr1.jpg\",\"caption\":\"Jornal BEIRA-RIO\"},\"url\":\"https:\\\/\\\/jornalbeirario.com.br\\\/portal\\\/?author=1\"}]}<\/script>\n<!-- \/ Yoast SEO plugin. -->","yoast_head_json":{"title":"Manifesta\u00e7\u00e3o contra Dilma perde for\u00e7a em Resende - JORNAL BEIRA RIO","robots":{"index":"index","follow":"follow","max-snippet":"max-snippet:-1","max-image-preview":"max-image-preview:large","max-video-preview":"max-video-preview:-1"},"canonical":"https:\/\/jornalbeirario.com.br\/portal\/?p=29452","og_locale":"pt_BR","og_type":"article","og_title":"Manifesta\u00e7\u00e3o contra Dilma perde for\u00e7a em Resende - JORNAL BEIRA RIO","og_description":"A manifesta\u00e7\u00e3o contra a presidente Dilma Rousseff (PT), na tarde deste domingo, dia 12, acompanhou os protestos realizados em outras partes do Brasil e","og_url":"https:\/\/jornalbeirario.com.br\/portal\/?p=29452","og_site_name":"JORNAL BEIRA RIO","article_published_time":"2015-04-12T20:04:37+00:00","article_modified_time":"2015-04-12T20:22:48+00:00","og_image":[{"width":930,"height":350,"url":"https:\/\/jornalbeirario.com.br\/portal\/wp-content\/uploads\/2015\/04\/capa7.jpg","type":"image\/jpeg"}],"author":"Jornal BEIRA-RIO","twitter_card":"summary_large_image","twitter_misc":{"Escrito por":"Jornal BEIRA-RIO","Est. tempo de leitura":"2 minutos"},"schema":{"@context":"https:\/\/schema.org","@graph":[{"@type":"Article","@id":"https:\/\/jornalbeirario.com.br\/portal\/?p=29452#article","isPartOf":{"@id":"https:\/\/jornalbeirario.com.br\/portal\/?p=29452"},"author":{"name":"Jornal BEIRA-RIO","@id":"https:\/\/jornalbeirario.com.br\/portal\/#\/schema\/person\/c6c423e4c2465d2a9233f6539173e7c1"},"headline":"Manifesta\u00e7\u00e3o contra Dilma perde for\u00e7a em Resende","datePublished":"2015-04-12T20:04:37+00:00","dateModified":"2015-04-12T20:22:48+00:00","mainEntityOfPage":{"@id":"https:\/\/jornalbeirario.com.br\/portal\/?p=29452"},"wordCount":322,"commentCount":0,"publisher":{"@id":"https:\/\/jornalbeirario.com.br\/portal\/#organization"},"image":{"@id":"https:\/\/jornalbeirario.com.br\/portal\/?p=29452#primaryimage"},"thumbnailUrl":"https:\/\/jornalbeirario.com.br\/portal\/wp-content\/uploads\/2015\/04\/capa7.jpg","keywords":["dehoraemhora","manchete"],"articleSection":["Pol\u00edtica"],"inLanguage":"pt-BR","potentialAction":[{"@type":"CommentAction","name":"Comment","target":["https:\/\/jornalbeirario.com.br\/portal\/?p=29452#respond"]}]},{"@type":"WebPage","@id":"https:\/\/jornalbeirario.com.br\/portal\/?p=29452","url":"https:\/\/jornalbeirario.com.br\/portal\/?p=29452","name":"Manifesta\u00e7\u00e3o contra Dilma perde for\u00e7a em Resende - JORNAL BEIRA RIO","isPartOf":{"@id":"https:\/\/jornalbeirario.com.br\/portal\/#website"},"primaryImageOfPage":{"@id":"https:\/\/jornalbeirario.com.br\/portal\/?p=29452#primaryimage"},"image":{"@id":"https:\/\/jornalbeirario.com.br\/portal\/?p=29452#primaryimage"},"thumbnailUrl":"https:\/\/jornalbeirario.com.br\/portal\/wp-content\/uploads\/2015\/04\/capa7.jpg","datePublished":"2015-04-12T20:04:37+00:00","dateModified":"2015-04-12T20:22:48+00:00","breadcrumb":{"@id":"https:\/\/jornalbeirario.com.br\/portal\/?p=29452#breadcrumb"},"inLanguage":"pt-BR","potentialAction":[{"@type":"ReadAction","target":["https:\/\/jornalbeirario.com.br\/portal\/?p=29452"]}]},{"@type":"ImageObject","inLanguage":"pt-BR","@id":"https:\/\/jornalbeirario.com.br\/portal\/?p=29452#primaryimage","url":"https:\/\/jornalbeirario.com.br\/portal\/wp-content\/uploads\/2015\/04\/capa7.jpg","contentUrl":"https:\/\/jornalbeirario.com.br\/portal\/wp-content\/uploads\/2015\/04\/capa7.jpg","width":"930","height":"350"},{"@type":"BreadcrumbList","@id":"https:\/\/jornalbeirario.com.br\/portal\/?p=29452#breadcrumb","itemListElement":[{"@type":"ListItem","position":1,"name":"Home","item":"https:\/\/jornalbeirario.com.br\/portal"},{"@type":"ListItem","position":2,"name":"Manifesta\u00e7\u00e3o contra Dilma perde for\u00e7a em Resende"}]},{"@type":"WebSite","@id":"https:\/\/jornalbeirario.com.br\/portal\/#website","url":"https:\/\/jornalbeirario.com.br\/portal\/","name":"JORNAL BEIRA RIO","description":"","publisher":{"@id":"https:\/\/jornalbeirario.com.br\/portal\/#organization"},"potentialAction":[{"@type":"SearchAction","target":{"@type":"EntryPoint","urlTemplate":"https:\/\/jornalbeirario.com.br\/portal\/?s={search_term_string}"},"query-input":{"@type":"PropertyValueSpecification","valueRequired":true,"valueName":"search_term_string"}}],"inLanguage":"pt-BR"},{"@type":"Organization","@id":"https:\/\/jornalbeirario.com.br\/portal\/#organization","name":"JORNAL BEIRA RIO","url":"https:\/\/jornalbeirario.com.br\/portal\/","logo":{"@type":"ImageObject","inLanguage":"pt-BR","@id":"https:\/\/jornalbeirario.com.br\/portal\/#\/schema\/logo\/image\/","url":"https:\/\/jornalbeirario.com.br\/portal\/wp-content\/uploads\/2017\/09\/BEIRA-RIO_logo600.png","contentUrl":"https:\/\/jornalbeirario.com.br\/portal\/wp-content\/uploads\/2017\/09\/BEIRA-RIO_logo600.png","width":650,"height":108,"caption":"JORNAL BEIRA RIO"},"image":{"@id":"https:\/\/jornalbeirario.com.br\/portal\/#\/schema\/logo\/image\/"}},{"@type":"Person","@id":"https:\/\/jornalbeirario.com.br\/portal\/#\/schema\/person\/c6c423e4c2465d2a9233f6539173e7c1","name":"Jornal BEIRA-RIO","image":{"@type":"ImageObject","inLanguage":"pt-BR","@id":"https:\/\/jornalbeirario.com.br\/portal\/wp-content\/uploads\/2023\/10\/logojbr1.jpg","url":"https:\/\/jornalbeirario.com.br\/portal\/wp-content\/uploads\/2023\/10\/logojbr1.jpg","contentUrl":"https:\/\/jornalbeirario.com.br\/portal\/wp-content\/uploads\/2023\/10\/logojbr1.jpg","caption":"Jornal BEIRA-RIO"},"url":"https:\/\/jornalbeirario.com.br\/portal\/?author=1"}]}},"_links":{"self":[{"href":"https:\/\/jornalbeirario.com.br\/portal\/index.php?rest_route=\/wp\/v2\/posts\/29452","targetHints":{"allow":["GET"]}}],"collection":[{"href":"https:\/\/jornalbeirario.com.br\/portal\/index.php?rest_route=\/wp\/v2\/posts"}],"about":[{"href":"https:\/\/jornalbeirario.com.br\/portal\/index.php?rest_route=\/wp\/v2\/types\/post"}],"author":[{"embeddable":true,"href":"https:\/\/jornalbeirario.com.br\/portal\/index.php?rest_route=\/wp\/v2\/users\/1"}],"replies":[{"embeddable":true,"href":"https:\/\/jornalbeirario.com.br\/portal\/index.php?rest_route=%2Fwp%2Fv2%2Fcomments&post=29452"}],"version-history":[{"count":5,"href":"https:\/\/jornalbeirario.com.br\/portal\/index.php?rest_route=\/wp\/v2\/posts\/29452\/revisions"}],"predecessor-version":[{"id":29455,"href":"https:\/\/jornalbeirario.com.br\/portal\/index.php?rest_route=\/wp\/v2\/posts\/29452\/revisions\/29455"}],"wp:featuredmedia":[{"embeddable":true,"href":"https:\/\/jornalbeirario.com.br\/portal\/index.php?rest_route=\/wp\/v2\/media\/29458"}],"wp:attachment":[{"href":"https:\/\/jornalbeirario.com.br\/portal\/index.php?rest_route=%2Fwp%2Fv2%2Fmedia&parent=29452"}],"wp:term":[{"taxonomy":"category","embeddable":true,"href":"https:\/\/jornalbeirario.com.br\/portal\/index.php?rest_route=%2Fwp%2Fv2%2Fcategories&post=29452"},{"taxonomy":"post_tag","embeddable":true,"href":"https:\/\/jornalbeirario.com.br\/portal\/index.php?rest_route=%2Fwp%2Fv2%2Ftags&post=29452"}],"curies":[{"name":"wp","href":"https:\/\/api.w.org\/{rel}","templated":true}]}}