
{"id":29396,"date":"2015-04-10T18:47:09","date_gmt":"2015-04-10T18:47:09","guid":{"rendered":"http:\/\/jornalbeirario.com.br\/portal\/portal\/?p=29396"},"modified":"2015-04-10T18:47:09","modified_gmt":"2015-04-10T18:47:09","slug":"educacao-de-porto-real-realiza-curso-de-libras","status":"publish","type":"post","link":"https:\/\/jornalbeirario.com.br\/portal\/?p=29396","title":{"rendered":"Educa\u00e7\u00e3o de Porto Real realiza curso de Libras"},"content":{"rendered":"<p><a href=\"https:\/\/jornalbeirario.com.br\/portal\/wp-content\/uploads\/2015\/04\/libras.jpg\"><img loading=\"lazy\" decoding=\"async\" class=\"alignleft size-medium wp-image-29398\" title=\"libras\" src=\"https:\/\/jornalbeirario.com.br\/portal\/wp-content\/uploads\/2015\/04\/libras-300x198.jpg\" alt=\"\" width=\"300\" height=\"198\" srcset=\"https:\/\/jornalbeirario.com.br\/portal\/wp-content\/uploads\/2015\/04\/libras-300x198.jpg 300w, https:\/\/jornalbeirario.com.br\/portal\/wp-content\/uploads\/2015\/04\/libras.jpg 640w\" sizes=\"auto, (max-width: 300px) 100vw, 300px\" \/><\/a>A Secretaria Municipal de Educa\u00e7\u00e3o de Porto Real est\u00e1 promovendo um curso sobre a L\u00edngua Brasileira de Sinais (Libras) no CIEP Municipalizado Osvaldo Luiz Gomes. Professores e estagi\u00e1rios da rede p\u00fablica de ensino est\u00e3o participando da capacita\u00e7\u00e3o que tem uma carga hor\u00e1ria de 44 horas. O curso \u00e9 ministrado pela professora Cla\u00fadia Conroy e conta com a participa\u00e7\u00e3o de 40 pessoas, entre eles, professores e estagi\u00e1rios da Educa\u00e7\u00e3o Especial.<\/p>\n<p>Bruna Feder, estagi\u00e1ria de pedagogia, \u00e9 aluna do 4\u00ba per\u00edodo do curso.<\/p>\n<p>&#8211; Eu gosto muito da educa\u00e7\u00e3o especial. \u00c9 preciso compreender que a inclus\u00e3o deve estar cada vez mais presente nas escolas. Quando eu terminar a faculdade de pedagogia, vou fazer outra, que \u00e9 a de Letras e Libras. Eu tenho certeza do que quero para o meu futuro profissional. Sempre tive interesse em atuar nessa \u00e1rea e este curso s\u00f3 acrescenta ao processo de inclus\u00e3o e cidadania.<\/p>\n<p>De acordo com o secret\u00e1rio de Educa\u00e7\u00e3o, Jos\u00e9 Roberto Pereira da Silva, a iniciativa \u00e9 pioneira no munic\u00edpio e os mediadores precisam saber trabalhar as especificidades dos seus alunos.<\/p>\n<p>&#8211; A escola deve garantir a inclus\u00e3o social a todos. Faz toda a diferen\u00e7a ter um profissional que consiga se comunicar de forma eficiente com o surdo, isso reflete na qualidade do trabalho e principalmente no desenvolvimento do aluno em sala aula &#8211; conclui o secret\u00e1rio.<\/p>\n<p>&#8211; \u00c9 preciso conviver com essa realidade inclusiva. As salas de aula t\u00eam cada vez mais alunos que precisam dessa aten\u00e7\u00e3o especial. Saber lidar com esse fator extremamente importante. Precisamos abra\u00e7ar essa causa &#8211; disse a estagi\u00e1ria de pedagogia, Ana Paula Arantes, que \u00e9 aluna do 2\u00ba per\u00edodo do curso.<\/p>\n<p>A professora Cl\u00e1udia Conroy disse que o curso pode beneficiar outras cidades da regi\u00e3o.<\/p>\n<p>&#8211; Participar desse curso \u00e9 algo primordial para que o munic\u00edpio possa estar cada vez mais inserido no contexto inclusivo no que se refere \u00e0 educa\u00e7\u00e3o no pa\u00eds. \u00c9 apenas um pequeno passo, mas que pode ser importante at\u00e9 mesmo para outros munic\u00edpios. Isso porque diversos profissionais trabalham n\u00e3o s\u00f3 aqui em Porto Real, mas tamb\u00e9m em outras cidades. A Libras abre as portas para o surdo e \u00e9 importante trazer para a realidade o contexto da escola bil\u00edngue. Ela \u00e9 a segunda l\u00edngua oficial do Brasil e precisa estar inclu\u00edda no dia a dia, principalmente, das salas de aula.<\/p>\n<p>A prefeita Cida comemorou a iniciativa.<\/p>\n<p>&#8211; O programa \u00e9 algo que vem para favorecer o processo de inclus\u00e3o nas escolas. Entender a necessidade de nossos alunos e transformar a realidade das salas de aula, s\u00f3 mostra a preocupa\u00e7\u00e3o que o munic\u00edpio tem em dar ainda mais qualidade ao ensino.<\/p>\n<p>Fonte: Prefeitura de Porto Real<\/p>\n<p>Foto: Divulga\u00e7\u00e3o\/PPR<\/p>\n","protected":false},"excerpt":{"rendered":"<p>A Secretaria Municipal de Educa\u00e7\u00e3o de Porto Real est\u00e1 promovendo um curso sobre a L\u00edngua Brasileira de Sinais (Libras) no CIEP Municipalizado Osvaldo Luiz<\/p>\n","protected":false},"author":1,"featured_media":29399,"comment_status":"open","ping_status":"open","sticky":false,"template":"","format":"standard","meta":{"pmpro_default_level":"","footnotes":""},"categories":[1,28],"tags":[155],"class_list":["post-29396","post","type-post","status-publish","format-standard","has-post-thumbnail","hentry","category-cidade","category-educacao","tag-dehoraemhora","pmpro-has-access"],"yoast_head":"<!-- This site is optimized with the Yoast SEO plugin v27.4 - https:\/\/yoast.com\/product\/yoast-seo-wordpress\/ -->\n<title>Educa\u00e7\u00e3o de Porto Real realiza curso de Libras - JORNAL BEIRA RIO<\/title>\n<meta name=\"robots\" content=\"index, follow, max-snippet:-1, max-image-preview:large, max-video-preview:-1\" \/>\n<link rel=\"canonical\" href=\"https:\/\/jornalbeirario.com.br\/portal\/?p=29396\" \/>\n<meta property=\"og:locale\" content=\"pt_BR\" \/>\n<meta property=\"og:type\" content=\"article\" \/>\n<meta property=\"og:title\" content=\"Educa\u00e7\u00e3o de Porto Real realiza curso de Libras - JORNAL BEIRA RIO\" \/>\n<meta property=\"og:description\" content=\"A Secretaria Municipal de Educa\u00e7\u00e3o de Porto Real est\u00e1 promovendo um curso sobre a L\u00edngua Brasileira de Sinais (Libras) no CIEP Municipalizado Osvaldo Luiz\" \/>\n<meta property=\"og:url\" content=\"https:\/\/jornalbeirario.com.br\/portal\/?p=29396\" \/>\n<meta property=\"og:site_name\" content=\"JORNAL BEIRA RIO\" \/>\n<meta property=\"article:published_time\" content=\"2015-04-10T18:47:09+00:00\" \/>\n<meta property=\"og:image\" content=\"https:\/\/jornalbeirario.com.br\/portal\/wp-content\/uploads\/2015\/04\/libras1.jpg\" \/>\n\t<meta property=\"og:image:width\" content=\"640\" \/>\n\t<meta property=\"og:image:height\" content=\"424\" \/>\n\t<meta property=\"og:image:type\" content=\"image\/jpeg\" \/>\n<meta name=\"author\" content=\"Jornal BEIRA-RIO\" \/>\n<meta name=\"twitter:card\" content=\"summary_large_image\" \/>\n<meta name=\"twitter:label1\" content=\"Escrito por\" \/>\n\t<meta name=\"twitter:data1\" content=\"Jornal BEIRA-RIO\" \/>\n\t<meta name=\"twitter:label2\" content=\"Est. tempo de leitura\" \/>\n\t<meta name=\"twitter:data2\" content=\"2 minutos\" \/>\n<script type=\"application\/ld+json\" class=\"yoast-schema-graph\">{\"@context\":\"https:\\\/\\\/schema.org\",\"@graph\":[{\"@type\":\"Article\",\"@id\":\"https:\\\/\\\/jornalbeirario.com.br\\\/portal\\\/?p=29396#article\",\"isPartOf\":{\"@id\":\"https:\\\/\\\/jornalbeirario.com.br\\\/portal\\\/?p=29396\"},\"author\":{\"name\":\"Jornal BEIRA-RIO\",\"@id\":\"https:\\\/\\\/jornalbeirario.com.br\\\/portal\\\/#\\\/schema\\\/person\\\/c6c423e4c2465d2a9233f6539173e7c1\"},\"headline\":\"Educa\u00e7\u00e3o de Porto Real realiza curso de Libras\",\"datePublished\":\"2015-04-10T18:47:09+00:00\",\"mainEntityOfPage\":{\"@id\":\"https:\\\/\\\/jornalbeirario.com.br\\\/portal\\\/?p=29396\"},\"wordCount\":479,\"commentCount\":0,\"publisher\":{\"@id\":\"https:\\\/\\\/jornalbeirario.com.br\\\/portal\\\/#organization\"},\"image\":{\"@id\":\"https:\\\/\\\/jornalbeirario.com.br\\\/portal\\\/?p=29396#primaryimage\"},\"thumbnailUrl\":\"https:\\\/\\\/jornalbeirario.com.br\\\/portal\\\/wp-content\\\/uploads\\\/2015\\\/04\\\/libras1.jpg\",\"keywords\":[\"dehoraemhora\"],\"articleSection\":[\"Cidade\",\"Educa\u00e7\u00e3o\"],\"inLanguage\":\"pt-BR\",\"potentialAction\":[{\"@type\":\"CommentAction\",\"name\":\"Comment\",\"target\":[\"https:\\\/\\\/jornalbeirario.com.br\\\/portal\\\/?p=29396#respond\"]}]},{\"@type\":\"WebPage\",\"@id\":\"https:\\\/\\\/jornalbeirario.com.br\\\/portal\\\/?p=29396\",\"url\":\"https:\\\/\\\/jornalbeirario.com.br\\\/portal\\\/?p=29396\",\"name\":\"Educa\u00e7\u00e3o de Porto Real realiza curso de Libras - JORNAL BEIRA RIO\",\"isPartOf\":{\"@id\":\"https:\\\/\\\/jornalbeirario.com.br\\\/portal\\\/#website\"},\"primaryImageOfPage\":{\"@id\":\"https:\\\/\\\/jornalbeirario.com.br\\\/portal\\\/?p=29396#primaryimage\"},\"image\":{\"@id\":\"https:\\\/\\\/jornalbeirario.com.br\\\/portal\\\/?p=29396#primaryimage\"},\"thumbnailUrl\":\"https:\\\/\\\/jornalbeirario.com.br\\\/portal\\\/wp-content\\\/uploads\\\/2015\\\/04\\\/libras1.jpg\",\"datePublished\":\"2015-04-10T18:47:09+00:00\",\"breadcrumb\":{\"@id\":\"https:\\\/\\\/jornalbeirario.com.br\\\/portal\\\/?p=29396#breadcrumb\"},\"inLanguage\":\"pt-BR\",\"potentialAction\":[{\"@type\":\"ReadAction\",\"target\":[\"https:\\\/\\\/jornalbeirario.com.br\\\/portal\\\/?p=29396\"]}]},{\"@type\":\"ImageObject\",\"inLanguage\":\"pt-BR\",\"@id\":\"https:\\\/\\\/jornalbeirario.com.br\\\/portal\\\/?p=29396#primaryimage\",\"url\":\"https:\\\/\\\/jornalbeirario.com.br\\\/portal\\\/wp-content\\\/uploads\\\/2015\\\/04\\\/libras1.jpg\",\"contentUrl\":\"https:\\\/\\\/jornalbeirario.com.br\\\/portal\\\/wp-content\\\/uploads\\\/2015\\\/04\\\/libras1.jpg\",\"width\":\"640\",\"height\":\"424\"},{\"@type\":\"BreadcrumbList\",\"@id\":\"https:\\\/\\\/jornalbeirario.com.br\\\/portal\\\/?p=29396#breadcrumb\",\"itemListElement\":[{\"@type\":\"ListItem\",\"position\":1,\"name\":\"Home\",\"item\":\"https:\\\/\\\/jornalbeirario.com.br\\\/portal\"},{\"@type\":\"ListItem\",\"position\":2,\"name\":\"Educa\u00e7\u00e3o de Porto Real realiza curso de Libras\"}]},{\"@type\":\"WebSite\",\"@id\":\"https:\\\/\\\/jornalbeirario.com.br\\\/portal\\\/#website\",\"url\":\"https:\\\/\\\/jornalbeirario.com.br\\\/portal\\\/\",\"name\":\"JORNAL BEIRA RIO\",\"description\":\"\",\"publisher\":{\"@id\":\"https:\\\/\\\/jornalbeirario.com.br\\\/portal\\\/#organization\"},\"potentialAction\":[{\"@type\":\"SearchAction\",\"target\":{\"@type\":\"EntryPoint\",\"urlTemplate\":\"https:\\\/\\\/jornalbeirario.com.br\\\/portal\\\/?s={search_term_string}\"},\"query-input\":{\"@type\":\"PropertyValueSpecification\",\"valueRequired\":true,\"valueName\":\"search_term_string\"}}],\"inLanguage\":\"pt-BR\"},{\"@type\":\"Organization\",\"@id\":\"https:\\\/\\\/jornalbeirario.com.br\\\/portal\\\/#organization\",\"name\":\"JORNAL BEIRA RIO\",\"url\":\"https:\\\/\\\/jornalbeirario.com.br\\\/portal\\\/\",\"logo\":{\"@type\":\"ImageObject\",\"inLanguage\":\"pt-BR\",\"@id\":\"https:\\\/\\\/jornalbeirario.com.br\\\/portal\\\/#\\\/schema\\\/logo\\\/image\\\/\",\"url\":\"https:\\\/\\\/jornalbeirario.com.br\\\/portal\\\/wp-content\\\/uploads\\\/2017\\\/09\\\/BEIRA-RIO_logo600.png\",\"contentUrl\":\"https:\\\/\\\/jornalbeirario.com.br\\\/portal\\\/wp-content\\\/uploads\\\/2017\\\/09\\\/BEIRA-RIO_logo600.png\",\"width\":650,\"height\":108,\"caption\":\"JORNAL BEIRA RIO\"},\"image\":{\"@id\":\"https:\\\/\\\/jornalbeirario.com.br\\\/portal\\\/#\\\/schema\\\/logo\\\/image\\\/\"}},{\"@type\":\"Person\",\"@id\":\"https:\\\/\\\/jornalbeirario.com.br\\\/portal\\\/#\\\/schema\\\/person\\\/c6c423e4c2465d2a9233f6539173e7c1\",\"name\":\"Jornal BEIRA-RIO\",\"image\":{\"@type\":\"ImageObject\",\"inLanguage\":\"pt-BR\",\"@id\":\"https:\\\/\\\/jornalbeirario.com.br\\\/portal\\\/wp-content\\\/uploads\\\/2023\\\/10\\\/logojbr1.jpg\",\"url\":\"https:\\\/\\\/jornalbeirario.com.br\\\/portal\\\/wp-content\\\/uploads\\\/2023\\\/10\\\/logojbr1.jpg\",\"contentUrl\":\"https:\\\/\\\/jornalbeirario.com.br\\\/portal\\\/wp-content\\\/uploads\\\/2023\\\/10\\\/logojbr1.jpg\",\"caption\":\"Jornal BEIRA-RIO\"},\"url\":\"https:\\\/\\\/jornalbeirario.com.br\\\/portal\\\/?author=1\"}]}<\/script>\n<!-- \/ Yoast SEO plugin. -->","yoast_head_json":{"title":"Educa\u00e7\u00e3o de Porto Real realiza curso de Libras - JORNAL BEIRA RIO","robots":{"index":"index","follow":"follow","max-snippet":"max-snippet:-1","max-image-preview":"max-image-preview:large","max-video-preview":"max-video-preview:-1"},"canonical":"https:\/\/jornalbeirario.com.br\/portal\/?p=29396","og_locale":"pt_BR","og_type":"article","og_title":"Educa\u00e7\u00e3o de Porto Real realiza curso de Libras - JORNAL BEIRA RIO","og_description":"A Secretaria Municipal de Educa\u00e7\u00e3o de Porto Real est\u00e1 promovendo um curso sobre a L\u00edngua Brasileira de Sinais (Libras) no CIEP Municipalizado Osvaldo Luiz","og_url":"https:\/\/jornalbeirario.com.br\/portal\/?p=29396","og_site_name":"JORNAL BEIRA RIO","article_published_time":"2015-04-10T18:47:09+00:00","og_image":[{"width":640,"height":424,"url":"https:\/\/jornalbeirario.com.br\/portal\/wp-content\/uploads\/2015\/04\/libras1.jpg","type":"image\/jpeg"}],"author":"Jornal BEIRA-RIO","twitter_card":"summary_large_image","twitter_misc":{"Escrito por":"Jornal BEIRA-RIO","Est. tempo de leitura":"2 minutos"},"schema":{"@context":"https:\/\/schema.org","@graph":[{"@type":"Article","@id":"https:\/\/jornalbeirario.com.br\/portal\/?p=29396#article","isPartOf":{"@id":"https:\/\/jornalbeirario.com.br\/portal\/?p=29396"},"author":{"name":"Jornal BEIRA-RIO","@id":"https:\/\/jornalbeirario.com.br\/portal\/#\/schema\/person\/c6c423e4c2465d2a9233f6539173e7c1"},"headline":"Educa\u00e7\u00e3o de Porto Real realiza curso de Libras","datePublished":"2015-04-10T18:47:09+00:00","mainEntityOfPage":{"@id":"https:\/\/jornalbeirario.com.br\/portal\/?p=29396"},"wordCount":479,"commentCount":0,"publisher":{"@id":"https:\/\/jornalbeirario.com.br\/portal\/#organization"},"image":{"@id":"https:\/\/jornalbeirario.com.br\/portal\/?p=29396#primaryimage"},"thumbnailUrl":"https:\/\/jornalbeirario.com.br\/portal\/wp-content\/uploads\/2015\/04\/libras1.jpg","keywords":["dehoraemhora"],"articleSection":["Cidade","Educa\u00e7\u00e3o"],"inLanguage":"pt-BR","potentialAction":[{"@type":"CommentAction","name":"Comment","target":["https:\/\/jornalbeirario.com.br\/portal\/?p=29396#respond"]}]},{"@type":"WebPage","@id":"https:\/\/jornalbeirario.com.br\/portal\/?p=29396","url":"https:\/\/jornalbeirario.com.br\/portal\/?p=29396","name":"Educa\u00e7\u00e3o de Porto Real realiza curso de Libras - JORNAL BEIRA RIO","isPartOf":{"@id":"https:\/\/jornalbeirario.com.br\/portal\/#website"},"primaryImageOfPage":{"@id":"https:\/\/jornalbeirario.com.br\/portal\/?p=29396#primaryimage"},"image":{"@id":"https:\/\/jornalbeirario.com.br\/portal\/?p=29396#primaryimage"},"thumbnailUrl":"https:\/\/jornalbeirario.com.br\/portal\/wp-content\/uploads\/2015\/04\/libras1.jpg","datePublished":"2015-04-10T18:47:09+00:00","breadcrumb":{"@id":"https:\/\/jornalbeirario.com.br\/portal\/?p=29396#breadcrumb"},"inLanguage":"pt-BR","potentialAction":[{"@type":"ReadAction","target":["https:\/\/jornalbeirario.com.br\/portal\/?p=29396"]}]},{"@type":"ImageObject","inLanguage":"pt-BR","@id":"https:\/\/jornalbeirario.com.br\/portal\/?p=29396#primaryimage","url":"https:\/\/jornalbeirario.com.br\/portal\/wp-content\/uploads\/2015\/04\/libras1.jpg","contentUrl":"https:\/\/jornalbeirario.com.br\/portal\/wp-content\/uploads\/2015\/04\/libras1.jpg","width":"640","height":"424"},{"@type":"BreadcrumbList","@id":"https:\/\/jornalbeirario.com.br\/portal\/?p=29396#breadcrumb","itemListElement":[{"@type":"ListItem","position":1,"name":"Home","item":"https:\/\/jornalbeirario.com.br\/portal"},{"@type":"ListItem","position":2,"name":"Educa\u00e7\u00e3o de Porto Real realiza curso de Libras"}]},{"@type":"WebSite","@id":"https:\/\/jornalbeirario.com.br\/portal\/#website","url":"https:\/\/jornalbeirario.com.br\/portal\/","name":"JORNAL BEIRA RIO","description":"","publisher":{"@id":"https:\/\/jornalbeirario.com.br\/portal\/#organization"},"potentialAction":[{"@type":"SearchAction","target":{"@type":"EntryPoint","urlTemplate":"https:\/\/jornalbeirario.com.br\/portal\/?s={search_term_string}"},"query-input":{"@type":"PropertyValueSpecification","valueRequired":true,"valueName":"search_term_string"}}],"inLanguage":"pt-BR"},{"@type":"Organization","@id":"https:\/\/jornalbeirario.com.br\/portal\/#organization","name":"JORNAL BEIRA RIO","url":"https:\/\/jornalbeirario.com.br\/portal\/","logo":{"@type":"ImageObject","inLanguage":"pt-BR","@id":"https:\/\/jornalbeirario.com.br\/portal\/#\/schema\/logo\/image\/","url":"https:\/\/jornalbeirario.com.br\/portal\/wp-content\/uploads\/2017\/09\/BEIRA-RIO_logo600.png","contentUrl":"https:\/\/jornalbeirario.com.br\/portal\/wp-content\/uploads\/2017\/09\/BEIRA-RIO_logo600.png","width":650,"height":108,"caption":"JORNAL BEIRA RIO"},"image":{"@id":"https:\/\/jornalbeirario.com.br\/portal\/#\/schema\/logo\/image\/"}},{"@type":"Person","@id":"https:\/\/jornalbeirario.com.br\/portal\/#\/schema\/person\/c6c423e4c2465d2a9233f6539173e7c1","name":"Jornal BEIRA-RIO","image":{"@type":"ImageObject","inLanguage":"pt-BR","@id":"https:\/\/jornalbeirario.com.br\/portal\/wp-content\/uploads\/2023\/10\/logojbr1.jpg","url":"https:\/\/jornalbeirario.com.br\/portal\/wp-content\/uploads\/2023\/10\/logojbr1.jpg","contentUrl":"https:\/\/jornalbeirario.com.br\/portal\/wp-content\/uploads\/2023\/10\/logojbr1.jpg","caption":"Jornal BEIRA-RIO"},"url":"https:\/\/jornalbeirario.com.br\/portal\/?author=1"}]}},"_links":{"self":[{"href":"https:\/\/jornalbeirario.com.br\/portal\/index.php?rest_route=\/wp\/v2\/posts\/29396","targetHints":{"allow":["GET"]}}],"collection":[{"href":"https:\/\/jornalbeirario.com.br\/portal\/index.php?rest_route=\/wp\/v2\/posts"}],"about":[{"href":"https:\/\/jornalbeirario.com.br\/portal\/index.php?rest_route=\/wp\/v2\/types\/post"}],"author":[{"embeddable":true,"href":"https:\/\/jornalbeirario.com.br\/portal\/index.php?rest_route=\/wp\/v2\/users\/1"}],"replies":[{"embeddable":true,"href":"https:\/\/jornalbeirario.com.br\/portal\/index.php?rest_route=%2Fwp%2Fv2%2Fcomments&post=29396"}],"version-history":[{"count":2,"href":"https:\/\/jornalbeirario.com.br\/portal\/index.php?rest_route=\/wp\/v2\/posts\/29396\/revisions"}],"predecessor-version":[{"id":29401,"href":"https:\/\/jornalbeirario.com.br\/portal\/index.php?rest_route=\/wp\/v2\/posts\/29396\/revisions\/29401"}],"wp:featuredmedia":[{"embeddable":true,"href":"https:\/\/jornalbeirario.com.br\/portal\/index.php?rest_route=\/wp\/v2\/media\/29399"}],"wp:attachment":[{"href":"https:\/\/jornalbeirario.com.br\/portal\/index.php?rest_route=%2Fwp%2Fv2%2Fmedia&parent=29396"}],"wp:term":[{"taxonomy":"category","embeddable":true,"href":"https:\/\/jornalbeirario.com.br\/portal\/index.php?rest_route=%2Fwp%2Fv2%2Fcategories&post=29396"},{"taxonomy":"post_tag","embeddable":true,"href":"https:\/\/jornalbeirario.com.br\/portal\/index.php?rest_route=%2Fwp%2Fv2%2Ftags&post=29396"}],"curies":[{"name":"wp","href":"https:\/\/api.w.org\/{rel}","templated":true}]}}