
{"id":29317,"date":"2015-04-10T05:22:31","date_gmt":"2015-04-10T05:22:31","guid":{"rendered":"http:\/\/jornalbeirario.com.br\/portal\/portal\/?p=29317"},"modified":"2015-04-10T05:22:31","modified_gmt":"2015-04-10T05:22:31","slug":"lais-amaral-91","status":"publish","type":"post","link":"https:\/\/jornalbeirario.com.br\/portal\/?p=29317","title":{"rendered":"La\u00eds Amaral"},"content":{"rendered":"<p style=\"text-align: justify;\"><strong>Picaretas aprovam retrocesso trabalhista<\/strong><br \/>\nA C\u00e2mara dos Deputados aprovou nessa quarta em Bras\u00edlia o Projeto de Lei 4330 do deputado goiano Sandro Mabel (PMDB) que oficializa a terceiriza\u00e7\u00e3o dos contratos de trabalho. O que significa entre outras coisas a pulveriza\u00e7\u00e3o dos direitos trabalhistas conquistados com muito sangue, suor e l\u00e1grimas pela classe trabalhadora. O trabalhador terceirizado ganha em m\u00e9dia 27% menos que o trabalhador regular e fica no posto 2,6 anos a menos por conta da grande rotatividade. Claro, o contratante deixa pra l\u00e1 o contrato e se manda e o trabalhador que fique na rua da amargura. Imagine isso tamb\u00e9m no servi\u00e7o p\u00fablico ? Pra que concurso ? Sabe aquela brincadeira antiga que dizia que a Lei \u00c1urea tinha sido assinada \u00e0 l\u00e1pis ? Pois \u00e9. O novo sistema \u00e9 uma esp\u00e9cie de sistema semiescravocrata que tira garantias e direitos dos trabalhadores e reduz custos para beneficiar patr\u00f5es e grandes empres\u00e1rios. Esses 324 picaretas que votaram contra os trabalhadores n\u00e3o ser\u00e3o esquecidos. Semana que vem coloco aqui os nomes dos deputados federais do Rio de Janeiro (e seus respectivos partidos) que tra\u00edram os trabalhadores votando a favor dessa excresc\u00eancia neoliberal, que atende a interesses do capital transnacional, que anseia por m\u00e3o de obra barata. Se o STF aceitar uma a\u00e7\u00e3o de inconstitucionalidade que ser\u00e1 impetrada, ainda poderemos alimentar a esperan\u00e7a do projeto ser brecado e n\u00e3o virar lei. Vai depender da Corte Maior.<\/p>\n<p style=\"text-align: justify;\"><strong>\u201cN\u00e3o podes perder, perder pra ningu\u00e9m&#8230;\u201d<\/strong><br \/>\nAbra\u00e7ando os amigos alvinegros, Robson Monteiro, Evaldo, Aldair Almeida, Mu\u00e7um, Nogueira, Carlinhos, Jurema e Z\u00e9 Botafogo, abra\u00e7o a todos os felizes torcedores do primeiro campe\u00e3o oficial deste ano no Rio. Segue o soneto \u2018Manto Sagrado tem que ter estrela\u2019 (do meu livro \u2018\u00c1gua de Passarinho\u2019): \u201cPor sobre as gl\u00f3rias do alvinegro estandarte \/ A poesia adormeceu profundamente \/ Do c\u00e9u sem lua conquistou com pura arte \/ Um ber\u00e7o preto para o astro reluzente \/ O preto e o branco da bandeira gloriosa \/ Se entrela\u00e7am aos cora\u00e7\u00f5es em prosa e verso \/ E com a estrela iluminada e majestosa \/ S\u00e3o o retrato do rascunho do universo \/ Toda impostura que aos de bem provoca espanto \/ N\u00e3o tem poder de macular o nobre manto \/ Que tem a marca que \u00e9 dos c\u00e9us e libert\u00e1ria \/ O que \u00e9 sagrado est\u00e1 em todas as escrituras \/ Tem cinco pontas despontando nas alturas \/ E entre tantas se destaca a Solit\u00e1ria\u201d.<\/p>\n<p style=\"text-align: justify;\"><strong>TRIPA<\/strong><br \/>\n* O Instituto Marechal Jos\u00e9 Pessoa &#8211; que \u00e9 o Conselho Municipal de Planejamento Estrat\u00e9gico e Assessoramento de Resende, reuniu-se nessa quarta-feira, para discutir o Plano de Mobilidade para Resende. O \u2018Plano\u2019 foi elaborado pela Secretaria Municipal de Urbanismo e Arquitetura e apresentado pelo Secret\u00e1rio da \u00e1rea, o arquiteto Ton Kneip. O instituto, presidido por Rafael Fonseca \u00e9 consultivo e foi criado para formular diretrizes e estrat\u00e9gias para um crescimento ordenado e sustent\u00e1vel no munic\u00edpio. O plano dever\u00e1 ser enviado ao Minist\u00e9rio das Cidades at\u00e9 o dia 16, condi\u00e7\u00e3o estabelecida por lei para que munic\u00edpios com mais de 20 anos obtenham recursos da Uni\u00e3o * O circuito de bares com m\u00fasica cresceu essa semana. O \u2018Caminho de Casa\u2019, do Luis Oswaldo Neves, o \u2018Crioulo\u2019 est\u00e1 com m\u00fasica da boa \u00e0s segundas-feiras. \u00c9 \u201cSegunda de Primeira\u201d ou, \u201cSegunda. Wilsinho Ramalho e Jairo Queiroz nas cabe\u00e7as. Quer mais ? * O \u2018Nascimento\u2019 comanda todos os domingos uma pelada supersaud\u00e1vel na AABB. Saud\u00e1vel mesmo, O Pessoal come\u00e7a o racha \u00e0s 7 horas. Da manh\u00e3 mesmo, mo\u00e7ada. E o pessoal chega cedo, incluindo gente, que, pela idade, normalmente deveria estar chegando em casa. Ainda mais, depois de um s\u00e1bado. E est\u00e1 chegando o \u2018So\u00e7aite Cinquent\u00e3o\u2019, tamb\u00e9m aos domingos. \u00c9 futebol arte pra ningu\u00e9m botar defeito * \u00c9 campe\u00e3o &#8230;!!!!<\/p>\n<p style=\"text-align: justify;\"><strong>ANIVERS\u00c1RIOS<\/strong><br \/>\nDia 2 de abril mudaram de idade a Adriana Elias, o Serginho Oliveira, o \u2018Chumbinho\u2019 (meu antigo colega de trabalho em Angra), a Ana Paula David, o Kiko Besouchet, a Odete Amaral e o Ricardo \u2018Ferrugem\u2019 Paiva, comandante do Bar Atl\u00e2ntico. Dia 3 foi a vez da Miriam Aniceto soprar velinhas. Nesse dia 7 foi a Sheila Magalh\u00e3es quem inaugurou idade nova e nessa quarta, dia 8, a professora Alice Brand\u00e3o ficou mais experiente. Parab\u00e9ns e todas as felicidades do mundo a essa turma boa.<\/p>\n","protected":false},"excerpt":{"rendered":"<p>Picaretas aprovam retrocesso trabalhista A C\u00e2mara dos Deputados aprovou nessa quarta em Bras\u00edlia o Projeto de Lei 4330 do deputado goiano Sandro Mabel (PMDB)<\/p>\n","protected":false},"author":1,"featured_media":0,"comment_status":"open","ping_status":"open","sticky":false,"template":"","format":"standard","meta":{"pmpro_default_level":"","footnotes":""},"categories":[13],"tags":[],"class_list":["post-29317","post","type-post","status-publish","format-standard","hentry","category-social","pmpro-has-access"],"yoast_head":"<!-- This site is optimized with the Yoast SEO plugin v27.4 - https:\/\/yoast.com\/product\/yoast-seo-wordpress\/ -->\n<title>La\u00eds Amaral - JORNAL BEIRA RIO<\/title>\n<meta name=\"robots\" content=\"index, follow, max-snippet:-1, max-image-preview:large, max-video-preview:-1\" \/>\n<link rel=\"canonical\" href=\"https:\/\/jornalbeirario.com.br\/portal\/?p=29317\" \/>\n<meta property=\"og:locale\" content=\"pt_BR\" \/>\n<meta property=\"og:type\" content=\"article\" \/>\n<meta property=\"og:title\" content=\"La\u00eds Amaral - JORNAL BEIRA RIO\" \/>\n<meta property=\"og:description\" content=\"Picaretas aprovam retrocesso trabalhista A C\u00e2mara dos Deputados aprovou nessa quarta em Bras\u00edlia o Projeto de Lei 4330 do deputado goiano Sandro Mabel (PMDB)\" \/>\n<meta property=\"og:url\" content=\"https:\/\/jornalbeirario.com.br\/portal\/?p=29317\" \/>\n<meta property=\"og:site_name\" content=\"JORNAL BEIRA RIO\" \/>\n<meta property=\"article:published_time\" content=\"2015-04-10T05:22:31+00:00\" \/>\n<meta name=\"author\" content=\"Jornal BEIRA-RIO\" \/>\n<meta name=\"twitter:card\" content=\"summary_large_image\" \/>\n<meta name=\"twitter:label1\" content=\"Escrito por\" \/>\n\t<meta name=\"twitter:data1\" content=\"Jornal BEIRA-RIO\" \/>\n\t<meta name=\"twitter:label2\" content=\"Est. tempo de leitura\" \/>\n\t<meta name=\"twitter:data2\" content=\"4 minutos\" \/>\n<script type=\"application\/ld+json\" class=\"yoast-schema-graph\">{\"@context\":\"https:\\\/\\\/schema.org\",\"@graph\":[{\"@type\":\"Article\",\"@id\":\"https:\\\/\\\/jornalbeirario.com.br\\\/portal\\\/?p=29317#article\",\"isPartOf\":{\"@id\":\"https:\\\/\\\/jornalbeirario.com.br\\\/portal\\\/?p=29317\"},\"author\":{\"name\":\"Jornal BEIRA-RIO\",\"@id\":\"https:\\\/\\\/jornalbeirario.com.br\\\/portal\\\/#\\\/schema\\\/person\\\/c6c423e4c2465d2a9233f6539173e7c1\"},\"headline\":\"La\u00eds Amaral\",\"datePublished\":\"2015-04-10T05:22:31+00:00\",\"mainEntityOfPage\":{\"@id\":\"https:\\\/\\\/jornalbeirario.com.br\\\/portal\\\/?p=29317\"},\"wordCount\":728,\"commentCount\":0,\"publisher\":{\"@id\":\"https:\\\/\\\/jornalbeirario.com.br\\\/portal\\\/#organization\"},\"articleSection\":[\"Social\"],\"inLanguage\":\"pt-BR\",\"potentialAction\":[{\"@type\":\"CommentAction\",\"name\":\"Comment\",\"target\":[\"https:\\\/\\\/jornalbeirario.com.br\\\/portal\\\/?p=29317#respond\"]}]},{\"@type\":\"WebPage\",\"@id\":\"https:\\\/\\\/jornalbeirario.com.br\\\/portal\\\/?p=29317\",\"url\":\"https:\\\/\\\/jornalbeirario.com.br\\\/portal\\\/?p=29317\",\"name\":\"La\u00eds Amaral - JORNAL BEIRA RIO\",\"isPartOf\":{\"@id\":\"https:\\\/\\\/jornalbeirario.com.br\\\/portal\\\/#website\"},\"datePublished\":\"2015-04-10T05:22:31+00:00\",\"breadcrumb\":{\"@id\":\"https:\\\/\\\/jornalbeirario.com.br\\\/portal\\\/?p=29317#breadcrumb\"},\"inLanguage\":\"pt-BR\",\"potentialAction\":[{\"@type\":\"ReadAction\",\"target\":[\"https:\\\/\\\/jornalbeirario.com.br\\\/portal\\\/?p=29317\"]}]},{\"@type\":\"BreadcrumbList\",\"@id\":\"https:\\\/\\\/jornalbeirario.com.br\\\/portal\\\/?p=29317#breadcrumb\",\"itemListElement\":[{\"@type\":\"ListItem\",\"position\":1,\"name\":\"Home\",\"item\":\"https:\\\/\\\/jornalbeirario.com.br\\\/portal\"},{\"@type\":\"ListItem\",\"position\":2,\"name\":\"La\u00eds Amaral\"}]},{\"@type\":\"WebSite\",\"@id\":\"https:\\\/\\\/jornalbeirario.com.br\\\/portal\\\/#website\",\"url\":\"https:\\\/\\\/jornalbeirario.com.br\\\/portal\\\/\",\"name\":\"JORNAL BEIRA RIO\",\"description\":\"\",\"publisher\":{\"@id\":\"https:\\\/\\\/jornalbeirario.com.br\\\/portal\\\/#organization\"},\"potentialAction\":[{\"@type\":\"SearchAction\",\"target\":{\"@type\":\"EntryPoint\",\"urlTemplate\":\"https:\\\/\\\/jornalbeirario.com.br\\\/portal\\\/?s={search_term_string}\"},\"query-input\":{\"@type\":\"PropertyValueSpecification\",\"valueRequired\":true,\"valueName\":\"search_term_string\"}}],\"inLanguage\":\"pt-BR\"},{\"@type\":\"Organization\",\"@id\":\"https:\\\/\\\/jornalbeirario.com.br\\\/portal\\\/#organization\",\"name\":\"JORNAL BEIRA RIO\",\"url\":\"https:\\\/\\\/jornalbeirario.com.br\\\/portal\\\/\",\"logo\":{\"@type\":\"ImageObject\",\"inLanguage\":\"pt-BR\",\"@id\":\"https:\\\/\\\/jornalbeirario.com.br\\\/portal\\\/#\\\/schema\\\/logo\\\/image\\\/\",\"url\":\"https:\\\/\\\/jornalbeirario.com.br\\\/portal\\\/wp-content\\\/uploads\\\/2017\\\/09\\\/BEIRA-RIO_logo600.png\",\"contentUrl\":\"https:\\\/\\\/jornalbeirario.com.br\\\/portal\\\/wp-content\\\/uploads\\\/2017\\\/09\\\/BEIRA-RIO_logo600.png\",\"width\":650,\"height\":108,\"caption\":\"JORNAL BEIRA RIO\"},\"image\":{\"@id\":\"https:\\\/\\\/jornalbeirario.com.br\\\/portal\\\/#\\\/schema\\\/logo\\\/image\\\/\"}},{\"@type\":\"Person\",\"@id\":\"https:\\\/\\\/jornalbeirario.com.br\\\/portal\\\/#\\\/schema\\\/person\\\/c6c423e4c2465d2a9233f6539173e7c1\",\"name\":\"Jornal BEIRA-RIO\",\"image\":{\"@type\":\"ImageObject\",\"inLanguage\":\"pt-BR\",\"@id\":\"https:\\\/\\\/jornalbeirario.com.br\\\/portal\\\/wp-content\\\/uploads\\\/2023\\\/10\\\/logojbr1.jpg\",\"url\":\"https:\\\/\\\/jornalbeirario.com.br\\\/portal\\\/wp-content\\\/uploads\\\/2023\\\/10\\\/logojbr1.jpg\",\"contentUrl\":\"https:\\\/\\\/jornalbeirario.com.br\\\/portal\\\/wp-content\\\/uploads\\\/2023\\\/10\\\/logojbr1.jpg\",\"caption\":\"Jornal BEIRA-RIO\"},\"url\":\"https:\\\/\\\/jornalbeirario.com.br\\\/portal\\\/?author=1\"}]}<\/script>\n<!-- \/ Yoast SEO plugin. -->","yoast_head_json":{"title":"La\u00eds Amaral - JORNAL BEIRA RIO","robots":{"index":"index","follow":"follow","max-snippet":"max-snippet:-1","max-image-preview":"max-image-preview:large","max-video-preview":"max-video-preview:-1"},"canonical":"https:\/\/jornalbeirario.com.br\/portal\/?p=29317","og_locale":"pt_BR","og_type":"article","og_title":"La\u00eds Amaral - JORNAL BEIRA RIO","og_description":"Picaretas aprovam retrocesso trabalhista A C\u00e2mara dos Deputados aprovou nessa quarta em Bras\u00edlia o Projeto de Lei 4330 do deputado goiano Sandro Mabel (PMDB)","og_url":"https:\/\/jornalbeirario.com.br\/portal\/?p=29317","og_site_name":"JORNAL BEIRA RIO","article_published_time":"2015-04-10T05:22:31+00:00","author":"Jornal BEIRA-RIO","twitter_card":"summary_large_image","twitter_misc":{"Escrito por":"Jornal BEIRA-RIO","Est. tempo de leitura":"4 minutos"},"schema":{"@context":"https:\/\/schema.org","@graph":[{"@type":"Article","@id":"https:\/\/jornalbeirario.com.br\/portal\/?p=29317#article","isPartOf":{"@id":"https:\/\/jornalbeirario.com.br\/portal\/?p=29317"},"author":{"name":"Jornal BEIRA-RIO","@id":"https:\/\/jornalbeirario.com.br\/portal\/#\/schema\/person\/c6c423e4c2465d2a9233f6539173e7c1"},"headline":"La\u00eds Amaral","datePublished":"2015-04-10T05:22:31+00:00","mainEntityOfPage":{"@id":"https:\/\/jornalbeirario.com.br\/portal\/?p=29317"},"wordCount":728,"commentCount":0,"publisher":{"@id":"https:\/\/jornalbeirario.com.br\/portal\/#organization"},"articleSection":["Social"],"inLanguage":"pt-BR","potentialAction":[{"@type":"CommentAction","name":"Comment","target":["https:\/\/jornalbeirario.com.br\/portal\/?p=29317#respond"]}]},{"@type":"WebPage","@id":"https:\/\/jornalbeirario.com.br\/portal\/?p=29317","url":"https:\/\/jornalbeirario.com.br\/portal\/?p=29317","name":"La\u00eds Amaral - JORNAL BEIRA RIO","isPartOf":{"@id":"https:\/\/jornalbeirario.com.br\/portal\/#website"},"datePublished":"2015-04-10T05:22:31+00:00","breadcrumb":{"@id":"https:\/\/jornalbeirario.com.br\/portal\/?p=29317#breadcrumb"},"inLanguage":"pt-BR","potentialAction":[{"@type":"ReadAction","target":["https:\/\/jornalbeirario.com.br\/portal\/?p=29317"]}]},{"@type":"BreadcrumbList","@id":"https:\/\/jornalbeirario.com.br\/portal\/?p=29317#breadcrumb","itemListElement":[{"@type":"ListItem","position":1,"name":"Home","item":"https:\/\/jornalbeirario.com.br\/portal"},{"@type":"ListItem","position":2,"name":"La\u00eds Amaral"}]},{"@type":"WebSite","@id":"https:\/\/jornalbeirario.com.br\/portal\/#website","url":"https:\/\/jornalbeirario.com.br\/portal\/","name":"JORNAL BEIRA RIO","description":"","publisher":{"@id":"https:\/\/jornalbeirario.com.br\/portal\/#organization"},"potentialAction":[{"@type":"SearchAction","target":{"@type":"EntryPoint","urlTemplate":"https:\/\/jornalbeirario.com.br\/portal\/?s={search_term_string}"},"query-input":{"@type":"PropertyValueSpecification","valueRequired":true,"valueName":"search_term_string"}}],"inLanguage":"pt-BR"},{"@type":"Organization","@id":"https:\/\/jornalbeirario.com.br\/portal\/#organization","name":"JORNAL BEIRA RIO","url":"https:\/\/jornalbeirario.com.br\/portal\/","logo":{"@type":"ImageObject","inLanguage":"pt-BR","@id":"https:\/\/jornalbeirario.com.br\/portal\/#\/schema\/logo\/image\/","url":"https:\/\/jornalbeirario.com.br\/portal\/wp-content\/uploads\/2017\/09\/BEIRA-RIO_logo600.png","contentUrl":"https:\/\/jornalbeirario.com.br\/portal\/wp-content\/uploads\/2017\/09\/BEIRA-RIO_logo600.png","width":650,"height":108,"caption":"JORNAL BEIRA RIO"},"image":{"@id":"https:\/\/jornalbeirario.com.br\/portal\/#\/schema\/logo\/image\/"}},{"@type":"Person","@id":"https:\/\/jornalbeirario.com.br\/portal\/#\/schema\/person\/c6c423e4c2465d2a9233f6539173e7c1","name":"Jornal BEIRA-RIO","image":{"@type":"ImageObject","inLanguage":"pt-BR","@id":"https:\/\/jornalbeirario.com.br\/portal\/wp-content\/uploads\/2023\/10\/logojbr1.jpg","url":"https:\/\/jornalbeirario.com.br\/portal\/wp-content\/uploads\/2023\/10\/logojbr1.jpg","contentUrl":"https:\/\/jornalbeirario.com.br\/portal\/wp-content\/uploads\/2023\/10\/logojbr1.jpg","caption":"Jornal BEIRA-RIO"},"url":"https:\/\/jornalbeirario.com.br\/portal\/?author=1"}]}},"_links":{"self":[{"href":"https:\/\/jornalbeirario.com.br\/portal\/index.php?rest_route=\/wp\/v2\/posts\/29317","targetHints":{"allow":["GET"]}}],"collection":[{"href":"https:\/\/jornalbeirario.com.br\/portal\/index.php?rest_route=\/wp\/v2\/posts"}],"about":[{"href":"https:\/\/jornalbeirario.com.br\/portal\/index.php?rest_route=\/wp\/v2\/types\/post"}],"author":[{"embeddable":true,"href":"https:\/\/jornalbeirario.com.br\/portal\/index.php?rest_route=\/wp\/v2\/users\/1"}],"replies":[{"embeddable":true,"href":"https:\/\/jornalbeirario.com.br\/portal\/index.php?rest_route=%2Fwp%2Fv2%2Fcomments&post=29317"}],"version-history":[{"count":4,"href":"https:\/\/jornalbeirario.com.br\/portal\/index.php?rest_route=\/wp\/v2\/posts\/29317\/revisions"}],"predecessor-version":[{"id":29362,"href":"https:\/\/jornalbeirario.com.br\/portal\/index.php?rest_route=\/wp\/v2\/posts\/29317\/revisions\/29362"}],"wp:attachment":[{"href":"https:\/\/jornalbeirario.com.br\/portal\/index.php?rest_route=%2Fwp%2Fv2%2Fmedia&parent=29317"}],"wp:term":[{"taxonomy":"category","embeddable":true,"href":"https:\/\/jornalbeirario.com.br\/portal\/index.php?rest_route=%2Fwp%2Fv2%2Fcategories&post=29317"},{"taxonomy":"post_tag","embeddable":true,"href":"https:\/\/jornalbeirario.com.br\/portal\/index.php?rest_route=%2Fwp%2Fv2%2Ftags&post=29317"}],"curies":[{"name":"wp","href":"https:\/\/api.w.org\/{rel}","templated":true}]}}