
{"id":29171,"date":"2015-04-03T08:21:23","date_gmt":"2015-04-03T08:21:23","guid":{"rendered":"http:\/\/jornalbeirario.com.br\/portal\/portal\/?p=29171"},"modified":"2015-04-03T08:21:23","modified_gmt":"2015-04-03T08:21:23","slug":"cartas-e-e-mails-67","status":"publish","type":"post","link":"https:\/\/jornalbeirario.com.br\/portal\/?p=29171","title":{"rendered":"Cartas e E-mails"},"content":{"rendered":"<p style=\"text-align: justify;\"><strong>CARTA ABERTA \u00c0 POPULA\u00c7\u00c3O DE RESENDE<\/strong><\/p>\n<p style=\"text-align: justify;\">Resende passa a pior epidemia de dengue j\u00e1 registrada no munic\u00edpio e entendendo que, o controle vetorial deve ser uma a\u00e7\u00e3o de responsabilidade coletiva e que n\u00e3o apenas ao setor sa\u00fade e seus profissionais, mas tamb\u00e9m assumindo a responsabilidade do controle social e acompanhamento das pol\u00edticas p\u00fablicas de sa\u00fade no munic\u00edpio, o Conselho Municipal de Sa\u00fade, em carta aberta \u00e0 popula\u00e7\u00e3o de Resende esclarece que:<\/p>\n<p style=\"text-align: justify;\">CONSIDERANDO o registro de dez mortes, at\u00e9 esta data, no munic\u00edpio de Resende, mais de 9 mil casos notificados e quase dois mil confirmados, e ficando o munic\u00edpio na classifica\u00e7\u00e3o de par\u00e2metro nacional como de incid\u00eancia alta da doen\u00e7a estabelecendo uma epidemia;<\/p>\n<p style=\"text-align: justify;\">CONSIDERANDO que em setembro de 2014 foi aprovado o Plano de Conting\u00eancia da Dengue, onde foram feitas v\u00e1rias observa\u00e7\u00f5es, entre elas a aus\u00eancia de discuss\u00e3o do tema na \u00faltima confer\u00eancia municipal de sa\u00fade ocorrida em 2013; falta de um mapeamento dos casos anteriores; falta de divulga\u00e7\u00e3o de um telefone intitulado \u201cDisque-Dengue\u201d para solicita\u00e7\u00f5es de informa\u00e7\u00f5es e, a aus\u00eancia do detalhamento dos recursos empregados na pol\u00edtica de combate \u00e0 dengue;<\/p>\n<p style=\"text-align: justify;\">CONSIDERANDO que apesar de ter sido criado, pelo governo municipal, em 2009, um Comit\u00ea de Combate \u00e0 Dengue visando integrar secretarias municipais e outros setores da sociedade, o Comit\u00ea teve atua\u00e7\u00f5es t\u00edmidas e de pouco alcance apenas nos tr\u00eas anos que se seguiram, ou seja, desde janeiro de 2012 que o comit\u00ea foi desarticulado deixando um vazio que entendemos contribuiu para um monitoramento das pol\u00edticas de preven\u00e7\u00e3o e de combate \u00e0 Dengue;<\/p>\n<p style=\"text-align: justify;\">CONSIDERANDO que o Conselho Municipal de Sa\u00fade tem por atribui\u00e7\u00e3o entre outros fundamentos, o do Art. 5\u00ba do Regimento do Conselho Municipal de Sa\u00fade de Resende, em seu inciso XXIV \u2013 estabelecer a\u00e7\u00f5es de informa\u00e7\u00e3o, educa\u00e7\u00e3o e comunica\u00e7\u00e3o em sa\u00fade, divulgar as fun\u00e7\u00f5es e compet\u00eancias do Conselho de Sa\u00fade, seus trabalhos e decis\u00f5es nos meios de comunica\u00e7\u00e3o, (&#8230;), assim como o par\u00e1grafo 3\u00ba do Art.30 da Lei Complementar 141\/12 que estabelece que caber\u00e1 aos conselhos de sa\u00fade deliberar sobre as diretrizes para o estabelecimento de prioridades.<\/p>\n<p style=\"text-align: justify;\">O Conselho Municipal de Sa\u00fade de Resende entende que o governo municipal deve priorizar as a\u00e7\u00f5es da pol\u00edticas de sa\u00fade voltadas para o combate \u00e0 epidemia de dengue e para tanto recomenda ao secret\u00e1rio de Sa\u00fade sua defer\u00eancia para a decreta\u00e7\u00e3o de situa\u00e7\u00e3o de emerg\u00eancia ou mecanismo legal similar e assim, atender as demandas que se avolumam em raz\u00e3o, primeiro, das mortes at\u00e9 agora registradas e depois pelas unidades de sa\u00fade lotadas, , assim como no j\u00e1 notado esgotamento f\u00edsico, podendo atingir as habilidades profissionais dos servidores da sa\u00fade que est\u00e3o trabalhando exaustivamente no atendimento da popula\u00e7\u00e3o. Assim como, outras pol\u00edticas de combate \u00e0 Dengue como melhor estrutura do setor epidemiol\u00f3gico, onde faltam espa\u00e7o, pessoal e computadores para o lan\u00e7amento e atualiza\u00e7\u00e3o dos dados.<\/p>\n<p style=\"text-align: justify;\">Os conselheiros municipais de Sa\u00fade entendem que esta a\u00e7\u00e3o n\u00e3o resolver\u00e1 de todo e t\u00e3o pouco evitar\u00e1 novos surtos da doen\u00e7a, mas acreditam que poder\u00e1 minimizar alguns efeitos imediatos que t\u00eam levado o nome do munic\u00edpio de maneira muito negativa com o crescimento da doen\u00e7a. Para evitarmos novos casos, nos pr\u00f3ximos anos ou evitarmos a situa\u00e7\u00e3o que hoje nos encontramos ser\u00e1 preciso um esfor\u00e7o conjunto do governo e sociedade, onde uma reformula\u00e7\u00e3o no Plano de Conting\u00eancia da Dengue contemple a integra\u00e7\u00e3o de outros setores, assim como mais investimentos no setor epidemiol\u00f3gico, contrata\u00e7\u00e3o de agentes de sa\u00fade e a\u00e7\u00f5es preventivas monitoradas durante todo o ano. Para alcan\u00e7ar a sustentabilidade definitiva nas a\u00e7\u00f5es de controle, \u00e9 imprescind\u00edvel a cria\u00e7\u00e3o de um grupo executivo intersetorial, que dever\u00e1 contar com o envolvimento dos diversos setores da sociedade assim como a mobiliza\u00e7\u00e3o em sa\u00fade e que o Conselho Municipal de Sa\u00fade se compromete a incluir na pauta da pr\u00f3xima confer\u00eancia municipal de sa\u00fade que dever\u00e1 ocorrer em Resende at\u00e9 o final do m\u00eas de julho\/2015.<\/p>\n<p style=\"text-align: justify;\">Mar\u00e7o de 2015<br \/>\nConselho Municipal de Sa\u00fade de Resende<\/p>\n","protected":false},"excerpt":{"rendered":"<p>CARTA ABERTA \u00c0 POPULA\u00c7\u00c3O DE RESENDE Resende passa a pior epidemia de dengue j\u00e1 registrada no munic\u00edpio e entendendo que, o controle vetorial deve<\/p>\n","protected":false},"author":1,"featured_media":0,"comment_status":"open","ping_status":"open","sticky":false,"template":"","format":"standard","meta":{"pmpro_default_level":"","footnotes":"","_members_access_role":[],"_members_access_error":""},"categories":[8],"tags":[],"class_list":["post-29171","post","type-post","status-publish","format-standard","hentry","category-opiniao","pmpro-has-access"],"yoast_head":"<!-- This site is optimized with the Yoast SEO plugin v28.4 - https:\/\/yoast.com\/product\/yoast-seo-wordpress\/ -->\n<title>Cartas e E-mails - JORNAL BEIRA RIO<\/title>\n<meta name=\"robots\" content=\"index, follow, max-snippet:-1, max-image-preview:large, max-video-preview:-1\" \/>\n<link rel=\"canonical\" href=\"https:\/\/jornalbeirario.com.br\/portal\/?p=29171\" \/>\n<meta property=\"og:locale\" content=\"pt_BR\" \/>\n<meta property=\"og:type\" content=\"article\" \/>\n<meta property=\"og:title\" content=\"Cartas e E-mails - JORNAL BEIRA RIO\" \/>\n<meta property=\"og:description\" content=\"CARTA ABERTA \u00c0 POPULA\u00c7\u00c3O DE RESENDE Resende passa a pior epidemia de dengue j\u00e1 registrada no munic\u00edpio e entendendo que, o controle vetorial deve\" \/>\n<meta property=\"og:url\" content=\"https:\/\/jornalbeirario.com.br\/portal\/?p=29171\" \/>\n<meta property=\"og:site_name\" content=\"JORNAL BEIRA RIO\" \/>\n<meta property=\"article:published_time\" content=\"2015-04-03T08:21:23+00:00\" \/>\n<meta name=\"author\" content=\"Jornal BEIRA-RIO\" \/>\n<meta name=\"twitter:card\" content=\"summary_large_image\" \/>\n<meta name=\"twitter:label1\" content=\"Escrito por\" \/>\n\t<meta name=\"twitter:data1\" content=\"Jornal BEIRA-RIO\" \/>\n\t<meta name=\"twitter:label2\" content=\"Est. tempo de leitura\" \/>\n\t<meta name=\"twitter:data2\" content=\"4 minutos\" \/>\n<script type=\"application\/ld+json\" class=\"yoast-schema-graph\">{\"@context\":\"https:\\\/\\\/schema.org\",\"@graph\":[{\"@type\":\"Article\",\"@id\":\"https:\\\/\\\/jornalbeirario.com.br\\\/portal\\\/?p=29171#article\",\"isPartOf\":{\"@id\":\"https:\\\/\\\/jornalbeirario.com.br\\\/portal\\\/?p=29171\"},\"author\":{\"name\":\"Jornal BEIRA-RIO\",\"@id\":\"https:\\\/\\\/jornalbeirario.com.br\\\/portal\\\/#\\\/schema\\\/person\\\/c6c423e4c2465d2a9233f6539173e7c1\"},\"headline\":\"Cartas e E-mails\",\"datePublished\":\"2015-04-03T08:21:23+00:00\",\"mainEntityOfPage\":{\"@id\":\"https:\\\/\\\/jornalbeirario.com.br\\\/portal\\\/?p=29171\"},\"wordCount\":728,\"commentCount\":0,\"publisher\":{\"@id\":\"https:\\\/\\\/jornalbeirario.com.br\\\/portal\\\/#organization\"},\"articleSection\":[\"Opini\u00e3o\"],\"inLanguage\":\"pt-BR\",\"potentialAction\":[{\"@type\":\"CommentAction\",\"name\":\"Comment\",\"target\":[\"https:\\\/\\\/jornalbeirario.com.br\\\/portal\\\/?p=29171#respond\"]}]},{\"@type\":\"WebPage\",\"@id\":\"https:\\\/\\\/jornalbeirario.com.br\\\/portal\\\/?p=29171\",\"url\":\"https:\\\/\\\/jornalbeirario.com.br\\\/portal\\\/?p=29171\",\"name\":\"Cartas e E-mails - JORNAL BEIRA RIO\",\"isPartOf\":{\"@id\":\"https:\\\/\\\/jornalbeirario.com.br\\\/portal\\\/#website\"},\"datePublished\":\"2015-04-03T08:21:23+00:00\",\"breadcrumb\":{\"@id\":\"https:\\\/\\\/jornalbeirario.com.br\\\/portal\\\/?p=29171#breadcrumb\"},\"inLanguage\":\"pt-BR\",\"potentialAction\":[{\"@type\":\"ReadAction\",\"target\":[\"https:\\\/\\\/jornalbeirario.com.br\\\/portal\\\/?p=29171\"]}]},{\"@type\":\"BreadcrumbList\",\"@id\":\"https:\\\/\\\/jornalbeirario.com.br\\\/portal\\\/?p=29171#breadcrumb\",\"itemListElement\":[{\"@type\":\"ListItem\",\"position\":1,\"name\":\"Home\",\"item\":\"https:\\\/\\\/jornalbeirario.com.br\\\/portal\"},{\"@type\":\"ListItem\",\"position\":2,\"name\":\"Cartas e E-mails\"}]},{\"@type\":\"WebSite\",\"@id\":\"https:\\\/\\\/jornalbeirario.com.br\\\/portal\\\/#website\",\"url\":\"https:\\\/\\\/jornalbeirario.com.br\\\/portal\\\/\",\"name\":\"JORNAL BEIRA RIO\",\"description\":\"\",\"publisher\":{\"@id\":\"https:\\\/\\\/jornalbeirario.com.br\\\/portal\\\/#organization\"},\"potentialAction\":[{\"@type\":\"SearchAction\",\"target\":{\"@type\":\"EntryPoint\",\"urlTemplate\":\"https:\\\/\\\/jornalbeirario.com.br\\\/portal\\\/?s={search_term_string}\"},\"query-input\":{\"@type\":\"PropertyValueSpecification\",\"valueRequired\":true,\"valueName\":\"search_term_string\"}}],\"inLanguage\":\"pt-BR\"},{\"@type\":\"Organization\",\"@id\":\"https:\\\/\\\/jornalbeirario.com.br\\\/portal\\\/#organization\",\"name\":\"JORNAL BEIRA RIO\",\"url\":\"https:\\\/\\\/jornalbeirario.com.br\\\/portal\\\/\",\"logo\":{\"@type\":\"ImageObject\",\"inLanguage\":\"pt-BR\",\"@id\":\"https:\\\/\\\/jornalbeirario.com.br\\\/portal\\\/#\\\/schema\\\/logo\\\/image\\\/\",\"url\":\"https:\\\/\\\/jornalbeirario.com.br\\\/portal\\\/wp-content\\\/uploads\\\/2017\\\/09\\\/BEIRA-RIO_logo600.png\",\"contentUrl\":\"https:\\\/\\\/jornalbeirario.com.br\\\/portal\\\/wp-content\\\/uploads\\\/2017\\\/09\\\/BEIRA-RIO_logo600.png\",\"width\":650,\"height\":108,\"caption\":\"JORNAL BEIRA RIO\"},\"image\":{\"@id\":\"https:\\\/\\\/jornalbeirario.com.br\\\/portal\\\/#\\\/schema\\\/logo\\\/image\\\/\"}},{\"@type\":\"Person\",\"@id\":\"https:\\\/\\\/jornalbeirario.com.br\\\/portal\\\/#\\\/schema\\\/person\\\/c6c423e4c2465d2a9233f6539173e7c1\",\"name\":\"Jornal BEIRA-RIO\",\"image\":{\"@type\":\"ImageObject\",\"inLanguage\":\"pt-BR\",\"@id\":\"https:\\\/\\\/jornalbeirario.com.br\\\/portal\\\/wp-content\\\/uploads\\\/2023\\\/10\\\/logojbr1.jpg\",\"url\":\"https:\\\/\\\/jornalbeirario.com.br\\\/portal\\\/wp-content\\\/uploads\\\/2023\\\/10\\\/logojbr1.jpg\",\"contentUrl\":\"https:\\\/\\\/jornalbeirario.com.br\\\/portal\\\/wp-content\\\/uploads\\\/2023\\\/10\\\/logojbr1.jpg\",\"caption\":\"Jornal BEIRA-RIO\"},\"url\":\"https:\\\/\\\/jornalbeirario.com.br\\\/portal\\\/?author=1\"}]}<\/script>\n<!-- \/ Yoast SEO plugin. -->","yoast_head_json":{"title":"Cartas e E-mails - JORNAL BEIRA RIO","robots":{"index":"index","follow":"follow","max-snippet":"max-snippet:-1","max-image-preview":"max-image-preview:large","max-video-preview":"max-video-preview:-1"},"canonical":"https:\/\/jornalbeirario.com.br\/portal\/?p=29171","og_locale":"pt_BR","og_type":"article","og_title":"Cartas e E-mails - JORNAL BEIRA RIO","og_description":"CARTA ABERTA \u00c0 POPULA\u00c7\u00c3O DE RESENDE Resende passa a pior epidemia de dengue j\u00e1 registrada no munic\u00edpio e entendendo que, o controle vetorial deve","og_url":"https:\/\/jornalbeirario.com.br\/portal\/?p=29171","og_site_name":"JORNAL BEIRA RIO","article_published_time":"2015-04-03T08:21:23+00:00","author":"Jornal BEIRA-RIO","twitter_card":"summary_large_image","twitter_misc":{"Escrito por":"Jornal BEIRA-RIO","Est. tempo de leitura":"4 minutos"},"schema":{"@context":"https:\/\/schema.org","@graph":[{"@type":"Article","@id":"https:\/\/jornalbeirario.com.br\/portal\/?p=29171#article","isPartOf":{"@id":"https:\/\/jornalbeirario.com.br\/portal\/?p=29171"},"author":{"name":"Jornal BEIRA-RIO","@id":"https:\/\/jornalbeirario.com.br\/portal\/#\/schema\/person\/c6c423e4c2465d2a9233f6539173e7c1"},"headline":"Cartas e E-mails","datePublished":"2015-04-03T08:21:23+00:00","mainEntityOfPage":{"@id":"https:\/\/jornalbeirario.com.br\/portal\/?p=29171"},"wordCount":728,"commentCount":0,"publisher":{"@id":"https:\/\/jornalbeirario.com.br\/portal\/#organization"},"articleSection":["Opini\u00e3o"],"inLanguage":"pt-BR","potentialAction":[{"@type":"CommentAction","name":"Comment","target":["https:\/\/jornalbeirario.com.br\/portal\/?p=29171#respond"]}]},{"@type":"WebPage","@id":"https:\/\/jornalbeirario.com.br\/portal\/?p=29171","url":"https:\/\/jornalbeirario.com.br\/portal\/?p=29171","name":"Cartas e E-mails - JORNAL BEIRA RIO","isPartOf":{"@id":"https:\/\/jornalbeirario.com.br\/portal\/#website"},"datePublished":"2015-04-03T08:21:23+00:00","breadcrumb":{"@id":"https:\/\/jornalbeirario.com.br\/portal\/?p=29171#breadcrumb"},"inLanguage":"pt-BR","potentialAction":[{"@type":"ReadAction","target":["https:\/\/jornalbeirario.com.br\/portal\/?p=29171"]}]},{"@type":"BreadcrumbList","@id":"https:\/\/jornalbeirario.com.br\/portal\/?p=29171#breadcrumb","itemListElement":[{"@type":"ListItem","position":1,"name":"Home","item":"https:\/\/jornalbeirario.com.br\/portal"},{"@type":"ListItem","position":2,"name":"Cartas e E-mails"}]},{"@type":"WebSite","@id":"https:\/\/jornalbeirario.com.br\/portal\/#website","url":"https:\/\/jornalbeirario.com.br\/portal\/","name":"JORNAL BEIRA RIO","description":"","publisher":{"@id":"https:\/\/jornalbeirario.com.br\/portal\/#organization"},"potentialAction":[{"@type":"SearchAction","target":{"@type":"EntryPoint","urlTemplate":"https:\/\/jornalbeirario.com.br\/portal\/?s={search_term_string}"},"query-input":{"@type":"PropertyValueSpecification","valueRequired":true,"valueName":"search_term_string"}}],"inLanguage":"pt-BR"},{"@type":"Organization","@id":"https:\/\/jornalbeirario.com.br\/portal\/#organization","name":"JORNAL BEIRA RIO","url":"https:\/\/jornalbeirario.com.br\/portal\/","logo":{"@type":"ImageObject","inLanguage":"pt-BR","@id":"https:\/\/jornalbeirario.com.br\/portal\/#\/schema\/logo\/image\/","url":"https:\/\/jornalbeirario.com.br\/portal\/wp-content\/uploads\/2017\/09\/BEIRA-RIO_logo600.png","contentUrl":"https:\/\/jornalbeirario.com.br\/portal\/wp-content\/uploads\/2017\/09\/BEIRA-RIO_logo600.png","width":650,"height":108,"caption":"JORNAL BEIRA RIO"},"image":{"@id":"https:\/\/jornalbeirario.com.br\/portal\/#\/schema\/logo\/image\/"}},{"@type":"Person","@id":"https:\/\/jornalbeirario.com.br\/portal\/#\/schema\/person\/c6c423e4c2465d2a9233f6539173e7c1","name":"Jornal BEIRA-RIO","image":{"@type":"ImageObject","inLanguage":"pt-BR","@id":"https:\/\/jornalbeirario.com.br\/portal\/wp-content\/uploads\/2023\/10\/logojbr1.jpg","url":"https:\/\/jornalbeirario.com.br\/portal\/wp-content\/uploads\/2023\/10\/logojbr1.jpg","contentUrl":"https:\/\/jornalbeirario.com.br\/portal\/wp-content\/uploads\/2023\/10\/logojbr1.jpg","caption":"Jornal BEIRA-RIO"},"url":"https:\/\/jornalbeirario.com.br\/portal\/?author=1"}]}},"_links":{"self":[{"href":"https:\/\/jornalbeirario.com.br\/portal\/index.php?rest_route=\/wp\/v2\/posts\/29171","targetHints":{"allow":["GET"]}}],"collection":[{"href":"https:\/\/jornalbeirario.com.br\/portal\/index.php?rest_route=\/wp\/v2\/posts"}],"about":[{"href":"https:\/\/jornalbeirario.com.br\/portal\/index.php?rest_route=\/wp\/v2\/types\/post"}],"author":[{"embeddable":true,"href":"https:\/\/jornalbeirario.com.br\/portal\/index.php?rest_route=\/wp\/v2\/users\/1"}],"replies":[{"embeddable":true,"href":"https:\/\/jornalbeirario.com.br\/portal\/index.php?rest_route=%2Fwp%2Fv2%2Fcomments&post=29171"}],"version-history":[{"count":2,"href":"https:\/\/jornalbeirario.com.br\/portal\/index.php?rest_route=\/wp\/v2\/posts\/29171\/revisions"}],"predecessor-version":[{"id":29202,"href":"https:\/\/jornalbeirario.com.br\/portal\/index.php?rest_route=\/wp\/v2\/posts\/29171\/revisions\/29202"}],"wp:attachment":[{"href":"https:\/\/jornalbeirario.com.br\/portal\/index.php?rest_route=%2Fwp%2Fv2%2Fmedia&parent=29171"}],"wp:term":[{"taxonomy":"category","embeddable":true,"href":"https:\/\/jornalbeirario.com.br\/portal\/index.php?rest_route=%2Fwp%2Fv2%2Fcategories&post=29171"},{"taxonomy":"post_tag","embeddable":true,"href":"https:\/\/jornalbeirario.com.br\/portal\/index.php?rest_route=%2Fwp%2Fv2%2Ftags&post=29171"}],"curies":[{"name":"wp","href":"https:\/\/api.w.org\/{rel}","templated":true}]}}