
{"id":29167,"date":"2015-04-03T08:22:44","date_gmt":"2015-04-03T08:22:44","guid":{"rendered":"http:\/\/jornalbeirario.com.br\/portal\/portal\/?p=29167"},"modified":"2015-04-03T08:22:44","modified_gmt":"2015-04-03T08:22:44","slug":"lais-amaral-90","status":"publish","type":"post","link":"https:\/\/jornalbeirario.com.br\/portal\/?p=29167","title":{"rendered":"La\u00eds Amaral"},"content":{"rendered":"<p style=\"text-align: justify;\"><strong>Dia de Livro: romance policial tem Hemingway como personagem<\/strong><br \/>\n\u201cHemingway acordou de bru\u00e7os no assoalho de seu quarto, com o len\u00e7ol enrolado no tornozelo esquerdo, coberto por uma camada de gesso grossa, pesada e levemente \u00famida que ia do ded\u00e3o do p\u00e9 ao joelho. Mas que m&#8230;, disse o rosto de Hemingway, num guincho abafado. Seus olhos estavam, no dizer da m\u00e3e de Robert Capa, buracos de mijo na neve. Ele sentiu as bochechas quentes, resultado de mais alguns vasos capilares rompidos pela a\u00e7\u00e3o do \u00e1lcool. Teve uma vaga sensa\u00e7\u00e3o de coceira na inacess\u00edvel sola do seu p\u00e9. L\u00e1 fora, uma Key West matinal, pronta para o caf\u00e9 da manh\u00e3, se abanava com as brisas tropicais dos coqueiros, como a Rainha de Sab\u00e1 num div\u00e3.\u201d Esse \u00e9 o primeiro par\u00e1grafo do romance de suspense \u2018Um Mist\u00e9rio para Ernest Hemingway\u2019, de Michael Atkinson, que transforma o famoso escritor em personagem dessa hist\u00f3ria policial que mescla realidade e fic\u00e7\u00e3o. \u00c9 quando no tumultuado ano de 1956, o assassinato de um amigo envolve Hemigway nessa trama juntamente com a CIA, o FBI, Fidel Castro e Che Guevara. E claro, Cuba, al\u00e9m de muito sexo e bebida. O livro de 328 p\u00e1ginas tem o selo da Editora Globo e pode ser encontrado nas livrarias de Resende.<\/p>\n<p style=\"text-align: justify;\"><strong>O jornalismo capenga da Globo<\/strong><br \/>\nA Goebbels, quer dizer, a Globo faz tantas acrobacias, caras e bocas e barulho para promover as den\u00fancias seletivas geradas pela \u2018Opera\u00e7\u00e3o Lava a Jato\u2019, que n\u00e3o sobra tempo para noticiar com mais profundidade outra grande a\u00e7\u00e3o da Pol\u00edcia Federal, a \u2018Opera\u00e7\u00e3o Zelotes\u2019, que investiga os grandes sonegadores do pa\u00eds. Segundo mat\u00e9ria da Folha de S\u00e3o Paulo dessa semana a sider\u00fargica Gerdau, uma das 50 maiores companhias do Brasil, e a RBS, afiliada da Rede Globo no Rio Grande do Sul, s\u00e3o as empresas contra as quais h\u00e1 mais e mais fortes ind\u00edcios de irregularidades no \u00e2mbito da Opera\u00e7\u00e3o que apura o esquema respons\u00e1vel por causar o sumi\u00e7o de d\u00e9bitos tribut\u00e1rios, uma forma de desfalcar os cofres p\u00fablicos. At\u00e9 aqui, j\u00e1 foi confirmado um preju\u00edzo de 6 bilh\u00f5es de reais, que pode chegar a 19 bilh\u00f5es, valor maior que o investigado inicialmente na Opera\u00e7\u00e3o Lava Jato. Mais onze, empresas, escreve a Folha, aparecem com fortes ind\u00edcios de terem cometidos irregularidades: os bancos Santander e Safra; as montadoras Ford e Mitsubishi; as companhias Cimento Penha, Boston Neg\u00f3cios, J.G. Rodrigues, Caf\u00e9 Irm\u00e3os Julio e Mundial-Eberle. Seria demais pra eles darem um tempo no \u201cjornalismo de uma nota s\u00f3\u201d e explicarem para as pessoas um pouco mais sobre a sonega\u00e7\u00e3o no pa\u00eds ? Acho que \u00e9 pedir demais. Sonega\u00e7\u00e3o \u00e9 um assunto delicado para as organiza\u00e7\u00e3o dos Marinho. \u00c9 o caso de mudar um slogan: \u201cJornalismo, voc\u00ea n\u00e3o v\u00ea por aqui\u201d.<\/p>\n<p style=\"text-align: justify;\"><strong>TRIPA<\/strong><br \/>\n* O Jornal <strong>BEIRA-RIO<\/strong> completou 18 anos s\u00e1bado passado e eu passei batido. Tomei um susto quando vi. Caramba, 18 anos. Certamente estou h\u00e1 mais de dez anos com esta coluna (p\u00e1gina). Hora de trocar a minha foto. Aquele do alto da p\u00e1gina n\u00e3o sou eu. N\u00e3o mais aquele. Lembro quando a Ana chegou a mim e perguntou se eu topava assumir o lugar da colunista Patr\u00edcia Fonseca, que fazia o maior sucesso mas estava de mudan\u00e7a para o Rio. Eu topei e estou at\u00e9 hoje. A coluna \u00e9 um pouco diferente daquela que fazia a Patr\u00edcia. N\u00e3o a substitui, na verdade. Fui apenas outro colunista que assumiu o jornal. Parab\u00e9ns \u00e0 Ana L\u00facia por sua coragem, determina\u00e7\u00e3o e teimosia. Resende \u00e9 melhor tendo o <strong>BEIRA-RIO<\/strong>\u00a0* Falando em anivers\u00e1rio, o Restaurante Cabana do Falcoeiro, o Centro Cultural Visconde de Mau\u00e1 e todos os comerciantes do Shopping Aldeia dos Imigrantes convidam para a comemora\u00e7\u00e3o dos 80 anos do artista popular, \u201cJorge Brito\u201d amanh\u00e3, dia 4, a partir do meio dia. No card\u00e1pio: feijoada, uma exposi\u00e7\u00e3o supercolorida e muita cantoria, sempre * O Carnaval do ano vai marcar a estreia de um novo carnavalesco na cidade do Rio de Janeiro. Ele vai come\u00e7ar miudinho em uma Escola do Grupo \u2018D\u2019, que desfila na Avenida Intendente Magalh\u00e3es. E l\u00e1 o bicho j\u00e1 pega. N\u00e3o \u00e9 brinquedo. Esse jovem carnavalesco, ainda na faixa dos vinte anos, \u00e9 Rodrigo Marques, filho do professor e ex-presidente do Instituto Educar, Jos\u00e9 Marque Junior, ou simplesmente Professor Marques. Boa sorte ao rapaz nesse meio t\u00e3o empolgante mas tamb\u00e9m t\u00e3o competitivo.<\/p>\n<p style=\"text-align: justify;\"><strong>ANIVERS\u00c1RIOS<\/strong><br \/>\nDia 26 mudou de idade minha regente favorita, a Alile Cuoco, e mais, os jornalistas Fl\u00e1vio Colistet e Vladimir Ramos, a Eliane Prud\u00eancio, o ator Leandro Resende e o Tande Vieira, hoje no primeiro escal\u00e3o do governo do estado. Dia 27, o mega violonista Thiago Zaidan e a Adriana Barbosa inauguraram idade nova. No dia 29 foi a vez do Rom\u00e1rio Carvalho, do Eduardo Ferreira, da Aline Alvarenga, do Evandro Souza e da Simone Ramos ficarem mais experientes. Na mesma data a Bela soprou velinhas e a comemora\u00e7\u00e3o foi na casa de festas Bela Vista. Dia 29 o Francisco Mendes contou mais um ano de vida. Dia 30, a Luciene Pereira, o Jo\u00e3o Carlos Benedito e o Marcelo Drummer tamb\u00e9m aniversariaram. Fechando o m\u00eas, dia31, um trio muito legal mudou de idade: Paulino Barbosa, Rog\u00e9rio Coutinho e Jussara Soares. Nessa 1\u00ba de abril, acredite, receberam os \u2018parab\u00e9ns\u2019 o Rui Paiva, a \u00c2ngela Campos, a Gleisiane Pereira e a Shirley Resende e no dia 2, o meu amigo Ricardo Paiva, irm\u00e3o do Rui e capit\u00e3o do Bar Atl\u00e2ntico. Parab\u00e9ns e todas as felicidades do mundo a essa turma boa.<\/p>\n","protected":false},"excerpt":{"rendered":"<p>Dia de Livro: romance policial tem Hemingway como personagem \u201cHemingway acordou de bru\u00e7os no assoalho de seu quarto, com o len\u00e7ol enrolado no tornozelo<\/p>\n","protected":false},"author":1,"featured_media":0,"comment_status":"open","ping_status":"open","sticky":false,"template":"","format":"standard","meta":{"pmpro_default_level":"","footnotes":""},"categories":[13],"tags":[],"class_list":["post-29167","post","type-post","status-publish","format-standard","hentry","category-social","pmpro-has-access"],"yoast_head":"<!-- This site is optimized with the Yoast SEO plugin v27.4 - https:\/\/yoast.com\/product\/yoast-seo-wordpress\/ -->\n<title>La\u00eds Amaral - JORNAL BEIRA RIO<\/title>\n<meta name=\"robots\" content=\"index, follow, max-snippet:-1, max-image-preview:large, max-video-preview:-1\" \/>\n<link rel=\"canonical\" href=\"https:\/\/jornalbeirario.com.br\/portal\/?p=29167\" \/>\n<meta property=\"og:locale\" content=\"pt_BR\" \/>\n<meta property=\"og:type\" content=\"article\" \/>\n<meta property=\"og:title\" content=\"La\u00eds Amaral - JORNAL BEIRA RIO\" \/>\n<meta property=\"og:description\" content=\"Dia de Livro: romance policial tem Hemingway como personagem \u201cHemingway acordou de bru\u00e7os no assoalho de seu quarto, com o len\u00e7ol enrolado no tornozelo\" \/>\n<meta property=\"og:url\" content=\"https:\/\/jornalbeirario.com.br\/portal\/?p=29167\" \/>\n<meta property=\"og:site_name\" content=\"JORNAL BEIRA RIO\" \/>\n<meta property=\"article:published_time\" content=\"2015-04-03T08:22:44+00:00\" \/>\n<meta name=\"author\" content=\"Jornal BEIRA-RIO\" \/>\n<meta name=\"twitter:card\" content=\"summary_large_image\" \/>\n<meta name=\"twitter:label1\" content=\"Escrito por\" \/>\n\t<meta name=\"twitter:data1\" content=\"Jornal BEIRA-RIO\" \/>\n\t<meta name=\"twitter:label2\" content=\"Est. tempo de leitura\" \/>\n\t<meta name=\"twitter:data2\" content=\"5 minutos\" \/>\n<script type=\"application\/ld+json\" class=\"yoast-schema-graph\">{\"@context\":\"https:\\\/\\\/schema.org\",\"@graph\":[{\"@type\":\"Article\",\"@id\":\"https:\\\/\\\/jornalbeirario.com.br\\\/portal\\\/?p=29167#article\",\"isPartOf\":{\"@id\":\"https:\\\/\\\/jornalbeirario.com.br\\\/portal\\\/?p=29167\"},\"author\":{\"name\":\"Jornal BEIRA-RIO\",\"@id\":\"https:\\\/\\\/jornalbeirario.com.br\\\/portal\\\/#\\\/schema\\\/person\\\/c6c423e4c2465d2a9233f6539173e7c1\"},\"headline\":\"La\u00eds Amaral\",\"datePublished\":\"2015-04-03T08:22:44+00:00\",\"mainEntityOfPage\":{\"@id\":\"https:\\\/\\\/jornalbeirario.com.br\\\/portal\\\/?p=29167\"},\"wordCount\":962,\"commentCount\":0,\"publisher\":{\"@id\":\"https:\\\/\\\/jornalbeirario.com.br\\\/portal\\\/#organization\"},\"articleSection\":[\"Social\"],\"inLanguage\":\"pt-BR\",\"potentialAction\":[{\"@type\":\"CommentAction\",\"name\":\"Comment\",\"target\":[\"https:\\\/\\\/jornalbeirario.com.br\\\/portal\\\/?p=29167#respond\"]}]},{\"@type\":\"WebPage\",\"@id\":\"https:\\\/\\\/jornalbeirario.com.br\\\/portal\\\/?p=29167\",\"url\":\"https:\\\/\\\/jornalbeirario.com.br\\\/portal\\\/?p=29167\",\"name\":\"La\u00eds Amaral - JORNAL BEIRA RIO\",\"isPartOf\":{\"@id\":\"https:\\\/\\\/jornalbeirario.com.br\\\/portal\\\/#website\"},\"datePublished\":\"2015-04-03T08:22:44+00:00\",\"breadcrumb\":{\"@id\":\"https:\\\/\\\/jornalbeirario.com.br\\\/portal\\\/?p=29167#breadcrumb\"},\"inLanguage\":\"pt-BR\",\"potentialAction\":[{\"@type\":\"ReadAction\",\"target\":[\"https:\\\/\\\/jornalbeirario.com.br\\\/portal\\\/?p=29167\"]}]},{\"@type\":\"BreadcrumbList\",\"@id\":\"https:\\\/\\\/jornalbeirario.com.br\\\/portal\\\/?p=29167#breadcrumb\",\"itemListElement\":[{\"@type\":\"ListItem\",\"position\":1,\"name\":\"Home\",\"item\":\"https:\\\/\\\/jornalbeirario.com.br\\\/portal\"},{\"@type\":\"ListItem\",\"position\":2,\"name\":\"La\u00eds Amaral\"}]},{\"@type\":\"WebSite\",\"@id\":\"https:\\\/\\\/jornalbeirario.com.br\\\/portal\\\/#website\",\"url\":\"https:\\\/\\\/jornalbeirario.com.br\\\/portal\\\/\",\"name\":\"JORNAL BEIRA RIO\",\"description\":\"\",\"publisher\":{\"@id\":\"https:\\\/\\\/jornalbeirario.com.br\\\/portal\\\/#organization\"},\"potentialAction\":[{\"@type\":\"SearchAction\",\"target\":{\"@type\":\"EntryPoint\",\"urlTemplate\":\"https:\\\/\\\/jornalbeirario.com.br\\\/portal\\\/?s={search_term_string}\"},\"query-input\":{\"@type\":\"PropertyValueSpecification\",\"valueRequired\":true,\"valueName\":\"search_term_string\"}}],\"inLanguage\":\"pt-BR\"},{\"@type\":\"Organization\",\"@id\":\"https:\\\/\\\/jornalbeirario.com.br\\\/portal\\\/#organization\",\"name\":\"JORNAL BEIRA RIO\",\"url\":\"https:\\\/\\\/jornalbeirario.com.br\\\/portal\\\/\",\"logo\":{\"@type\":\"ImageObject\",\"inLanguage\":\"pt-BR\",\"@id\":\"https:\\\/\\\/jornalbeirario.com.br\\\/portal\\\/#\\\/schema\\\/logo\\\/image\\\/\",\"url\":\"https:\\\/\\\/jornalbeirario.com.br\\\/portal\\\/wp-content\\\/uploads\\\/2017\\\/09\\\/BEIRA-RIO_logo600.png\",\"contentUrl\":\"https:\\\/\\\/jornalbeirario.com.br\\\/portal\\\/wp-content\\\/uploads\\\/2017\\\/09\\\/BEIRA-RIO_logo600.png\",\"width\":650,\"height\":108,\"caption\":\"JORNAL BEIRA RIO\"},\"image\":{\"@id\":\"https:\\\/\\\/jornalbeirario.com.br\\\/portal\\\/#\\\/schema\\\/logo\\\/image\\\/\"}},{\"@type\":\"Person\",\"@id\":\"https:\\\/\\\/jornalbeirario.com.br\\\/portal\\\/#\\\/schema\\\/person\\\/c6c423e4c2465d2a9233f6539173e7c1\",\"name\":\"Jornal BEIRA-RIO\",\"image\":{\"@type\":\"ImageObject\",\"inLanguage\":\"pt-BR\",\"@id\":\"https:\\\/\\\/jornalbeirario.com.br\\\/portal\\\/wp-content\\\/uploads\\\/2023\\\/10\\\/logojbr1.jpg\",\"url\":\"https:\\\/\\\/jornalbeirario.com.br\\\/portal\\\/wp-content\\\/uploads\\\/2023\\\/10\\\/logojbr1.jpg\",\"contentUrl\":\"https:\\\/\\\/jornalbeirario.com.br\\\/portal\\\/wp-content\\\/uploads\\\/2023\\\/10\\\/logojbr1.jpg\",\"caption\":\"Jornal BEIRA-RIO\"},\"url\":\"https:\\\/\\\/jornalbeirario.com.br\\\/portal\\\/?author=1\"}]}<\/script>\n<!-- \/ Yoast SEO plugin. -->","yoast_head_json":{"title":"La\u00eds Amaral - JORNAL BEIRA RIO","robots":{"index":"index","follow":"follow","max-snippet":"max-snippet:-1","max-image-preview":"max-image-preview:large","max-video-preview":"max-video-preview:-1"},"canonical":"https:\/\/jornalbeirario.com.br\/portal\/?p=29167","og_locale":"pt_BR","og_type":"article","og_title":"La\u00eds Amaral - JORNAL BEIRA RIO","og_description":"Dia de Livro: romance policial tem Hemingway como personagem \u201cHemingway acordou de bru\u00e7os no assoalho de seu quarto, com o len\u00e7ol enrolado no tornozelo","og_url":"https:\/\/jornalbeirario.com.br\/portal\/?p=29167","og_site_name":"JORNAL BEIRA RIO","article_published_time":"2015-04-03T08:22:44+00:00","author":"Jornal BEIRA-RIO","twitter_card":"summary_large_image","twitter_misc":{"Escrito por":"Jornal BEIRA-RIO","Est. tempo de leitura":"5 minutos"},"schema":{"@context":"https:\/\/schema.org","@graph":[{"@type":"Article","@id":"https:\/\/jornalbeirario.com.br\/portal\/?p=29167#article","isPartOf":{"@id":"https:\/\/jornalbeirario.com.br\/portal\/?p=29167"},"author":{"name":"Jornal BEIRA-RIO","@id":"https:\/\/jornalbeirario.com.br\/portal\/#\/schema\/person\/c6c423e4c2465d2a9233f6539173e7c1"},"headline":"La\u00eds Amaral","datePublished":"2015-04-03T08:22:44+00:00","mainEntityOfPage":{"@id":"https:\/\/jornalbeirario.com.br\/portal\/?p=29167"},"wordCount":962,"commentCount":0,"publisher":{"@id":"https:\/\/jornalbeirario.com.br\/portal\/#organization"},"articleSection":["Social"],"inLanguage":"pt-BR","potentialAction":[{"@type":"CommentAction","name":"Comment","target":["https:\/\/jornalbeirario.com.br\/portal\/?p=29167#respond"]}]},{"@type":"WebPage","@id":"https:\/\/jornalbeirario.com.br\/portal\/?p=29167","url":"https:\/\/jornalbeirario.com.br\/portal\/?p=29167","name":"La\u00eds Amaral - JORNAL BEIRA RIO","isPartOf":{"@id":"https:\/\/jornalbeirario.com.br\/portal\/#website"},"datePublished":"2015-04-03T08:22:44+00:00","breadcrumb":{"@id":"https:\/\/jornalbeirario.com.br\/portal\/?p=29167#breadcrumb"},"inLanguage":"pt-BR","potentialAction":[{"@type":"ReadAction","target":["https:\/\/jornalbeirario.com.br\/portal\/?p=29167"]}]},{"@type":"BreadcrumbList","@id":"https:\/\/jornalbeirario.com.br\/portal\/?p=29167#breadcrumb","itemListElement":[{"@type":"ListItem","position":1,"name":"Home","item":"https:\/\/jornalbeirario.com.br\/portal"},{"@type":"ListItem","position":2,"name":"La\u00eds Amaral"}]},{"@type":"WebSite","@id":"https:\/\/jornalbeirario.com.br\/portal\/#website","url":"https:\/\/jornalbeirario.com.br\/portal\/","name":"JORNAL BEIRA RIO","description":"","publisher":{"@id":"https:\/\/jornalbeirario.com.br\/portal\/#organization"},"potentialAction":[{"@type":"SearchAction","target":{"@type":"EntryPoint","urlTemplate":"https:\/\/jornalbeirario.com.br\/portal\/?s={search_term_string}"},"query-input":{"@type":"PropertyValueSpecification","valueRequired":true,"valueName":"search_term_string"}}],"inLanguage":"pt-BR"},{"@type":"Organization","@id":"https:\/\/jornalbeirario.com.br\/portal\/#organization","name":"JORNAL BEIRA RIO","url":"https:\/\/jornalbeirario.com.br\/portal\/","logo":{"@type":"ImageObject","inLanguage":"pt-BR","@id":"https:\/\/jornalbeirario.com.br\/portal\/#\/schema\/logo\/image\/","url":"https:\/\/jornalbeirario.com.br\/portal\/wp-content\/uploads\/2017\/09\/BEIRA-RIO_logo600.png","contentUrl":"https:\/\/jornalbeirario.com.br\/portal\/wp-content\/uploads\/2017\/09\/BEIRA-RIO_logo600.png","width":650,"height":108,"caption":"JORNAL BEIRA RIO"},"image":{"@id":"https:\/\/jornalbeirario.com.br\/portal\/#\/schema\/logo\/image\/"}},{"@type":"Person","@id":"https:\/\/jornalbeirario.com.br\/portal\/#\/schema\/person\/c6c423e4c2465d2a9233f6539173e7c1","name":"Jornal BEIRA-RIO","image":{"@type":"ImageObject","inLanguage":"pt-BR","@id":"https:\/\/jornalbeirario.com.br\/portal\/wp-content\/uploads\/2023\/10\/logojbr1.jpg","url":"https:\/\/jornalbeirario.com.br\/portal\/wp-content\/uploads\/2023\/10\/logojbr1.jpg","contentUrl":"https:\/\/jornalbeirario.com.br\/portal\/wp-content\/uploads\/2023\/10\/logojbr1.jpg","caption":"Jornal BEIRA-RIO"},"url":"https:\/\/jornalbeirario.com.br\/portal\/?author=1"}]}},"_links":{"self":[{"href":"https:\/\/jornalbeirario.com.br\/portal\/index.php?rest_route=\/wp\/v2\/posts\/29167","targetHints":{"allow":["GET"]}}],"collection":[{"href":"https:\/\/jornalbeirario.com.br\/portal\/index.php?rest_route=\/wp\/v2\/posts"}],"about":[{"href":"https:\/\/jornalbeirario.com.br\/portal\/index.php?rest_route=\/wp\/v2\/types\/post"}],"author":[{"embeddable":true,"href":"https:\/\/jornalbeirario.com.br\/portal\/index.php?rest_route=\/wp\/v2\/users\/1"}],"replies":[{"embeddable":true,"href":"https:\/\/jornalbeirario.com.br\/portal\/index.php?rest_route=%2Fwp%2Fv2%2Fcomments&post=29167"}],"version-history":[{"count":4,"href":"https:\/\/jornalbeirario.com.br\/portal\/index.php?rest_route=\/wp\/v2\/posts\/29167\/revisions"}],"predecessor-version":[{"id":29203,"href":"https:\/\/jornalbeirario.com.br\/portal\/index.php?rest_route=\/wp\/v2\/posts\/29167\/revisions\/29203"}],"wp:attachment":[{"href":"https:\/\/jornalbeirario.com.br\/portal\/index.php?rest_route=%2Fwp%2Fv2%2Fmedia&parent=29167"}],"wp:term":[{"taxonomy":"category","embeddable":true,"href":"https:\/\/jornalbeirario.com.br\/portal\/index.php?rest_route=%2Fwp%2Fv2%2Fcategories&post=29167"},{"taxonomy":"post_tag","embeddable":true,"href":"https:\/\/jornalbeirario.com.br\/portal\/index.php?rest_route=%2Fwp%2Fv2%2Ftags&post=29167"}],"curies":[{"name":"wp","href":"https:\/\/api.w.org\/{rel}","templated":true}]}}