
{"id":29001,"date":"2015-03-27T09:20:21","date_gmt":"2015-03-27T09:20:21","guid":{"rendered":"http:\/\/jornalbeirario.com.br\/portal\/portal\/?p=29001"},"modified":"2015-03-27T09:20:21","modified_gmt":"2015-03-27T09:20:21","slug":"lais-amaral-89","status":"publish","type":"post","link":"https:\/\/jornalbeirario.com.br\/portal\/?p=29001","title":{"rendered":"La\u00eds Amaral"},"content":{"rendered":"<p style=\"text-align: justify;\"><strong>Semin\u00e1rio de Turismo (1)<\/strong><br \/>\nQuarta-feira passada a Secretaria de Turismo do munic\u00edpio promoveu mais um semin\u00e1rio. O terceiro, desde a cria\u00e7\u00e3o da Secretaria, cujo comando foi entregue ao competente Antonio Le\u00e3o. O tema do encontro deste ano foi acessibilidade e sustentabilidade. O tom do encontro j\u00e1 come\u00e7ou com um gesto bem legal de inclus\u00e3o. Desfeita a mesa composta pelo pr\u00f3prio Le\u00e3o, mais o prefeito Rechuan, a deputada Ana Paula e alguns vereadores o encontro foi iniciado com um gesto simb\u00f3lico e generoso de inclus\u00e3o. O jovem cadeirante, Kleber L\u00facio, aluno da Pestalozzi emocionou o p\u00fablico cantando no palco do teatrinho do Espa\u00e7o \u2018Z\u2019. O destaque do Semin\u00e1rio foi a participa\u00e7\u00e3o do empres\u00e1rio Jos\u00e9 Fernandes falando do sucesso do seu Hotel Fazenda Campo dos Sonhos, com o turismo de inclus\u00e3o. O hotel localizado, parte na cidade de Socorro (SP) e parte em Bueno Brand\u00e3o (MG) mant\u00e9m dez modalidades de turismo de aventura, adaptadas para pessoas com defici\u00eancia. Um nicho de mercado bastante significativo que garante 15% do total dos h\u00f3spedes no m\u00eas. E colaborando para uma ocupa\u00e7\u00e3o crescente a cada ano, ficando hoje em torno dos 85% dos leitos. Cada h\u00f3spede com defici\u00eancia leva junto com ele mais quatro pessoas. Resende que j\u00e1 tem um belo programa de inclus\u00e3o, o \u2018Gente Eficiente\u2019 v\u00ea descortinar-se mais uma possibilidade de inclus\u00e3o, simultaneamente com a amplia\u00e7\u00e3o da ocupa\u00e7\u00e3o de leitos de seus hot\u00e9is. Agora \u00e9 com os empres\u00e1rios do setor.<\/p>\n<p style=\"text-align: justify;\"><strong>Semin\u00e1rio de Turismo (2)<\/strong><br \/>\nO Turismo \u00e9 uma das principais atividades econ\u00f4micas em todo o mundo. Uma joia do setor terci\u00e1rio que emprega gente de qualquer idade, alimenta uma imensa cadeia produtiva e n\u00e3o corre risco de quebrar. Basta ser bem cuidado, claro. A cria\u00e7\u00e3o da Secretaria de Turismo foi uma das boas tacadas de Rechuan. E colocar o Antonio Le\u00e3o no comando foi o complemento da tacada. Le\u00e3o \u00e9 do ramo e sabe que Resende precisa de uma marca para alavancar seu turismo e esta marca est\u00e1 sendo delineada. \u2018Turismo de Aventura\u2019: paraquedismo, asa delta, montain bike, raftin, balonismo e por a\u00ed vai. Em minha opini\u00e3o a marca \u2018Aventura\u2019 tem tudo a ver, e concordo com sua consolida\u00e7\u00e3o, mas acredito que Resende tem outra perna para essa atividade, \u00e9 o Turismo Rural. O munic\u00edpio tem \u00e1reas rurais nos seus quatro cantos. O consumidor das cidades procuram coisas simples, o que o Turismo Rural oferece com abundancia e com muita naturalidade. Com tanta naturalidade que as pessoas at\u00e9 duvidam que possa ser neg\u00f3cio. J\u00e1 falei desse assunto aqui em outras oportunidades e ainda voltarei a falar. Resende n\u00e3o pode ser ref\u00e9m de uma marca tipo \u2018Cidade Industrial\u2019. A ind\u00fastria automotiva precisa de uma economia tinindo para ter uma performance sempre satisfat\u00f3ria. O Turismo, n\u00e3o.<\/p>\n<p style=\"text-align: justify;\"><strong>TRIPA<\/strong><br \/>\n* Amanh\u00e3, dia 28, das 8h \u00e0s 11,30h, acontece no audit\u00f3rio da Associa\u00e7\u00e3o Educacional Dom Bosco \u2013 AEDB, um evento alusivo ao 2 de abril, \u2018Dia Mundial de Conscientiza\u00e7\u00e3o do Autismo\u2019. A promo\u00e7\u00e3o \u00e9 do Movimento Orgulho Autista Brasil \u2013 MOAB, atrav\u00e9s de sua coordenadoria no Estado do Rio de Janeiro. O autismo \u00e9 um dist\u00farbio neurol\u00f3gico que se manifesta em 1 em cada 1.000 pessoas em todo o mundo, ocorrendo 4 vezes mais em meninos do que em meninas. Ser\u00e3o realizadas duas palestras, sobre os seguintes temas: \u201cAutismo e Inclus\u00e3o\u201d, a cargo da pedagoga Cl\u00e1udia Moraes e \u201cTerapia Ocupacional e Integra\u00e7\u00e3o Sensorial no Autismo\u201d, ministrada pela terapeuta ocupacional Daniela Oliveira. O evento \u00e9 aberto a todos os interessados * Ive Seixas, nossa \u2018Andorinha S\u00f3\u2019, continua a bater asas pelo pa\u00eds. Passando Porto Alegre gravou um single com Alexandre Kumpinski. \u201cPraia no Inverno\u201d estar\u00e1 no ar no dia 31 de mar\u00e7o. Show de bola a menina * O Centro Cultural Visconde de Mau\u00e1 aprontou mais uma essa semana. Ontem pintou por l\u00e1 uma oficina musical com a educadora musical e instrumentista paulista, Lucia Mugia. Abra\u00e7\u00e3o \u00e0 M\u00e1rcia Patroc\u00ednio, diretora do CCVM * O Conselho Municipal de Planejamento Estrat\u00e9gico e Assessoramento, \u2018Instituto Jos\u00e9 Pessoal\u2019 reuniu-se nessa quarta-feira no Sindicato Rural * O sucesso do 3\u00ba Semin\u00e1rio de Turismo de Resende \u00e9 resultado de uma equipe azeitada, apaixonada pelo que faz e muito bem liderada. Parab\u00e9ns !!<\/p>\n<p style=\"text-align: justify;\"><strong>ANIVERS\u00c1RIOS<\/strong><br \/>\nDia 19 mudou de idade a Graziela Vellasco. No dia 20, um tima\u00e7o, inaugurou idade nova, olha s\u00f3: Diogo Senna, Agnaldo Fumo, Danilo Fonseca, Bianca Gama Pena, Vin\u00edcius Oliveira e Paulo Fontanezzi. No dia 23 receberam os \u2018parab\u00e9ns\u2019 a Roberta Oliveira, a Sirleia Siqueira, o Erick Nicolai e o Adalberto da Silva. Parab\u00e9ns e todas as felicidades do mundo a essa turma boa.<\/p>\n","protected":false},"excerpt":{"rendered":"<p>Semin\u00e1rio de Turismo (1) Quarta-feira passada a Secretaria de Turismo do munic\u00edpio promoveu mais um semin\u00e1rio. O terceiro, desde a cria\u00e7\u00e3o da Secretaria, cujo<\/p>\n","protected":false},"author":1,"featured_media":0,"comment_status":"open","ping_status":"open","sticky":false,"template":"","format":"standard","meta":{"pmpro_default_level":"","footnotes":""},"categories":[13],"tags":[],"class_list":["post-29001","post","type-post","status-publish","format-standard","hentry","category-social","pmpro-has-access"],"yoast_head":"<!-- This site is optimized with the Yoast SEO plugin v27.4 - https:\/\/yoast.com\/product\/yoast-seo-wordpress\/ -->\n<title>La\u00eds Amaral - JORNAL BEIRA RIO<\/title>\n<meta name=\"robots\" content=\"index, follow, max-snippet:-1, max-image-preview:large, max-video-preview:-1\" \/>\n<link rel=\"canonical\" href=\"https:\/\/jornalbeirario.com.br\/portal\/?p=29001\" \/>\n<meta property=\"og:locale\" content=\"pt_BR\" \/>\n<meta property=\"og:type\" content=\"article\" \/>\n<meta property=\"og:title\" content=\"La\u00eds Amaral - JORNAL BEIRA RIO\" \/>\n<meta property=\"og:description\" content=\"Semin\u00e1rio de Turismo (1) Quarta-feira passada a Secretaria de Turismo do munic\u00edpio promoveu mais um semin\u00e1rio. O terceiro, desde a cria\u00e7\u00e3o da Secretaria, cujo\" \/>\n<meta property=\"og:url\" content=\"https:\/\/jornalbeirario.com.br\/portal\/?p=29001\" \/>\n<meta property=\"og:site_name\" content=\"JORNAL BEIRA RIO\" \/>\n<meta property=\"article:published_time\" content=\"2015-03-27T09:20:21+00:00\" \/>\n<meta name=\"author\" content=\"Jornal BEIRA-RIO\" \/>\n<meta name=\"twitter:card\" content=\"summary_large_image\" \/>\n<meta name=\"twitter:label1\" content=\"Escrito por\" \/>\n\t<meta name=\"twitter:data1\" content=\"Jornal BEIRA-RIO\" \/>\n\t<meta name=\"twitter:label2\" content=\"Est. tempo de leitura\" \/>\n\t<meta name=\"twitter:data2\" content=\"4 minutos\" \/>\n<script type=\"application\/ld+json\" class=\"yoast-schema-graph\">{\"@context\":\"https:\\\/\\\/schema.org\",\"@graph\":[{\"@type\":\"Article\",\"@id\":\"https:\\\/\\\/jornalbeirario.com.br\\\/portal\\\/?p=29001#article\",\"isPartOf\":{\"@id\":\"https:\\\/\\\/jornalbeirario.com.br\\\/portal\\\/?p=29001\"},\"author\":{\"name\":\"Jornal BEIRA-RIO\",\"@id\":\"https:\\\/\\\/jornalbeirario.com.br\\\/portal\\\/#\\\/schema\\\/person\\\/c6c423e4c2465d2a9233f6539173e7c1\"},\"headline\":\"La\u00eds Amaral\",\"datePublished\":\"2015-03-27T09:20:21+00:00\",\"mainEntityOfPage\":{\"@id\":\"https:\\\/\\\/jornalbeirario.com.br\\\/portal\\\/?p=29001\"},\"wordCount\":794,\"commentCount\":0,\"publisher\":{\"@id\":\"https:\\\/\\\/jornalbeirario.com.br\\\/portal\\\/#organization\"},\"articleSection\":[\"Social\"],\"inLanguage\":\"pt-BR\",\"potentialAction\":[{\"@type\":\"CommentAction\",\"name\":\"Comment\",\"target\":[\"https:\\\/\\\/jornalbeirario.com.br\\\/portal\\\/?p=29001#respond\"]}]},{\"@type\":\"WebPage\",\"@id\":\"https:\\\/\\\/jornalbeirario.com.br\\\/portal\\\/?p=29001\",\"url\":\"https:\\\/\\\/jornalbeirario.com.br\\\/portal\\\/?p=29001\",\"name\":\"La\u00eds Amaral - JORNAL BEIRA RIO\",\"isPartOf\":{\"@id\":\"https:\\\/\\\/jornalbeirario.com.br\\\/portal\\\/#website\"},\"datePublished\":\"2015-03-27T09:20:21+00:00\",\"breadcrumb\":{\"@id\":\"https:\\\/\\\/jornalbeirario.com.br\\\/portal\\\/?p=29001#breadcrumb\"},\"inLanguage\":\"pt-BR\",\"potentialAction\":[{\"@type\":\"ReadAction\",\"target\":[\"https:\\\/\\\/jornalbeirario.com.br\\\/portal\\\/?p=29001\"]}]},{\"@type\":\"BreadcrumbList\",\"@id\":\"https:\\\/\\\/jornalbeirario.com.br\\\/portal\\\/?p=29001#breadcrumb\",\"itemListElement\":[{\"@type\":\"ListItem\",\"position\":1,\"name\":\"Home\",\"item\":\"https:\\\/\\\/jornalbeirario.com.br\\\/portal\"},{\"@type\":\"ListItem\",\"position\":2,\"name\":\"La\u00eds Amaral\"}]},{\"@type\":\"WebSite\",\"@id\":\"https:\\\/\\\/jornalbeirario.com.br\\\/portal\\\/#website\",\"url\":\"https:\\\/\\\/jornalbeirario.com.br\\\/portal\\\/\",\"name\":\"JORNAL BEIRA RIO\",\"description\":\"\",\"publisher\":{\"@id\":\"https:\\\/\\\/jornalbeirario.com.br\\\/portal\\\/#organization\"},\"potentialAction\":[{\"@type\":\"SearchAction\",\"target\":{\"@type\":\"EntryPoint\",\"urlTemplate\":\"https:\\\/\\\/jornalbeirario.com.br\\\/portal\\\/?s={search_term_string}\"},\"query-input\":{\"@type\":\"PropertyValueSpecification\",\"valueRequired\":true,\"valueName\":\"search_term_string\"}}],\"inLanguage\":\"pt-BR\"},{\"@type\":\"Organization\",\"@id\":\"https:\\\/\\\/jornalbeirario.com.br\\\/portal\\\/#organization\",\"name\":\"JORNAL BEIRA RIO\",\"url\":\"https:\\\/\\\/jornalbeirario.com.br\\\/portal\\\/\",\"logo\":{\"@type\":\"ImageObject\",\"inLanguage\":\"pt-BR\",\"@id\":\"https:\\\/\\\/jornalbeirario.com.br\\\/portal\\\/#\\\/schema\\\/logo\\\/image\\\/\",\"url\":\"https:\\\/\\\/jornalbeirario.com.br\\\/portal\\\/wp-content\\\/uploads\\\/2017\\\/09\\\/BEIRA-RIO_logo600.png\",\"contentUrl\":\"https:\\\/\\\/jornalbeirario.com.br\\\/portal\\\/wp-content\\\/uploads\\\/2017\\\/09\\\/BEIRA-RIO_logo600.png\",\"width\":650,\"height\":108,\"caption\":\"JORNAL BEIRA RIO\"},\"image\":{\"@id\":\"https:\\\/\\\/jornalbeirario.com.br\\\/portal\\\/#\\\/schema\\\/logo\\\/image\\\/\"}},{\"@type\":\"Person\",\"@id\":\"https:\\\/\\\/jornalbeirario.com.br\\\/portal\\\/#\\\/schema\\\/person\\\/c6c423e4c2465d2a9233f6539173e7c1\",\"name\":\"Jornal BEIRA-RIO\",\"image\":{\"@type\":\"ImageObject\",\"inLanguage\":\"pt-BR\",\"@id\":\"https:\\\/\\\/jornalbeirario.com.br\\\/portal\\\/wp-content\\\/uploads\\\/2023\\\/10\\\/logojbr1.jpg\",\"url\":\"https:\\\/\\\/jornalbeirario.com.br\\\/portal\\\/wp-content\\\/uploads\\\/2023\\\/10\\\/logojbr1.jpg\",\"contentUrl\":\"https:\\\/\\\/jornalbeirario.com.br\\\/portal\\\/wp-content\\\/uploads\\\/2023\\\/10\\\/logojbr1.jpg\",\"caption\":\"Jornal BEIRA-RIO\"},\"url\":\"https:\\\/\\\/jornalbeirario.com.br\\\/portal\\\/?author=1\"}]}<\/script>\n<!-- \/ Yoast SEO plugin. -->","yoast_head_json":{"title":"La\u00eds Amaral - JORNAL BEIRA RIO","robots":{"index":"index","follow":"follow","max-snippet":"max-snippet:-1","max-image-preview":"max-image-preview:large","max-video-preview":"max-video-preview:-1"},"canonical":"https:\/\/jornalbeirario.com.br\/portal\/?p=29001","og_locale":"pt_BR","og_type":"article","og_title":"La\u00eds Amaral - JORNAL BEIRA RIO","og_description":"Semin\u00e1rio de Turismo (1) Quarta-feira passada a Secretaria de Turismo do munic\u00edpio promoveu mais um semin\u00e1rio. O terceiro, desde a cria\u00e7\u00e3o da Secretaria, cujo","og_url":"https:\/\/jornalbeirario.com.br\/portal\/?p=29001","og_site_name":"JORNAL BEIRA RIO","article_published_time":"2015-03-27T09:20:21+00:00","author":"Jornal BEIRA-RIO","twitter_card":"summary_large_image","twitter_misc":{"Escrito por":"Jornal BEIRA-RIO","Est. tempo de leitura":"4 minutos"},"schema":{"@context":"https:\/\/schema.org","@graph":[{"@type":"Article","@id":"https:\/\/jornalbeirario.com.br\/portal\/?p=29001#article","isPartOf":{"@id":"https:\/\/jornalbeirario.com.br\/portal\/?p=29001"},"author":{"name":"Jornal BEIRA-RIO","@id":"https:\/\/jornalbeirario.com.br\/portal\/#\/schema\/person\/c6c423e4c2465d2a9233f6539173e7c1"},"headline":"La\u00eds Amaral","datePublished":"2015-03-27T09:20:21+00:00","mainEntityOfPage":{"@id":"https:\/\/jornalbeirario.com.br\/portal\/?p=29001"},"wordCount":794,"commentCount":0,"publisher":{"@id":"https:\/\/jornalbeirario.com.br\/portal\/#organization"},"articleSection":["Social"],"inLanguage":"pt-BR","potentialAction":[{"@type":"CommentAction","name":"Comment","target":["https:\/\/jornalbeirario.com.br\/portal\/?p=29001#respond"]}]},{"@type":"WebPage","@id":"https:\/\/jornalbeirario.com.br\/portal\/?p=29001","url":"https:\/\/jornalbeirario.com.br\/portal\/?p=29001","name":"La\u00eds Amaral - JORNAL BEIRA RIO","isPartOf":{"@id":"https:\/\/jornalbeirario.com.br\/portal\/#website"},"datePublished":"2015-03-27T09:20:21+00:00","breadcrumb":{"@id":"https:\/\/jornalbeirario.com.br\/portal\/?p=29001#breadcrumb"},"inLanguage":"pt-BR","potentialAction":[{"@type":"ReadAction","target":["https:\/\/jornalbeirario.com.br\/portal\/?p=29001"]}]},{"@type":"BreadcrumbList","@id":"https:\/\/jornalbeirario.com.br\/portal\/?p=29001#breadcrumb","itemListElement":[{"@type":"ListItem","position":1,"name":"Home","item":"https:\/\/jornalbeirario.com.br\/portal"},{"@type":"ListItem","position":2,"name":"La\u00eds Amaral"}]},{"@type":"WebSite","@id":"https:\/\/jornalbeirario.com.br\/portal\/#website","url":"https:\/\/jornalbeirario.com.br\/portal\/","name":"JORNAL BEIRA RIO","description":"","publisher":{"@id":"https:\/\/jornalbeirario.com.br\/portal\/#organization"},"potentialAction":[{"@type":"SearchAction","target":{"@type":"EntryPoint","urlTemplate":"https:\/\/jornalbeirario.com.br\/portal\/?s={search_term_string}"},"query-input":{"@type":"PropertyValueSpecification","valueRequired":true,"valueName":"search_term_string"}}],"inLanguage":"pt-BR"},{"@type":"Organization","@id":"https:\/\/jornalbeirario.com.br\/portal\/#organization","name":"JORNAL BEIRA RIO","url":"https:\/\/jornalbeirario.com.br\/portal\/","logo":{"@type":"ImageObject","inLanguage":"pt-BR","@id":"https:\/\/jornalbeirario.com.br\/portal\/#\/schema\/logo\/image\/","url":"https:\/\/jornalbeirario.com.br\/portal\/wp-content\/uploads\/2017\/09\/BEIRA-RIO_logo600.png","contentUrl":"https:\/\/jornalbeirario.com.br\/portal\/wp-content\/uploads\/2017\/09\/BEIRA-RIO_logo600.png","width":650,"height":108,"caption":"JORNAL BEIRA RIO"},"image":{"@id":"https:\/\/jornalbeirario.com.br\/portal\/#\/schema\/logo\/image\/"}},{"@type":"Person","@id":"https:\/\/jornalbeirario.com.br\/portal\/#\/schema\/person\/c6c423e4c2465d2a9233f6539173e7c1","name":"Jornal BEIRA-RIO","image":{"@type":"ImageObject","inLanguage":"pt-BR","@id":"https:\/\/jornalbeirario.com.br\/portal\/wp-content\/uploads\/2023\/10\/logojbr1.jpg","url":"https:\/\/jornalbeirario.com.br\/portal\/wp-content\/uploads\/2023\/10\/logojbr1.jpg","contentUrl":"https:\/\/jornalbeirario.com.br\/portal\/wp-content\/uploads\/2023\/10\/logojbr1.jpg","caption":"Jornal BEIRA-RIO"},"url":"https:\/\/jornalbeirario.com.br\/portal\/?author=1"}]}},"_links":{"self":[{"href":"https:\/\/jornalbeirario.com.br\/portal\/index.php?rest_route=\/wp\/v2\/posts\/29001","targetHints":{"allow":["GET"]}}],"collection":[{"href":"https:\/\/jornalbeirario.com.br\/portal\/index.php?rest_route=\/wp\/v2\/posts"}],"about":[{"href":"https:\/\/jornalbeirario.com.br\/portal\/index.php?rest_route=\/wp\/v2\/types\/post"}],"author":[{"embeddable":true,"href":"https:\/\/jornalbeirario.com.br\/portal\/index.php?rest_route=\/wp\/v2\/users\/1"}],"replies":[{"embeddable":true,"href":"https:\/\/jornalbeirario.com.br\/portal\/index.php?rest_route=%2Fwp%2Fv2%2Fcomments&post=29001"}],"version-history":[{"count":2,"href":"https:\/\/jornalbeirario.com.br\/portal\/index.php?rest_route=\/wp\/v2\/posts\/29001\/revisions"}],"predecessor-version":[{"id":29074,"href":"https:\/\/jornalbeirario.com.br\/portal\/index.php?rest_route=\/wp\/v2\/posts\/29001\/revisions\/29074"}],"wp:attachment":[{"href":"https:\/\/jornalbeirario.com.br\/portal\/index.php?rest_route=%2Fwp%2Fv2%2Fmedia&parent=29001"}],"wp:term":[{"taxonomy":"category","embeddable":true,"href":"https:\/\/jornalbeirario.com.br\/portal\/index.php?rest_route=%2Fwp%2Fv2%2Fcategories&post=29001"},{"taxonomy":"post_tag","embeddable":true,"href":"https:\/\/jornalbeirario.com.br\/portal\/index.php?rest_route=%2Fwp%2Fv2%2Ftags&post=29001"}],"curies":[{"name":"wp","href":"https:\/\/api.w.org\/{rel}","templated":true}]}}