
{"id":28967,"date":"2015-03-22T15:27:59","date_gmt":"2015-03-22T15:27:59","guid":{"rendered":"http:\/\/jornalbeirario.com.br\/portal\/portal\/?p=28967"},"modified":"2015-03-22T15:28:15","modified_gmt":"2015-03-22T15:28:15","slug":"sistema-firjan-promove-discussao-sobre-agua-e-reflorestamento","status":"publish","type":"post","link":"https:\/\/jornalbeirario.com.br\/portal\/?p=28967","title":{"rendered":"Sistema Firjan promove discuss\u00e3o sobre \u00e1gua e reflorestamento"},"content":{"rendered":"<p style=\"text-align: justify;\"><a href=\"https:\/\/jornalbeirario.com.br\/portal\/wp-content\/uploads\/2015\/03\/gouvea1.jpg\"><img loading=\"lazy\" decoding=\"async\" class=\"alignleft size-medium wp-image-28969\" title=\"gouvea1\" src=\"https:\/\/jornalbeirario.com.br\/portal\/wp-content\/uploads\/2015\/03\/gouvea1-300x225.jpg\" alt=\"\" width=\"300\" height=\"225\" srcset=\"https:\/\/jornalbeirario.com.br\/portal\/wp-content\/uploads\/2015\/03\/gouvea1-300x225.jpg 300w, https:\/\/jornalbeirario.com.br\/portal\/wp-content\/uploads\/2015\/03\/gouvea1.jpg 640w\" sizes=\"auto, (max-width: 300px) 100vw, 300px\" \/><\/a>Empres\u00e1rios, profissionais de meio ambiente, representantes dos setores p\u00fablico e privado, v\u00e3o se reunir para discutir solu\u00e7\u00f5es quanto a preserva\u00e7\u00e3o e recupera\u00e7\u00e3o de florestas, rios e bacias hidrogr\u00e1ficas do Sul Fluminense. O II Encontro da Ind\u00fastria, que acontecer\u00e1 dia 25 de mar\u00e7o, \u00e0s 10h, no Sesi Barra Mansa, com o tema \u00c1gua e Reflorestamento, vai contar com a presen\u00e7a do presidente do Sistema Firjan, Eduardo Eugenio Gouv\u00eaa Vieira (foto), do presidente da Firjan\/CIRJ no Sul Fluminense, Edvaldo de Carvalho, e do prefeito de Barra Mansa, Jonas Marins.<\/p>\n<p style=\"text-align: justify;\">Uma pesquisa realizada pela Firjan\u00a0com 487 empresas revela que 30,6% delas enfrentam problemas por conta do baixo n\u00edvel nos reservat\u00f3rios de \u00e1gua. Nos \u00faltimos dois anos, 56,7% das empresas do estado v\u00eam fazendo sua parte ao adotarem medidas para reduzir o consumo de \u00e1gua. Ap\u00f3s a implementa\u00e7\u00e3o dessas medidas, o resultado alcan\u00e7ado foi uma redu\u00e7\u00e3o m\u00e9dia de 25,6% no uso da \u00e1gua.<\/p>\n<p style=\"text-align: justify;\">O Sistema Firjan\u00a0tem representado e apoiado as ind\u00fastrias fluminenses na busca de solu\u00e7\u00f5es que minimizem os impactos dessas na disponibilidade de \u00e1gua e em suas atividades. Em fevereiro, o presidente do Sistema Firjan, Eduardo Eugenio Gouv\u00eaa Vieira, enviou uma carta ao governador Luiz Fernando Pez\u00e3o, onde destacou a import\u00e2ncia de investimentos em saneamento.<\/p>\n<p style=\"text-align: justify;\">Antes da abertura do evento, \u00e0s 9h, ser\u00e1 realizado um plantio de mudas com alunos do Sesi, \u00e0s margens do Rio Para\u00edba do Sul, na Avenida Argemiro de Paula Coutinho, Centro, Barra Mansa, pr\u00f3ximo ao F\u00f3rum. No encontro, quatro ind\u00fastrias da regi\u00e3o ser\u00e3o homenageadas por desenvolverem a\u00e7\u00f5es de sustentabilidade: CSN e Saint-Gobain Canaliza\u00e7\u00e3o, pelo re\u00faso de \u00e1gua; INB e QuimVale Florestal, por reflorestamento. \u00c0s 11h, Pedro Scazufca, mestre em economia e palestrante nas \u00e1reas de regula\u00e7\u00e3o e saneamento da Funda\u00e7\u00e3o Get\u00falio Vargas (FGV), vai falar sobre as possiblidades de uso eficiente da \u00e1gua, como re\u00faso e redu\u00e7\u00e3o de perdas.<\/p>\n<p style=\"text-align: justify;\">Confira a programa\u00e7\u00e3o completa:<\/p>\n<p style=\"text-align: justify;\">9h | Plantio de mudas<br \/>\nCom alunos do Sesi \u00e0s margens do Rio Para\u00edba do Sul, na Avenida Argemiro de Paula Coutinho, Centro, Barra Mansa, pr\u00f3ximo ao F\u00f3rum<\/p>\n<p style=\"text-align: justify;\">10h | Abertura do \u2018II Encontro da Ind\u00fastria do Sul Fluminense\u2019<br \/>\nEduardo Eugenio Gouv\u00eaa Vieira | Presidente do Sistema\u00a0Firjan<br \/>\nEdvaldo de Carvalho | Presidente da Representa\u00e7\u00e3o Regional Firjan\/CIRJ Sul Fluminense<\/p>\n<p style=\"text-align: justify;\">10h20 | Apresenta\u00e7\u00e3o<br \/>\nJorge Vicente Peron | Especialista em meio ambiente do Sistema\u00a0Firjan<\/p>\n<p style=\"text-align: justify;\">11h | Palestra<br \/>\n\u2018A crise h\u00eddrica e as possibilidades de uso eficiente da \u00e1gua: reuso e redu\u00e7\u00e3o de perdas\u2019, com mestre em economia e palestrante nas \u00e1reas de regula\u00e7\u00e3o e saneamento da Funda\u00e7\u00e3o Get\u00falio Vargas (FGV), Pedro Scazufca<\/p>\n<p style=\"text-align: justify;\">12h | Encerramento<br \/>\nJonas Marins Aguiar | Prefeito de Barra Mansa<\/p>\n<p style=\"text-align: justify;\">O Sesi Barra Mansa fica na Avenida Dario Arag\u00e3o, 2 &#8211; Centro.<\/p>\n<p style=\"text-align: justify;\"><em>Foto: Divulga\u00e7\u00e3o<\/em><\/p>\n<p style=\"text-align: justify;\"><em>Fonte: Sistema Firjan\u00a0\u2013 Assessoria de Imprensa<\/em><\/p>\n","protected":false},"excerpt":{"rendered":"<p>Empres\u00e1rios, profissionais de meio ambiente, representantes dos setores p\u00fablico e privado, v\u00e3o se reunir para discutir solu\u00e7\u00f5es quanto a preserva\u00e7\u00e3o e recupera\u00e7\u00e3o de florestas,<\/p>\n","protected":false},"author":1,"featured_media":28969,"comment_status":"open","ping_status":"open","sticky":false,"template":"","format":"standard","meta":{"pmpro_default_level":"","footnotes":""},"categories":[27],"tags":[155],"class_list":["post-28967","post","type-post","status-publish","format-standard","has-post-thumbnail","hentry","category-meioambiente","tag-dehoraemhora","pmpro-has-access"],"yoast_head":"<!-- This site is optimized with the Yoast SEO plugin v27.4 - https:\/\/yoast.com\/product\/yoast-seo-wordpress\/ -->\n<title>Sistema Firjan promove discuss\u00e3o sobre \u00e1gua e reflorestamento - JORNAL BEIRA RIO<\/title>\n<meta name=\"robots\" content=\"index, follow, max-snippet:-1, max-image-preview:large, max-video-preview:-1\" \/>\n<link rel=\"canonical\" href=\"https:\/\/jornalbeirario.com.br\/portal\/?p=28967\" \/>\n<meta property=\"og:locale\" content=\"pt_BR\" \/>\n<meta property=\"og:type\" content=\"article\" \/>\n<meta property=\"og:title\" content=\"Sistema Firjan promove discuss\u00e3o sobre \u00e1gua e reflorestamento - JORNAL BEIRA RIO\" \/>\n<meta property=\"og:description\" content=\"Empres\u00e1rios, profissionais de meio ambiente, representantes dos setores p\u00fablico e privado, v\u00e3o se reunir para discutir solu\u00e7\u00f5es quanto a preserva\u00e7\u00e3o e recupera\u00e7\u00e3o de florestas,\" \/>\n<meta property=\"og:url\" content=\"https:\/\/jornalbeirario.com.br\/portal\/?p=28967\" \/>\n<meta property=\"og:site_name\" content=\"JORNAL BEIRA RIO\" \/>\n<meta property=\"article:published_time\" content=\"2015-03-22T15:27:59+00:00\" \/>\n<meta property=\"article:modified_time\" content=\"2015-03-22T15:28:15+00:00\" \/>\n<meta property=\"og:image\" content=\"https:\/\/jornalbeirario.com.br\/portal\/wp-content\/uploads\/2015\/03\/gouvea1.jpg\" \/>\n\t<meta property=\"og:image:width\" content=\"640\" \/>\n\t<meta property=\"og:image:height\" content=\"480\" \/>\n\t<meta property=\"og:image:type\" content=\"image\/jpeg\" \/>\n<meta name=\"author\" content=\"Jornal BEIRA-RIO\" \/>\n<meta name=\"twitter:card\" content=\"summary_large_image\" \/>\n<meta name=\"twitter:label1\" content=\"Escrito por\" \/>\n\t<meta name=\"twitter:data1\" content=\"Jornal BEIRA-RIO\" \/>\n\t<meta name=\"twitter:label2\" content=\"Est. tempo de leitura\" \/>\n\t<meta name=\"twitter:data2\" content=\"2 minutos\" \/>\n<script type=\"application\/ld+json\" class=\"yoast-schema-graph\">{\"@context\":\"https:\\\/\\\/schema.org\",\"@graph\":[{\"@type\":\"Article\",\"@id\":\"https:\\\/\\\/jornalbeirario.com.br\\\/portal\\\/?p=28967#article\",\"isPartOf\":{\"@id\":\"https:\\\/\\\/jornalbeirario.com.br\\\/portal\\\/?p=28967\"},\"author\":{\"name\":\"Jornal BEIRA-RIO\",\"@id\":\"https:\\\/\\\/jornalbeirario.com.br\\\/portal\\\/#\\\/schema\\\/person\\\/c6c423e4c2465d2a9233f6539173e7c1\"},\"headline\":\"Sistema Firjan promove discuss\u00e3o sobre \u00e1gua e reflorestamento\",\"datePublished\":\"2015-03-22T15:27:59+00:00\",\"dateModified\":\"2015-03-22T15:28:15+00:00\",\"mainEntityOfPage\":{\"@id\":\"https:\\\/\\\/jornalbeirario.com.br\\\/portal\\\/?p=28967\"},\"wordCount\":498,\"commentCount\":0,\"publisher\":{\"@id\":\"https:\\\/\\\/jornalbeirario.com.br\\\/portal\\\/#organization\"},\"image\":{\"@id\":\"https:\\\/\\\/jornalbeirario.com.br\\\/portal\\\/?p=28967#primaryimage\"},\"thumbnailUrl\":\"https:\\\/\\\/jornalbeirario.com.br\\\/portal\\\/wp-content\\\/uploads\\\/2015\\\/03\\\/gouvea1.jpg\",\"keywords\":[\"dehoraemhora\"],\"articleSection\":[\"Meio Ambiente\"],\"inLanguage\":\"pt-BR\",\"potentialAction\":[{\"@type\":\"CommentAction\",\"name\":\"Comment\",\"target\":[\"https:\\\/\\\/jornalbeirario.com.br\\\/portal\\\/?p=28967#respond\"]}]},{\"@type\":\"WebPage\",\"@id\":\"https:\\\/\\\/jornalbeirario.com.br\\\/portal\\\/?p=28967\",\"url\":\"https:\\\/\\\/jornalbeirario.com.br\\\/portal\\\/?p=28967\",\"name\":\"Sistema Firjan promove discuss\u00e3o sobre \u00e1gua e reflorestamento - JORNAL BEIRA RIO\",\"isPartOf\":{\"@id\":\"https:\\\/\\\/jornalbeirario.com.br\\\/portal\\\/#website\"},\"primaryImageOfPage\":{\"@id\":\"https:\\\/\\\/jornalbeirario.com.br\\\/portal\\\/?p=28967#primaryimage\"},\"image\":{\"@id\":\"https:\\\/\\\/jornalbeirario.com.br\\\/portal\\\/?p=28967#primaryimage\"},\"thumbnailUrl\":\"https:\\\/\\\/jornalbeirario.com.br\\\/portal\\\/wp-content\\\/uploads\\\/2015\\\/03\\\/gouvea1.jpg\",\"datePublished\":\"2015-03-22T15:27:59+00:00\",\"dateModified\":\"2015-03-22T15:28:15+00:00\",\"breadcrumb\":{\"@id\":\"https:\\\/\\\/jornalbeirario.com.br\\\/portal\\\/?p=28967#breadcrumb\"},\"inLanguage\":\"pt-BR\",\"potentialAction\":[{\"@type\":\"ReadAction\",\"target\":[\"https:\\\/\\\/jornalbeirario.com.br\\\/portal\\\/?p=28967\"]}]},{\"@type\":\"ImageObject\",\"inLanguage\":\"pt-BR\",\"@id\":\"https:\\\/\\\/jornalbeirario.com.br\\\/portal\\\/?p=28967#primaryimage\",\"url\":\"https:\\\/\\\/jornalbeirario.com.br\\\/portal\\\/wp-content\\\/uploads\\\/2015\\\/03\\\/gouvea1.jpg\",\"contentUrl\":\"https:\\\/\\\/jornalbeirario.com.br\\\/portal\\\/wp-content\\\/uploads\\\/2015\\\/03\\\/gouvea1.jpg\",\"width\":\"640\",\"height\":\"480\"},{\"@type\":\"BreadcrumbList\",\"@id\":\"https:\\\/\\\/jornalbeirario.com.br\\\/portal\\\/?p=28967#breadcrumb\",\"itemListElement\":[{\"@type\":\"ListItem\",\"position\":1,\"name\":\"Home\",\"item\":\"https:\\\/\\\/jornalbeirario.com.br\\\/portal\"},{\"@type\":\"ListItem\",\"position\":2,\"name\":\"Sistema Firjan promove discuss\u00e3o sobre \u00e1gua e reflorestamento\"}]},{\"@type\":\"WebSite\",\"@id\":\"https:\\\/\\\/jornalbeirario.com.br\\\/portal\\\/#website\",\"url\":\"https:\\\/\\\/jornalbeirario.com.br\\\/portal\\\/\",\"name\":\"JORNAL BEIRA RIO\",\"description\":\"\",\"publisher\":{\"@id\":\"https:\\\/\\\/jornalbeirario.com.br\\\/portal\\\/#organization\"},\"potentialAction\":[{\"@type\":\"SearchAction\",\"target\":{\"@type\":\"EntryPoint\",\"urlTemplate\":\"https:\\\/\\\/jornalbeirario.com.br\\\/portal\\\/?s={search_term_string}\"},\"query-input\":{\"@type\":\"PropertyValueSpecification\",\"valueRequired\":true,\"valueName\":\"search_term_string\"}}],\"inLanguage\":\"pt-BR\"},{\"@type\":\"Organization\",\"@id\":\"https:\\\/\\\/jornalbeirario.com.br\\\/portal\\\/#organization\",\"name\":\"JORNAL BEIRA RIO\",\"url\":\"https:\\\/\\\/jornalbeirario.com.br\\\/portal\\\/\",\"logo\":{\"@type\":\"ImageObject\",\"inLanguage\":\"pt-BR\",\"@id\":\"https:\\\/\\\/jornalbeirario.com.br\\\/portal\\\/#\\\/schema\\\/logo\\\/image\\\/\",\"url\":\"https:\\\/\\\/jornalbeirario.com.br\\\/portal\\\/wp-content\\\/uploads\\\/2017\\\/09\\\/BEIRA-RIO_logo600.png\",\"contentUrl\":\"https:\\\/\\\/jornalbeirario.com.br\\\/portal\\\/wp-content\\\/uploads\\\/2017\\\/09\\\/BEIRA-RIO_logo600.png\",\"width\":650,\"height\":108,\"caption\":\"JORNAL BEIRA RIO\"},\"image\":{\"@id\":\"https:\\\/\\\/jornalbeirario.com.br\\\/portal\\\/#\\\/schema\\\/logo\\\/image\\\/\"}},{\"@type\":\"Person\",\"@id\":\"https:\\\/\\\/jornalbeirario.com.br\\\/portal\\\/#\\\/schema\\\/person\\\/c6c423e4c2465d2a9233f6539173e7c1\",\"name\":\"Jornal BEIRA-RIO\",\"image\":{\"@type\":\"ImageObject\",\"inLanguage\":\"pt-BR\",\"@id\":\"https:\\\/\\\/jornalbeirario.com.br\\\/portal\\\/wp-content\\\/uploads\\\/2023\\\/10\\\/logojbr1.jpg\",\"url\":\"https:\\\/\\\/jornalbeirario.com.br\\\/portal\\\/wp-content\\\/uploads\\\/2023\\\/10\\\/logojbr1.jpg\",\"contentUrl\":\"https:\\\/\\\/jornalbeirario.com.br\\\/portal\\\/wp-content\\\/uploads\\\/2023\\\/10\\\/logojbr1.jpg\",\"caption\":\"Jornal BEIRA-RIO\"},\"url\":\"https:\\\/\\\/jornalbeirario.com.br\\\/portal\\\/?author=1\"}]}<\/script>\n<!-- \/ Yoast SEO plugin. -->","yoast_head_json":{"title":"Sistema Firjan promove discuss\u00e3o sobre \u00e1gua e reflorestamento - JORNAL BEIRA RIO","robots":{"index":"index","follow":"follow","max-snippet":"max-snippet:-1","max-image-preview":"max-image-preview:large","max-video-preview":"max-video-preview:-1"},"canonical":"https:\/\/jornalbeirario.com.br\/portal\/?p=28967","og_locale":"pt_BR","og_type":"article","og_title":"Sistema Firjan promove discuss\u00e3o sobre \u00e1gua e reflorestamento - JORNAL BEIRA RIO","og_description":"Empres\u00e1rios, profissionais de meio ambiente, representantes dos setores p\u00fablico e privado, v\u00e3o se reunir para discutir solu\u00e7\u00f5es quanto a preserva\u00e7\u00e3o e recupera\u00e7\u00e3o de florestas,","og_url":"https:\/\/jornalbeirario.com.br\/portal\/?p=28967","og_site_name":"JORNAL BEIRA RIO","article_published_time":"2015-03-22T15:27:59+00:00","article_modified_time":"2015-03-22T15:28:15+00:00","og_image":[{"width":640,"height":480,"url":"https:\/\/jornalbeirario.com.br\/portal\/wp-content\/uploads\/2015\/03\/gouvea1.jpg","type":"image\/jpeg"}],"author":"Jornal BEIRA-RIO","twitter_card":"summary_large_image","twitter_misc":{"Escrito por":"Jornal BEIRA-RIO","Est. tempo de leitura":"2 minutos"},"schema":{"@context":"https:\/\/schema.org","@graph":[{"@type":"Article","@id":"https:\/\/jornalbeirario.com.br\/portal\/?p=28967#article","isPartOf":{"@id":"https:\/\/jornalbeirario.com.br\/portal\/?p=28967"},"author":{"name":"Jornal BEIRA-RIO","@id":"https:\/\/jornalbeirario.com.br\/portal\/#\/schema\/person\/c6c423e4c2465d2a9233f6539173e7c1"},"headline":"Sistema Firjan promove discuss\u00e3o sobre \u00e1gua e reflorestamento","datePublished":"2015-03-22T15:27:59+00:00","dateModified":"2015-03-22T15:28:15+00:00","mainEntityOfPage":{"@id":"https:\/\/jornalbeirario.com.br\/portal\/?p=28967"},"wordCount":498,"commentCount":0,"publisher":{"@id":"https:\/\/jornalbeirario.com.br\/portal\/#organization"},"image":{"@id":"https:\/\/jornalbeirario.com.br\/portal\/?p=28967#primaryimage"},"thumbnailUrl":"https:\/\/jornalbeirario.com.br\/portal\/wp-content\/uploads\/2015\/03\/gouvea1.jpg","keywords":["dehoraemhora"],"articleSection":["Meio Ambiente"],"inLanguage":"pt-BR","potentialAction":[{"@type":"CommentAction","name":"Comment","target":["https:\/\/jornalbeirario.com.br\/portal\/?p=28967#respond"]}]},{"@type":"WebPage","@id":"https:\/\/jornalbeirario.com.br\/portal\/?p=28967","url":"https:\/\/jornalbeirario.com.br\/portal\/?p=28967","name":"Sistema Firjan promove discuss\u00e3o sobre \u00e1gua e reflorestamento - JORNAL BEIRA RIO","isPartOf":{"@id":"https:\/\/jornalbeirario.com.br\/portal\/#website"},"primaryImageOfPage":{"@id":"https:\/\/jornalbeirario.com.br\/portal\/?p=28967#primaryimage"},"image":{"@id":"https:\/\/jornalbeirario.com.br\/portal\/?p=28967#primaryimage"},"thumbnailUrl":"https:\/\/jornalbeirario.com.br\/portal\/wp-content\/uploads\/2015\/03\/gouvea1.jpg","datePublished":"2015-03-22T15:27:59+00:00","dateModified":"2015-03-22T15:28:15+00:00","breadcrumb":{"@id":"https:\/\/jornalbeirario.com.br\/portal\/?p=28967#breadcrumb"},"inLanguage":"pt-BR","potentialAction":[{"@type":"ReadAction","target":["https:\/\/jornalbeirario.com.br\/portal\/?p=28967"]}]},{"@type":"ImageObject","inLanguage":"pt-BR","@id":"https:\/\/jornalbeirario.com.br\/portal\/?p=28967#primaryimage","url":"https:\/\/jornalbeirario.com.br\/portal\/wp-content\/uploads\/2015\/03\/gouvea1.jpg","contentUrl":"https:\/\/jornalbeirario.com.br\/portal\/wp-content\/uploads\/2015\/03\/gouvea1.jpg","width":"640","height":"480"},{"@type":"BreadcrumbList","@id":"https:\/\/jornalbeirario.com.br\/portal\/?p=28967#breadcrumb","itemListElement":[{"@type":"ListItem","position":1,"name":"Home","item":"https:\/\/jornalbeirario.com.br\/portal"},{"@type":"ListItem","position":2,"name":"Sistema Firjan promove discuss\u00e3o sobre \u00e1gua e reflorestamento"}]},{"@type":"WebSite","@id":"https:\/\/jornalbeirario.com.br\/portal\/#website","url":"https:\/\/jornalbeirario.com.br\/portal\/","name":"JORNAL BEIRA RIO","description":"","publisher":{"@id":"https:\/\/jornalbeirario.com.br\/portal\/#organization"},"potentialAction":[{"@type":"SearchAction","target":{"@type":"EntryPoint","urlTemplate":"https:\/\/jornalbeirario.com.br\/portal\/?s={search_term_string}"},"query-input":{"@type":"PropertyValueSpecification","valueRequired":true,"valueName":"search_term_string"}}],"inLanguage":"pt-BR"},{"@type":"Organization","@id":"https:\/\/jornalbeirario.com.br\/portal\/#organization","name":"JORNAL BEIRA RIO","url":"https:\/\/jornalbeirario.com.br\/portal\/","logo":{"@type":"ImageObject","inLanguage":"pt-BR","@id":"https:\/\/jornalbeirario.com.br\/portal\/#\/schema\/logo\/image\/","url":"https:\/\/jornalbeirario.com.br\/portal\/wp-content\/uploads\/2017\/09\/BEIRA-RIO_logo600.png","contentUrl":"https:\/\/jornalbeirario.com.br\/portal\/wp-content\/uploads\/2017\/09\/BEIRA-RIO_logo600.png","width":650,"height":108,"caption":"JORNAL BEIRA RIO"},"image":{"@id":"https:\/\/jornalbeirario.com.br\/portal\/#\/schema\/logo\/image\/"}},{"@type":"Person","@id":"https:\/\/jornalbeirario.com.br\/portal\/#\/schema\/person\/c6c423e4c2465d2a9233f6539173e7c1","name":"Jornal BEIRA-RIO","image":{"@type":"ImageObject","inLanguage":"pt-BR","@id":"https:\/\/jornalbeirario.com.br\/portal\/wp-content\/uploads\/2023\/10\/logojbr1.jpg","url":"https:\/\/jornalbeirario.com.br\/portal\/wp-content\/uploads\/2023\/10\/logojbr1.jpg","contentUrl":"https:\/\/jornalbeirario.com.br\/portal\/wp-content\/uploads\/2023\/10\/logojbr1.jpg","caption":"Jornal BEIRA-RIO"},"url":"https:\/\/jornalbeirario.com.br\/portal\/?author=1"}]}},"_links":{"self":[{"href":"https:\/\/jornalbeirario.com.br\/portal\/index.php?rest_route=\/wp\/v2\/posts\/28967","targetHints":{"allow":["GET"]}}],"collection":[{"href":"https:\/\/jornalbeirario.com.br\/portal\/index.php?rest_route=\/wp\/v2\/posts"}],"about":[{"href":"https:\/\/jornalbeirario.com.br\/portal\/index.php?rest_route=\/wp\/v2\/types\/post"}],"author":[{"embeddable":true,"href":"https:\/\/jornalbeirario.com.br\/portal\/index.php?rest_route=\/wp\/v2\/users\/1"}],"replies":[{"embeddable":true,"href":"https:\/\/jornalbeirario.com.br\/portal\/index.php?rest_route=%2Fwp%2Fv2%2Fcomments&post=28967"}],"version-history":[{"count":5,"href":"https:\/\/jornalbeirario.com.br\/portal\/index.php?rest_route=\/wp\/v2\/posts\/28967\/revisions"}],"predecessor-version":[{"id":28981,"href":"https:\/\/jornalbeirario.com.br\/portal\/index.php?rest_route=\/wp\/v2\/posts\/28967\/revisions\/28981"}],"wp:featuredmedia":[{"embeddable":true,"href":"https:\/\/jornalbeirario.com.br\/portal\/index.php?rest_route=\/wp\/v2\/media\/28969"}],"wp:attachment":[{"href":"https:\/\/jornalbeirario.com.br\/portal\/index.php?rest_route=%2Fwp%2Fv2%2Fmedia&parent=28967"}],"wp:term":[{"taxonomy":"category","embeddable":true,"href":"https:\/\/jornalbeirario.com.br\/portal\/index.php?rest_route=%2Fwp%2Fv2%2Fcategories&post=28967"},{"taxonomy":"post_tag","embeddable":true,"href":"https:\/\/jornalbeirario.com.br\/portal\/index.php?rest_route=%2Fwp%2Fv2%2Ftags&post=28967"}],"curies":[{"name":"wp","href":"https:\/\/api.w.org\/{rel}","templated":true}]}}