
{"id":28599,"date":"2015-03-13T03:57:11","date_gmt":"2015-03-13T03:57:11","guid":{"rendered":"http:\/\/jornalbeirario.com.br\/portal\/portal\/?p=28599"},"modified":"2015-03-13T03:57:11","modified_gmt":"2015-03-13T03:57:11","slug":"lais-amaral-87","status":"publish","type":"post","link":"https:\/\/jornalbeirario.com.br\/portal\/?p=28599","title":{"rendered":"La\u00eds Amaral"},"content":{"rendered":"<p style=\"text-align: justify;\"><strong>Acessibilidade no Turismo \u00e9 tema de semin\u00e1rio em Resende<\/strong><br \/>\nO Turismo vai aos poucos assumindo seu espa\u00e7o na escala de import\u00e2ncia entre as atividades de grande relev\u00e2ncia em Resende. No pr\u00f3ximo dia 25, ser\u00e1 realizado mais um semin\u00e1rio organizado pela Secretaria de Turismo que tem como titular da pasta o excelente Antonio Le\u00e3o. Uma tacada certa do governo Rechuan foi fortalecer esse setor com a Secretaria. E falando no semin\u00e1rio, o tema deste ano ser\u00e1 a \u2018Acessibilidade no Turismo\u2019. O pessoal da Secretaria esteve no munic\u00edpio de Socorro, no Estado de S\u00e3o Paulo onde j\u00e1 se pratica a acessibilidade no Turismo e inspirado naquela experi\u00eancia vai colocar em discuss\u00e3o para as camadas interessadas a pr\u00e1tica tamb\u00e9m por aqui. Vai ser um papo lega. O semin\u00e1rio acontece, repetindo, dia 25, no Espa\u00e7o \u2018Z\u2019, a partir das 8 horas e segue por todo o dia. Todos est\u00e3o convidados.<\/p>\n<p style=\"text-align: justify;\"><strong>(A boa) M\u00fasica sertaneja invade Campos El\u00edseos<\/strong><br \/>\nS\u00e1bado passado mais um peda\u00e7o de rua foi fechada ao transito em Campos El\u00edseos. O trecho da rua Alfredo Whately entre a rua Henrique Sivori e Nilo Pe\u00e7anha foi franqueado aos pedestres das 8 \u00e0s 13 horas. Nesse per\u00edodo, com um palco montado em frente ao \u2018Rei dos Salgadinhos\u2019, aconteceu o lan\u00e7amento do CD da dupla sertaneja Roselito e Manoel que contou ainda com participa\u00e7\u00e3o de outros artistas da regi\u00e3o e da Orquestra de Violeiros, criada pela Associa\u00e7\u00e3o Folcl\u00f3rica e Cultural, Sertanejos-Resende. Muito legal. E foi legal constatar, que apesar de toda a guerrilha da M\u00eddia em promover um tal sertanejo pop que anda por a\u00ed enchendo o nosso saco, o pessoal ainda aprecia os cl\u00e1ssicos. \u2018Chico Mineiro\u2019, \u2018Chalana\u2019, e \u2018Menino da Porteira\u2019, por exemplo, foram acompanhadas pelo p\u00fablico, num coro informal que reuniu gente de todas as idades. Muito legal mesmo. Fato revelador tamb\u00e9m de que a alma caipira da cidade continua intacta, mesmo com tantas modernidades novidadescas que nos chegam. Isso \u00e9 bom. Faz parte da composi\u00e7\u00e3o da gente local. Identidade.<\/p>\n<p style=\"text-align: justify;\"><strong>TRIPA<\/strong><br \/>\n* O Hotel B\u00fchler, destaque do setor hoteleiro da Regi\u00e3o de Visconde de Mau\u00e1, recebeu esta semana o Pr\u00eamio de Responsabilidade Ambiental outorgado pela C\u00e2mara de Dirigentes Lojistas (CDL) de Resende, conseguindo o fato in\u00e9dito de receber 6 Estrelas, o grau m\u00e1ximo da premia\u00e7\u00e3o. Parab\u00e9ns a Marta, ao Rog\u00e9rio e a toda a equipe que toca o hotel com seu exemplo programa de lixo m\u00ednimo. Valeu !! * Falando em Turismo, no pr\u00f3ximo m\u00eas tem renova\u00e7\u00e3o no comando do Conselho de Turismo da cidade. O atual presidente \u00e9 o nosso amigo Antonio Abra\u00e3o, o Tonh\u00e3o, que conseguiu ampliar a representatividade do \u00f3rg\u00e3o * Dia 17 \u00e0s 19 horas, ser\u00e1 aberta uma exposi\u00e7\u00e3o de fotos do Germano, no Museu de Arte Moderna. O MAM fica na rua Dr. Cunhas ferreira, no Centro Hist\u00f3rico de Resende * Continua neste final de semana (s\u00e1bado e domingo) no Espa\u00e7o \u2018Z\u2019, a pe\u00e7a de Arthur Vinciprova: \u201cVoce tem todo o direito de permanecer calado\u201d . O espet\u00e1culo que tem em cena o pr\u00f3prio Vinciprova, mais M\u00f4nica Izidoro e Diogo Senna, \u00e9 uma trama policial que envolve o desaparecimento de uma atriz. Come\u00e7a \u00e0s 21 horas * Dia 21 tem lan\u00e7amento do livro infantil \u201cUma ideia no Bolso\u201d, de Patr\u00edcia Arias, na Atrium Escola de M\u00fasica. O lan\u00e7amento acontece \u00e0s 10 horas num caf\u00e9 da manh\u00e3 no qual a autora contar\u00e1 hist\u00f3ria para a galerinha. A Atrium fica na Rua do Ros\u00e1rio, 683, no Centro Hist\u00f3rico de Resende * Nessa quinta-feira foi realizada na C\u00e2mara Municipal de Resende, uma homenagem ao Dia Internacional da Mulher destacando destacadas representantes da sociedade resendense.<\/p>\n<p style=\"text-align: justify;\"><strong>ANIVERS\u00c1RIOS<\/strong><br \/>\nDia 5 passado um grupo grande de amigos mudou de idade: Arthur Vinciprova, Elizabete Oliveira (Betinha), Eraldo Melo, Eduardo Kraucs, Zenilda Miranda, Ga\u00facho do T\u00e1xi, Felipe Leal e Adriana Coutinho. No dia 6 o J\u00falio Vidal, o Z\u00e9 Roberto Costa e o Ramiro da R\u00e1dio tamb\u00e9m ficaram mais experientes. No dia 8 foi a vez do Eduardo Catarino inaugurar idade nova. Dia 9, receberam os \u2018parab\u00e9ns\u2019, o Paulinho da Farm\u00e1cia e o Fabr\u00edcio Thomaz. Dia 10 aniversariaram: L\u00edcia Silva, Nunes, o Guarda Municipal, T\u00e2nia Colombi e Roberto Viana. Dia 11 o M\u00facio Assun\u00e7\u00e3o e a Bianca Schvastman sopraram velinhas e no dia 12 a Jane Camargo e o Wagner Alves contaram mais um ano de vida. Parab\u00e9ns e todas as felicidades do mundo a essa turma boa.<\/p>\n","protected":false},"excerpt":{"rendered":"<p>Acessibilidade no Turismo \u00e9 tema de semin\u00e1rio em Resende O Turismo vai aos poucos assumindo seu espa\u00e7o na escala de import\u00e2ncia entre as atividades<\/p>\n","protected":false},"author":1,"featured_media":0,"comment_status":"open","ping_status":"open","sticky":false,"template":"","format":"standard","meta":{"pmpro_default_level":"","footnotes":""},"categories":[13],"tags":[],"class_list":["post-28599","post","type-post","status-publish","format-standard","hentry","category-social","pmpro-has-access"],"yoast_head":"<!-- This site is optimized with the Yoast SEO plugin v27.4 - https:\/\/yoast.com\/product\/yoast-seo-wordpress\/ -->\n<title>La\u00eds Amaral - JORNAL BEIRA RIO<\/title>\n<meta name=\"robots\" content=\"index, follow, max-snippet:-1, max-image-preview:large, max-video-preview:-1\" \/>\n<link rel=\"canonical\" href=\"https:\/\/jornalbeirario.com.br\/portal\/?p=28599\" \/>\n<meta property=\"og:locale\" content=\"pt_BR\" \/>\n<meta property=\"og:type\" content=\"article\" \/>\n<meta property=\"og:title\" content=\"La\u00eds Amaral - JORNAL BEIRA RIO\" \/>\n<meta property=\"og:description\" content=\"Acessibilidade no Turismo \u00e9 tema de semin\u00e1rio em Resende O Turismo vai aos poucos assumindo seu espa\u00e7o na escala de import\u00e2ncia entre as atividades\" \/>\n<meta property=\"og:url\" content=\"https:\/\/jornalbeirario.com.br\/portal\/?p=28599\" \/>\n<meta property=\"og:site_name\" content=\"JORNAL BEIRA RIO\" \/>\n<meta property=\"article:published_time\" content=\"2015-03-13T03:57:11+00:00\" \/>\n<meta name=\"author\" content=\"Jornal BEIRA-RIO\" \/>\n<meta name=\"twitter:card\" content=\"summary_large_image\" \/>\n<meta name=\"twitter:label1\" content=\"Escrito por\" \/>\n\t<meta name=\"twitter:data1\" content=\"Jornal BEIRA-RIO\" \/>\n\t<meta name=\"twitter:label2\" content=\"Est. tempo de leitura\" \/>\n\t<meta name=\"twitter:data2\" content=\"4 minutos\" \/>\n<script type=\"application\/ld+json\" class=\"yoast-schema-graph\">{\"@context\":\"https:\\\/\\\/schema.org\",\"@graph\":[{\"@type\":\"Article\",\"@id\":\"https:\\\/\\\/jornalbeirario.com.br\\\/portal\\\/?p=28599#article\",\"isPartOf\":{\"@id\":\"https:\\\/\\\/jornalbeirario.com.br\\\/portal\\\/?p=28599\"},\"author\":{\"name\":\"Jornal BEIRA-RIO\",\"@id\":\"https:\\\/\\\/jornalbeirario.com.br\\\/portal\\\/#\\\/schema\\\/person\\\/c6c423e4c2465d2a9233f6539173e7c1\"},\"headline\":\"La\u00eds Amaral\",\"datePublished\":\"2015-03-13T03:57:11+00:00\",\"mainEntityOfPage\":{\"@id\":\"https:\\\/\\\/jornalbeirario.com.br\\\/portal\\\/?p=28599\"},\"wordCount\":773,\"commentCount\":0,\"publisher\":{\"@id\":\"https:\\\/\\\/jornalbeirario.com.br\\\/portal\\\/#organization\"},\"articleSection\":[\"Social\"],\"inLanguage\":\"pt-BR\",\"potentialAction\":[{\"@type\":\"CommentAction\",\"name\":\"Comment\",\"target\":[\"https:\\\/\\\/jornalbeirario.com.br\\\/portal\\\/?p=28599#respond\"]}]},{\"@type\":\"WebPage\",\"@id\":\"https:\\\/\\\/jornalbeirario.com.br\\\/portal\\\/?p=28599\",\"url\":\"https:\\\/\\\/jornalbeirario.com.br\\\/portal\\\/?p=28599\",\"name\":\"La\u00eds Amaral - JORNAL BEIRA RIO\",\"isPartOf\":{\"@id\":\"https:\\\/\\\/jornalbeirario.com.br\\\/portal\\\/#website\"},\"datePublished\":\"2015-03-13T03:57:11+00:00\",\"breadcrumb\":{\"@id\":\"https:\\\/\\\/jornalbeirario.com.br\\\/portal\\\/?p=28599#breadcrumb\"},\"inLanguage\":\"pt-BR\",\"potentialAction\":[{\"@type\":\"ReadAction\",\"target\":[\"https:\\\/\\\/jornalbeirario.com.br\\\/portal\\\/?p=28599\"]}]},{\"@type\":\"BreadcrumbList\",\"@id\":\"https:\\\/\\\/jornalbeirario.com.br\\\/portal\\\/?p=28599#breadcrumb\",\"itemListElement\":[{\"@type\":\"ListItem\",\"position\":1,\"name\":\"Home\",\"item\":\"https:\\\/\\\/jornalbeirario.com.br\\\/portal\"},{\"@type\":\"ListItem\",\"position\":2,\"name\":\"La\u00eds Amaral\"}]},{\"@type\":\"WebSite\",\"@id\":\"https:\\\/\\\/jornalbeirario.com.br\\\/portal\\\/#website\",\"url\":\"https:\\\/\\\/jornalbeirario.com.br\\\/portal\\\/\",\"name\":\"JORNAL BEIRA RIO\",\"description\":\"\",\"publisher\":{\"@id\":\"https:\\\/\\\/jornalbeirario.com.br\\\/portal\\\/#organization\"},\"potentialAction\":[{\"@type\":\"SearchAction\",\"target\":{\"@type\":\"EntryPoint\",\"urlTemplate\":\"https:\\\/\\\/jornalbeirario.com.br\\\/portal\\\/?s={search_term_string}\"},\"query-input\":{\"@type\":\"PropertyValueSpecification\",\"valueRequired\":true,\"valueName\":\"search_term_string\"}}],\"inLanguage\":\"pt-BR\"},{\"@type\":\"Organization\",\"@id\":\"https:\\\/\\\/jornalbeirario.com.br\\\/portal\\\/#organization\",\"name\":\"JORNAL BEIRA RIO\",\"url\":\"https:\\\/\\\/jornalbeirario.com.br\\\/portal\\\/\",\"logo\":{\"@type\":\"ImageObject\",\"inLanguage\":\"pt-BR\",\"@id\":\"https:\\\/\\\/jornalbeirario.com.br\\\/portal\\\/#\\\/schema\\\/logo\\\/image\\\/\",\"url\":\"https:\\\/\\\/jornalbeirario.com.br\\\/portal\\\/wp-content\\\/uploads\\\/2017\\\/09\\\/BEIRA-RIO_logo600.png\",\"contentUrl\":\"https:\\\/\\\/jornalbeirario.com.br\\\/portal\\\/wp-content\\\/uploads\\\/2017\\\/09\\\/BEIRA-RIO_logo600.png\",\"width\":650,\"height\":108,\"caption\":\"JORNAL BEIRA RIO\"},\"image\":{\"@id\":\"https:\\\/\\\/jornalbeirario.com.br\\\/portal\\\/#\\\/schema\\\/logo\\\/image\\\/\"}},{\"@type\":\"Person\",\"@id\":\"https:\\\/\\\/jornalbeirario.com.br\\\/portal\\\/#\\\/schema\\\/person\\\/c6c423e4c2465d2a9233f6539173e7c1\",\"name\":\"Jornal BEIRA-RIO\",\"image\":{\"@type\":\"ImageObject\",\"inLanguage\":\"pt-BR\",\"@id\":\"https:\\\/\\\/jornalbeirario.com.br\\\/portal\\\/wp-content\\\/uploads\\\/2023\\\/10\\\/logojbr1.jpg\",\"url\":\"https:\\\/\\\/jornalbeirario.com.br\\\/portal\\\/wp-content\\\/uploads\\\/2023\\\/10\\\/logojbr1.jpg\",\"contentUrl\":\"https:\\\/\\\/jornalbeirario.com.br\\\/portal\\\/wp-content\\\/uploads\\\/2023\\\/10\\\/logojbr1.jpg\",\"caption\":\"Jornal BEIRA-RIO\"},\"url\":\"https:\\\/\\\/jornalbeirario.com.br\\\/portal\\\/?author=1\"}]}<\/script>\n<!-- \/ Yoast SEO plugin. -->","yoast_head_json":{"title":"La\u00eds Amaral - JORNAL BEIRA RIO","robots":{"index":"index","follow":"follow","max-snippet":"max-snippet:-1","max-image-preview":"max-image-preview:large","max-video-preview":"max-video-preview:-1"},"canonical":"https:\/\/jornalbeirario.com.br\/portal\/?p=28599","og_locale":"pt_BR","og_type":"article","og_title":"La\u00eds Amaral - JORNAL BEIRA RIO","og_description":"Acessibilidade no Turismo \u00e9 tema de semin\u00e1rio em Resende O Turismo vai aos poucos assumindo seu espa\u00e7o na escala de import\u00e2ncia entre as atividades","og_url":"https:\/\/jornalbeirario.com.br\/portal\/?p=28599","og_site_name":"JORNAL BEIRA RIO","article_published_time":"2015-03-13T03:57:11+00:00","author":"Jornal BEIRA-RIO","twitter_card":"summary_large_image","twitter_misc":{"Escrito por":"Jornal BEIRA-RIO","Est. tempo de leitura":"4 minutos"},"schema":{"@context":"https:\/\/schema.org","@graph":[{"@type":"Article","@id":"https:\/\/jornalbeirario.com.br\/portal\/?p=28599#article","isPartOf":{"@id":"https:\/\/jornalbeirario.com.br\/portal\/?p=28599"},"author":{"name":"Jornal BEIRA-RIO","@id":"https:\/\/jornalbeirario.com.br\/portal\/#\/schema\/person\/c6c423e4c2465d2a9233f6539173e7c1"},"headline":"La\u00eds Amaral","datePublished":"2015-03-13T03:57:11+00:00","mainEntityOfPage":{"@id":"https:\/\/jornalbeirario.com.br\/portal\/?p=28599"},"wordCount":773,"commentCount":0,"publisher":{"@id":"https:\/\/jornalbeirario.com.br\/portal\/#organization"},"articleSection":["Social"],"inLanguage":"pt-BR","potentialAction":[{"@type":"CommentAction","name":"Comment","target":["https:\/\/jornalbeirario.com.br\/portal\/?p=28599#respond"]}]},{"@type":"WebPage","@id":"https:\/\/jornalbeirario.com.br\/portal\/?p=28599","url":"https:\/\/jornalbeirario.com.br\/portal\/?p=28599","name":"La\u00eds Amaral - JORNAL BEIRA RIO","isPartOf":{"@id":"https:\/\/jornalbeirario.com.br\/portal\/#website"},"datePublished":"2015-03-13T03:57:11+00:00","breadcrumb":{"@id":"https:\/\/jornalbeirario.com.br\/portal\/?p=28599#breadcrumb"},"inLanguage":"pt-BR","potentialAction":[{"@type":"ReadAction","target":["https:\/\/jornalbeirario.com.br\/portal\/?p=28599"]}]},{"@type":"BreadcrumbList","@id":"https:\/\/jornalbeirario.com.br\/portal\/?p=28599#breadcrumb","itemListElement":[{"@type":"ListItem","position":1,"name":"Home","item":"https:\/\/jornalbeirario.com.br\/portal"},{"@type":"ListItem","position":2,"name":"La\u00eds Amaral"}]},{"@type":"WebSite","@id":"https:\/\/jornalbeirario.com.br\/portal\/#website","url":"https:\/\/jornalbeirario.com.br\/portal\/","name":"JORNAL BEIRA RIO","description":"","publisher":{"@id":"https:\/\/jornalbeirario.com.br\/portal\/#organization"},"potentialAction":[{"@type":"SearchAction","target":{"@type":"EntryPoint","urlTemplate":"https:\/\/jornalbeirario.com.br\/portal\/?s={search_term_string}"},"query-input":{"@type":"PropertyValueSpecification","valueRequired":true,"valueName":"search_term_string"}}],"inLanguage":"pt-BR"},{"@type":"Organization","@id":"https:\/\/jornalbeirario.com.br\/portal\/#organization","name":"JORNAL BEIRA RIO","url":"https:\/\/jornalbeirario.com.br\/portal\/","logo":{"@type":"ImageObject","inLanguage":"pt-BR","@id":"https:\/\/jornalbeirario.com.br\/portal\/#\/schema\/logo\/image\/","url":"https:\/\/jornalbeirario.com.br\/portal\/wp-content\/uploads\/2017\/09\/BEIRA-RIO_logo600.png","contentUrl":"https:\/\/jornalbeirario.com.br\/portal\/wp-content\/uploads\/2017\/09\/BEIRA-RIO_logo600.png","width":650,"height":108,"caption":"JORNAL BEIRA RIO"},"image":{"@id":"https:\/\/jornalbeirario.com.br\/portal\/#\/schema\/logo\/image\/"}},{"@type":"Person","@id":"https:\/\/jornalbeirario.com.br\/portal\/#\/schema\/person\/c6c423e4c2465d2a9233f6539173e7c1","name":"Jornal BEIRA-RIO","image":{"@type":"ImageObject","inLanguage":"pt-BR","@id":"https:\/\/jornalbeirario.com.br\/portal\/wp-content\/uploads\/2023\/10\/logojbr1.jpg","url":"https:\/\/jornalbeirario.com.br\/portal\/wp-content\/uploads\/2023\/10\/logojbr1.jpg","contentUrl":"https:\/\/jornalbeirario.com.br\/portal\/wp-content\/uploads\/2023\/10\/logojbr1.jpg","caption":"Jornal BEIRA-RIO"},"url":"https:\/\/jornalbeirario.com.br\/portal\/?author=1"}]}},"_links":{"self":[{"href":"https:\/\/jornalbeirario.com.br\/portal\/index.php?rest_route=\/wp\/v2\/posts\/28599","targetHints":{"allow":["GET"]}}],"collection":[{"href":"https:\/\/jornalbeirario.com.br\/portal\/index.php?rest_route=\/wp\/v2\/posts"}],"about":[{"href":"https:\/\/jornalbeirario.com.br\/portal\/index.php?rest_route=\/wp\/v2\/types\/post"}],"author":[{"embeddable":true,"href":"https:\/\/jornalbeirario.com.br\/portal\/index.php?rest_route=\/wp\/v2\/users\/1"}],"replies":[{"embeddable":true,"href":"https:\/\/jornalbeirario.com.br\/portal\/index.php?rest_route=%2Fwp%2Fv2%2Fcomments&post=28599"}],"version-history":[{"count":3,"href":"https:\/\/jornalbeirario.com.br\/portal\/index.php?rest_route=\/wp\/v2\/posts\/28599\/revisions"}],"predecessor-version":[{"id":28691,"href":"https:\/\/jornalbeirario.com.br\/portal\/index.php?rest_route=\/wp\/v2\/posts\/28599\/revisions\/28691"}],"wp:attachment":[{"href":"https:\/\/jornalbeirario.com.br\/portal\/index.php?rest_route=%2Fwp%2Fv2%2Fmedia&parent=28599"}],"wp:term":[{"taxonomy":"category","embeddable":true,"href":"https:\/\/jornalbeirario.com.br\/portal\/index.php?rest_route=%2Fwp%2Fv2%2Fcategories&post=28599"},{"taxonomy":"post_tag","embeddable":true,"href":"https:\/\/jornalbeirario.com.br\/portal\/index.php?rest_route=%2Fwp%2Fv2%2Ftags&post=28599"}],"curies":[{"name":"wp","href":"https:\/\/api.w.org\/{rel}","templated":true}]}}