
{"id":28596,"date":"2015-03-13T03:54:39","date_gmt":"2015-03-13T03:54:39","guid":{"rendered":"http:\/\/jornalbeirario.com.br\/portal\/portal\/?p=28596"},"modified":"2015-03-13T03:54:39","modified_gmt":"2015-03-13T03:54:39","slug":"cartas-e-e-mails-64","status":"publish","type":"post","link":"https:\/\/jornalbeirario.com.br\/portal\/?p=28596","title":{"rendered":"Cartas e E-mails"},"content":{"rendered":"<p style=\"text-align: justify;\">Caros (as) amigos (as),<\/p>\n<p style=\"text-align: justify;\">A edi\u00e7\u00e3o desta semana do jornal <strong>BEIRA-RIO<\/strong>, em seu editorial, traz pontos que n\u00e3o condizem com a realidade e que acredito ser importante esclarec\u00ea-los para evitar interpreta\u00e7\u00f5es parciais e err\u00f4neas.<\/p>\n<p style=\"text-align: justify;\">Fui filiado ao Partido dos Trabalhadores, por 30 anos, e durante todo este per\u00edodo nunca fugi a luta e sempre estive ao lado do grupo, apoiando DEMOCRATICAMENTE todas as decis\u00f5es. Em nenhum momento me omiti quando o meu ponto de vista foi diferente dos demais. Apoiei as campanhas municipais, quando o partido decidiu lan\u00e7ar candidato pr\u00f3prio, e tamb\u00e9m nas coliga\u00e7\u00f5es. Nas disputas proporcionais, SEMPRE estive ao lado dos candidatos petistas e jamais tra\u00ed a legenda.<\/p>\n<p style=\"text-align: justify;\">Em 2010 assumi a presid\u00eancia do Diret\u00f3rio Municipal de Resende com o intuito de unir o partido novamente, ap\u00f3s a sa\u00edda de alguns filiados, que optaram por apoiar a elei\u00e7\u00e3o do atual prefeito. Outros se afastaram e preferiram observar de longe, criando especula\u00e7\u00f5es e falsos julgamentos. Apesar da dif\u00edcil miss\u00e3o, acredito ter realizado um bom trabalho, com novas filia\u00e7\u00f5es de quadros importantes e a volta de militantes hist\u00f3ricos.<\/p>\n<p style=\"text-align: justify;\">Em 2011 iniciamos a Consulta Popular que aproximou o PT da popula\u00e7\u00e3o, com a visita a diversos bairros. Realizamos um trabalho de divulga\u00e7\u00e3o, colocando o partido na m\u00eddia, criando campo para 2012.<\/p>\n<p style=\"text-align: justify;\">No ano seguinte lan\u00e7amos candidatura pr\u00f3pria, ap\u00f3s uma decis\u00e3o DEMOCR\u00c1TICA dos filiados em n\u00e3o apoiar os dois grupos que h\u00e1 anos dividem o poder. Mesmo com poucos recursos, realizamos uma boa campanha, elogiada por todos, pela forma \u00e9tica e com conte\u00fado. Dentre os candidatos a vereadores, por pouco menos de 200 votos n\u00e3o elegemos um representante.<\/p>\n<p style=\"text-align: justify;\">Em 2014, entendendo que era importante manter o projeto lan\u00e7ado em 2012, apresentei meu nome ao Diret\u00f3rio Estadual do PT para concorrer a uma vaga na Assembleia Legislativa. Tive a indica\u00e7\u00e3o aprovada pelos membros da dire\u00e7\u00e3o regional, que tem a fun\u00e7\u00e3o de aprovar a nominata de candidatos neste pleito. Obtive 4024 votos, sendo o vig\u00e9simo mais votado do partido num total de 64.<\/p>\n<p style=\"text-align: justify;\">Fiz, novamente, uma boa caminhada sendo apoiado por diversos militantes, incluindo o atual presidente do Diret\u00f3rio, Elon Viana, e o diret\u00f3rio municipal de Itatiaia. Mesmo com petistas apoiando candidatos de outra legenda, incluindo a editora do referido jornal, que declarou apoio ao representante do PSOL e atualmente vem lutando para que o PT ap\u00f3ie o parlamentar.<\/p>\n<p style=\"text-align: justify;\">Lutei por um PT \u201cpetista\u201d, defendendo as bandeiras sociais, sem que meus interesses pessoais e financeiros falassem mais alto. A democracia sempre foi a marca da legenda e espero que assim continue. Autoritarismos de algumas das partes, em tentar impor seus interesses, n\u00e3o combinam com a filosofia da esquerda.<\/p>\n<p style=\"text-align: justify;\">No final de 2014 encerrei minha hist\u00f3ria no PT com a certeza de ter feito o melhor trabalho poss\u00edvel. Sa\u00ed com a consci\u00eancia tranq\u00fcila e desejo toda sorte do mundo para os amigos que tenho dentro da legenda e o respeito importante em qualquer rela\u00e7\u00e3o pessoal. As decis\u00f5es atuais do PT, se o partido vai ou n\u00e3o apoiar o governo ou outra posi\u00e7\u00e3o, cabe ao pr\u00f3prio PT, que saber\u00e1 decidir .<\/p>\n<p style=\"text-align: justify;\">Rog\u00e9rio Coutinho<\/p>\n<p style=\"text-align: justify;\">NOTA DA EDITORA<br \/>\nA refer\u00eancia feita ao serventu\u00e1rio Rog\u00e9rio Coutinho, em editorial citado acima, ficou limitada a menos de dez linhas, mas com certeza o que levou o citado a classificar como \u201ctraz pontos que n\u00e3o condizem com a realidade\u201d deve ser a opini\u00e3o do jornal sobre o resultado vexat\u00f3rio do PT na cidade. Talvez aos olhos de Coutinho, os 4.024 votos (0,05%) sejam um sucesso, mas o que chama a aten\u00e7\u00e3o \u00e9 afirmar que a editora apoiou candidato do Psol. F\u00e1cil comprovar a opini\u00e3o da editora dispon\u00edvel no site do jornal <strong>BEIRA-RIO<\/strong>, em um outro editorial publicado alguns dias antes da elei\u00e7\u00e3o de outubro do ano passado, sob o t\u00edtulo: \u201cVoto 13 e tor\u00e7o para Dr. Julianelli!\u201d. Para ler, acesse aqui: bit.ly\/1Ap0ZZa<\/p>\n<p style=\"text-align: justify;\">Assim, respeitando a interpreta\u00e7\u00e3o do candidato derrotado, Rog\u00e9rio Coutinho, venho da mesma maneira esclarecer alguns \u201cpontos que n\u00e3o condizem com a realidade\u201d e continuo desejando sorte e mais votos no novo caminho.<\/p>\n<p style=\"text-align: justify;\">\n","protected":false},"excerpt":{"rendered":"<p>Caros (as) amigos (as), A edi\u00e7\u00e3o desta semana do jornal BEIRA-RIO, em seu editorial, traz pontos que n\u00e3o condizem com a realidade e que<\/p>\n","protected":false},"author":1,"featured_media":0,"comment_status":"open","ping_status":"open","sticky":false,"template":"","format":"standard","meta":{"pmpro_default_level":"","footnotes":""},"categories":[8],"tags":[],"class_list":["post-28596","post","type-post","status-publish","format-standard","hentry","category-opiniao","pmpro-has-access"],"yoast_head":"<!-- This site is optimized with the Yoast SEO plugin v27.4 - https:\/\/yoast.com\/product\/yoast-seo-wordpress\/ -->\n<title>Cartas e E-mails - JORNAL BEIRA RIO<\/title>\n<meta name=\"robots\" content=\"index, follow, max-snippet:-1, max-image-preview:large, max-video-preview:-1\" \/>\n<link rel=\"canonical\" href=\"https:\/\/jornalbeirario.com.br\/portal\/?p=28596\" \/>\n<meta property=\"og:locale\" content=\"pt_BR\" \/>\n<meta property=\"og:type\" content=\"article\" \/>\n<meta property=\"og:title\" content=\"Cartas e E-mails - JORNAL BEIRA RIO\" \/>\n<meta property=\"og:description\" content=\"Caros (as) amigos (as), A edi\u00e7\u00e3o desta semana do jornal BEIRA-RIO, em seu editorial, traz pontos que n\u00e3o condizem com a realidade e que\" \/>\n<meta property=\"og:url\" content=\"https:\/\/jornalbeirario.com.br\/portal\/?p=28596\" \/>\n<meta property=\"og:site_name\" content=\"JORNAL BEIRA RIO\" \/>\n<meta property=\"article:published_time\" content=\"2015-03-13T03:54:39+00:00\" \/>\n<meta name=\"author\" content=\"Jornal BEIRA-RIO\" \/>\n<meta name=\"twitter:card\" content=\"summary_large_image\" \/>\n<meta name=\"twitter:label1\" content=\"Escrito por\" \/>\n\t<meta name=\"twitter:data1\" content=\"Jornal BEIRA-RIO\" \/>\n\t<meta name=\"twitter:label2\" content=\"Est. tempo de leitura\" \/>\n\t<meta name=\"twitter:data2\" content=\"4 minutos\" \/>\n<script type=\"application\/ld+json\" class=\"yoast-schema-graph\">{\"@context\":\"https:\\\/\\\/schema.org\",\"@graph\":[{\"@type\":\"Article\",\"@id\":\"https:\\\/\\\/jornalbeirario.com.br\\\/portal\\\/?p=28596#article\",\"isPartOf\":{\"@id\":\"https:\\\/\\\/jornalbeirario.com.br\\\/portal\\\/?p=28596\"},\"author\":{\"name\":\"Jornal BEIRA-RIO\",\"@id\":\"https:\\\/\\\/jornalbeirario.com.br\\\/portal\\\/#\\\/schema\\\/person\\\/c6c423e4c2465d2a9233f6539173e7c1\"},\"headline\":\"Cartas e E-mails\",\"datePublished\":\"2015-03-13T03:54:39+00:00\",\"mainEntityOfPage\":{\"@id\":\"https:\\\/\\\/jornalbeirario.com.br\\\/portal\\\/?p=28596\"},\"wordCount\":720,\"commentCount\":0,\"publisher\":{\"@id\":\"https:\\\/\\\/jornalbeirario.com.br\\\/portal\\\/#organization\"},\"articleSection\":[\"Opini\u00e3o\"],\"inLanguage\":\"pt-BR\",\"potentialAction\":[{\"@type\":\"CommentAction\",\"name\":\"Comment\",\"target\":[\"https:\\\/\\\/jornalbeirario.com.br\\\/portal\\\/?p=28596#respond\"]}]},{\"@type\":\"WebPage\",\"@id\":\"https:\\\/\\\/jornalbeirario.com.br\\\/portal\\\/?p=28596\",\"url\":\"https:\\\/\\\/jornalbeirario.com.br\\\/portal\\\/?p=28596\",\"name\":\"Cartas e E-mails - JORNAL BEIRA RIO\",\"isPartOf\":{\"@id\":\"https:\\\/\\\/jornalbeirario.com.br\\\/portal\\\/#website\"},\"datePublished\":\"2015-03-13T03:54:39+00:00\",\"breadcrumb\":{\"@id\":\"https:\\\/\\\/jornalbeirario.com.br\\\/portal\\\/?p=28596#breadcrumb\"},\"inLanguage\":\"pt-BR\",\"potentialAction\":[{\"@type\":\"ReadAction\",\"target\":[\"https:\\\/\\\/jornalbeirario.com.br\\\/portal\\\/?p=28596\"]}]},{\"@type\":\"BreadcrumbList\",\"@id\":\"https:\\\/\\\/jornalbeirario.com.br\\\/portal\\\/?p=28596#breadcrumb\",\"itemListElement\":[{\"@type\":\"ListItem\",\"position\":1,\"name\":\"Home\",\"item\":\"https:\\\/\\\/jornalbeirario.com.br\\\/portal\"},{\"@type\":\"ListItem\",\"position\":2,\"name\":\"Cartas e E-mails\"}]},{\"@type\":\"WebSite\",\"@id\":\"https:\\\/\\\/jornalbeirario.com.br\\\/portal\\\/#website\",\"url\":\"https:\\\/\\\/jornalbeirario.com.br\\\/portal\\\/\",\"name\":\"JORNAL BEIRA RIO\",\"description\":\"\",\"publisher\":{\"@id\":\"https:\\\/\\\/jornalbeirario.com.br\\\/portal\\\/#organization\"},\"potentialAction\":[{\"@type\":\"SearchAction\",\"target\":{\"@type\":\"EntryPoint\",\"urlTemplate\":\"https:\\\/\\\/jornalbeirario.com.br\\\/portal\\\/?s={search_term_string}\"},\"query-input\":{\"@type\":\"PropertyValueSpecification\",\"valueRequired\":true,\"valueName\":\"search_term_string\"}}],\"inLanguage\":\"pt-BR\"},{\"@type\":\"Organization\",\"@id\":\"https:\\\/\\\/jornalbeirario.com.br\\\/portal\\\/#organization\",\"name\":\"JORNAL BEIRA RIO\",\"url\":\"https:\\\/\\\/jornalbeirario.com.br\\\/portal\\\/\",\"logo\":{\"@type\":\"ImageObject\",\"inLanguage\":\"pt-BR\",\"@id\":\"https:\\\/\\\/jornalbeirario.com.br\\\/portal\\\/#\\\/schema\\\/logo\\\/image\\\/\",\"url\":\"https:\\\/\\\/jornalbeirario.com.br\\\/portal\\\/wp-content\\\/uploads\\\/2017\\\/09\\\/BEIRA-RIO_logo600.png\",\"contentUrl\":\"https:\\\/\\\/jornalbeirario.com.br\\\/portal\\\/wp-content\\\/uploads\\\/2017\\\/09\\\/BEIRA-RIO_logo600.png\",\"width\":650,\"height\":108,\"caption\":\"JORNAL BEIRA RIO\"},\"image\":{\"@id\":\"https:\\\/\\\/jornalbeirario.com.br\\\/portal\\\/#\\\/schema\\\/logo\\\/image\\\/\"}},{\"@type\":\"Person\",\"@id\":\"https:\\\/\\\/jornalbeirario.com.br\\\/portal\\\/#\\\/schema\\\/person\\\/c6c423e4c2465d2a9233f6539173e7c1\",\"name\":\"Jornal BEIRA-RIO\",\"image\":{\"@type\":\"ImageObject\",\"inLanguage\":\"pt-BR\",\"@id\":\"https:\\\/\\\/jornalbeirario.com.br\\\/portal\\\/wp-content\\\/uploads\\\/2023\\\/10\\\/logojbr1.jpg\",\"url\":\"https:\\\/\\\/jornalbeirario.com.br\\\/portal\\\/wp-content\\\/uploads\\\/2023\\\/10\\\/logojbr1.jpg\",\"contentUrl\":\"https:\\\/\\\/jornalbeirario.com.br\\\/portal\\\/wp-content\\\/uploads\\\/2023\\\/10\\\/logojbr1.jpg\",\"caption\":\"Jornal BEIRA-RIO\"},\"url\":\"https:\\\/\\\/jornalbeirario.com.br\\\/portal\\\/?author=1\"}]}<\/script>\n<!-- \/ Yoast SEO plugin. -->","yoast_head_json":{"title":"Cartas e E-mails - JORNAL BEIRA RIO","robots":{"index":"index","follow":"follow","max-snippet":"max-snippet:-1","max-image-preview":"max-image-preview:large","max-video-preview":"max-video-preview:-1"},"canonical":"https:\/\/jornalbeirario.com.br\/portal\/?p=28596","og_locale":"pt_BR","og_type":"article","og_title":"Cartas e E-mails - JORNAL BEIRA RIO","og_description":"Caros (as) amigos (as), A edi\u00e7\u00e3o desta semana do jornal BEIRA-RIO, em seu editorial, traz pontos que n\u00e3o condizem com a realidade e que","og_url":"https:\/\/jornalbeirario.com.br\/portal\/?p=28596","og_site_name":"JORNAL BEIRA RIO","article_published_time":"2015-03-13T03:54:39+00:00","author":"Jornal BEIRA-RIO","twitter_card":"summary_large_image","twitter_misc":{"Escrito por":"Jornal BEIRA-RIO","Est. tempo de leitura":"4 minutos"},"schema":{"@context":"https:\/\/schema.org","@graph":[{"@type":"Article","@id":"https:\/\/jornalbeirario.com.br\/portal\/?p=28596#article","isPartOf":{"@id":"https:\/\/jornalbeirario.com.br\/portal\/?p=28596"},"author":{"name":"Jornal BEIRA-RIO","@id":"https:\/\/jornalbeirario.com.br\/portal\/#\/schema\/person\/c6c423e4c2465d2a9233f6539173e7c1"},"headline":"Cartas e E-mails","datePublished":"2015-03-13T03:54:39+00:00","mainEntityOfPage":{"@id":"https:\/\/jornalbeirario.com.br\/portal\/?p=28596"},"wordCount":720,"commentCount":0,"publisher":{"@id":"https:\/\/jornalbeirario.com.br\/portal\/#organization"},"articleSection":["Opini\u00e3o"],"inLanguage":"pt-BR","potentialAction":[{"@type":"CommentAction","name":"Comment","target":["https:\/\/jornalbeirario.com.br\/portal\/?p=28596#respond"]}]},{"@type":"WebPage","@id":"https:\/\/jornalbeirario.com.br\/portal\/?p=28596","url":"https:\/\/jornalbeirario.com.br\/portal\/?p=28596","name":"Cartas e E-mails - JORNAL BEIRA RIO","isPartOf":{"@id":"https:\/\/jornalbeirario.com.br\/portal\/#website"},"datePublished":"2015-03-13T03:54:39+00:00","breadcrumb":{"@id":"https:\/\/jornalbeirario.com.br\/portal\/?p=28596#breadcrumb"},"inLanguage":"pt-BR","potentialAction":[{"@type":"ReadAction","target":["https:\/\/jornalbeirario.com.br\/portal\/?p=28596"]}]},{"@type":"BreadcrumbList","@id":"https:\/\/jornalbeirario.com.br\/portal\/?p=28596#breadcrumb","itemListElement":[{"@type":"ListItem","position":1,"name":"Home","item":"https:\/\/jornalbeirario.com.br\/portal"},{"@type":"ListItem","position":2,"name":"Cartas e E-mails"}]},{"@type":"WebSite","@id":"https:\/\/jornalbeirario.com.br\/portal\/#website","url":"https:\/\/jornalbeirario.com.br\/portal\/","name":"JORNAL BEIRA RIO","description":"","publisher":{"@id":"https:\/\/jornalbeirario.com.br\/portal\/#organization"},"potentialAction":[{"@type":"SearchAction","target":{"@type":"EntryPoint","urlTemplate":"https:\/\/jornalbeirario.com.br\/portal\/?s={search_term_string}"},"query-input":{"@type":"PropertyValueSpecification","valueRequired":true,"valueName":"search_term_string"}}],"inLanguage":"pt-BR"},{"@type":"Organization","@id":"https:\/\/jornalbeirario.com.br\/portal\/#organization","name":"JORNAL BEIRA RIO","url":"https:\/\/jornalbeirario.com.br\/portal\/","logo":{"@type":"ImageObject","inLanguage":"pt-BR","@id":"https:\/\/jornalbeirario.com.br\/portal\/#\/schema\/logo\/image\/","url":"https:\/\/jornalbeirario.com.br\/portal\/wp-content\/uploads\/2017\/09\/BEIRA-RIO_logo600.png","contentUrl":"https:\/\/jornalbeirario.com.br\/portal\/wp-content\/uploads\/2017\/09\/BEIRA-RIO_logo600.png","width":650,"height":108,"caption":"JORNAL BEIRA RIO"},"image":{"@id":"https:\/\/jornalbeirario.com.br\/portal\/#\/schema\/logo\/image\/"}},{"@type":"Person","@id":"https:\/\/jornalbeirario.com.br\/portal\/#\/schema\/person\/c6c423e4c2465d2a9233f6539173e7c1","name":"Jornal BEIRA-RIO","image":{"@type":"ImageObject","inLanguage":"pt-BR","@id":"https:\/\/jornalbeirario.com.br\/portal\/wp-content\/uploads\/2023\/10\/logojbr1.jpg","url":"https:\/\/jornalbeirario.com.br\/portal\/wp-content\/uploads\/2023\/10\/logojbr1.jpg","contentUrl":"https:\/\/jornalbeirario.com.br\/portal\/wp-content\/uploads\/2023\/10\/logojbr1.jpg","caption":"Jornal BEIRA-RIO"},"url":"https:\/\/jornalbeirario.com.br\/portal\/?author=1"}]}},"_links":{"self":[{"href":"https:\/\/jornalbeirario.com.br\/portal\/index.php?rest_route=\/wp\/v2\/posts\/28596","targetHints":{"allow":["GET"]}}],"collection":[{"href":"https:\/\/jornalbeirario.com.br\/portal\/index.php?rest_route=\/wp\/v2\/posts"}],"about":[{"href":"https:\/\/jornalbeirario.com.br\/portal\/index.php?rest_route=\/wp\/v2\/types\/post"}],"author":[{"embeddable":true,"href":"https:\/\/jornalbeirario.com.br\/portal\/index.php?rest_route=\/wp\/v2\/users\/1"}],"replies":[{"embeddable":true,"href":"https:\/\/jornalbeirario.com.br\/portal\/index.php?rest_route=%2Fwp%2Fv2%2Fcomments&post=28596"}],"version-history":[{"count":3,"href":"https:\/\/jornalbeirario.com.br\/portal\/index.php?rest_route=\/wp\/v2\/posts\/28596\/revisions"}],"predecessor-version":[{"id":28690,"href":"https:\/\/jornalbeirario.com.br\/portal\/index.php?rest_route=\/wp\/v2\/posts\/28596\/revisions\/28690"}],"wp:attachment":[{"href":"https:\/\/jornalbeirario.com.br\/portal\/index.php?rest_route=%2Fwp%2Fv2%2Fmedia&parent=28596"}],"wp:term":[{"taxonomy":"category","embeddable":true,"href":"https:\/\/jornalbeirario.com.br\/portal\/index.php?rest_route=%2Fwp%2Fv2%2Fcategories&post=28596"},{"taxonomy":"post_tag","embeddable":true,"href":"https:\/\/jornalbeirario.com.br\/portal\/index.php?rest_route=%2Fwp%2Fv2%2Ftags&post=28596"}],"curies":[{"name":"wp","href":"https:\/\/api.w.org\/{rel}","templated":true}]}}