
{"id":28594,"date":"2015-03-13T03:50:56","date_gmt":"2015-03-13T03:50:56","guid":{"rendered":"http:\/\/jornalbeirario.com.br\/portal\/portal\/?p=28594"},"modified":"2015-03-13T03:50:56","modified_gmt":"2015-03-13T03:50:56","slug":"quem-pensa-prevaricacao-e-deboche","status":"publish","type":"post","link":"https:\/\/jornalbeirario.com.br\/portal\/?p=28594","title":{"rendered":"QUEM PENSA? Prevarica\u00e7\u00e3o e deboche!"},"content":{"rendered":"<p style=\"text-align: justify;\">Resende vive a pior epidemia de dengue dos \u00faltimos anos. Em 2002, os n\u00fameros foram assustadores, mas nada se compara ao atual resultado que j\u00e1 contabiliza sete mortes, sendo uma delas, aguardando um segundo teste, j\u00e1 que apesar de estar no atestado de \u00f3bito como causa da morte, a Secretaria Municipal de Sa\u00fade tem d\u00favidas, pois o teste r\u00e1pido realizado em Resende deu negativo. O quantitativo assusta, mas que fosse uma j\u00e1 deveria ser motivo de grande preocupa\u00e7\u00e3o por parte do prefeito Jos\u00e9 Rechuan que at\u00e9 o momento insiste em n\u00e3o decretar situa\u00e7\u00e3o ou estado de emerg\u00eancia no munic\u00edpio.<\/p>\n<p style=\"text-align: justify;\">Que diferen\u00e7a isso faz? Muita, pois s\u00f3 sabe o sufoco quem est\u00e1 na ponta, trabalhando noite e dia, dobrando nas unidades de sa\u00fade ou nas ruas fiscalizando ou participando dos mutir\u00f5es. J\u00e1 h\u00e1 um n\u00edtido esgotamento dos servidores dos hospitais e com a decreta\u00e7\u00e3o de emerg\u00eancia, a Secretaria Municipal de Sa\u00fade pode contratar pessoas por tempo determinado e assim colaborar para uma melhor assist\u00eancia da popula\u00e7\u00e3o. O pr\u00f3prio pessoal da administra\u00e7\u00e3o da sa\u00fade, todos se desdobrando com falta de pessoal e recursos como por exemplo, mais computadores e at\u00e9 espa\u00e7o adequado para as atividades que precisam ser realizadas para o controle e registros da doen\u00e7a.<\/p>\n<p style=\"text-align: justify;\">Mas Rechuan prevarica. Sim trata como menor uma epidemia que atinge todos os bairros da cidade, mas tamb\u00e9m todos os distritos e \u00e1rea rural, pouco lembrados nos notici\u00e1rios. O prefeito com a concord\u00e2ncia do secret\u00e1rio de Sa\u00fade insistem no discurso que tudo est\u00e1 \u201csob controle\u201d e n\u00e3o est\u00e1, os n\u00fameros divulgados s\u00e3o aqueles que apenas entraram no sistema, mas ainda faltam entrar cerca de 50% a mais do n\u00famero divulgado, ou seja, quando falam em quatro mil casos notificados pode colocar a\u00ed seis mil tranquilamente. Eu vi, as milhares de fichas espalhadas sobre as mesas do setor de epidemiologia da prefeitura que ainda precisam entrar no sistema.<\/p>\n<p style=\"text-align: justify;\">Minha opini\u00e3o \u00e9 que o prefeito n\u00e3o consegue se sensibilizar com a dor das fam\u00edlias que perderam um ente da fam\u00edlia, assim como n\u00e3o percebe o esfor\u00e7o que est\u00e1 sendo feito por boa parte dos servidores da sa\u00fade. Do contr\u00e1rio, como explicar que o prefeito abandonou o Comit\u00ea da Dengue formado em 2009, quando entrou pela primeira vez na prefeitura? O Comit\u00ea tinha por metas o acompanhamento, o controle e a integra\u00e7\u00e3o de v\u00e1rias secretarias e sociedade para evitarmos o que hoje assistimos, porque se existem aqueles que querem colocar panos quentes falando que o problema atinge v\u00e1rios munic\u00edpio do pa\u00eds, h\u00e1 de ser honesto e mostrar os munic\u00edpios que n\u00e3o est\u00e3o apresentando este descontrole porque fizeram o dever de casa.<\/p>\n<p style=\"text-align: justify;\">O Comit\u00ea que o prefeito abandonou nos \u00faltimos anos \u00e9 uma das medidas inclusive para controle da dengue que n\u00e3o pode recair apenas sobre a pasta da sa\u00fade. Sim, s\u00e3o v\u00e1rias as causas: mobilidade das popula\u00e7\u00f5es, aumento populacional, problemas sociais e pol\u00edticos que afetam a qualidade de vida e o meio ambiente e sem uma gest\u00e3o integrada ou intersetorial, como tecnicamente falam, isto n\u00e3o \u00e9 poss\u00edvel. Rechuan n\u00e3o est\u00e1 cumprindo com o dever em buscar de todas as maneiras a preserva\u00e7\u00e3o da vida do mun\u00edcipe. A dengue deve seguir at\u00e9 maio e ainda tem a tal da Chikungunya pra chegar transmitida pelo mesmo mosquito. S\u00f3 Jesus na causa!<\/p>\n<p style=\"text-align: justify;\">Penso que \u00e9 importante colaborar com informa\u00e7\u00f5es neste momento de descaso do mandat\u00e1rio do munic\u00edpio, que ali\u00e1s, pra quem esqueceu \u00e9 tamb\u00e9m m\u00e9dico. E para tanto, trago informa\u00e7\u00f5es sobre o controle da dengue que todos devem conhecer para colaborar, pois se afirmo que esta epidemia em Resende se d\u00e1 pela falta de investimento do governo na preven\u00e7\u00e3o, assim como em pessoal e recursos, n\u00e3o tenho nenhuma d\u00favida que a situa\u00e7\u00e3o est\u00e1 assim, porque outros setores tamb\u00e9m n\u00e3o fizeram a sua parte. Vereador tamb\u00e9m prevarica ao deixar de fiscalizar e pouco participa (ou nada) do controle, assim como toda a sociedade que muitas vezes tem voz para criticar, mas nada de disposi\u00e7\u00e3o para colaborar com o controle social.<\/p>\n<p style=\"text-align: justify;\">O que diz o Minist\u00e9rio da Sa\u00fade sobre essa quest\u00e3o de NOSSA responsabilidade: \u201cO controle da dengue na atualidade \u00e9 uma atividade complexa, tendo em vista os diversos fatores externos ao setor sa\u00fade, que s\u00e3o importantes determinantes na manuten\u00e7\u00e3o e dispers\u00e3o tanto da doen\u00e7a quanto de seu vetor transmissor. Dentre esses fatores, destacam-se o surgimento de aglomerados urbanos, inadequadas condi\u00e7\u00f5es de habita\u00e7\u00e3o, irregularidade no abastecimento de \u00e1gua, destina\u00e7\u00e3o impr\u00f3pria de res\u00edduos, o crescente tr\u00e2nsito de pessoas e cargas entre pa\u00edses e as mudan\u00e7as clim\u00e1ticas provocadas pelo aquecimento global. Tendo em vista esses aspectos, \u00e9 fundamental, para o efetivo enfrentamento da dengue, a implementa\u00e7\u00e3o de uma pol\u00edtica baseada na intersetorialidade, de forma a envolver e responsabilizar os gestores e a sociedade. Tal entendimento refor\u00e7a o fundamento de que o controle vetorial \u00e9 uma a\u00e7\u00e3o de responsabilidade coletiva e que n\u00e3o se restringe apenas ao setor sa\u00fade e seus profissionais. Para alcan\u00e7ar a sustentabilidade<br \/>\ndefinitiva nas a\u00e7\u00f5es de controle, \u00e9 imprescind\u00edvel a cria\u00e7\u00e3o de um grupo executivo intersetorial, que dever\u00e1 contar com o envolvimento dos setores de planejamento, de abastecimento de \u00e1gua e de coleta de res\u00edduos s\u00f3lidos, que dar\u00e3o suporte ao controle da dengue promovido pelo setor sa\u00fade. No \u00e2mbito do setor sa\u00fade, \u00e9 necess\u00e1rio buscar a articula\u00e7\u00e3o sistem\u00e1tica da vigil\u00e2ncia epidemiol\u00f3gica e entomol\u00f3gica com a aten\u00e7\u00e3o b\u00e1sica, integrando suas atividades de maneira a potencializar o trabalho e evitar a duplicidade das a\u00e7\u00f5es, considerando especialmente o trabalho desenvolvido pelos Agentes Comunit\u00e1rios de Sa\u00fade (ACS) e pelos Agentes de Controle de Endemias (ACE)\u201d.<\/p>\n<p style=\"text-align: justify;\">Sabemos que Resende est\u00e1 mal economicamente. Deve e pega dinheiro emprestado com bancos, mas ainda assim o prefeito mant\u00e9m um n\u00famero excessivo de nomeados, chegando ao limite alerta pela Lei de Responsabilidade Fiscal. Usa a propaganda para ado\u00e7ar os menos informados ou os iludidos e reiteradas vezes despreza o recurso humano valioso da Prefeitura, que \u00e9 realmente a alma da Administra\u00e7\u00e3o P\u00fablica. O governo Rechuan mant\u00e9m um ex\u00e9rcito de pessoas que balan\u00e7am a cabe\u00e7a positivamente enquanto estiverem recebendo no final do m\u00eas. Do contr\u00e1rio, pelo menos uns mil podiam pedir exonera\u00e7\u00e3o por amor ao munic\u00edpio, n\u00e9 n\u00e3o? Ou o prefeito, secret\u00e1rios e vereadores reduzirem pela metades seus benef\u00edcios em prol do saneamento das contas, n\u00e9 n\u00e3o?<\/p>\n<p style=\"text-align: justify;\">\u00c9 nada. Em Resende, h\u00e1 ainda um deboche das situa\u00e7\u00f5es mais graves mostrando bem que este governo, al\u00e9m de tudo se alinha perfeitamente \u00e0 elite insens\u00edvel, \u00e0s demandas das camadas menos favorecidas. Se tem um doente que espera \u2013 como tem acontecido diariamente nos \u00faltimos meses \u2013 atendimento numa cadeira em uma unidade de sa\u00fade por at\u00e9 cinco horas \u00e9 a prova clara do total deboche com a dor deste povo que confiou a Rechuan uma segunda oportunidade de administrar a cidade. Olhe em volta! Olhe Resende! Tire suas pr\u00f3prias conclus\u00f5es&#8230; s\u00f3 n\u00e3o vale ser CC&#8230; vale tamb\u00e9m, aqueles que t\u00eam consci\u00eancia do seu trabalho e responsabilidade.<\/p>\n<p style=\"text-align: justify;\">Ana L\u00facia<br \/>\neditora do jornal <strong>BEIRA-RIO<\/strong><br \/>\nanalucia@jornalbeirario.com.br<\/p>\n","protected":false},"excerpt":{"rendered":"<p>Resende vive a pior epidemia de dengue dos \u00faltimos anos. Em 2002, os n\u00fameros foram assustadores, mas nada se compara ao atual resultado que<\/p>\n","protected":false},"author":1,"featured_media":0,"comment_status":"open","ping_status":"open","sticky":false,"template":"","format":"standard","meta":{"pmpro_default_level":"","footnotes":""},"categories":[8],"tags":[],"class_list":["post-28594","post","type-post","status-publish","format-standard","hentry","category-opiniao","pmpro-has-access"],"yoast_head":"<!-- This site is optimized with the Yoast SEO plugin v27.4 - https:\/\/yoast.com\/product\/yoast-seo-wordpress\/ -->\n<title>QUEM PENSA? Prevarica\u00e7\u00e3o e deboche! - JORNAL BEIRA RIO<\/title>\n<meta name=\"robots\" content=\"index, follow, max-snippet:-1, max-image-preview:large, max-video-preview:-1\" \/>\n<link rel=\"canonical\" href=\"https:\/\/jornalbeirario.com.br\/portal\/?p=28594\" \/>\n<meta property=\"og:locale\" content=\"pt_BR\" \/>\n<meta property=\"og:type\" content=\"article\" \/>\n<meta property=\"og:title\" content=\"QUEM PENSA? Prevarica\u00e7\u00e3o e deboche! - JORNAL BEIRA RIO\" \/>\n<meta property=\"og:description\" content=\"Resende vive a pior epidemia de dengue dos \u00faltimos anos. Em 2002, os n\u00fameros foram assustadores, mas nada se compara ao atual resultado que\" \/>\n<meta property=\"og:url\" content=\"https:\/\/jornalbeirario.com.br\/portal\/?p=28594\" \/>\n<meta property=\"og:site_name\" content=\"JORNAL BEIRA RIO\" \/>\n<meta property=\"article:published_time\" content=\"2015-03-13T03:50:56+00:00\" \/>\n<meta name=\"author\" content=\"Jornal BEIRA-RIO\" \/>\n<meta name=\"twitter:card\" content=\"summary_large_image\" \/>\n<meta name=\"twitter:label1\" content=\"Escrito por\" \/>\n\t<meta name=\"twitter:data1\" content=\"Jornal BEIRA-RIO\" \/>\n\t<meta name=\"twitter:label2\" content=\"Est. tempo de leitura\" \/>\n\t<meta name=\"twitter:data2\" content=\"6 minutos\" \/>\n<script type=\"application\/ld+json\" class=\"yoast-schema-graph\">{\"@context\":\"https:\\\/\\\/schema.org\",\"@graph\":[{\"@type\":\"Article\",\"@id\":\"https:\\\/\\\/jornalbeirario.com.br\\\/portal\\\/?p=28594#article\",\"isPartOf\":{\"@id\":\"https:\\\/\\\/jornalbeirario.com.br\\\/portal\\\/?p=28594\"},\"author\":{\"name\":\"Jornal BEIRA-RIO\",\"@id\":\"https:\\\/\\\/jornalbeirario.com.br\\\/portal\\\/#\\\/schema\\\/person\\\/c6c423e4c2465d2a9233f6539173e7c1\"},\"headline\":\"QUEM PENSA? Prevarica\u00e7\u00e3o e deboche!\",\"datePublished\":\"2015-03-13T03:50:56+00:00\",\"mainEntityOfPage\":{\"@id\":\"https:\\\/\\\/jornalbeirario.com.br\\\/portal\\\/?p=28594\"},\"wordCount\":1274,\"commentCount\":0,\"publisher\":{\"@id\":\"https:\\\/\\\/jornalbeirario.com.br\\\/portal\\\/#organization\"},\"articleSection\":[\"Opini\u00e3o\"],\"inLanguage\":\"pt-BR\",\"potentialAction\":[{\"@type\":\"CommentAction\",\"name\":\"Comment\",\"target\":[\"https:\\\/\\\/jornalbeirario.com.br\\\/portal\\\/?p=28594#respond\"]}]},{\"@type\":\"WebPage\",\"@id\":\"https:\\\/\\\/jornalbeirario.com.br\\\/portal\\\/?p=28594\",\"url\":\"https:\\\/\\\/jornalbeirario.com.br\\\/portal\\\/?p=28594\",\"name\":\"QUEM PENSA? Prevarica\u00e7\u00e3o e deboche! - JORNAL BEIRA RIO\",\"isPartOf\":{\"@id\":\"https:\\\/\\\/jornalbeirario.com.br\\\/portal\\\/#website\"},\"datePublished\":\"2015-03-13T03:50:56+00:00\",\"breadcrumb\":{\"@id\":\"https:\\\/\\\/jornalbeirario.com.br\\\/portal\\\/?p=28594#breadcrumb\"},\"inLanguage\":\"pt-BR\",\"potentialAction\":[{\"@type\":\"ReadAction\",\"target\":[\"https:\\\/\\\/jornalbeirario.com.br\\\/portal\\\/?p=28594\"]}]},{\"@type\":\"BreadcrumbList\",\"@id\":\"https:\\\/\\\/jornalbeirario.com.br\\\/portal\\\/?p=28594#breadcrumb\",\"itemListElement\":[{\"@type\":\"ListItem\",\"position\":1,\"name\":\"Home\",\"item\":\"https:\\\/\\\/jornalbeirario.com.br\\\/portal\"},{\"@type\":\"ListItem\",\"position\":2,\"name\":\"QUEM PENSA? Prevarica\u00e7\u00e3o e deboche!\"}]},{\"@type\":\"WebSite\",\"@id\":\"https:\\\/\\\/jornalbeirario.com.br\\\/portal\\\/#website\",\"url\":\"https:\\\/\\\/jornalbeirario.com.br\\\/portal\\\/\",\"name\":\"JORNAL BEIRA RIO\",\"description\":\"\",\"publisher\":{\"@id\":\"https:\\\/\\\/jornalbeirario.com.br\\\/portal\\\/#organization\"},\"potentialAction\":[{\"@type\":\"SearchAction\",\"target\":{\"@type\":\"EntryPoint\",\"urlTemplate\":\"https:\\\/\\\/jornalbeirario.com.br\\\/portal\\\/?s={search_term_string}\"},\"query-input\":{\"@type\":\"PropertyValueSpecification\",\"valueRequired\":true,\"valueName\":\"search_term_string\"}}],\"inLanguage\":\"pt-BR\"},{\"@type\":\"Organization\",\"@id\":\"https:\\\/\\\/jornalbeirario.com.br\\\/portal\\\/#organization\",\"name\":\"JORNAL BEIRA RIO\",\"url\":\"https:\\\/\\\/jornalbeirario.com.br\\\/portal\\\/\",\"logo\":{\"@type\":\"ImageObject\",\"inLanguage\":\"pt-BR\",\"@id\":\"https:\\\/\\\/jornalbeirario.com.br\\\/portal\\\/#\\\/schema\\\/logo\\\/image\\\/\",\"url\":\"https:\\\/\\\/jornalbeirario.com.br\\\/portal\\\/wp-content\\\/uploads\\\/2017\\\/09\\\/BEIRA-RIO_logo600.png\",\"contentUrl\":\"https:\\\/\\\/jornalbeirario.com.br\\\/portal\\\/wp-content\\\/uploads\\\/2017\\\/09\\\/BEIRA-RIO_logo600.png\",\"width\":650,\"height\":108,\"caption\":\"JORNAL BEIRA RIO\"},\"image\":{\"@id\":\"https:\\\/\\\/jornalbeirario.com.br\\\/portal\\\/#\\\/schema\\\/logo\\\/image\\\/\"}},{\"@type\":\"Person\",\"@id\":\"https:\\\/\\\/jornalbeirario.com.br\\\/portal\\\/#\\\/schema\\\/person\\\/c6c423e4c2465d2a9233f6539173e7c1\",\"name\":\"Jornal BEIRA-RIO\",\"image\":{\"@type\":\"ImageObject\",\"inLanguage\":\"pt-BR\",\"@id\":\"https:\\\/\\\/jornalbeirario.com.br\\\/portal\\\/wp-content\\\/uploads\\\/2023\\\/10\\\/logojbr1.jpg\",\"url\":\"https:\\\/\\\/jornalbeirario.com.br\\\/portal\\\/wp-content\\\/uploads\\\/2023\\\/10\\\/logojbr1.jpg\",\"contentUrl\":\"https:\\\/\\\/jornalbeirario.com.br\\\/portal\\\/wp-content\\\/uploads\\\/2023\\\/10\\\/logojbr1.jpg\",\"caption\":\"Jornal BEIRA-RIO\"},\"url\":\"https:\\\/\\\/jornalbeirario.com.br\\\/portal\\\/?author=1\"}]}<\/script>\n<!-- \/ Yoast SEO plugin. -->","yoast_head_json":{"title":"QUEM PENSA? Prevarica\u00e7\u00e3o e deboche! - JORNAL BEIRA RIO","robots":{"index":"index","follow":"follow","max-snippet":"max-snippet:-1","max-image-preview":"max-image-preview:large","max-video-preview":"max-video-preview:-1"},"canonical":"https:\/\/jornalbeirario.com.br\/portal\/?p=28594","og_locale":"pt_BR","og_type":"article","og_title":"QUEM PENSA? Prevarica\u00e7\u00e3o e deboche! - JORNAL BEIRA RIO","og_description":"Resende vive a pior epidemia de dengue dos \u00faltimos anos. Em 2002, os n\u00fameros foram assustadores, mas nada se compara ao atual resultado que","og_url":"https:\/\/jornalbeirario.com.br\/portal\/?p=28594","og_site_name":"JORNAL BEIRA RIO","article_published_time":"2015-03-13T03:50:56+00:00","author":"Jornal BEIRA-RIO","twitter_card":"summary_large_image","twitter_misc":{"Escrito por":"Jornal BEIRA-RIO","Est. tempo de leitura":"6 minutos"},"schema":{"@context":"https:\/\/schema.org","@graph":[{"@type":"Article","@id":"https:\/\/jornalbeirario.com.br\/portal\/?p=28594#article","isPartOf":{"@id":"https:\/\/jornalbeirario.com.br\/portal\/?p=28594"},"author":{"name":"Jornal BEIRA-RIO","@id":"https:\/\/jornalbeirario.com.br\/portal\/#\/schema\/person\/c6c423e4c2465d2a9233f6539173e7c1"},"headline":"QUEM PENSA? Prevarica\u00e7\u00e3o e deboche!","datePublished":"2015-03-13T03:50:56+00:00","mainEntityOfPage":{"@id":"https:\/\/jornalbeirario.com.br\/portal\/?p=28594"},"wordCount":1274,"commentCount":0,"publisher":{"@id":"https:\/\/jornalbeirario.com.br\/portal\/#organization"},"articleSection":["Opini\u00e3o"],"inLanguage":"pt-BR","potentialAction":[{"@type":"CommentAction","name":"Comment","target":["https:\/\/jornalbeirario.com.br\/portal\/?p=28594#respond"]}]},{"@type":"WebPage","@id":"https:\/\/jornalbeirario.com.br\/portal\/?p=28594","url":"https:\/\/jornalbeirario.com.br\/portal\/?p=28594","name":"QUEM PENSA? Prevarica\u00e7\u00e3o e deboche! - JORNAL BEIRA RIO","isPartOf":{"@id":"https:\/\/jornalbeirario.com.br\/portal\/#website"},"datePublished":"2015-03-13T03:50:56+00:00","breadcrumb":{"@id":"https:\/\/jornalbeirario.com.br\/portal\/?p=28594#breadcrumb"},"inLanguage":"pt-BR","potentialAction":[{"@type":"ReadAction","target":["https:\/\/jornalbeirario.com.br\/portal\/?p=28594"]}]},{"@type":"BreadcrumbList","@id":"https:\/\/jornalbeirario.com.br\/portal\/?p=28594#breadcrumb","itemListElement":[{"@type":"ListItem","position":1,"name":"Home","item":"https:\/\/jornalbeirario.com.br\/portal"},{"@type":"ListItem","position":2,"name":"QUEM PENSA? Prevarica\u00e7\u00e3o e deboche!"}]},{"@type":"WebSite","@id":"https:\/\/jornalbeirario.com.br\/portal\/#website","url":"https:\/\/jornalbeirario.com.br\/portal\/","name":"JORNAL BEIRA RIO","description":"","publisher":{"@id":"https:\/\/jornalbeirario.com.br\/portal\/#organization"},"potentialAction":[{"@type":"SearchAction","target":{"@type":"EntryPoint","urlTemplate":"https:\/\/jornalbeirario.com.br\/portal\/?s={search_term_string}"},"query-input":{"@type":"PropertyValueSpecification","valueRequired":true,"valueName":"search_term_string"}}],"inLanguage":"pt-BR"},{"@type":"Organization","@id":"https:\/\/jornalbeirario.com.br\/portal\/#organization","name":"JORNAL BEIRA RIO","url":"https:\/\/jornalbeirario.com.br\/portal\/","logo":{"@type":"ImageObject","inLanguage":"pt-BR","@id":"https:\/\/jornalbeirario.com.br\/portal\/#\/schema\/logo\/image\/","url":"https:\/\/jornalbeirario.com.br\/portal\/wp-content\/uploads\/2017\/09\/BEIRA-RIO_logo600.png","contentUrl":"https:\/\/jornalbeirario.com.br\/portal\/wp-content\/uploads\/2017\/09\/BEIRA-RIO_logo600.png","width":650,"height":108,"caption":"JORNAL BEIRA RIO"},"image":{"@id":"https:\/\/jornalbeirario.com.br\/portal\/#\/schema\/logo\/image\/"}},{"@type":"Person","@id":"https:\/\/jornalbeirario.com.br\/portal\/#\/schema\/person\/c6c423e4c2465d2a9233f6539173e7c1","name":"Jornal BEIRA-RIO","image":{"@type":"ImageObject","inLanguage":"pt-BR","@id":"https:\/\/jornalbeirario.com.br\/portal\/wp-content\/uploads\/2023\/10\/logojbr1.jpg","url":"https:\/\/jornalbeirario.com.br\/portal\/wp-content\/uploads\/2023\/10\/logojbr1.jpg","contentUrl":"https:\/\/jornalbeirario.com.br\/portal\/wp-content\/uploads\/2023\/10\/logojbr1.jpg","caption":"Jornal BEIRA-RIO"},"url":"https:\/\/jornalbeirario.com.br\/portal\/?author=1"}]}},"_links":{"self":[{"href":"https:\/\/jornalbeirario.com.br\/portal\/index.php?rest_route=\/wp\/v2\/posts\/28594","targetHints":{"allow":["GET"]}}],"collection":[{"href":"https:\/\/jornalbeirario.com.br\/portal\/index.php?rest_route=\/wp\/v2\/posts"}],"about":[{"href":"https:\/\/jornalbeirario.com.br\/portal\/index.php?rest_route=\/wp\/v2\/types\/post"}],"author":[{"embeddable":true,"href":"https:\/\/jornalbeirario.com.br\/portal\/index.php?rest_route=\/wp\/v2\/users\/1"}],"replies":[{"embeddable":true,"href":"https:\/\/jornalbeirario.com.br\/portal\/index.php?rest_route=%2Fwp%2Fv2%2Fcomments&post=28594"}],"version-history":[{"count":3,"href":"https:\/\/jornalbeirario.com.br\/portal\/index.php?rest_route=\/wp\/v2\/posts\/28594\/revisions"}],"predecessor-version":[{"id":28689,"href":"https:\/\/jornalbeirario.com.br\/portal\/index.php?rest_route=\/wp\/v2\/posts\/28594\/revisions\/28689"}],"wp:attachment":[{"href":"https:\/\/jornalbeirario.com.br\/portal\/index.php?rest_route=%2Fwp%2Fv2%2Fmedia&parent=28594"}],"wp:term":[{"taxonomy":"category","embeddable":true,"href":"https:\/\/jornalbeirario.com.br\/portal\/index.php?rest_route=%2Fwp%2Fv2%2Fcategories&post=28594"},{"taxonomy":"post_tag","embeddable":true,"href":"https:\/\/jornalbeirario.com.br\/portal\/index.php?rest_route=%2Fwp%2Fv2%2Ftags&post=28594"}],"curies":[{"name":"wp","href":"https:\/\/api.w.org\/{rel}","templated":true}]}}