
{"id":28369,"date":"2015-02-27T05:23:13","date_gmt":"2015-02-27T05:23:13","guid":{"rendered":"http:\/\/jornalbeirario.com.br\/portal\/portal\/?p=28369"},"modified":"2015-02-27T05:23:13","modified_gmt":"2015-02-27T05:23:13","slug":"comsocial-pede-cpi-em-caso-de-propina","status":"publish","type":"post","link":"https:\/\/jornalbeirario.com.br\/portal\/?p=28369","title":{"rendered":"ComSocial pede CPI em caso de propina"},"content":{"rendered":"<figure id=\"attachment_28327\" aria-describedby=\"caption-attachment-28327\" style=\"width: 300px\" class=\"wp-caption alignleft\"><a href=\"https:\/\/jornalbeirario.com.br\/portal\/wp-content\/uploads\/2015\/02\/propina2.jpg\"><img loading=\"lazy\" decoding=\"async\" class=\"size-medium wp-image-28327\" title=\"propina2\" src=\"https:\/\/jornalbeirario.com.br\/portal\/wp-content\/uploads\/2015\/02\/propina2-300x225.jpg\" alt=\"\" width=\"300\" height=\"225\" srcset=\"https:\/\/jornalbeirario.com.br\/portal\/wp-content\/uploads\/2015\/02\/propina2-300x225.jpg 300w, https:\/\/jornalbeirario.com.br\/portal\/wp-content\/uploads\/2015\/02\/propina2.jpg 640w\" sizes=\"auto, (max-width: 300px) 100vw, 300px\" \/><\/a><figcaption id=\"caption-attachment-28327\" class=\"wp-caption-text\">Eliel Queir\u00f3z, a vereadora Soraia Balieiro e o deputado estadual Gla\u00facio Julianelli no dia da entrega de documento<\/figcaption><\/figure>\n<p style=\"text-align: justify;\">O presidente do Comit\u00ea Pela Transpar\u00eancia de Controle Social de Resende (ComSocial), Eliel de Assis Queiroz, e o vice, deputado estadual Gl\u00e1ucio Julianelli (Psol), entregaram \u00e0 C\u00e2mara Municipal de Resende, no dia 23, um of\u00edcio aos vereadores pedindo a apura\u00e7\u00e3o das den\u00fancias feitas pelo empres\u00e1rio Guilherme Rezende. Na edi\u00e7\u00e3o 894 do jornal <strong>BEIRA-RIO<\/strong>, o empreiteiro, dono da Construtora Barrense Ltda, revelou um esquema de propina nas obras da prefeitura de Resende. Ele afirmou que as empresas s\u00e3o obrigadas a devolver um percentual do dinheiro pago nas obras, \u201ccomiss\u00e3o\u201d como ele chamou, para que recebam em dia seus pagamentos. A construtora Barrense foi a primeira empreiteira a vencer a licita\u00e7\u00e3o para a constru\u00e7\u00e3o da creche da Morada do Contorno, que teve parte da marquise desabada em novembro de 2014, mas abandonou a obra justamente por problemas no pagamento.<\/p>\n<p style=\"text-align: justify;\">\u2014 Toda den\u00fancia que afete recursos p\u00fablicos tem que ser apurada. A gente n\u00e3o quer antecipar qualquer julgamento, mas n\u00e3o pode deixar uma den\u00fancia amplamente divulgada na m\u00eddia sem investiga\u00e7\u00e3o, sem apura\u00e7\u00e3o, sen\u00e3o a classe pol\u00edtica vai ficando cada vez mais desacreditada. Conversamos na reuni\u00e3o do ComSocial do dia 21 e o comit\u00ea optou por entregarmos esse of\u00edcio ao presidente da C\u00e2mara Municipal de Resende e, posteriormente, questionar cada vereador sobre a posi\u00e7\u00e3o que vai tomar perante essa situa\u00e7\u00e3o. Os vereadores precisam fazer alguma coisa, porque este descr\u00e9dito est\u00e1 levando as pessoas a partir por conta pr\u00f3pria, querer fazer Justi\u00e7a com as pr\u00f3prias m\u00e3os \u2013 comentou Queiroz.<\/p>\n<p style=\"text-align: justify;\">No dia da entrega do documento, o presidente da C\u00e2mara, Jeremias Casemiro, o Mirim (Solidariedade), estava viajando para Bras\u00edlia, mas os dois representantes do comit\u00ea fizeram quest\u00e3o que o documento fosse entregue em m\u00e3os. A vice-presidente da C\u00e2mara, Soraia Balieiro (PSB), os recebeu, mas preferiu n\u00e3o comentar o caso, afirmando n\u00e3o estar a par da situa\u00e7\u00e3o.<\/p>\n<p style=\"text-align: justify;\"><em>Confira mais um cap\u00edtulo do caso nas p\u00e1ginas do jornal <strong>BEIRA-RIO<\/strong>. Nas bancas!\u00a0<\/em><\/p>\n","protected":false},"excerpt":{"rendered":"<p>O presidente do Comit\u00ea Pela Transpar\u00eancia de Controle Social de Resende (ComSocial), Eliel de Assis Queiroz, e o vice, deputado estadual Gl\u00e1ucio Julianelli (Psol),<\/p>\n","protected":false},"author":1,"featured_media":28330,"comment_status":"open","ping_status":"open","sticky":false,"template":"","format":"standard","meta":{"pmpro_default_level":"","footnotes":""},"categories":[11],"tags":[153],"class_list":["post-28369","post","type-post","status-publish","format-standard","has-post-thumbnail","hentry","category-politica","tag-manchete","pmpro-has-access"],"yoast_head":"<!-- This site is optimized with the Yoast SEO plugin v27.4 - https:\/\/yoast.com\/product\/yoast-seo-wordpress\/ -->\n<title>ComSocial pede CPI em caso de propina - JORNAL BEIRA RIO<\/title>\n<meta name=\"robots\" content=\"index, follow, max-snippet:-1, max-image-preview:large, max-video-preview:-1\" \/>\n<link rel=\"canonical\" href=\"https:\/\/jornalbeirario.com.br\/portal\/?p=28369\" \/>\n<meta property=\"og:locale\" content=\"pt_BR\" \/>\n<meta property=\"og:type\" content=\"article\" \/>\n<meta property=\"og:title\" content=\"ComSocial pede CPI em caso de propina - JORNAL BEIRA RIO\" \/>\n<meta property=\"og:description\" content=\"O presidente do Comit\u00ea Pela Transpar\u00eancia de Controle Social de Resende (ComSocial), Eliel de Assis Queiroz, e o vice, deputado estadual Gl\u00e1ucio Julianelli (Psol),\" \/>\n<meta property=\"og:url\" content=\"https:\/\/jornalbeirario.com.br\/portal\/?p=28369\" \/>\n<meta property=\"og:site_name\" content=\"JORNAL BEIRA RIO\" \/>\n<meta property=\"article:published_time\" content=\"2015-02-27T05:23:13+00:00\" \/>\n<meta property=\"og:image\" content=\"https:\/\/jornalbeirario.com.br\/portal\/wp-content\/uploads\/2015\/02\/propina1.jpg\" \/>\n\t<meta property=\"og:image:width\" content=\"930\" \/>\n\t<meta property=\"og:image:height\" content=\"350\" \/>\n\t<meta property=\"og:image:type\" content=\"image\/jpeg\" \/>\n<meta name=\"author\" content=\"Jornal BEIRA-RIO\" \/>\n<meta name=\"twitter:card\" content=\"summary_large_image\" \/>\n<meta name=\"twitter:label1\" content=\"Escrito por\" \/>\n\t<meta name=\"twitter:data1\" content=\"Jornal BEIRA-RIO\" \/>\n\t<meta name=\"twitter:label2\" content=\"Est. tempo de leitura\" \/>\n\t<meta name=\"twitter:data2\" content=\"2 minutos\" \/>\n<script type=\"application\/ld+json\" class=\"yoast-schema-graph\">{\"@context\":\"https:\\\/\\\/schema.org\",\"@graph\":[{\"@type\":\"Article\",\"@id\":\"https:\\\/\\\/jornalbeirario.com.br\\\/portal\\\/?p=28369#article\",\"isPartOf\":{\"@id\":\"https:\\\/\\\/jornalbeirario.com.br\\\/portal\\\/?p=28369\"},\"author\":{\"name\":\"Jornal BEIRA-RIO\",\"@id\":\"https:\\\/\\\/jornalbeirario.com.br\\\/portal\\\/#\\\/schema\\\/person\\\/c6c423e4c2465d2a9233f6539173e7c1\"},\"headline\":\"ComSocial pede CPI em caso de propina\",\"datePublished\":\"2015-02-27T05:23:13+00:00\",\"mainEntityOfPage\":{\"@id\":\"https:\\\/\\\/jornalbeirario.com.br\\\/portal\\\/?p=28369\"},\"wordCount\":383,\"commentCount\":0,\"publisher\":{\"@id\":\"https:\\\/\\\/jornalbeirario.com.br\\\/portal\\\/#organization\"},\"image\":{\"@id\":\"https:\\\/\\\/jornalbeirario.com.br\\\/portal\\\/?p=28369#primaryimage\"},\"thumbnailUrl\":\"https:\\\/\\\/jornalbeirario.com.br\\\/portal\\\/wp-content\\\/uploads\\\/2015\\\/02\\\/propina1.jpg\",\"keywords\":[\"manchete\"],\"articleSection\":[\"Pol\u00edtica\"],\"inLanguage\":\"pt-BR\",\"potentialAction\":[{\"@type\":\"CommentAction\",\"name\":\"Comment\",\"target\":[\"https:\\\/\\\/jornalbeirario.com.br\\\/portal\\\/?p=28369#respond\"]}]},{\"@type\":\"WebPage\",\"@id\":\"https:\\\/\\\/jornalbeirario.com.br\\\/portal\\\/?p=28369\",\"url\":\"https:\\\/\\\/jornalbeirario.com.br\\\/portal\\\/?p=28369\",\"name\":\"ComSocial pede CPI em caso de propina - JORNAL BEIRA RIO\",\"isPartOf\":{\"@id\":\"https:\\\/\\\/jornalbeirario.com.br\\\/portal\\\/#website\"},\"primaryImageOfPage\":{\"@id\":\"https:\\\/\\\/jornalbeirario.com.br\\\/portal\\\/?p=28369#primaryimage\"},\"image\":{\"@id\":\"https:\\\/\\\/jornalbeirario.com.br\\\/portal\\\/?p=28369#primaryimage\"},\"thumbnailUrl\":\"https:\\\/\\\/jornalbeirario.com.br\\\/portal\\\/wp-content\\\/uploads\\\/2015\\\/02\\\/propina1.jpg\",\"datePublished\":\"2015-02-27T05:23:13+00:00\",\"breadcrumb\":{\"@id\":\"https:\\\/\\\/jornalbeirario.com.br\\\/portal\\\/?p=28369#breadcrumb\"},\"inLanguage\":\"pt-BR\",\"potentialAction\":[{\"@type\":\"ReadAction\",\"target\":[\"https:\\\/\\\/jornalbeirario.com.br\\\/portal\\\/?p=28369\"]}]},{\"@type\":\"ImageObject\",\"inLanguage\":\"pt-BR\",\"@id\":\"https:\\\/\\\/jornalbeirario.com.br\\\/portal\\\/?p=28369#primaryimage\",\"url\":\"https:\\\/\\\/jornalbeirario.com.br\\\/portal\\\/wp-content\\\/uploads\\\/2015\\\/02\\\/propina1.jpg\",\"contentUrl\":\"https:\\\/\\\/jornalbeirario.com.br\\\/portal\\\/wp-content\\\/uploads\\\/2015\\\/02\\\/propina1.jpg\",\"width\":\"930\",\"height\":\"350\"},{\"@type\":\"BreadcrumbList\",\"@id\":\"https:\\\/\\\/jornalbeirario.com.br\\\/portal\\\/?p=28369#breadcrumb\",\"itemListElement\":[{\"@type\":\"ListItem\",\"position\":1,\"name\":\"Home\",\"item\":\"https:\\\/\\\/jornalbeirario.com.br\\\/portal\"},{\"@type\":\"ListItem\",\"position\":2,\"name\":\"ComSocial pede CPI em caso de propina\"}]},{\"@type\":\"WebSite\",\"@id\":\"https:\\\/\\\/jornalbeirario.com.br\\\/portal\\\/#website\",\"url\":\"https:\\\/\\\/jornalbeirario.com.br\\\/portal\\\/\",\"name\":\"JORNAL BEIRA RIO\",\"description\":\"\",\"publisher\":{\"@id\":\"https:\\\/\\\/jornalbeirario.com.br\\\/portal\\\/#organization\"},\"potentialAction\":[{\"@type\":\"SearchAction\",\"target\":{\"@type\":\"EntryPoint\",\"urlTemplate\":\"https:\\\/\\\/jornalbeirario.com.br\\\/portal\\\/?s={search_term_string}\"},\"query-input\":{\"@type\":\"PropertyValueSpecification\",\"valueRequired\":true,\"valueName\":\"search_term_string\"}}],\"inLanguage\":\"pt-BR\"},{\"@type\":\"Organization\",\"@id\":\"https:\\\/\\\/jornalbeirario.com.br\\\/portal\\\/#organization\",\"name\":\"JORNAL BEIRA RIO\",\"url\":\"https:\\\/\\\/jornalbeirario.com.br\\\/portal\\\/\",\"logo\":{\"@type\":\"ImageObject\",\"inLanguage\":\"pt-BR\",\"@id\":\"https:\\\/\\\/jornalbeirario.com.br\\\/portal\\\/#\\\/schema\\\/logo\\\/image\\\/\",\"url\":\"https:\\\/\\\/jornalbeirario.com.br\\\/portal\\\/wp-content\\\/uploads\\\/2017\\\/09\\\/BEIRA-RIO_logo600.png\",\"contentUrl\":\"https:\\\/\\\/jornalbeirario.com.br\\\/portal\\\/wp-content\\\/uploads\\\/2017\\\/09\\\/BEIRA-RIO_logo600.png\",\"width\":650,\"height\":108,\"caption\":\"JORNAL BEIRA RIO\"},\"image\":{\"@id\":\"https:\\\/\\\/jornalbeirario.com.br\\\/portal\\\/#\\\/schema\\\/logo\\\/image\\\/\"}},{\"@type\":\"Person\",\"@id\":\"https:\\\/\\\/jornalbeirario.com.br\\\/portal\\\/#\\\/schema\\\/person\\\/c6c423e4c2465d2a9233f6539173e7c1\",\"name\":\"Jornal BEIRA-RIO\",\"image\":{\"@type\":\"ImageObject\",\"inLanguage\":\"pt-BR\",\"@id\":\"https:\\\/\\\/jornalbeirario.com.br\\\/portal\\\/wp-content\\\/uploads\\\/2023\\\/10\\\/logojbr1.jpg\",\"url\":\"https:\\\/\\\/jornalbeirario.com.br\\\/portal\\\/wp-content\\\/uploads\\\/2023\\\/10\\\/logojbr1.jpg\",\"contentUrl\":\"https:\\\/\\\/jornalbeirario.com.br\\\/portal\\\/wp-content\\\/uploads\\\/2023\\\/10\\\/logojbr1.jpg\",\"caption\":\"Jornal BEIRA-RIO\"},\"url\":\"https:\\\/\\\/jornalbeirario.com.br\\\/portal\\\/?author=1\"}]}<\/script>\n<!-- \/ Yoast SEO plugin. -->","yoast_head_json":{"title":"ComSocial pede CPI em caso de propina - JORNAL BEIRA RIO","robots":{"index":"index","follow":"follow","max-snippet":"max-snippet:-1","max-image-preview":"max-image-preview:large","max-video-preview":"max-video-preview:-1"},"canonical":"https:\/\/jornalbeirario.com.br\/portal\/?p=28369","og_locale":"pt_BR","og_type":"article","og_title":"ComSocial pede CPI em caso de propina - JORNAL BEIRA RIO","og_description":"O presidente do Comit\u00ea Pela Transpar\u00eancia de Controle Social de Resende (ComSocial), Eliel de Assis Queiroz, e o vice, deputado estadual Gl\u00e1ucio Julianelli (Psol),","og_url":"https:\/\/jornalbeirario.com.br\/portal\/?p=28369","og_site_name":"JORNAL BEIRA RIO","article_published_time":"2015-02-27T05:23:13+00:00","og_image":[{"width":930,"height":350,"url":"https:\/\/jornalbeirario.com.br\/portal\/wp-content\/uploads\/2015\/02\/propina1.jpg","type":"image\/jpeg"}],"author":"Jornal BEIRA-RIO","twitter_card":"summary_large_image","twitter_misc":{"Escrito por":"Jornal BEIRA-RIO","Est. tempo de leitura":"2 minutos"},"schema":{"@context":"https:\/\/schema.org","@graph":[{"@type":"Article","@id":"https:\/\/jornalbeirario.com.br\/portal\/?p=28369#article","isPartOf":{"@id":"https:\/\/jornalbeirario.com.br\/portal\/?p=28369"},"author":{"name":"Jornal BEIRA-RIO","@id":"https:\/\/jornalbeirario.com.br\/portal\/#\/schema\/person\/c6c423e4c2465d2a9233f6539173e7c1"},"headline":"ComSocial pede CPI em caso de propina","datePublished":"2015-02-27T05:23:13+00:00","mainEntityOfPage":{"@id":"https:\/\/jornalbeirario.com.br\/portal\/?p=28369"},"wordCount":383,"commentCount":0,"publisher":{"@id":"https:\/\/jornalbeirario.com.br\/portal\/#organization"},"image":{"@id":"https:\/\/jornalbeirario.com.br\/portal\/?p=28369#primaryimage"},"thumbnailUrl":"https:\/\/jornalbeirario.com.br\/portal\/wp-content\/uploads\/2015\/02\/propina1.jpg","keywords":["manchete"],"articleSection":["Pol\u00edtica"],"inLanguage":"pt-BR","potentialAction":[{"@type":"CommentAction","name":"Comment","target":["https:\/\/jornalbeirario.com.br\/portal\/?p=28369#respond"]}]},{"@type":"WebPage","@id":"https:\/\/jornalbeirario.com.br\/portal\/?p=28369","url":"https:\/\/jornalbeirario.com.br\/portal\/?p=28369","name":"ComSocial pede CPI em caso de propina - JORNAL BEIRA RIO","isPartOf":{"@id":"https:\/\/jornalbeirario.com.br\/portal\/#website"},"primaryImageOfPage":{"@id":"https:\/\/jornalbeirario.com.br\/portal\/?p=28369#primaryimage"},"image":{"@id":"https:\/\/jornalbeirario.com.br\/portal\/?p=28369#primaryimage"},"thumbnailUrl":"https:\/\/jornalbeirario.com.br\/portal\/wp-content\/uploads\/2015\/02\/propina1.jpg","datePublished":"2015-02-27T05:23:13+00:00","breadcrumb":{"@id":"https:\/\/jornalbeirario.com.br\/portal\/?p=28369#breadcrumb"},"inLanguage":"pt-BR","potentialAction":[{"@type":"ReadAction","target":["https:\/\/jornalbeirario.com.br\/portal\/?p=28369"]}]},{"@type":"ImageObject","inLanguage":"pt-BR","@id":"https:\/\/jornalbeirario.com.br\/portal\/?p=28369#primaryimage","url":"https:\/\/jornalbeirario.com.br\/portal\/wp-content\/uploads\/2015\/02\/propina1.jpg","contentUrl":"https:\/\/jornalbeirario.com.br\/portal\/wp-content\/uploads\/2015\/02\/propina1.jpg","width":"930","height":"350"},{"@type":"BreadcrumbList","@id":"https:\/\/jornalbeirario.com.br\/portal\/?p=28369#breadcrumb","itemListElement":[{"@type":"ListItem","position":1,"name":"Home","item":"https:\/\/jornalbeirario.com.br\/portal"},{"@type":"ListItem","position":2,"name":"ComSocial pede CPI em caso de propina"}]},{"@type":"WebSite","@id":"https:\/\/jornalbeirario.com.br\/portal\/#website","url":"https:\/\/jornalbeirario.com.br\/portal\/","name":"JORNAL BEIRA RIO","description":"","publisher":{"@id":"https:\/\/jornalbeirario.com.br\/portal\/#organization"},"potentialAction":[{"@type":"SearchAction","target":{"@type":"EntryPoint","urlTemplate":"https:\/\/jornalbeirario.com.br\/portal\/?s={search_term_string}"},"query-input":{"@type":"PropertyValueSpecification","valueRequired":true,"valueName":"search_term_string"}}],"inLanguage":"pt-BR"},{"@type":"Organization","@id":"https:\/\/jornalbeirario.com.br\/portal\/#organization","name":"JORNAL BEIRA RIO","url":"https:\/\/jornalbeirario.com.br\/portal\/","logo":{"@type":"ImageObject","inLanguage":"pt-BR","@id":"https:\/\/jornalbeirario.com.br\/portal\/#\/schema\/logo\/image\/","url":"https:\/\/jornalbeirario.com.br\/portal\/wp-content\/uploads\/2017\/09\/BEIRA-RIO_logo600.png","contentUrl":"https:\/\/jornalbeirario.com.br\/portal\/wp-content\/uploads\/2017\/09\/BEIRA-RIO_logo600.png","width":650,"height":108,"caption":"JORNAL BEIRA RIO"},"image":{"@id":"https:\/\/jornalbeirario.com.br\/portal\/#\/schema\/logo\/image\/"}},{"@type":"Person","@id":"https:\/\/jornalbeirario.com.br\/portal\/#\/schema\/person\/c6c423e4c2465d2a9233f6539173e7c1","name":"Jornal BEIRA-RIO","image":{"@type":"ImageObject","inLanguage":"pt-BR","@id":"https:\/\/jornalbeirario.com.br\/portal\/wp-content\/uploads\/2023\/10\/logojbr1.jpg","url":"https:\/\/jornalbeirario.com.br\/portal\/wp-content\/uploads\/2023\/10\/logojbr1.jpg","contentUrl":"https:\/\/jornalbeirario.com.br\/portal\/wp-content\/uploads\/2023\/10\/logojbr1.jpg","caption":"Jornal BEIRA-RIO"},"url":"https:\/\/jornalbeirario.com.br\/portal\/?author=1"}]}},"_links":{"self":[{"href":"https:\/\/jornalbeirario.com.br\/portal\/index.php?rest_route=\/wp\/v2\/posts\/28369","targetHints":{"allow":["GET"]}}],"collection":[{"href":"https:\/\/jornalbeirario.com.br\/portal\/index.php?rest_route=\/wp\/v2\/posts"}],"about":[{"href":"https:\/\/jornalbeirario.com.br\/portal\/index.php?rest_route=\/wp\/v2\/types\/post"}],"author":[{"embeddable":true,"href":"https:\/\/jornalbeirario.com.br\/portal\/index.php?rest_route=\/wp\/v2\/users\/1"}],"replies":[{"embeddable":true,"href":"https:\/\/jornalbeirario.com.br\/portal\/index.php?rest_route=%2Fwp%2Fv2%2Fcomments&post=28369"}],"version-history":[{"count":2,"href":"https:\/\/jornalbeirario.com.br\/portal\/index.php?rest_route=\/wp\/v2\/posts\/28369\/revisions"}],"predecessor-version":[{"id":28383,"href":"https:\/\/jornalbeirario.com.br\/portal\/index.php?rest_route=\/wp\/v2\/posts\/28369\/revisions\/28383"}],"wp:featuredmedia":[{"embeddable":true,"href":"https:\/\/jornalbeirario.com.br\/portal\/index.php?rest_route=\/wp\/v2\/media\/28330"}],"wp:attachment":[{"href":"https:\/\/jornalbeirario.com.br\/portal\/index.php?rest_route=%2Fwp%2Fv2%2Fmedia&parent=28369"}],"wp:term":[{"taxonomy":"category","embeddable":true,"href":"https:\/\/jornalbeirario.com.br\/portal\/index.php?rest_route=%2Fwp%2Fv2%2Fcategories&post=28369"},{"taxonomy":"post_tag","embeddable":true,"href":"https:\/\/jornalbeirario.com.br\/portal\/index.php?rest_route=%2Fwp%2Fv2%2Ftags&post=28369"}],"curies":[{"name":"wp","href":"https:\/\/api.w.org\/{rel}","templated":true}]}}