
{"id":28344,"date":"2015-02-27T04:05:12","date_gmt":"2015-02-27T04:05:12","guid":{"rendered":"http:\/\/jornalbeirario.com.br\/portal\/portal\/?p=28344"},"modified":"2015-02-27T04:05:12","modified_gmt":"2015-02-27T04:05:12","slug":"lais-amaral-85","status":"publish","type":"post","link":"https:\/\/jornalbeirario.com.br\/portal\/?p=28344","title":{"rendered":"La\u00eds Amaral"},"content":{"rendered":"<p style=\"text-align: justify;\"><strong>Malandro demais se atrapalha tamb\u00e9m nos tempos do Zap-Zap<\/strong><br \/>\nN\u00e3o \u00e9 segredo que n\u00e3o gosto muito de ser fotografado. Quem dir\u00e1 autofotografado. Por isso n\u00e3o curto essa sufocante \u2018selfiemania\u2019 que anda por a\u00ed. Tenho um amigo que curte e, familiarizado com as novas tecnologias, resolveu conferir utilidade \u2018mais pr\u00e1tica\u2019 ao novo recurso. Fez um arquivo com selfies em casa e no escrit\u00f3rio. Ora lendo um livro, ora simulando trabalhar ao computador e mais uma meia d\u00fazia de situa\u00e7\u00f5es rotineiras e triviais. Trazia a cole\u00e7\u00e3o de fotos no celular e sempre que recebia a liga\u00e7\u00e3o da namorada, que odeia bares e amigos de bar, lascava uma dessas fotos no WhatsApp e a companheira se tranquilizava ao sab\u00ea-lo fazendo ser\u00e3o no escrit\u00f3rio ou relaxando no sacrossanto ref\u00fagio do lar. Mas como toda mentira, mesmo a mais inocente, inofensiva e funcional, tem pernas curtas, certa noite meu amigo estava no bar com amigos quando recebeu uma liga\u00e7\u00e3o da cara-metade, que estava viajando. \u201cEstou em casa, amor, estudando para o concurso\u201d, mentiu, piscando o olho pra gente. E enviou uma foto do arquivo pelo Zap-Zap. Arquivo desatualizado, diga-se. Um dia antes de levar a namorada no aeroporto, tosara a vasta cabeleira com m\u00e1quina 1. Pouqu\u00edssimo tempo depois de enviar uma foto na qual simulava ler um livro de direito constitucional, recebeu a mensagem no celular: \u201cOi meu amor, como seu cabelo cresceu r\u00e1pido !! E ele, nocauteado pelo tom ir\u00f4nico, virou-se para o barman e, desanimado suplicou: \u201csuspende a cerveja e traz uma dose tripla de conhaque !\u201d. \u00c9&#8230;<\/p>\n<p style=\"text-align: justify;\"><strong>Carlos Reeve, o Brucutu do bairro Manejo<\/strong><br \/>\nNo outro extremo, h\u00e1 outro amigo, o Carlos Reeve, que \u00e9 o pr\u00f3prio \u2018Homem de Neanderthal\u2019 quando o assunto s\u00e3o as novidades tecnol\u00f3gicas. Come\u00e7ando pelo celular, que ele ainda n\u00e3o tem. E esse AINDA \u00e9 um abuso de licen\u00e7a interpretativa da minha parte. \u201cEu nunca vou usar e nem me deixar escravizar por uma traquitana dessas a\u00ed\u201d, diz ele n\u00e3o fazendo quest\u00e3o de esconder um certo orgulho dessa \u2018virgindade\u2019. O Carlos gosta mesmo \u00e9 de conversar com as pessoas olhando no olho e n\u00e3o suportaria estar, por exemplo, num bar, discutindo m\u00fasica, futebol ou pol\u00edtica e saber que de alguma forma estaria sendo monitorado. Para ele seria o apocalipse estar numa discuss\u00e3o qualquer e, ser interrompido pelo monstrengo eletr\u00f4nico por que algu\u00e9m do outro lado da linha queria saber dele. \u201cEu sou o \u00faltimo homem das cavernas de Resende. N\u00e3o preciso dessas falsas evolu\u00e7\u00f5es\u201d, repete<\/p>\n<p style=\"text-align: justify;\"><strong>TRIPA<\/strong><br \/>\n* A diretoria do Bloco Et\u00edlico Carnavalesco Crust\u00e1ceos da Mangua\u00e7a agradece a seus grandes colaboradores por mais um ano de sucesso (cada ano \u00e9 melhor) no pr\u00e9-carnavalesco de Resende: MMM embalagens, Bar da Rosa, Casa dos Parafusos, H\u00e9lio Moura, Prefeitura de Resende via Superintend\u00eancia de Eventos, Guarda Municipal, Secretaria de Servi\u00e7os P\u00fablicos e Superintend\u00eancia Municipal de Transito. Agradece ainda aos taxistas do ponto da Rua Nilo Pe\u00e7anha e ao Governo do Estado atrav\u00e9s da Secretaria de Cultura, com seu edital de apoio aos blocos de Carnaval e da Pol\u00edcia Militar. Valeu !!! * Nessa quarta (25), aconteceu no Clube de Engenharia, no Rio, a primeira reuni\u00e3o da Alian\u00e7a pelo Brasil em Defesa da Soberania Nacional. Movimento que agrega dezenas de entidades profissionais organizadas que se preocupam com a manipula\u00e7\u00e3o do momento s\u00f3cio-pol\u00edtico do pa\u00eds. Abaixo o primeiro par\u00e1grafo do manifesto que foi divulgado na ocasi\u00e3o: \u201cA Na\u00e7\u00e3o se defronta com um dos maiores desafios de sua hist\u00f3ria abalada que est\u00e1 por for\u00e7as internas e externas que amea\u00e7am os pr\u00f3prios alicerces de sua independ\u00eancia e de sua soberania. As investiga\u00e7\u00f5es policiais em torno de il\u00edcitos praticados contra a Petrobras por ex-funcion\u00e1rios corruptos e venais est\u00e3o dando pretexto a ataques contra a pr\u00f3pria empresa no sentido de transform\u00e1-la de v\u00edtima em culpada, assim como de fragiliz\u00e1-la com o prop\u00f3sito evidente de torn\u00e1-la uma presa f\u00e1cil para a fragmenta\u00e7\u00e3o e a desnacionaliza\u00e7\u00e3o\u201d. A \u00edntegra do Manifesto no meu blog: www.bocadesiri-lais.blogspot.com.br.<\/p>\n<p style=\"text-align: justify;\"><strong>ANIVERS\u00c1RIO<\/strong><br \/>\nLembrando que dia 19 o flamenguista Ma\u00e9rcio colheu mais uma ab\u00f3bora na horta da sua exist\u00eancia e junto com ele, o Z\u00e9 Botafogo. As coisas em comum param por a\u00ed. Neste domingo, cruzam os bigodes. Dia 20, quem mudou de idade foi o Matheus Frech, filho do Ma\u00e9rcio. No dia 21 foi a vez da minha xar\u00e1, La\u00eds Whately inaugurar idade nova e na mesma data o mais rabugento do peda\u00e7o, C\u00e9rgio (com \u2018C\u2019) tamb\u00e9m inaugurou nova idade. Dia 22 o Robson Botelho tamb\u00e9m mudou de idade. No dia 23, tr\u00eas personalidades aniversariaram: o Z\u00e9 Luiz Vargas, o Marcelo Salviano e o amigo Z\u00e9 Luiz Uchoa. Dia 24, o Faustinho Costa recebeu os \u2018parab\u00e9ns\u2019. Nessa quarta, dia 25, duas \u2018figura\u00e7as\u2019 ficaram mais experientes, a Ge\u00f3rgia Marins e o Marcelo Dertonio. Ontem, dia 26, a esfuziante Katita Oliveira comemorou em grande estilo sua idade nova no Bar Atl\u00e2ntico, cercada de amigos. E neste s\u00e1bado, dia 28, sopra sua primeira velinha o Lucca, filho do H\u00e9lio Moura e da Luciane. Parab\u00e9ns e todas as felicidades do mundo a essa turma boa.<\/p>\n","protected":false},"excerpt":{"rendered":"<p>Malandro demais se atrapalha tamb\u00e9m nos tempos do Zap-Zap N\u00e3o \u00e9 segredo que n\u00e3o gosto muito de ser fotografado. Quem dir\u00e1 autofotografado. Por isso<\/p>\n","protected":false},"author":1,"featured_media":0,"comment_status":"open","ping_status":"open","sticky":false,"template":"","format":"standard","meta":{"pmpro_default_level":"","footnotes":""},"categories":[13],"tags":[],"class_list":["post-28344","post","type-post","status-publish","format-standard","hentry","category-social","pmpro-has-access"],"yoast_head":"<!-- This site is optimized with the Yoast SEO plugin v27.4 - https:\/\/yoast.com\/product\/yoast-seo-wordpress\/ -->\n<title>La\u00eds Amaral - JORNAL BEIRA RIO<\/title>\n<meta name=\"robots\" content=\"index, follow, max-snippet:-1, max-image-preview:large, max-video-preview:-1\" \/>\n<link rel=\"canonical\" href=\"https:\/\/jornalbeirario.com.br\/portal\/?p=28344\" \/>\n<meta property=\"og:locale\" content=\"pt_BR\" \/>\n<meta property=\"og:type\" content=\"article\" \/>\n<meta property=\"og:title\" content=\"La\u00eds Amaral - JORNAL BEIRA RIO\" \/>\n<meta property=\"og:description\" content=\"Malandro demais se atrapalha tamb\u00e9m nos tempos do Zap-Zap N\u00e3o \u00e9 segredo que n\u00e3o gosto muito de ser fotografado. Quem dir\u00e1 autofotografado. Por isso\" \/>\n<meta property=\"og:url\" content=\"https:\/\/jornalbeirario.com.br\/portal\/?p=28344\" \/>\n<meta property=\"og:site_name\" content=\"JORNAL BEIRA RIO\" \/>\n<meta property=\"article:published_time\" content=\"2015-02-27T04:05:12+00:00\" \/>\n<meta name=\"author\" content=\"Jornal BEIRA-RIO\" \/>\n<meta name=\"twitter:card\" content=\"summary_large_image\" \/>\n<meta name=\"twitter:label1\" content=\"Escrito por\" \/>\n\t<meta name=\"twitter:data1\" content=\"Jornal BEIRA-RIO\" \/>\n\t<meta name=\"twitter:label2\" content=\"Est. tempo de leitura\" \/>\n\t<meta name=\"twitter:data2\" content=\"4 minutos\" \/>\n<script type=\"application\/ld+json\" class=\"yoast-schema-graph\">{\"@context\":\"https:\\\/\\\/schema.org\",\"@graph\":[{\"@type\":\"Article\",\"@id\":\"https:\\\/\\\/jornalbeirario.com.br\\\/portal\\\/?p=28344#article\",\"isPartOf\":{\"@id\":\"https:\\\/\\\/jornalbeirario.com.br\\\/portal\\\/?p=28344\"},\"author\":{\"name\":\"Jornal BEIRA-RIO\",\"@id\":\"https:\\\/\\\/jornalbeirario.com.br\\\/portal\\\/#\\\/schema\\\/person\\\/c6c423e4c2465d2a9233f6539173e7c1\"},\"headline\":\"La\u00eds Amaral\",\"datePublished\":\"2015-02-27T04:05:12+00:00\",\"mainEntityOfPage\":{\"@id\":\"https:\\\/\\\/jornalbeirario.com.br\\\/portal\\\/?p=28344\"},\"wordCount\":902,\"commentCount\":0,\"publisher\":{\"@id\":\"https:\\\/\\\/jornalbeirario.com.br\\\/portal\\\/#organization\"},\"articleSection\":[\"Social\"],\"inLanguage\":\"pt-BR\",\"potentialAction\":[{\"@type\":\"CommentAction\",\"name\":\"Comment\",\"target\":[\"https:\\\/\\\/jornalbeirario.com.br\\\/portal\\\/?p=28344#respond\"]}]},{\"@type\":\"WebPage\",\"@id\":\"https:\\\/\\\/jornalbeirario.com.br\\\/portal\\\/?p=28344\",\"url\":\"https:\\\/\\\/jornalbeirario.com.br\\\/portal\\\/?p=28344\",\"name\":\"La\u00eds Amaral - JORNAL BEIRA RIO\",\"isPartOf\":{\"@id\":\"https:\\\/\\\/jornalbeirario.com.br\\\/portal\\\/#website\"},\"datePublished\":\"2015-02-27T04:05:12+00:00\",\"breadcrumb\":{\"@id\":\"https:\\\/\\\/jornalbeirario.com.br\\\/portal\\\/?p=28344#breadcrumb\"},\"inLanguage\":\"pt-BR\",\"potentialAction\":[{\"@type\":\"ReadAction\",\"target\":[\"https:\\\/\\\/jornalbeirario.com.br\\\/portal\\\/?p=28344\"]}]},{\"@type\":\"BreadcrumbList\",\"@id\":\"https:\\\/\\\/jornalbeirario.com.br\\\/portal\\\/?p=28344#breadcrumb\",\"itemListElement\":[{\"@type\":\"ListItem\",\"position\":1,\"name\":\"Home\",\"item\":\"https:\\\/\\\/jornalbeirario.com.br\\\/portal\"},{\"@type\":\"ListItem\",\"position\":2,\"name\":\"La\u00eds Amaral\"}]},{\"@type\":\"WebSite\",\"@id\":\"https:\\\/\\\/jornalbeirario.com.br\\\/portal\\\/#website\",\"url\":\"https:\\\/\\\/jornalbeirario.com.br\\\/portal\\\/\",\"name\":\"JORNAL BEIRA RIO\",\"description\":\"\",\"publisher\":{\"@id\":\"https:\\\/\\\/jornalbeirario.com.br\\\/portal\\\/#organization\"},\"potentialAction\":[{\"@type\":\"SearchAction\",\"target\":{\"@type\":\"EntryPoint\",\"urlTemplate\":\"https:\\\/\\\/jornalbeirario.com.br\\\/portal\\\/?s={search_term_string}\"},\"query-input\":{\"@type\":\"PropertyValueSpecification\",\"valueRequired\":true,\"valueName\":\"search_term_string\"}}],\"inLanguage\":\"pt-BR\"},{\"@type\":\"Organization\",\"@id\":\"https:\\\/\\\/jornalbeirario.com.br\\\/portal\\\/#organization\",\"name\":\"JORNAL BEIRA RIO\",\"url\":\"https:\\\/\\\/jornalbeirario.com.br\\\/portal\\\/\",\"logo\":{\"@type\":\"ImageObject\",\"inLanguage\":\"pt-BR\",\"@id\":\"https:\\\/\\\/jornalbeirario.com.br\\\/portal\\\/#\\\/schema\\\/logo\\\/image\\\/\",\"url\":\"https:\\\/\\\/jornalbeirario.com.br\\\/portal\\\/wp-content\\\/uploads\\\/2017\\\/09\\\/BEIRA-RIO_logo600.png\",\"contentUrl\":\"https:\\\/\\\/jornalbeirario.com.br\\\/portal\\\/wp-content\\\/uploads\\\/2017\\\/09\\\/BEIRA-RIO_logo600.png\",\"width\":650,\"height\":108,\"caption\":\"JORNAL BEIRA RIO\"},\"image\":{\"@id\":\"https:\\\/\\\/jornalbeirario.com.br\\\/portal\\\/#\\\/schema\\\/logo\\\/image\\\/\"}},{\"@type\":\"Person\",\"@id\":\"https:\\\/\\\/jornalbeirario.com.br\\\/portal\\\/#\\\/schema\\\/person\\\/c6c423e4c2465d2a9233f6539173e7c1\",\"name\":\"Jornal BEIRA-RIO\",\"image\":{\"@type\":\"ImageObject\",\"inLanguage\":\"pt-BR\",\"@id\":\"https:\\\/\\\/jornalbeirario.com.br\\\/portal\\\/wp-content\\\/uploads\\\/2023\\\/10\\\/logojbr1.jpg\",\"url\":\"https:\\\/\\\/jornalbeirario.com.br\\\/portal\\\/wp-content\\\/uploads\\\/2023\\\/10\\\/logojbr1.jpg\",\"contentUrl\":\"https:\\\/\\\/jornalbeirario.com.br\\\/portal\\\/wp-content\\\/uploads\\\/2023\\\/10\\\/logojbr1.jpg\",\"caption\":\"Jornal BEIRA-RIO\"},\"url\":\"https:\\\/\\\/jornalbeirario.com.br\\\/portal\\\/?author=1\"}]}<\/script>\n<!-- \/ Yoast SEO plugin. -->","yoast_head_json":{"title":"La\u00eds Amaral - JORNAL BEIRA RIO","robots":{"index":"index","follow":"follow","max-snippet":"max-snippet:-1","max-image-preview":"max-image-preview:large","max-video-preview":"max-video-preview:-1"},"canonical":"https:\/\/jornalbeirario.com.br\/portal\/?p=28344","og_locale":"pt_BR","og_type":"article","og_title":"La\u00eds Amaral - JORNAL BEIRA RIO","og_description":"Malandro demais se atrapalha tamb\u00e9m nos tempos do Zap-Zap N\u00e3o \u00e9 segredo que n\u00e3o gosto muito de ser fotografado. Quem dir\u00e1 autofotografado. Por isso","og_url":"https:\/\/jornalbeirario.com.br\/portal\/?p=28344","og_site_name":"JORNAL BEIRA RIO","article_published_time":"2015-02-27T04:05:12+00:00","author":"Jornal BEIRA-RIO","twitter_card":"summary_large_image","twitter_misc":{"Escrito por":"Jornal BEIRA-RIO","Est. tempo de leitura":"4 minutos"},"schema":{"@context":"https:\/\/schema.org","@graph":[{"@type":"Article","@id":"https:\/\/jornalbeirario.com.br\/portal\/?p=28344#article","isPartOf":{"@id":"https:\/\/jornalbeirario.com.br\/portal\/?p=28344"},"author":{"name":"Jornal BEIRA-RIO","@id":"https:\/\/jornalbeirario.com.br\/portal\/#\/schema\/person\/c6c423e4c2465d2a9233f6539173e7c1"},"headline":"La\u00eds Amaral","datePublished":"2015-02-27T04:05:12+00:00","mainEntityOfPage":{"@id":"https:\/\/jornalbeirario.com.br\/portal\/?p=28344"},"wordCount":902,"commentCount":0,"publisher":{"@id":"https:\/\/jornalbeirario.com.br\/portal\/#organization"},"articleSection":["Social"],"inLanguage":"pt-BR","potentialAction":[{"@type":"CommentAction","name":"Comment","target":["https:\/\/jornalbeirario.com.br\/portal\/?p=28344#respond"]}]},{"@type":"WebPage","@id":"https:\/\/jornalbeirario.com.br\/portal\/?p=28344","url":"https:\/\/jornalbeirario.com.br\/portal\/?p=28344","name":"La\u00eds Amaral - JORNAL BEIRA RIO","isPartOf":{"@id":"https:\/\/jornalbeirario.com.br\/portal\/#website"},"datePublished":"2015-02-27T04:05:12+00:00","breadcrumb":{"@id":"https:\/\/jornalbeirario.com.br\/portal\/?p=28344#breadcrumb"},"inLanguage":"pt-BR","potentialAction":[{"@type":"ReadAction","target":["https:\/\/jornalbeirario.com.br\/portal\/?p=28344"]}]},{"@type":"BreadcrumbList","@id":"https:\/\/jornalbeirario.com.br\/portal\/?p=28344#breadcrumb","itemListElement":[{"@type":"ListItem","position":1,"name":"Home","item":"https:\/\/jornalbeirario.com.br\/portal"},{"@type":"ListItem","position":2,"name":"La\u00eds Amaral"}]},{"@type":"WebSite","@id":"https:\/\/jornalbeirario.com.br\/portal\/#website","url":"https:\/\/jornalbeirario.com.br\/portal\/","name":"JORNAL BEIRA RIO","description":"","publisher":{"@id":"https:\/\/jornalbeirario.com.br\/portal\/#organization"},"potentialAction":[{"@type":"SearchAction","target":{"@type":"EntryPoint","urlTemplate":"https:\/\/jornalbeirario.com.br\/portal\/?s={search_term_string}"},"query-input":{"@type":"PropertyValueSpecification","valueRequired":true,"valueName":"search_term_string"}}],"inLanguage":"pt-BR"},{"@type":"Organization","@id":"https:\/\/jornalbeirario.com.br\/portal\/#organization","name":"JORNAL BEIRA RIO","url":"https:\/\/jornalbeirario.com.br\/portal\/","logo":{"@type":"ImageObject","inLanguage":"pt-BR","@id":"https:\/\/jornalbeirario.com.br\/portal\/#\/schema\/logo\/image\/","url":"https:\/\/jornalbeirario.com.br\/portal\/wp-content\/uploads\/2017\/09\/BEIRA-RIO_logo600.png","contentUrl":"https:\/\/jornalbeirario.com.br\/portal\/wp-content\/uploads\/2017\/09\/BEIRA-RIO_logo600.png","width":650,"height":108,"caption":"JORNAL BEIRA RIO"},"image":{"@id":"https:\/\/jornalbeirario.com.br\/portal\/#\/schema\/logo\/image\/"}},{"@type":"Person","@id":"https:\/\/jornalbeirario.com.br\/portal\/#\/schema\/person\/c6c423e4c2465d2a9233f6539173e7c1","name":"Jornal BEIRA-RIO","image":{"@type":"ImageObject","inLanguage":"pt-BR","@id":"https:\/\/jornalbeirario.com.br\/portal\/wp-content\/uploads\/2023\/10\/logojbr1.jpg","url":"https:\/\/jornalbeirario.com.br\/portal\/wp-content\/uploads\/2023\/10\/logojbr1.jpg","contentUrl":"https:\/\/jornalbeirario.com.br\/portal\/wp-content\/uploads\/2023\/10\/logojbr1.jpg","caption":"Jornal BEIRA-RIO"},"url":"https:\/\/jornalbeirario.com.br\/portal\/?author=1"}]}},"_links":{"self":[{"href":"https:\/\/jornalbeirario.com.br\/portal\/index.php?rest_route=\/wp\/v2\/posts\/28344","targetHints":{"allow":["GET"]}}],"collection":[{"href":"https:\/\/jornalbeirario.com.br\/portal\/index.php?rest_route=\/wp\/v2\/posts"}],"about":[{"href":"https:\/\/jornalbeirario.com.br\/portal\/index.php?rest_route=\/wp\/v2\/types\/post"}],"author":[{"embeddable":true,"href":"https:\/\/jornalbeirario.com.br\/portal\/index.php?rest_route=\/wp\/v2\/users\/1"}],"replies":[{"embeddable":true,"href":"https:\/\/jornalbeirario.com.br\/portal\/index.php?rest_route=%2Fwp%2Fv2%2Fcomments&post=28344"}],"version-history":[{"count":2,"href":"https:\/\/jornalbeirario.com.br\/portal\/index.php?rest_route=\/wp\/v2\/posts\/28344\/revisions"}],"predecessor-version":[{"id":28346,"href":"https:\/\/jornalbeirario.com.br\/portal\/index.php?rest_route=\/wp\/v2\/posts\/28344\/revisions\/28346"}],"wp:attachment":[{"href":"https:\/\/jornalbeirario.com.br\/portal\/index.php?rest_route=%2Fwp%2Fv2%2Fmedia&parent=28344"}],"wp:term":[{"taxonomy":"category","embeddable":true,"href":"https:\/\/jornalbeirario.com.br\/portal\/index.php?rest_route=%2Fwp%2Fv2%2Fcategories&post=28344"},{"taxonomy":"post_tag","embeddable":true,"href":"https:\/\/jornalbeirario.com.br\/portal\/index.php?rest_route=%2Fwp%2Fv2%2Ftags&post=28344"}],"curies":[{"name":"wp","href":"https:\/\/api.w.org\/{rel}","templated":true}]}}