
{"id":28165,"date":"2015-02-20T12:08:34","date_gmt":"2015-02-20T12:08:34","guid":{"rendered":"http:\/\/jornalbeirario.com.br\/portal\/portal\/?p=28165"},"modified":"2015-02-20T12:08:34","modified_gmt":"2015-02-20T12:08:34","slug":"lais-amaral-84","status":"publish","type":"post","link":"https:\/\/jornalbeirario.com.br\/portal\/?p=28165","title":{"rendered":"La\u00eds Amaral"},"content":{"rendered":"<p style=\"text-align: justify;\"><strong>Os Ranchos morreram. Os Ranchos est\u00e3o a\u00ed. Beleza!!<\/strong><br \/>\nClaudionor Rosa, o \u2018Preto Velho\u2019, mais uma vez, colocou o bloco na rua. Ou melhor, o seu \u2018Rancho Chuveiro de Prata\u2019, uma entidade que ele trouxe de outros Carnavais e do esquecimento para fazer resist\u00eancia por um tipo de Carnaval que, para muitos n\u00e3o existe mais. Existe sim. Mas os \u2018ranchos\u2019 acabaram v\u00e3o dizer os idiotas da objetividade (obrigado Nelson). Os ranchos tamb\u00e9m contribu\u00edram para a atual forma\u00e7\u00e3o das grandes escolas de samba e est\u00e3o vivos l\u00e1. Elas, as \u2018Escolas\u2019, s\u00e3o uma s\u00edntese de muitas dessas contribui\u00e7\u00f5es. Outro apaixonado e obstinado como Claudionor, e botafoguense como ele, o Alfredo do Bip-Bip (bar que \u00e9 o um dos principais redutos do samba na Zona Sul do Rio) tamb\u00e9m comanda um rancho. H\u00e1 alguns anos ele criou junto com Elton Medeiros, o Rancho Flor do Sereno, para desfilar em Copacabana ao som de marchas-rancho. Pouco tempo depois o Rancho se concentrou na rua Almirante Gon\u00e7alves, rua do bar. Cresceu, e agora est\u00e1 na Avenida Atl\u00e2ntica. \u00c0s segundas-feiras de Carnaval. Para esse ano eram esperados cerca de 10 mil foli\u00f5es. A banda, com 19 integrantes mais tr\u00eas vocalistas s\u00f3 toca marcha-rancho. H\u00e1 espa\u00e7o. O carnaval n\u00e3o \u00e9 s\u00f3 para g\u00eaneros musicais que est\u00e3o na moda e na M\u00eddia. Carnaval \u00e9 diversificado como a alma brasileira. E quanto menos comercial for, melhor. Em Resende o Rancho Chuveiro de Prata, abriga jovens e, acima de tudo, muita gente da Terceira Idade, que n\u00e3o teria onde brincar. E brincar \u00e9 preciso, viver, tenho l\u00e1 minhas d\u00favidas. O Chuveiro de Prata desfilou domingo na Avenida Rita Ferreira da Rocha, no Jardim Jalisco (foto). Viva o Chuveiro de Prata, Viva Claudionor Rosa.<\/p>\n<p style=\"text-align: justify;\"><strong>\u2018Vai Vai\u2019 em S\u00e3o Paulo e Portela no Rio: Perfeito!<\/strong><br \/>\nGostei da vit\u00f3ria da \u201cVai Vai\u201d no desfile das Escolas de Samba de S\u00e3o Paulo. A agremia\u00e7\u00e3o do Bexiga levou para a Avenida, um emocionante enredo homenageando Elis Regina (a maior cantora do mundo). Vi peda\u00e7os do desfile. Foi lindo, lindo mesmo. Como foi arrepiante a Portela querida aqui no Rio. Gostaria de j\u00e1 estar festejando aqui a vit\u00f3ria da \u2018Azul e Branca\u2019 de Madureira. Privilegiado \u00e9 voc\u00ea, leitor, que ao ler esta nota j\u00e1 sabe quem ganhou. A apura\u00e7\u00e3o foi na Quarta-feira de Cinzas e eu tive que antecipar minha coluna em um dia e escrevi esta nota na ter\u00e7a \u00e0 noite. Mas se n\u00e3o deu Portela, pior para o Juri, porque eu e p\u00fablico j\u00e1 sabemos que a Portela venceu. Ningu\u00e9m supera aquela \u00e1guia redentora. Foi show demais. Na pior das hip\u00f3teses aceito a vit\u00f3ria do Salgueiro, ou da Mangueira, ou da Mocidade, ou da Vila, ou da Imperatriz. Fora isso \u00e9 marmelada.<\/p>\n<p style=\"text-align: justify;\"><strong>TRIPA<\/strong><br \/>\n* Neste s\u00e1bado, dois blocos teimosos encerram o per\u00edodo carnavalesco de Resende. \u00c9 o p\u00f3s-Carnaval que j\u00e1 est\u00e1 ficando conhecido. O \u2018Suvaco da Ponte\u2019 e o \u201cQue horas passa o Vicentina ?\u2019 dever\u00e3o animar a galera na Pra\u00e7a da Bandeira (Trenzinho). Mudaram dos seus locais de origem * Nessa quinta-feira (ontem), seria realizada uma reuni\u00e3o na sede da C\u00e2mara de Dirigentes Logistas (CDL) para tratar do Festival de Inverno de Resende e regi\u00e3o. Confirmaram participa\u00e7\u00e3o, representantes da Mauatur (associa\u00e7\u00e3o comercial e tur\u00edstica de Visconde de Mau\u00e1), do Sebrae e da pr\u00f3pria CDL * Quase passa despercebido por causa do tuf\u00e3o carnavalesco, mas a diretora do Museu de Arte Moderna de Resende, Melissa Barreti, avisa que tem exposi\u00e7\u00e3o nova no MAM. De segunda a sexta no hor\u00e1rio comercial. O MAM fica \u00e0 Rua Dr. Cunha Ferreira, no Centro Hist\u00f3rico * Mais um conselho foi criado em Resende: o Conselho Municipal de Saneamento B\u00e1sico, que tomou posse quinta-feira passada, dia 12, no gabinete do prefeito Jos\u00e9 Rechuan. O objetivo do \u00f3rg\u00e3o \u00e9 garantir a participa\u00e7\u00e3o da comunidade na \u00e1rea. Criado no munic\u00edpio em outubro de 2014, o conselho atende uma exig\u00eancia da lei federal 11.445\/2007, que regulamentou o saneamento no Brasil * A ala de baianas da Mangueira, com as saias em forma de rosas e exalando perfume, estava realmente demais. Elas n\u00e3o falavam, mas cantavam. Mestre Cartola assinaria embaixo * O Programa Terceira Idade Ativa marcou mais um tento ao realizar o baile de Carnaval no Espa\u00e7o Z, um pr\u00e9-carnavalesco que \u00e9 a cara da inclus\u00e3o. Valeu pessoal !! * Agora que acabou o carnaval, volta o futebol. Chegou a hora do \u2018Fog\u00e3o\u2019 desfilar no Carioca, se preparando para o Brasileir\u00e3o da s\u00e9rie \u2018B\u2019.<\/p>\n<p style=\"text-align: justify;\"><strong>ANIVERS\u00c1RIOS<\/strong><br \/>\nDia 14 ficaram mais experientes essas pessoas a\u00ed: Andresa Gil, Karol Rezende, Ana Carolina Borges (m\u00e3e do Bernardo), meu amigo Ailton Marques, Viviane Let\u00edcia e Haroldo Ramos, que \u00e9 professor e cantor do \u2018Crust\u00e1ceos\u2019. No dia 15 foi a vez de estimados amigos aniversariarem: Ivone Carvalho, m\u00e3e da minha filha Carolina, a Cristina Rabello, a M\u00e1rcia Menandro e o Paulo Rocha. Dia 16 mudaram de idade a Marlene Almeida, a Fl\u00e1via Vallim e o Sylvio Costa que est\u00e1 de mudan\u00e7as para \u201cFloripa\u201d. Dia 17 soprou velinhas a Liliana Roberto. Parab\u00e9ns e todas as felicidades do mundo a eles.<\/p>\n","protected":false},"excerpt":{"rendered":"<p>Os Ranchos morreram. Os Ranchos est\u00e3o a\u00ed. Beleza!! Claudionor Rosa, o \u2018Preto Velho\u2019, mais uma vez, colocou o bloco na rua. Ou melhor, o<\/p>\n","protected":false},"author":1,"featured_media":0,"comment_status":"open","ping_status":"open","sticky":false,"template":"","format":"standard","meta":{"pmpro_default_level":"","footnotes":""},"categories":[13],"tags":[],"class_list":["post-28165","post","type-post","status-publish","format-standard","hentry","category-social","pmpro-has-access"],"yoast_head":"<!-- This site is optimized with the Yoast SEO plugin v27.4 - https:\/\/yoast.com\/product\/yoast-seo-wordpress\/ -->\n<title>La\u00eds Amaral - JORNAL BEIRA RIO<\/title>\n<meta name=\"robots\" content=\"index, follow, max-snippet:-1, max-image-preview:large, max-video-preview:-1\" \/>\n<link rel=\"canonical\" href=\"https:\/\/jornalbeirario.com.br\/portal\/?p=28165\" \/>\n<meta property=\"og:locale\" content=\"pt_BR\" \/>\n<meta property=\"og:type\" content=\"article\" \/>\n<meta property=\"og:title\" content=\"La\u00eds Amaral - JORNAL BEIRA RIO\" \/>\n<meta property=\"og:description\" content=\"Os Ranchos morreram. Os Ranchos est\u00e3o a\u00ed. Beleza!! Claudionor Rosa, o \u2018Preto Velho\u2019, mais uma vez, colocou o bloco na rua. Ou melhor, o\" \/>\n<meta property=\"og:url\" content=\"https:\/\/jornalbeirario.com.br\/portal\/?p=28165\" \/>\n<meta property=\"og:site_name\" content=\"JORNAL BEIRA RIO\" \/>\n<meta property=\"article:published_time\" content=\"2015-02-20T12:08:34+00:00\" \/>\n<meta name=\"author\" content=\"Jornal BEIRA-RIO\" \/>\n<meta name=\"twitter:card\" content=\"summary_large_image\" \/>\n<meta name=\"twitter:label1\" content=\"Escrito por\" \/>\n\t<meta name=\"twitter:data1\" content=\"Jornal BEIRA-RIO\" \/>\n\t<meta name=\"twitter:label2\" content=\"Est. tempo de leitura\" \/>\n\t<meta name=\"twitter:data2\" content=\"4 minutos\" \/>\n<script type=\"application\/ld+json\" class=\"yoast-schema-graph\">{\"@context\":\"https:\\\/\\\/schema.org\",\"@graph\":[{\"@type\":\"Article\",\"@id\":\"https:\\\/\\\/jornalbeirario.com.br\\\/portal\\\/?p=28165#article\",\"isPartOf\":{\"@id\":\"https:\\\/\\\/jornalbeirario.com.br\\\/portal\\\/?p=28165\"},\"author\":{\"name\":\"Jornal BEIRA-RIO\",\"@id\":\"https:\\\/\\\/jornalbeirario.com.br\\\/portal\\\/#\\\/schema\\\/person\\\/c6c423e4c2465d2a9233f6539173e7c1\"},\"headline\":\"La\u00eds Amaral\",\"datePublished\":\"2015-02-20T12:08:34+00:00\",\"mainEntityOfPage\":{\"@id\":\"https:\\\/\\\/jornalbeirario.com.br\\\/portal\\\/?p=28165\"},\"wordCount\":876,\"commentCount\":0,\"publisher\":{\"@id\":\"https:\\\/\\\/jornalbeirario.com.br\\\/portal\\\/#organization\"},\"articleSection\":[\"Social\"],\"inLanguage\":\"pt-BR\",\"potentialAction\":[{\"@type\":\"CommentAction\",\"name\":\"Comment\",\"target\":[\"https:\\\/\\\/jornalbeirario.com.br\\\/portal\\\/?p=28165#respond\"]}]},{\"@type\":\"WebPage\",\"@id\":\"https:\\\/\\\/jornalbeirario.com.br\\\/portal\\\/?p=28165\",\"url\":\"https:\\\/\\\/jornalbeirario.com.br\\\/portal\\\/?p=28165\",\"name\":\"La\u00eds Amaral - JORNAL BEIRA RIO\",\"isPartOf\":{\"@id\":\"https:\\\/\\\/jornalbeirario.com.br\\\/portal\\\/#website\"},\"datePublished\":\"2015-02-20T12:08:34+00:00\",\"breadcrumb\":{\"@id\":\"https:\\\/\\\/jornalbeirario.com.br\\\/portal\\\/?p=28165#breadcrumb\"},\"inLanguage\":\"pt-BR\",\"potentialAction\":[{\"@type\":\"ReadAction\",\"target\":[\"https:\\\/\\\/jornalbeirario.com.br\\\/portal\\\/?p=28165\"]}]},{\"@type\":\"BreadcrumbList\",\"@id\":\"https:\\\/\\\/jornalbeirario.com.br\\\/portal\\\/?p=28165#breadcrumb\",\"itemListElement\":[{\"@type\":\"ListItem\",\"position\":1,\"name\":\"Home\",\"item\":\"https:\\\/\\\/jornalbeirario.com.br\\\/portal\"},{\"@type\":\"ListItem\",\"position\":2,\"name\":\"La\u00eds Amaral\"}]},{\"@type\":\"WebSite\",\"@id\":\"https:\\\/\\\/jornalbeirario.com.br\\\/portal\\\/#website\",\"url\":\"https:\\\/\\\/jornalbeirario.com.br\\\/portal\\\/\",\"name\":\"JORNAL BEIRA RIO\",\"description\":\"\",\"publisher\":{\"@id\":\"https:\\\/\\\/jornalbeirario.com.br\\\/portal\\\/#organization\"},\"potentialAction\":[{\"@type\":\"SearchAction\",\"target\":{\"@type\":\"EntryPoint\",\"urlTemplate\":\"https:\\\/\\\/jornalbeirario.com.br\\\/portal\\\/?s={search_term_string}\"},\"query-input\":{\"@type\":\"PropertyValueSpecification\",\"valueRequired\":true,\"valueName\":\"search_term_string\"}}],\"inLanguage\":\"pt-BR\"},{\"@type\":\"Organization\",\"@id\":\"https:\\\/\\\/jornalbeirario.com.br\\\/portal\\\/#organization\",\"name\":\"JORNAL BEIRA RIO\",\"url\":\"https:\\\/\\\/jornalbeirario.com.br\\\/portal\\\/\",\"logo\":{\"@type\":\"ImageObject\",\"inLanguage\":\"pt-BR\",\"@id\":\"https:\\\/\\\/jornalbeirario.com.br\\\/portal\\\/#\\\/schema\\\/logo\\\/image\\\/\",\"url\":\"https:\\\/\\\/jornalbeirario.com.br\\\/portal\\\/wp-content\\\/uploads\\\/2017\\\/09\\\/BEIRA-RIO_logo600.png\",\"contentUrl\":\"https:\\\/\\\/jornalbeirario.com.br\\\/portal\\\/wp-content\\\/uploads\\\/2017\\\/09\\\/BEIRA-RIO_logo600.png\",\"width\":650,\"height\":108,\"caption\":\"JORNAL BEIRA RIO\"},\"image\":{\"@id\":\"https:\\\/\\\/jornalbeirario.com.br\\\/portal\\\/#\\\/schema\\\/logo\\\/image\\\/\"}},{\"@type\":\"Person\",\"@id\":\"https:\\\/\\\/jornalbeirario.com.br\\\/portal\\\/#\\\/schema\\\/person\\\/c6c423e4c2465d2a9233f6539173e7c1\",\"name\":\"Jornal BEIRA-RIO\",\"image\":{\"@type\":\"ImageObject\",\"inLanguage\":\"pt-BR\",\"@id\":\"https:\\\/\\\/jornalbeirario.com.br\\\/portal\\\/wp-content\\\/uploads\\\/2023\\\/10\\\/logojbr1.jpg\",\"url\":\"https:\\\/\\\/jornalbeirario.com.br\\\/portal\\\/wp-content\\\/uploads\\\/2023\\\/10\\\/logojbr1.jpg\",\"contentUrl\":\"https:\\\/\\\/jornalbeirario.com.br\\\/portal\\\/wp-content\\\/uploads\\\/2023\\\/10\\\/logojbr1.jpg\",\"caption\":\"Jornal BEIRA-RIO\"},\"url\":\"https:\\\/\\\/jornalbeirario.com.br\\\/portal\\\/?author=1\"}]}<\/script>\n<!-- \/ Yoast SEO plugin. -->","yoast_head_json":{"title":"La\u00eds Amaral - JORNAL BEIRA RIO","robots":{"index":"index","follow":"follow","max-snippet":"max-snippet:-1","max-image-preview":"max-image-preview:large","max-video-preview":"max-video-preview:-1"},"canonical":"https:\/\/jornalbeirario.com.br\/portal\/?p=28165","og_locale":"pt_BR","og_type":"article","og_title":"La\u00eds Amaral - JORNAL BEIRA RIO","og_description":"Os Ranchos morreram. Os Ranchos est\u00e3o a\u00ed. Beleza!! Claudionor Rosa, o \u2018Preto Velho\u2019, mais uma vez, colocou o bloco na rua. Ou melhor, o","og_url":"https:\/\/jornalbeirario.com.br\/portal\/?p=28165","og_site_name":"JORNAL BEIRA RIO","article_published_time":"2015-02-20T12:08:34+00:00","author":"Jornal BEIRA-RIO","twitter_card":"summary_large_image","twitter_misc":{"Escrito por":"Jornal BEIRA-RIO","Est. tempo de leitura":"4 minutos"},"schema":{"@context":"https:\/\/schema.org","@graph":[{"@type":"Article","@id":"https:\/\/jornalbeirario.com.br\/portal\/?p=28165#article","isPartOf":{"@id":"https:\/\/jornalbeirario.com.br\/portal\/?p=28165"},"author":{"name":"Jornal BEIRA-RIO","@id":"https:\/\/jornalbeirario.com.br\/portal\/#\/schema\/person\/c6c423e4c2465d2a9233f6539173e7c1"},"headline":"La\u00eds Amaral","datePublished":"2015-02-20T12:08:34+00:00","mainEntityOfPage":{"@id":"https:\/\/jornalbeirario.com.br\/portal\/?p=28165"},"wordCount":876,"commentCount":0,"publisher":{"@id":"https:\/\/jornalbeirario.com.br\/portal\/#organization"},"articleSection":["Social"],"inLanguage":"pt-BR","potentialAction":[{"@type":"CommentAction","name":"Comment","target":["https:\/\/jornalbeirario.com.br\/portal\/?p=28165#respond"]}]},{"@type":"WebPage","@id":"https:\/\/jornalbeirario.com.br\/portal\/?p=28165","url":"https:\/\/jornalbeirario.com.br\/portal\/?p=28165","name":"La\u00eds Amaral - JORNAL BEIRA RIO","isPartOf":{"@id":"https:\/\/jornalbeirario.com.br\/portal\/#website"},"datePublished":"2015-02-20T12:08:34+00:00","breadcrumb":{"@id":"https:\/\/jornalbeirario.com.br\/portal\/?p=28165#breadcrumb"},"inLanguage":"pt-BR","potentialAction":[{"@type":"ReadAction","target":["https:\/\/jornalbeirario.com.br\/portal\/?p=28165"]}]},{"@type":"BreadcrumbList","@id":"https:\/\/jornalbeirario.com.br\/portal\/?p=28165#breadcrumb","itemListElement":[{"@type":"ListItem","position":1,"name":"Home","item":"https:\/\/jornalbeirario.com.br\/portal"},{"@type":"ListItem","position":2,"name":"La\u00eds Amaral"}]},{"@type":"WebSite","@id":"https:\/\/jornalbeirario.com.br\/portal\/#website","url":"https:\/\/jornalbeirario.com.br\/portal\/","name":"JORNAL BEIRA RIO","description":"","publisher":{"@id":"https:\/\/jornalbeirario.com.br\/portal\/#organization"},"potentialAction":[{"@type":"SearchAction","target":{"@type":"EntryPoint","urlTemplate":"https:\/\/jornalbeirario.com.br\/portal\/?s={search_term_string}"},"query-input":{"@type":"PropertyValueSpecification","valueRequired":true,"valueName":"search_term_string"}}],"inLanguage":"pt-BR"},{"@type":"Organization","@id":"https:\/\/jornalbeirario.com.br\/portal\/#organization","name":"JORNAL BEIRA RIO","url":"https:\/\/jornalbeirario.com.br\/portal\/","logo":{"@type":"ImageObject","inLanguage":"pt-BR","@id":"https:\/\/jornalbeirario.com.br\/portal\/#\/schema\/logo\/image\/","url":"https:\/\/jornalbeirario.com.br\/portal\/wp-content\/uploads\/2017\/09\/BEIRA-RIO_logo600.png","contentUrl":"https:\/\/jornalbeirario.com.br\/portal\/wp-content\/uploads\/2017\/09\/BEIRA-RIO_logo600.png","width":650,"height":108,"caption":"JORNAL BEIRA RIO"},"image":{"@id":"https:\/\/jornalbeirario.com.br\/portal\/#\/schema\/logo\/image\/"}},{"@type":"Person","@id":"https:\/\/jornalbeirario.com.br\/portal\/#\/schema\/person\/c6c423e4c2465d2a9233f6539173e7c1","name":"Jornal BEIRA-RIO","image":{"@type":"ImageObject","inLanguage":"pt-BR","@id":"https:\/\/jornalbeirario.com.br\/portal\/wp-content\/uploads\/2023\/10\/logojbr1.jpg","url":"https:\/\/jornalbeirario.com.br\/portal\/wp-content\/uploads\/2023\/10\/logojbr1.jpg","contentUrl":"https:\/\/jornalbeirario.com.br\/portal\/wp-content\/uploads\/2023\/10\/logojbr1.jpg","caption":"Jornal BEIRA-RIO"},"url":"https:\/\/jornalbeirario.com.br\/portal\/?author=1"}]}},"_links":{"self":[{"href":"https:\/\/jornalbeirario.com.br\/portal\/index.php?rest_route=\/wp\/v2\/posts\/28165","targetHints":{"allow":["GET"]}}],"collection":[{"href":"https:\/\/jornalbeirario.com.br\/portal\/index.php?rest_route=\/wp\/v2\/posts"}],"about":[{"href":"https:\/\/jornalbeirario.com.br\/portal\/index.php?rest_route=\/wp\/v2\/types\/post"}],"author":[{"embeddable":true,"href":"https:\/\/jornalbeirario.com.br\/portal\/index.php?rest_route=\/wp\/v2\/users\/1"}],"replies":[{"embeddable":true,"href":"https:\/\/jornalbeirario.com.br\/portal\/index.php?rest_route=%2Fwp%2Fv2%2Fcomments&post=28165"}],"version-history":[{"count":2,"href":"https:\/\/jornalbeirario.com.br\/portal\/index.php?rest_route=\/wp\/v2\/posts\/28165\/revisions"}],"predecessor-version":[{"id":28233,"href":"https:\/\/jornalbeirario.com.br\/portal\/index.php?rest_route=\/wp\/v2\/posts\/28165\/revisions\/28233"}],"wp:attachment":[{"href":"https:\/\/jornalbeirario.com.br\/portal\/index.php?rest_route=%2Fwp%2Fv2%2Fmedia&parent=28165"}],"wp:term":[{"taxonomy":"category","embeddable":true,"href":"https:\/\/jornalbeirario.com.br\/portal\/index.php?rest_route=%2Fwp%2Fv2%2Fcategories&post=28165"},{"taxonomy":"post_tag","embeddable":true,"href":"https:\/\/jornalbeirario.com.br\/portal\/index.php?rest_route=%2Fwp%2Fv2%2Ftags&post=28165"}],"curies":[{"name":"wp","href":"https:\/\/api.w.org\/{rel}","templated":true}]}}