
{"id":28026,"date":"2015-02-13T10:15:51","date_gmt":"2015-02-13T10:15:51","guid":{"rendered":"http:\/\/jornalbeirario.com.br\/portal\/portal\/?p=28026"},"modified":"2015-02-13T10:15:51","modified_gmt":"2015-02-13T10:15:51","slug":"lais-amaral-83","status":"publish","type":"post","link":"https:\/\/jornalbeirario.com.br\/portal\/?p=28026","title":{"rendered":"La\u00eds Amaral"},"content":{"rendered":"<p style=\"text-align: justify;\"><strong>Crust\u00e1ceos da Mangua\u00e7a j\u00e1 \u00e9 refer\u00eancia de Carnaval de rua em Resende<\/strong><br \/>\nO desfile do Crust\u00e1ceos da Mangua\u00e7a s\u00e1bado passado bateu todos os recordes de p\u00fablico. Mais de tr\u00eas mil pessoas ocuparam a Pra\u00e7a da Bandeira, local de chegada do bloco. J\u00e1 \u00e9 uma tradi\u00e7\u00e3o no Carnaval da cidade. E este ano mais dois blocos se juntaram ao Crust\u00e1ceo na folia em Campos El\u00edseos. Al\u00e9m do Kibeleza, maior a cada no e do bel\u00edsssimo Maracatu da Pedra Selada, que fortalece a diversidade da festa, tamb\u00e9m participaram os novatos \u2018Corsim, Corn\u00e3o\u2019 e \u2018Vai quem quer do Ipiranga\u2019. Muito samba e marchinhas embalaram o p\u00fablico formado por gente de todas as idades consagrando definitivamente o Carnaval para toda a fam\u00edlia. O Crust\u00e1ceos da Mangua\u00e7a que completou 14 anos e 15 desfiles, se consolidou como referencia para outros grupos da cidade. A consequ\u00eancia \u00e9 o aumento do n\u00famero de foli\u00f5es e de novos blocos de que v\u00e3o surgindo em Resende. Este ano o bloco conta com apoio do Governo do estado por interm\u00e9dio da Secretaria de Cultura com seu edital para blocos carnavalescos no Estado. Semana que vem os agradecimentos a todos colaboradores do bloco esse ano. Valeu !<\/p>\n<p style=\"text-align: justify;\"><strong>Carnaval em Resende<\/strong><br \/>\nO Carnaval de Resende, aberto oficialmente s\u00e1bado passado com o Pr\u00e9-carnavalesco do \u2018Crust\u00e1ceo da Mangua\u00e7a\u2019 e outros blocos, tem Continuidade amanh\u00e3, com o \u2018Bloco Banho \u00e9 Luxo\u2019, na Pra\u00e7a Oliveira Botelho, a partir das 14 horas, segue no domingo, a partir das 20 horas, com o Bloco do Surubi, tamb\u00e9m \u00e0s 14 horas e a noite, desfile do \u2018Rancho Chuveiro de Prata\u2019, \u2018Vai Quem Quer da Matinha\u2019 e outros blocos de embalo. Na segunda-feira, a partir das 14 horas come\u00e7a a concentra\u00e7\u00e3o do gigantesco Bloco das Piranhas, na antiga Cer\u00e2mica seguido de arrast\u00e3o at\u00e9 a Avenida Ria Ferreira da Rocha. Na ter\u00e7a tem Bloco do sereno no Bairro Para\u00edso, a partir das 14 horas e o baga\u00e7o da Bagagem, na Pra\u00e7a da Bagagem, \u00e0s 10 horas. Haver\u00e1 Carnaval nos distritos: domingo, segunda e ter\u00e7a em Engenheiro Passos, em Vargem Grande, domingo e ter\u00e7a, ambos \u00e0s 14 horas e na Fuma\u00e7a, domingo, segunda e ter\u00e7a \u00e0s 14 horas.<\/p>\n<p style=\"text-align: justify;\"><strong>TRIPA<\/strong><br \/>\n* Os amigos Odylo Franco e Maria Carmem abrem o Ponto 107 neste domingo para almo\u00e7o. Falando neles, como este fevereiro n\u00e3o tem dia 29, o tradicional \u2018Inhoque da Fortuna\u2019 ser\u00e1 no dia 28. Imperd\u00edvel * O \u2018Bloco das Piranhas\u2019 ter\u00e1 a anima\u00e7\u00e3o do grupo\u2018Com Prazer\u2019 na segunda-feira de Carnaval, dia 16. Mais uma vez o Bloco far\u00e1 sua concentra\u00e7\u00e3o em frente \u00e0 antiga Cer\u00e2mica S\u00e3o Carlos, no Manejo e de l\u00e1 seguir\u00e1 para a Avenida Rita Ferreira da Rocha (Avenida Beira-Rio), em frente ao Centro Administrativo da Prefeitura, no Jardim Jalisco * Outro destaque deste ano ser\u00e1 o Rancho \u2018Carnavalesco Chuveiro de Prata\u2019, que tem como tema o \u2018N\u00e3o \u00e0 transposi\u00e7\u00e3o do Rio Para\u00edba do Sul\u2019. O l\u00edder do bloco \u00e9 o \u2018preto velho\u2019 Claudionor Rosa * Na \u00e1rea rural, o destaque fica para o bloco \u2018Baga\u00e7o da Bagagem\u2019, que logicamente desfilar\u00e1 na Bagagem. \u00c9 o Segundo ano do bloco comandado pelo Valmir. Beleza !! * Ainda na agenda do carnaval deste ano os dois bailes programados para o CCRR. Promovidos pelo grupo \u2018Resende Saudades daquele tempo\u2019, Cesar Braz-Simpl\u00edcio a frente, os bailes acontecer\u00e3o no domingo e na ter\u00e7a-feira gorda * Pra n\u00e3o ficar fora do contexto, o Bar Atl\u00e2ntico tamb\u00e9m ter\u00e1 seus bailes de Carnaval. A sugest\u00e3o \u00e9 chegar fantasiado. Todos os quatro dias, ou melhor, noites * E a regi\u00e3o da Capelinha ter\u00e1 mais um carnaval daquele seu jeito muito especial. Al\u00e9m da banda pra tocar as marchinhas, o pessoal aguarda ansioso o tradicional raftin (c\u00e2mara de ar) de boias pelo rio Pirapitinga. Quem sabe, sobe. \u00c9 show !! Que o diga meu amigo Robson Monteiro *<\/p>\n<p style=\"text-align: justify;\"><strong>ANIVERS\u00c1RIOS<\/strong><br \/>\nDia 5 mudou de idade a Cida Oliveira Dias. Dia 6 o Celso Barbosa e o ex-prefeito Almir Dumay tamb\u00e9m mudaram de idade. Dia 7 foi a vez do m\u00e9dico \u00c1lvaro Machado, do Fernando Henrique Soares e da Ana L\u00facia Corr\u00eaa de Souza, editora do <strong>BEIRA-RIO<\/strong>, receberem os \u2018parab\u00e9ns\u2019. Dia 8 a Vera Pereira, o Luiz Major e a Renata B\u00fchler inauguraram idade nova. No dia 9 contaram mais um ano de vida o Braz Almeida, o Luis Claudio de Moraes e a Francine Viana ficaram mais experientes. Dia 10 aniversariaram o Marcos Sarkis e a Mari\u00e2ngela Eloy tamb\u00e9m mudaram de idade e neste dia 14 sopra velinhas a Nazar\u00e9 Frech. Parab\u00e9ns e todas as felicidades do mundo a eles.<\/p>\n","protected":false},"excerpt":{"rendered":"<p>Crust\u00e1ceos da Mangua\u00e7a j\u00e1 \u00e9 refer\u00eancia de Carnaval de rua em Resende O desfile do Crust\u00e1ceos da Mangua\u00e7a s\u00e1bado passado bateu todos os recordes<\/p>\n","protected":false},"author":1,"featured_media":0,"comment_status":"open","ping_status":"open","sticky":false,"template":"","format":"standard","meta":{"pmpro_default_level":"","footnotes":""},"categories":[13],"tags":[],"class_list":["post-28026","post","type-post","status-publish","format-standard","hentry","category-social","pmpro-has-access"],"yoast_head":"<!-- This site is optimized with the Yoast SEO plugin v27.4 - https:\/\/yoast.com\/product\/yoast-seo-wordpress\/ -->\n<title>La\u00eds Amaral - JORNAL BEIRA RIO<\/title>\n<meta name=\"robots\" content=\"index, follow, max-snippet:-1, max-image-preview:large, max-video-preview:-1\" \/>\n<link rel=\"canonical\" href=\"https:\/\/jornalbeirario.com.br\/portal\/?p=28026\" \/>\n<meta property=\"og:locale\" content=\"pt_BR\" \/>\n<meta property=\"og:type\" content=\"article\" \/>\n<meta property=\"og:title\" content=\"La\u00eds Amaral - JORNAL BEIRA RIO\" \/>\n<meta property=\"og:description\" content=\"Crust\u00e1ceos da Mangua\u00e7a j\u00e1 \u00e9 refer\u00eancia de Carnaval de rua em Resende O desfile do Crust\u00e1ceos da Mangua\u00e7a s\u00e1bado passado bateu todos os recordes\" \/>\n<meta property=\"og:url\" content=\"https:\/\/jornalbeirario.com.br\/portal\/?p=28026\" \/>\n<meta property=\"og:site_name\" content=\"JORNAL BEIRA RIO\" \/>\n<meta property=\"article:published_time\" content=\"2015-02-13T10:15:51+00:00\" \/>\n<meta name=\"author\" content=\"Jornal BEIRA-RIO\" \/>\n<meta name=\"twitter:card\" content=\"summary_large_image\" \/>\n<meta name=\"twitter:label1\" content=\"Escrito por\" \/>\n\t<meta name=\"twitter:data1\" content=\"Jornal BEIRA-RIO\" \/>\n\t<meta name=\"twitter:label2\" content=\"Est. tempo de leitura\" \/>\n\t<meta name=\"twitter:data2\" content=\"4 minutos\" \/>\n<script type=\"application\/ld+json\" class=\"yoast-schema-graph\">{\"@context\":\"https:\\\/\\\/schema.org\",\"@graph\":[{\"@type\":\"Article\",\"@id\":\"https:\\\/\\\/jornalbeirario.com.br\\\/portal\\\/?p=28026#article\",\"isPartOf\":{\"@id\":\"https:\\\/\\\/jornalbeirario.com.br\\\/portal\\\/?p=28026\"},\"author\":{\"name\":\"Jornal BEIRA-RIO\",\"@id\":\"https:\\\/\\\/jornalbeirario.com.br\\\/portal\\\/#\\\/schema\\\/person\\\/c6c423e4c2465d2a9233f6539173e7c1\"},\"headline\":\"La\u00eds Amaral\",\"datePublished\":\"2015-02-13T10:15:51+00:00\",\"mainEntityOfPage\":{\"@id\":\"https:\\\/\\\/jornalbeirario.com.br\\\/portal\\\/?p=28026\"},\"wordCount\":785,\"commentCount\":0,\"publisher\":{\"@id\":\"https:\\\/\\\/jornalbeirario.com.br\\\/portal\\\/#organization\"},\"articleSection\":[\"Social\"],\"inLanguage\":\"pt-BR\",\"potentialAction\":[{\"@type\":\"CommentAction\",\"name\":\"Comment\",\"target\":[\"https:\\\/\\\/jornalbeirario.com.br\\\/portal\\\/?p=28026#respond\"]}]},{\"@type\":\"WebPage\",\"@id\":\"https:\\\/\\\/jornalbeirario.com.br\\\/portal\\\/?p=28026\",\"url\":\"https:\\\/\\\/jornalbeirario.com.br\\\/portal\\\/?p=28026\",\"name\":\"La\u00eds Amaral - JORNAL BEIRA RIO\",\"isPartOf\":{\"@id\":\"https:\\\/\\\/jornalbeirario.com.br\\\/portal\\\/#website\"},\"datePublished\":\"2015-02-13T10:15:51+00:00\",\"breadcrumb\":{\"@id\":\"https:\\\/\\\/jornalbeirario.com.br\\\/portal\\\/?p=28026#breadcrumb\"},\"inLanguage\":\"pt-BR\",\"potentialAction\":[{\"@type\":\"ReadAction\",\"target\":[\"https:\\\/\\\/jornalbeirario.com.br\\\/portal\\\/?p=28026\"]}]},{\"@type\":\"BreadcrumbList\",\"@id\":\"https:\\\/\\\/jornalbeirario.com.br\\\/portal\\\/?p=28026#breadcrumb\",\"itemListElement\":[{\"@type\":\"ListItem\",\"position\":1,\"name\":\"Home\",\"item\":\"https:\\\/\\\/jornalbeirario.com.br\\\/portal\"},{\"@type\":\"ListItem\",\"position\":2,\"name\":\"La\u00eds Amaral\"}]},{\"@type\":\"WebSite\",\"@id\":\"https:\\\/\\\/jornalbeirario.com.br\\\/portal\\\/#website\",\"url\":\"https:\\\/\\\/jornalbeirario.com.br\\\/portal\\\/\",\"name\":\"JORNAL BEIRA RIO\",\"description\":\"\",\"publisher\":{\"@id\":\"https:\\\/\\\/jornalbeirario.com.br\\\/portal\\\/#organization\"},\"potentialAction\":[{\"@type\":\"SearchAction\",\"target\":{\"@type\":\"EntryPoint\",\"urlTemplate\":\"https:\\\/\\\/jornalbeirario.com.br\\\/portal\\\/?s={search_term_string}\"},\"query-input\":{\"@type\":\"PropertyValueSpecification\",\"valueRequired\":true,\"valueName\":\"search_term_string\"}}],\"inLanguage\":\"pt-BR\"},{\"@type\":\"Organization\",\"@id\":\"https:\\\/\\\/jornalbeirario.com.br\\\/portal\\\/#organization\",\"name\":\"JORNAL BEIRA RIO\",\"url\":\"https:\\\/\\\/jornalbeirario.com.br\\\/portal\\\/\",\"logo\":{\"@type\":\"ImageObject\",\"inLanguage\":\"pt-BR\",\"@id\":\"https:\\\/\\\/jornalbeirario.com.br\\\/portal\\\/#\\\/schema\\\/logo\\\/image\\\/\",\"url\":\"https:\\\/\\\/jornalbeirario.com.br\\\/portal\\\/wp-content\\\/uploads\\\/2017\\\/09\\\/BEIRA-RIO_logo600.png\",\"contentUrl\":\"https:\\\/\\\/jornalbeirario.com.br\\\/portal\\\/wp-content\\\/uploads\\\/2017\\\/09\\\/BEIRA-RIO_logo600.png\",\"width\":650,\"height\":108,\"caption\":\"JORNAL BEIRA RIO\"},\"image\":{\"@id\":\"https:\\\/\\\/jornalbeirario.com.br\\\/portal\\\/#\\\/schema\\\/logo\\\/image\\\/\"}},{\"@type\":\"Person\",\"@id\":\"https:\\\/\\\/jornalbeirario.com.br\\\/portal\\\/#\\\/schema\\\/person\\\/c6c423e4c2465d2a9233f6539173e7c1\",\"name\":\"Jornal BEIRA-RIO\",\"image\":{\"@type\":\"ImageObject\",\"inLanguage\":\"pt-BR\",\"@id\":\"https:\\\/\\\/jornalbeirario.com.br\\\/portal\\\/wp-content\\\/uploads\\\/2023\\\/10\\\/logojbr1.jpg\",\"url\":\"https:\\\/\\\/jornalbeirario.com.br\\\/portal\\\/wp-content\\\/uploads\\\/2023\\\/10\\\/logojbr1.jpg\",\"contentUrl\":\"https:\\\/\\\/jornalbeirario.com.br\\\/portal\\\/wp-content\\\/uploads\\\/2023\\\/10\\\/logojbr1.jpg\",\"caption\":\"Jornal BEIRA-RIO\"},\"url\":\"https:\\\/\\\/jornalbeirario.com.br\\\/portal\\\/?author=1\"}]}<\/script>\n<!-- \/ Yoast SEO plugin. -->","yoast_head_json":{"title":"La\u00eds Amaral - JORNAL BEIRA RIO","robots":{"index":"index","follow":"follow","max-snippet":"max-snippet:-1","max-image-preview":"max-image-preview:large","max-video-preview":"max-video-preview:-1"},"canonical":"https:\/\/jornalbeirario.com.br\/portal\/?p=28026","og_locale":"pt_BR","og_type":"article","og_title":"La\u00eds Amaral - JORNAL BEIRA RIO","og_description":"Crust\u00e1ceos da Mangua\u00e7a j\u00e1 \u00e9 refer\u00eancia de Carnaval de rua em Resende O desfile do Crust\u00e1ceos da Mangua\u00e7a s\u00e1bado passado bateu todos os recordes","og_url":"https:\/\/jornalbeirario.com.br\/portal\/?p=28026","og_site_name":"JORNAL BEIRA RIO","article_published_time":"2015-02-13T10:15:51+00:00","author":"Jornal BEIRA-RIO","twitter_card":"summary_large_image","twitter_misc":{"Escrito por":"Jornal BEIRA-RIO","Est. tempo de leitura":"4 minutos"},"schema":{"@context":"https:\/\/schema.org","@graph":[{"@type":"Article","@id":"https:\/\/jornalbeirario.com.br\/portal\/?p=28026#article","isPartOf":{"@id":"https:\/\/jornalbeirario.com.br\/portal\/?p=28026"},"author":{"name":"Jornal BEIRA-RIO","@id":"https:\/\/jornalbeirario.com.br\/portal\/#\/schema\/person\/c6c423e4c2465d2a9233f6539173e7c1"},"headline":"La\u00eds Amaral","datePublished":"2015-02-13T10:15:51+00:00","mainEntityOfPage":{"@id":"https:\/\/jornalbeirario.com.br\/portal\/?p=28026"},"wordCount":785,"commentCount":0,"publisher":{"@id":"https:\/\/jornalbeirario.com.br\/portal\/#organization"},"articleSection":["Social"],"inLanguage":"pt-BR","potentialAction":[{"@type":"CommentAction","name":"Comment","target":["https:\/\/jornalbeirario.com.br\/portal\/?p=28026#respond"]}]},{"@type":"WebPage","@id":"https:\/\/jornalbeirario.com.br\/portal\/?p=28026","url":"https:\/\/jornalbeirario.com.br\/portal\/?p=28026","name":"La\u00eds Amaral - JORNAL BEIRA RIO","isPartOf":{"@id":"https:\/\/jornalbeirario.com.br\/portal\/#website"},"datePublished":"2015-02-13T10:15:51+00:00","breadcrumb":{"@id":"https:\/\/jornalbeirario.com.br\/portal\/?p=28026#breadcrumb"},"inLanguage":"pt-BR","potentialAction":[{"@type":"ReadAction","target":["https:\/\/jornalbeirario.com.br\/portal\/?p=28026"]}]},{"@type":"BreadcrumbList","@id":"https:\/\/jornalbeirario.com.br\/portal\/?p=28026#breadcrumb","itemListElement":[{"@type":"ListItem","position":1,"name":"Home","item":"https:\/\/jornalbeirario.com.br\/portal"},{"@type":"ListItem","position":2,"name":"La\u00eds Amaral"}]},{"@type":"WebSite","@id":"https:\/\/jornalbeirario.com.br\/portal\/#website","url":"https:\/\/jornalbeirario.com.br\/portal\/","name":"JORNAL BEIRA RIO","description":"","publisher":{"@id":"https:\/\/jornalbeirario.com.br\/portal\/#organization"},"potentialAction":[{"@type":"SearchAction","target":{"@type":"EntryPoint","urlTemplate":"https:\/\/jornalbeirario.com.br\/portal\/?s={search_term_string}"},"query-input":{"@type":"PropertyValueSpecification","valueRequired":true,"valueName":"search_term_string"}}],"inLanguage":"pt-BR"},{"@type":"Organization","@id":"https:\/\/jornalbeirario.com.br\/portal\/#organization","name":"JORNAL BEIRA RIO","url":"https:\/\/jornalbeirario.com.br\/portal\/","logo":{"@type":"ImageObject","inLanguage":"pt-BR","@id":"https:\/\/jornalbeirario.com.br\/portal\/#\/schema\/logo\/image\/","url":"https:\/\/jornalbeirario.com.br\/portal\/wp-content\/uploads\/2017\/09\/BEIRA-RIO_logo600.png","contentUrl":"https:\/\/jornalbeirario.com.br\/portal\/wp-content\/uploads\/2017\/09\/BEIRA-RIO_logo600.png","width":650,"height":108,"caption":"JORNAL BEIRA RIO"},"image":{"@id":"https:\/\/jornalbeirario.com.br\/portal\/#\/schema\/logo\/image\/"}},{"@type":"Person","@id":"https:\/\/jornalbeirario.com.br\/portal\/#\/schema\/person\/c6c423e4c2465d2a9233f6539173e7c1","name":"Jornal BEIRA-RIO","image":{"@type":"ImageObject","inLanguage":"pt-BR","@id":"https:\/\/jornalbeirario.com.br\/portal\/wp-content\/uploads\/2023\/10\/logojbr1.jpg","url":"https:\/\/jornalbeirario.com.br\/portal\/wp-content\/uploads\/2023\/10\/logojbr1.jpg","contentUrl":"https:\/\/jornalbeirario.com.br\/portal\/wp-content\/uploads\/2023\/10\/logojbr1.jpg","caption":"Jornal BEIRA-RIO"},"url":"https:\/\/jornalbeirario.com.br\/portal\/?author=1"}]}},"_links":{"self":[{"href":"https:\/\/jornalbeirario.com.br\/portal\/index.php?rest_route=\/wp\/v2\/posts\/28026","targetHints":{"allow":["GET"]}}],"collection":[{"href":"https:\/\/jornalbeirario.com.br\/portal\/index.php?rest_route=\/wp\/v2\/posts"}],"about":[{"href":"https:\/\/jornalbeirario.com.br\/portal\/index.php?rest_route=\/wp\/v2\/types\/post"}],"author":[{"embeddable":true,"href":"https:\/\/jornalbeirario.com.br\/portal\/index.php?rest_route=\/wp\/v2\/users\/1"}],"replies":[{"embeddable":true,"href":"https:\/\/jornalbeirario.com.br\/portal\/index.php?rest_route=%2Fwp%2Fv2%2Fcomments&post=28026"}],"version-history":[{"count":1,"href":"https:\/\/jornalbeirario.com.br\/portal\/index.php?rest_route=\/wp\/v2\/posts\/28026\/revisions"}],"predecessor-version":[{"id":28027,"href":"https:\/\/jornalbeirario.com.br\/portal\/index.php?rest_route=\/wp\/v2\/posts\/28026\/revisions\/28027"}],"wp:attachment":[{"href":"https:\/\/jornalbeirario.com.br\/portal\/index.php?rest_route=%2Fwp%2Fv2%2Fmedia&parent=28026"}],"wp:term":[{"taxonomy":"category","embeddable":true,"href":"https:\/\/jornalbeirario.com.br\/portal\/index.php?rest_route=%2Fwp%2Fv2%2Fcategories&post=28026"},{"taxonomy":"post_tag","embeddable":true,"href":"https:\/\/jornalbeirario.com.br\/portal\/index.php?rest_route=%2Fwp%2Fv2%2Ftags&post=28026"}],"curies":[{"name":"wp","href":"https:\/\/api.w.org\/{rel}","templated":true}]}}