
{"id":2786,"date":"2012-12-14T11:06:26","date_gmt":"2012-12-14T11:06:26","guid":{"rendered":"http:\/\/jornalbeirario.com.br\/portal\/portal\/?p=2786"},"modified":"2012-12-14T11:06:27","modified_gmt":"2012-12-14T11:06:27","slug":"lais-amaral-8","status":"publish","type":"post","link":"https:\/\/jornalbeirario.com.br\/portal\/?p=2786","title":{"rendered":"La\u00eds Amaral"},"content":{"rendered":"<p><strong>Parada de Natal, um momento m\u00e1gico nas ruas de Resende<\/strong><br \/>\nNeste final de semana Resende viver\u00e1 mais um momento de beleza e fantasia com a segunda edi\u00e7\u00e3o da \u2018Parada de Natal\u2019. A exemplo que aconteceu ano passado, o desfile de doze carros aleg\u00f3ricos vai circular por v\u00e1rios bairros de Resende. Al\u00e9m dos carros com m\u00fasica e fogos de artif\u00edcio, ser\u00e3o cerca de 60 artistas, encarnando personagens do universo natalino. Um espet\u00e1culo de encher os olhos de crian\u00e7as e adultos. Confira o roteiro de amanh\u00e3 (S\u00e1bado, 15): Sa\u00edda \u00e0s 19 horas do bairro Surubi (campo de futebol). Segue para o centro hist\u00f3rico, Pra\u00e7a da Matriz, rodovi\u00e1ria velha, atravessa a ponte e segue para o bairro Para\u00edso. Circula pelo Para\u00edso, Cabral, Morro do Cruzeiro e segue para o Jardim Jalisco, passando pelo Resende Shopping, Avenida Coronel Mendes, Riachuelo e encerra no Parque das \u00c1guas. No domingo, sa\u00edda \u00e0s 19 horas pela Avenida Coronel Mendes, seguindo no sentido Vila Santa Isabel, Itapuca, Baixada da Olaria, depois: Alegria Velha, Primavera, Toyota, Acesso Oeste e encerrando na Avenida das Mangueiras, na Cidade Alegria.<\/p>\n<p><strong>Brameiros pedem leite: \u00e9 o fim do mundo<\/strong><br \/>\nEu gostaria de falar sobre o fim do mundo, que segundo interpreta\u00e7\u00f5es do calend\u00e1rio do povo Maia, est\u00e1 marcado para acontecer na pr\u00f3xima sexta-feira, dia 21. Tudo bem para os corintianos que podem ser, dependendo deste domingo, os \u00faltimos campe\u00f5es do mundo. No meu caso acho muito ruim ver o mundo acabar antes de eu revelar a identidade ou exibir a foto da melhor mais bonita de Resende, que por sinal, h\u00e1 tempos n\u00e3o vejo. Deve estar de f\u00e9rias. Mas n\u00e3o deixa de ter uma liga\u00e7\u00e3o com o tema, o fato ocorrido domingo passado no clube ARBR, local da ruidosa confraterniza\u00e7\u00e3o anual dos Brameiros. E assim foi. Quando cheguei, l\u00e1 pelas duas da tarde, ouvi a express\u00e3o denotando total surpresa, de algu\u00e9m que caminhava a minha frente rumo ao espa\u00e7o coberto ao lado do campo de futebol do clube onde a festa dos Brameiros se desenvolvia com a alegria costumeira. O homem soltou essa: \u201cCaramba! \u00e9 o fim do mundo!\u201d. Segui o olhar estupefato do homem e constatei entre \u00e0s muitas mesas povoadas por garrafas de cerveja, uma abarrotada de caixas de leite. Leite e Brameiros n\u00e3o combinam nem aqui e nem na China, pensei, mas deixei pra l\u00e1 fui ao encontro da turma. Tomei umas geladas, belisquei um leit\u00e3o a pururuca e, depois de alguma conversa fiquei sabendo que o pessoal pediu que levassem leite para ser distribu\u00eddo a uma institui\u00e7\u00e3o assistencialista de Resende. N\u00e3o levei por que n\u00e3o sabia. N\u00e3o chega a ser o fim do mundo, mas realmente surpreende. E positivamente. Os Brameiros, cuja festa \u00e9 sempre marcada pela intera\u00e7\u00e3o com as fam\u00edlias de todos os membros da turma e n\u00e3o apenas por atletas e torcedores, deram uma grande tacada. Nem tudo \u00e9 s\u00f3 futebol e cerveja para essa turma de crian\u00e7as grandes. Tamb\u00e9m cabe uma a\u00e7\u00e3o de ajuda a quem precisa em meio \u00e0 alegria geral. Parab\u00e9ns ao pessoal. E se o mundo n\u00e3o acabar na Sexta que vem, em 2013 tem mais futebol e cerveja. E Viva os Brameiros!!<\/p>\n<p><strong>TRIPA<\/strong><br \/>\n* Tem m\u00fasica no clube CCRR, neste s\u00e1bado a partir das 14 horas com entrada franca. Melzaque Caetano, C\u00e1ssia, Nels\u00e3o e muita gente boa de gog\u00f3 e de m\u00fasica. S\u00e3o as novas tardes musicais que devem pegar no CCRR. Samba, MPB, etc. A novidade promete. Quem frequenta o Catarino sabe como s\u00e3o essas coisas * Dia 12, a Renata Silva de Paula, filha do amigo, o m\u00fasico Evandro e da Eni, concluiu o ensino fundamental. A festa foi no Sal\u00e3o do Ros\u00e1rio. A menina \u00e9 afilhada do \u2018preto velho\u2019 Claudionor Rosa * A \u2018Equipe Elo\u2019 formada pelas alunas do 3\u00ba ano, Luana Lopes, Camila Pristo e Camila Lima da AEDB, faturou o 1\u00ba lugar com o tema: \u201cEsporte para um futuro melhor\u201d no \u201811\u00ba Talentos da Publicidade\u2019 categoria \u2018Universit\u00e1ria,\u2019 realizado pela TV Rio Sul semana passada. Parab\u00e9ns \u00e0s meninas * Neste s\u00e1bado, tem \u2018Ch\u00e1 de Fraldas\u2019 da Anelise que vai nascer em mar\u00e7o, filhinha da Elaine do Birigui. O ch\u00e1 ser\u00e1 na Garagem do Birigui, no Beco do Garniz\u00e9 neste s\u00e1bado * Hoje, a partir das 9 horas acontece o 2\u00ba Sarau da Primavera, na Biblioteca Municipal, Jandyr C\u00e9sar Sampaio (ao lado da Igreja do Ros\u00e1rio). Ocasi\u00e3o em que convidados e participantes do programa declamam poemas, cantam, interagem. Muito legal * Nossos escribas de plant\u00e3o est\u00e3o em alta na produ\u00e7\u00e3o. Sexta-feira passada o poeta Alfredo de Oliveira, que j\u00e1 foi prefeito de Quatis por duas vezes, lan\u00e7ou mais um livro de poesia: \u201cAqui e Tudo\u201d, na livraria Nobel do Resende Shopping. Neste s\u00e1bado o jornalista e escritor Gustavo Pra\u00e7a, lan\u00e7a seu livro de cr\u00f4nicas \u2018Trem Parador Rio Mantiqueira\u2019 em Penedo e na ter\u00e7a, dia 18, lan\u00e7a em Resende, no bar-restaurante \u201cUai Su\u201d, em Resende, \u00e0s 20 horas * Tamb\u00e9m neste s\u00e1bado a Casa Subterr\u00e2nea apresenta Jair Naves, diretamente de S\u00e3o Paulo e mais: Ricto e Lamadart, grupo do meu amigo Diego Linx. O som come\u00e7a \u00e0s 18 horas e a Casa Subterr\u00e2nea fica na rua Timburib\u00e1, 19, ao lado do clube CCRR, no Centro hist\u00f3rico de Resende * Vai Corintch\u00e1 !!!<\/p>\n<p><strong>ANIVERS\u00c1RIOS<\/strong><br \/>\nSopraram velinhas dia 7 os g\u00eameos Ruan e Rafaella, orgulhos do pai coruja, Raimundo, motorista do prefeito Rechuan. Comemoram amanh\u00e3, dia 15. Dia 11, inauguraram idade nova as minhas amigas Simone Ribeiro e Simone Silva. Na quarta, dia 12, foi a vez da Marina Duarte. Ontem, 13, a Jussara Farizel e o Val\u00e9rio Tuba ficaram mais experientes. Hoje, dia 14, o vereador C\u00e9lio Caloca e amanh\u00e3, uma turma grande muda de idade: o meu amigo Igor Lima, a minha amiga Priscila Guedes, o ex-prefeito de Itatiaia, Jair Alexandre e a minha xar\u00e1, La\u00eds Ramos. No domingo, dia 16, o Eduardo Junior, filho do \u201cCatarino\u201d fica mais velho. Parab\u00e9ns e todas as felicidades do mundo a eles.<\/p>\n","protected":false},"excerpt":{"rendered":"<p>Parada de Natal, um momento m\u00e1gico nas ruas de Resende Neste final de semana Resende viver\u00e1 mais um momento de beleza e fantasia com<\/p>\n","protected":false},"author":1,"featured_media":0,"comment_status":"open","ping_status":"open","sticky":false,"template":"","format":"standard","meta":{"pmpro_default_level":"","footnotes":""},"categories":[13],"tags":[],"class_list":["post-2786","post","type-post","status-publish","format-standard","hentry","category-social","pmpro-has-access"],"yoast_head":"<!-- This site is optimized with the Yoast SEO plugin v27.4 - https:\/\/yoast.com\/product\/yoast-seo-wordpress\/ -->\n<title>La\u00eds Amaral - JORNAL BEIRA RIO<\/title>\n<meta name=\"robots\" content=\"index, follow, max-snippet:-1, max-image-preview:large, max-video-preview:-1\" \/>\n<link rel=\"canonical\" href=\"https:\/\/jornalbeirario.com.br\/portal\/?p=2786\" \/>\n<meta property=\"og:locale\" content=\"pt_BR\" \/>\n<meta property=\"og:type\" content=\"article\" \/>\n<meta property=\"og:title\" content=\"La\u00eds Amaral - JORNAL BEIRA RIO\" \/>\n<meta property=\"og:description\" content=\"Parada de Natal, um momento m\u00e1gico nas ruas de Resende Neste final de semana Resende viver\u00e1 mais um momento de beleza e fantasia com\" \/>\n<meta property=\"og:url\" content=\"https:\/\/jornalbeirario.com.br\/portal\/?p=2786\" \/>\n<meta property=\"og:site_name\" content=\"JORNAL BEIRA RIO\" \/>\n<meta property=\"article:published_time\" content=\"2012-12-14T11:06:26+00:00\" \/>\n<meta property=\"article:modified_time\" content=\"2012-12-14T11:06:27+00:00\" \/>\n<meta name=\"author\" content=\"Jornal BEIRA-RIO\" \/>\n<meta name=\"twitter:card\" content=\"summary_large_image\" \/>\n<meta name=\"twitter:label1\" content=\"Escrito por\" \/>\n\t<meta name=\"twitter:data1\" content=\"Jornal BEIRA-RIO\" \/>\n\t<meta name=\"twitter:label2\" content=\"Est. tempo de leitura\" \/>\n\t<meta name=\"twitter:data2\" content=\"5 minutos\" \/>\n<script type=\"application\/ld+json\" class=\"yoast-schema-graph\">{\"@context\":\"https:\\\/\\\/schema.org\",\"@graph\":[{\"@type\":\"Article\",\"@id\":\"https:\\\/\\\/jornalbeirario.com.br\\\/portal\\\/?p=2786#article\",\"isPartOf\":{\"@id\":\"https:\\\/\\\/jornalbeirario.com.br\\\/portal\\\/?p=2786\"},\"author\":{\"name\":\"Jornal BEIRA-RIO\",\"@id\":\"https:\\\/\\\/jornalbeirario.com.br\\\/portal\\\/#\\\/schema\\\/person\\\/c6c423e4c2465d2a9233f6539173e7c1\"},\"headline\":\"La\u00eds Amaral\",\"datePublished\":\"2012-12-14T11:06:26+00:00\",\"dateModified\":\"2012-12-14T11:06:27+00:00\",\"mainEntityOfPage\":{\"@id\":\"https:\\\/\\\/jornalbeirario.com.br\\\/portal\\\/?p=2786\"},\"wordCount\":1029,\"commentCount\":0,\"publisher\":{\"@id\":\"https:\\\/\\\/jornalbeirario.com.br\\\/portal\\\/#organization\"},\"articleSection\":[\"Social\"],\"inLanguage\":\"pt-BR\",\"potentialAction\":[{\"@type\":\"CommentAction\",\"name\":\"Comment\",\"target\":[\"https:\\\/\\\/jornalbeirario.com.br\\\/portal\\\/?p=2786#respond\"]}]},{\"@type\":\"WebPage\",\"@id\":\"https:\\\/\\\/jornalbeirario.com.br\\\/portal\\\/?p=2786\",\"url\":\"https:\\\/\\\/jornalbeirario.com.br\\\/portal\\\/?p=2786\",\"name\":\"La\u00eds Amaral - JORNAL BEIRA RIO\",\"isPartOf\":{\"@id\":\"https:\\\/\\\/jornalbeirario.com.br\\\/portal\\\/#website\"},\"datePublished\":\"2012-12-14T11:06:26+00:00\",\"dateModified\":\"2012-12-14T11:06:27+00:00\",\"breadcrumb\":{\"@id\":\"https:\\\/\\\/jornalbeirario.com.br\\\/portal\\\/?p=2786#breadcrumb\"},\"inLanguage\":\"pt-BR\",\"potentialAction\":[{\"@type\":\"ReadAction\",\"target\":[\"https:\\\/\\\/jornalbeirario.com.br\\\/portal\\\/?p=2786\"]}]},{\"@type\":\"BreadcrumbList\",\"@id\":\"https:\\\/\\\/jornalbeirario.com.br\\\/portal\\\/?p=2786#breadcrumb\",\"itemListElement\":[{\"@type\":\"ListItem\",\"position\":1,\"name\":\"Home\",\"item\":\"https:\\\/\\\/jornalbeirario.com.br\\\/portal\"},{\"@type\":\"ListItem\",\"position\":2,\"name\":\"La\u00eds Amaral\"}]},{\"@type\":\"WebSite\",\"@id\":\"https:\\\/\\\/jornalbeirario.com.br\\\/portal\\\/#website\",\"url\":\"https:\\\/\\\/jornalbeirario.com.br\\\/portal\\\/\",\"name\":\"JORNAL BEIRA RIO\",\"description\":\"\",\"publisher\":{\"@id\":\"https:\\\/\\\/jornalbeirario.com.br\\\/portal\\\/#organization\"},\"potentialAction\":[{\"@type\":\"SearchAction\",\"target\":{\"@type\":\"EntryPoint\",\"urlTemplate\":\"https:\\\/\\\/jornalbeirario.com.br\\\/portal\\\/?s={search_term_string}\"},\"query-input\":{\"@type\":\"PropertyValueSpecification\",\"valueRequired\":true,\"valueName\":\"search_term_string\"}}],\"inLanguage\":\"pt-BR\"},{\"@type\":\"Organization\",\"@id\":\"https:\\\/\\\/jornalbeirario.com.br\\\/portal\\\/#organization\",\"name\":\"JORNAL BEIRA RIO\",\"url\":\"https:\\\/\\\/jornalbeirario.com.br\\\/portal\\\/\",\"logo\":{\"@type\":\"ImageObject\",\"inLanguage\":\"pt-BR\",\"@id\":\"https:\\\/\\\/jornalbeirario.com.br\\\/portal\\\/#\\\/schema\\\/logo\\\/image\\\/\",\"url\":\"https:\\\/\\\/jornalbeirario.com.br\\\/portal\\\/wp-content\\\/uploads\\\/2017\\\/09\\\/BEIRA-RIO_logo600.png\",\"contentUrl\":\"https:\\\/\\\/jornalbeirario.com.br\\\/portal\\\/wp-content\\\/uploads\\\/2017\\\/09\\\/BEIRA-RIO_logo600.png\",\"width\":650,\"height\":108,\"caption\":\"JORNAL BEIRA RIO\"},\"image\":{\"@id\":\"https:\\\/\\\/jornalbeirario.com.br\\\/portal\\\/#\\\/schema\\\/logo\\\/image\\\/\"}},{\"@type\":\"Person\",\"@id\":\"https:\\\/\\\/jornalbeirario.com.br\\\/portal\\\/#\\\/schema\\\/person\\\/c6c423e4c2465d2a9233f6539173e7c1\",\"name\":\"Jornal BEIRA-RIO\",\"image\":{\"@type\":\"ImageObject\",\"inLanguage\":\"pt-BR\",\"@id\":\"https:\\\/\\\/jornalbeirario.com.br\\\/portal\\\/wp-content\\\/uploads\\\/2023\\\/10\\\/logojbr1.jpg\",\"url\":\"https:\\\/\\\/jornalbeirario.com.br\\\/portal\\\/wp-content\\\/uploads\\\/2023\\\/10\\\/logojbr1.jpg\",\"contentUrl\":\"https:\\\/\\\/jornalbeirario.com.br\\\/portal\\\/wp-content\\\/uploads\\\/2023\\\/10\\\/logojbr1.jpg\",\"caption\":\"Jornal BEIRA-RIO\"},\"url\":\"https:\\\/\\\/jornalbeirario.com.br\\\/portal\\\/?author=1\"}]}<\/script>\n<!-- \/ Yoast SEO plugin. -->","yoast_head_json":{"title":"La\u00eds Amaral - JORNAL BEIRA RIO","robots":{"index":"index","follow":"follow","max-snippet":"max-snippet:-1","max-image-preview":"max-image-preview:large","max-video-preview":"max-video-preview:-1"},"canonical":"https:\/\/jornalbeirario.com.br\/portal\/?p=2786","og_locale":"pt_BR","og_type":"article","og_title":"La\u00eds Amaral - JORNAL BEIRA RIO","og_description":"Parada de Natal, um momento m\u00e1gico nas ruas de Resende Neste final de semana Resende viver\u00e1 mais um momento de beleza e fantasia com","og_url":"https:\/\/jornalbeirario.com.br\/portal\/?p=2786","og_site_name":"JORNAL BEIRA RIO","article_published_time":"2012-12-14T11:06:26+00:00","article_modified_time":"2012-12-14T11:06:27+00:00","author":"Jornal BEIRA-RIO","twitter_card":"summary_large_image","twitter_misc":{"Escrito por":"Jornal BEIRA-RIO","Est. tempo de leitura":"5 minutos"},"schema":{"@context":"https:\/\/schema.org","@graph":[{"@type":"Article","@id":"https:\/\/jornalbeirario.com.br\/portal\/?p=2786#article","isPartOf":{"@id":"https:\/\/jornalbeirario.com.br\/portal\/?p=2786"},"author":{"name":"Jornal BEIRA-RIO","@id":"https:\/\/jornalbeirario.com.br\/portal\/#\/schema\/person\/c6c423e4c2465d2a9233f6539173e7c1"},"headline":"La\u00eds Amaral","datePublished":"2012-12-14T11:06:26+00:00","dateModified":"2012-12-14T11:06:27+00:00","mainEntityOfPage":{"@id":"https:\/\/jornalbeirario.com.br\/portal\/?p=2786"},"wordCount":1029,"commentCount":0,"publisher":{"@id":"https:\/\/jornalbeirario.com.br\/portal\/#organization"},"articleSection":["Social"],"inLanguage":"pt-BR","potentialAction":[{"@type":"CommentAction","name":"Comment","target":["https:\/\/jornalbeirario.com.br\/portal\/?p=2786#respond"]}]},{"@type":"WebPage","@id":"https:\/\/jornalbeirario.com.br\/portal\/?p=2786","url":"https:\/\/jornalbeirario.com.br\/portal\/?p=2786","name":"La\u00eds Amaral - JORNAL BEIRA RIO","isPartOf":{"@id":"https:\/\/jornalbeirario.com.br\/portal\/#website"},"datePublished":"2012-12-14T11:06:26+00:00","dateModified":"2012-12-14T11:06:27+00:00","breadcrumb":{"@id":"https:\/\/jornalbeirario.com.br\/portal\/?p=2786#breadcrumb"},"inLanguage":"pt-BR","potentialAction":[{"@type":"ReadAction","target":["https:\/\/jornalbeirario.com.br\/portal\/?p=2786"]}]},{"@type":"BreadcrumbList","@id":"https:\/\/jornalbeirario.com.br\/portal\/?p=2786#breadcrumb","itemListElement":[{"@type":"ListItem","position":1,"name":"Home","item":"https:\/\/jornalbeirario.com.br\/portal"},{"@type":"ListItem","position":2,"name":"La\u00eds Amaral"}]},{"@type":"WebSite","@id":"https:\/\/jornalbeirario.com.br\/portal\/#website","url":"https:\/\/jornalbeirario.com.br\/portal\/","name":"JORNAL BEIRA RIO","description":"","publisher":{"@id":"https:\/\/jornalbeirario.com.br\/portal\/#organization"},"potentialAction":[{"@type":"SearchAction","target":{"@type":"EntryPoint","urlTemplate":"https:\/\/jornalbeirario.com.br\/portal\/?s={search_term_string}"},"query-input":{"@type":"PropertyValueSpecification","valueRequired":true,"valueName":"search_term_string"}}],"inLanguage":"pt-BR"},{"@type":"Organization","@id":"https:\/\/jornalbeirario.com.br\/portal\/#organization","name":"JORNAL BEIRA RIO","url":"https:\/\/jornalbeirario.com.br\/portal\/","logo":{"@type":"ImageObject","inLanguage":"pt-BR","@id":"https:\/\/jornalbeirario.com.br\/portal\/#\/schema\/logo\/image\/","url":"https:\/\/jornalbeirario.com.br\/portal\/wp-content\/uploads\/2017\/09\/BEIRA-RIO_logo600.png","contentUrl":"https:\/\/jornalbeirario.com.br\/portal\/wp-content\/uploads\/2017\/09\/BEIRA-RIO_logo600.png","width":650,"height":108,"caption":"JORNAL BEIRA RIO"},"image":{"@id":"https:\/\/jornalbeirario.com.br\/portal\/#\/schema\/logo\/image\/"}},{"@type":"Person","@id":"https:\/\/jornalbeirario.com.br\/portal\/#\/schema\/person\/c6c423e4c2465d2a9233f6539173e7c1","name":"Jornal BEIRA-RIO","image":{"@type":"ImageObject","inLanguage":"pt-BR","@id":"https:\/\/jornalbeirario.com.br\/portal\/wp-content\/uploads\/2023\/10\/logojbr1.jpg","url":"https:\/\/jornalbeirario.com.br\/portal\/wp-content\/uploads\/2023\/10\/logojbr1.jpg","contentUrl":"https:\/\/jornalbeirario.com.br\/portal\/wp-content\/uploads\/2023\/10\/logojbr1.jpg","caption":"Jornal BEIRA-RIO"},"url":"https:\/\/jornalbeirario.com.br\/portal\/?author=1"}]}},"_links":{"self":[{"href":"https:\/\/jornalbeirario.com.br\/portal\/index.php?rest_route=\/wp\/v2\/posts\/2786","targetHints":{"allow":["GET"]}}],"collection":[{"href":"https:\/\/jornalbeirario.com.br\/portal\/index.php?rest_route=\/wp\/v2\/posts"}],"about":[{"href":"https:\/\/jornalbeirario.com.br\/portal\/index.php?rest_route=\/wp\/v2\/types\/post"}],"author":[{"embeddable":true,"href":"https:\/\/jornalbeirario.com.br\/portal\/index.php?rest_route=\/wp\/v2\/users\/1"}],"replies":[{"embeddable":true,"href":"https:\/\/jornalbeirario.com.br\/portal\/index.php?rest_route=%2Fwp%2Fv2%2Fcomments&post=2786"}],"version-history":[{"count":2,"href":"https:\/\/jornalbeirario.com.br\/portal\/index.php?rest_route=\/wp\/v2\/posts\/2786\/revisions"}],"predecessor-version":[{"id":2836,"href":"https:\/\/jornalbeirario.com.br\/portal\/index.php?rest_route=\/wp\/v2\/posts\/2786\/revisions\/2836"}],"wp:attachment":[{"href":"https:\/\/jornalbeirario.com.br\/portal\/index.php?rest_route=%2Fwp%2Fv2%2Fmedia&parent=2786"}],"wp:term":[{"taxonomy":"category","embeddable":true,"href":"https:\/\/jornalbeirario.com.br\/portal\/index.php?rest_route=%2Fwp%2Fv2%2Fcategories&post=2786"},{"taxonomy":"post_tag","embeddable":true,"href":"https:\/\/jornalbeirario.com.br\/portal\/index.php?rest_route=%2Fwp%2Fv2%2Ftags&post=2786"}],"curies":[{"name":"wp","href":"https:\/\/api.w.org\/{rel}","templated":true}]}}