
{"id":27774,"date":"2015-01-30T09:23:04","date_gmt":"2015-01-30T09:23:04","guid":{"rendered":"http:\/\/jornalbeirario.com.br\/portal\/portal\/?p=27774"},"modified":"2015-01-30T09:23:04","modified_gmt":"2015-01-30T09:23:04","slug":"caso-de-policia-111","status":"publish","type":"post","link":"https:\/\/jornalbeirario.com.br\/portal\/?p=27774","title":{"rendered":"Caso de Pol\u00edcia"},"content":{"rendered":"<p style=\"text-align: justify;\">COCA\u00cdNA apreendida. A Pol\u00edcia Civil de Barra Mansa realizou uma nova opera\u00e7\u00e3o na Regi\u00e3o das Agulhas Negras. Desta vez, apreendeu 32 quilos de drogas e prendeu tr\u00eas pessoas acusadas de tr\u00e1fico de drogas. Um inspetor ficou ferido. A opera\u00e7\u00e3o come\u00e7ou na pra\u00e7a de ped\u00e1gio de Itatiaia quando 26 quilos de pasta de coca\u00edna e seis de crack foram encontrados no GM Celta dirigido por Gilberto Bustamante, o Coroa, de 61 anos. A droga seria de Denilson Benaqui Cortat, de 43 anos, conhecido como Carvoeiro, que tamb\u00e9m estava no carro. Os dois afirmaram que a droga era refinada em uma casa da zona rural de Pindamonhangaba, no estado de S\u00e3o Paulo, e levaram os agentes at\u00e9 o local. No local os policiais encontraram Wallace dos Santos Costa, de 27 anos, que tamb\u00e9m ficou detido. Enquanto os agentes buscavam informar a pol\u00edcia paulista sobre a opera\u00e7\u00e3o, o inspetor Carlos Diego, da delegacia de Barra Mansa (90\u00aa DP), ficou no local com os tr\u00eas detidos e a droga. Antes de serem avisados sobre a opera\u00e7\u00e3o, contudo, os policiais de Pindamonhangaba receberam uma den\u00fancia de que um homem estaria mantendo ref\u00e9ns em uma casa e um deles de dirigiu ao local. Ao chegar e se deparar com o inspetor Diego armado, atirou em seu abd\u00f4men. O inspetor estava internado na Santa Casa de Pindamonhangaba at\u00e9 o fechamento desta edi\u00e7\u00e3o. A Corregedoria de Pol\u00edcia Civil do munic\u00edpio paulista est\u00e1 investigando a a\u00e7\u00e3o.<\/p>\n<p>FURTO em ve\u00edculo. Um aposentado de 59 anos teve uma mochila furtada de dentro de seu carro, um Honda Civic. Na tarde do dia 27, no bairro Campos El\u00edseos, em Resende. Ele relatou que estacionou o ve\u00edculo na Rua 29 de Setembro e ao voltar deu por falta da mochila, onde estavam dois aparelhos auditivos e um rel\u00f3gio da marca Orient. O carro n\u00e3o possu\u00eda sinais de arrombamento e o aposentado n\u00e3o apresentou suspeitos do furto. O caso est\u00e1 sendo investigado na 89\u00aa DP.<\/p>\n<p>TABLETES de maconha. Um adolescente de 14 anos foi apreendido na noite do dia 27, no bairro Para\u00edso, em Resende, acusado de fato an\u00e1logo ao tr\u00e1fico de drogas. Segundo os policiais militares que realizaram a opera\u00e7\u00e3o, o jovem apertou o passo ao ver os agentes e foi abordado por eles. Em uma bolsa estavam dois tabletes de maconha, totalizando dois quilos e meio da droga. Ele foi encaminhado \u00e0 89\u00aa DP e ficou apreendido.<\/p>\n<p>PADARIA roubada. Um comerciante de 59 anos teve a padaria roubada na noite do dia 26, no bairro Morada da Colina, em Resende. Dois homens chegaram ao local e, ap\u00f3s renderem tr\u00eas pessoas, anunciaram o assalto. Eles levaram cinco pacotes grandes de cigarro e mais R$ 500 enquanto amea\u00e7avam de morte os ref\u00e9ns. A Pol\u00edcia Militar chegou a realizar buscas na regi\u00e3o, mas n\u00e3o encontrou os suspeitos. O caso est\u00e1 sendo investigado na 89\u00aa DP.<\/p>\n<p>VE\u00cdCULOS encontrados. A Pol\u00edcia Militar recuperou um carro e duas motos que haviam sido furtadas e prendeu uma pessoa por recepta\u00e7\u00e3o de ve\u00edculo furtado nesta semana, na Regi\u00e3o das Agulhas Negras. O primeiro caso aconteceu na noite do dia 24, na Cidade Alegria, em Resende. Os policiais faziam patrulhamento quando desconfiaram de um Siena Prata, com placa do munic\u00edpio de Cordeiro, no Rio de Janeiro, e o pediram para parar. O motorista, Fernando Roberto, de 29 anos, no entanto, acelerou e foi seguido pelos agentes, sendo detido pr\u00f3ximo ao Acesso Oeste. L\u00e1, Riberto confessou que havia comprado o ve\u00edculo em Al\u00e9m Para\u00edba por R$ 12 mil e que sabia que ele era produto de furto, por isso ficando detido na 89\u00aa DP. Na tarde do dia 26, ap\u00f3s den\u00fancias an\u00f4nimas, os agentes encontraram em um matagal de um terreno baldio no bairro Nossa Senhora do Ros\u00e1rio, em Quatis, uma motocicleta Honda CG preta. A moto, que estava sem os dois retrovisores, havia sido furtada horas antes, na mesma cidade, de acordo com um registro de ocorr\u00eancia feito no mesmo dia. No mesmo matagal tamb\u00e9m encontraram uma Honda Titan 125 preta sem placa e com o chassi danificado, mas o propriet\u00e1rio ainda n\u00e3o havia sido encontrado at\u00e9 o fechamento desta edi\u00e7\u00e3o.<\/p>\n<p>BALEADO. O estudante Maxmiliano de Paula Cunha, de 18 anos, foi baleado nas costas durante uma tentativa de assalto pr\u00f3ximo a uma padaria no bairro Nova Liberdade, em Resende, na tarde do dia 26. Ele afirma que se negou a entregar a mochila aos ladr\u00f5es e foi atingido ao virar de costas. Ele foi encaminhado ao Hospital de Emerg\u00eancia e operado. O caso est\u00e1 sendo investigado na 89\u00aa DP.<\/p>\n<p>FERIDO. O engenheiro Marcelo Machado Bariane, de 32 anos, foi encontrado desnorteado no meio de um matagal da Serrinha do Alambari, em Resende, na noite do dia 26. Ele havia desaparecido tr\u00eas dias antes, ap\u00f3s ter abandonado o carro na pra\u00e7a de ped\u00e1gio de Itatiaia, supostamente durante um surto. O homem foi levado ao Hospital de Emerg\u00eancia com ferimentos no p\u00e9 e afirmou que havia andado 10 quil\u00f4metros pela mata, mas ainda n\u00e3o estava em condi\u00e7\u00f5es de explicar detalhes do que havia acontecido. O engenheiro foi encaminhado \u00e0 Santa Casa e ficou internado na ala psiqui\u00e1trica do hospital \u00e0 espera da fam\u00edlia.<\/p>\n<p>PRODUTOS falsificados. A Pol\u00edcia Rodovi\u00e1ria Federal (PRF) apreendeu na tarde do dia 24, na Rodovia Presidente Dutra, em Itatiaia, 181 \u00f3culos, 25 capas de tablets, oito aparelhos de telefone celular e 10 rel\u00f3gios infantis, todos falsificados. As mercadorias estavam na bagagem de um homem de 39 anos, passageiro de um \u00f4nibus abordado durante o patrulhamento feito pelos agentes. Ele foi encaminhado \u00e0 99\u00aa DP, onde assinou um termo de compromisso para se apresentar \u00e0 Justi\u00e7a quando solicitado e foi liberado.<\/p>\n<p>MACONHA. Um adolescente de 13 anos foi apreendido em flagrante pela Pol\u00edcia Militar na tarde do dia 23 no bairro Jardim Alian\u00e7a II, em Resende, acusado de fato an\u00e1logo ao tr\u00e1fico de drogas. Ele estava com quatro trouxinhas de maconha, totalizando 13,8 gramas, e confessou que j\u00e1 havia vendido o equivalente a R$ 260. A droga e o dinheiro tamb\u00e9m ficaram apreendidos na 89\u00aa DP.<\/p>\n<p>PRESO em Porto Real. O servente Neviton Paulo Greg\u00f3rio da Silva, de 20 anos, foi preso em flagrante na tarde do dia 23, no bairro Freitas Soares, em Porto Real, acusado de tr\u00e1fico de drogas. Ele foi avistado por policiais entregando uma trouxinha de maconha a um adolescente de 15 anos. O jovem ainda tentou jogar a trouxinha por cima do muro, mas os policiais perceberam e recolheram o material. Ele e outro jovem de 17 anos que estavam no local confessaram que estava comprando drogas e Neviton Silva ficou detido na 100\u00aa DP.<\/p>\n<p>COLIS\u00d5ES. O estudante Renan Henrique Rodrigues Pereira, de 21 anos, se feriu ao bater o carro em um anteparo no bairro Para\u00edso, em Resende, na manh\u00e3 do dia 24. A coxinheira Sandra L\u00facia Mariano, de 50 anos, que mora na Vila Moderna, tamb\u00e9m se feriu ao bater em um anteparo, na tarde do dia 24. Ambos foram encaminhados ao Hospital de Emerg\u00eancia.<\/p>\n<p>PARAQUEDAS. O militar Aleir da Silva Cardozo, de 48 anos, se feriu ao cair de paraquedas no Campo da Avia\u00e7\u00e3o, em Resende, na manh\u00e3 do dia 24. Ele foi encaminhado ao Hospital de Emerg\u00eancia e liberado. \u00c9 a segunda vez neste m\u00eas que acontece um acidente semelhante. No dia 17, um publicit\u00e1rio de 30 anos sofreu um acidente semelhante e fraturou o tornozelo, sendo operado no Hospital da Unimed.<\/p>\n<p>MOTO. A estudante Alexssandra de Paula Thomaz, de 16 anos, se feriu ao cair de moto na Fazenda da Barra III, em Resende, na tarde do dia 25. Na noite do mesmo dia, o estudante Rick Anderson de Faria Batista, de 45 anos, caiu de mobilete no Manejo. A operadora de caixa Valdirene Prestes da Silva, de 42 anos, caiu de moto no distrito da Fuma\u00e7a, na noite do dia 26. A secret\u00e1ria Suzana de Souza Santos, de 31 anos, caiu de moto em frente \u00e0 Prefeitura de Resende, no bairro Jardim Jalisco, na manh\u00e3 do dia 27. Todos foram atendidos no Hospital de Emerg\u00eancia.<\/p>\n","protected":false},"excerpt":{"rendered":"<p>COCA\u00cdNA apreendida. A Pol\u00edcia Civil de Barra Mansa realizou uma nova opera\u00e7\u00e3o na Regi\u00e3o das Agulhas Negras. Desta vez, apreendeu 32 quilos de drogas<\/p>\n","protected":false},"author":1,"featured_media":0,"comment_status":"open","ping_status":"open","sticky":false,"template":"","format":"standard","meta":{"pmpro_default_level":"","footnotes":"","_members_access_role":[],"_members_access_error":""},"categories":[10],"tags":[],"class_list":["post-27774","post","type-post","status-publish","format-standard","hentry","category-policia","pmpro-has-access"],"yoast_head":"<!-- This site is optimized with the Yoast SEO plugin v28.4 - https:\/\/yoast.com\/product\/yoast-seo-wordpress\/ -->\n<title>Caso de Pol\u00edcia - JORNAL BEIRA RIO<\/title>\n<meta name=\"robots\" content=\"index, follow, max-snippet:-1, max-image-preview:large, max-video-preview:-1\" \/>\n<link rel=\"canonical\" href=\"https:\/\/jornalbeirario.com.br\/portal\/?p=27774\" \/>\n<meta property=\"og:locale\" content=\"pt_BR\" \/>\n<meta property=\"og:type\" content=\"article\" \/>\n<meta property=\"og:title\" content=\"Caso de Pol\u00edcia - JORNAL BEIRA RIO\" \/>\n<meta property=\"og:description\" content=\"COCA\u00cdNA apreendida. A Pol\u00edcia Civil de Barra Mansa realizou uma nova opera\u00e7\u00e3o na Regi\u00e3o das Agulhas Negras. Desta vez, apreendeu 32 quilos de drogas\" \/>\n<meta property=\"og:url\" content=\"https:\/\/jornalbeirario.com.br\/portal\/?p=27774\" \/>\n<meta property=\"og:site_name\" content=\"JORNAL BEIRA RIO\" \/>\n<meta property=\"article:published_time\" content=\"2015-01-30T09:23:04+00:00\" \/>\n<meta name=\"author\" content=\"Jornal BEIRA-RIO\" \/>\n<meta name=\"twitter:card\" content=\"summary_large_image\" \/>\n<meta name=\"twitter:label1\" content=\"Escrito por\" \/>\n\t<meta name=\"twitter:data1\" content=\"Jornal BEIRA-RIO\" \/>\n\t<meta name=\"twitter:label2\" content=\"Est. tempo de leitura\" \/>\n\t<meta name=\"twitter:data2\" content=\"7 minutos\" \/>\n<script type=\"application\/ld+json\" class=\"yoast-schema-graph\">{\"@context\":\"https:\\\/\\\/schema.org\",\"@graph\":[{\"@type\":\"Article\",\"@id\":\"https:\\\/\\\/jornalbeirario.com.br\\\/portal\\\/?p=27774#article\",\"isPartOf\":{\"@id\":\"https:\\\/\\\/jornalbeirario.com.br\\\/portal\\\/?p=27774\"},\"author\":{\"name\":\"Jornal BEIRA-RIO\",\"@id\":\"https:\\\/\\\/jornalbeirario.com.br\\\/portal\\\/#\\\/schema\\\/person\\\/c6c423e4c2465d2a9233f6539173e7c1\"},\"headline\":\"Caso de Pol\u00edcia\",\"datePublished\":\"2015-01-30T09:23:04+00:00\",\"mainEntityOfPage\":{\"@id\":\"https:\\\/\\\/jornalbeirario.com.br\\\/portal\\\/?p=27774\"},\"wordCount\":1361,\"commentCount\":1,\"publisher\":{\"@id\":\"https:\\\/\\\/jornalbeirario.com.br\\\/portal\\\/#organization\"},\"articleSection\":[\"Pol\u00edcia\"],\"inLanguage\":\"pt-BR\",\"potentialAction\":[{\"@type\":\"CommentAction\",\"name\":\"Comment\",\"target\":[\"https:\\\/\\\/jornalbeirario.com.br\\\/portal\\\/?p=27774#respond\"]}]},{\"@type\":\"WebPage\",\"@id\":\"https:\\\/\\\/jornalbeirario.com.br\\\/portal\\\/?p=27774\",\"url\":\"https:\\\/\\\/jornalbeirario.com.br\\\/portal\\\/?p=27774\",\"name\":\"Caso de Pol\u00edcia - JORNAL BEIRA RIO\",\"isPartOf\":{\"@id\":\"https:\\\/\\\/jornalbeirario.com.br\\\/portal\\\/#website\"},\"datePublished\":\"2015-01-30T09:23:04+00:00\",\"breadcrumb\":{\"@id\":\"https:\\\/\\\/jornalbeirario.com.br\\\/portal\\\/?p=27774#breadcrumb\"},\"inLanguage\":\"pt-BR\",\"potentialAction\":[{\"@type\":\"ReadAction\",\"target\":[\"https:\\\/\\\/jornalbeirario.com.br\\\/portal\\\/?p=27774\"]}]},{\"@type\":\"BreadcrumbList\",\"@id\":\"https:\\\/\\\/jornalbeirario.com.br\\\/portal\\\/?p=27774#breadcrumb\",\"itemListElement\":[{\"@type\":\"ListItem\",\"position\":1,\"name\":\"Home\",\"item\":\"https:\\\/\\\/jornalbeirario.com.br\\\/portal\"},{\"@type\":\"ListItem\",\"position\":2,\"name\":\"Caso de Pol\u00edcia\"}]},{\"@type\":\"WebSite\",\"@id\":\"https:\\\/\\\/jornalbeirario.com.br\\\/portal\\\/#website\",\"url\":\"https:\\\/\\\/jornalbeirario.com.br\\\/portal\\\/\",\"name\":\"JORNAL BEIRA RIO\",\"description\":\"\",\"publisher\":{\"@id\":\"https:\\\/\\\/jornalbeirario.com.br\\\/portal\\\/#organization\"},\"potentialAction\":[{\"@type\":\"SearchAction\",\"target\":{\"@type\":\"EntryPoint\",\"urlTemplate\":\"https:\\\/\\\/jornalbeirario.com.br\\\/portal\\\/?s={search_term_string}\"},\"query-input\":{\"@type\":\"PropertyValueSpecification\",\"valueRequired\":true,\"valueName\":\"search_term_string\"}}],\"inLanguage\":\"pt-BR\"},{\"@type\":\"Organization\",\"@id\":\"https:\\\/\\\/jornalbeirario.com.br\\\/portal\\\/#organization\",\"name\":\"JORNAL BEIRA RIO\",\"url\":\"https:\\\/\\\/jornalbeirario.com.br\\\/portal\\\/\",\"logo\":{\"@type\":\"ImageObject\",\"inLanguage\":\"pt-BR\",\"@id\":\"https:\\\/\\\/jornalbeirario.com.br\\\/portal\\\/#\\\/schema\\\/logo\\\/image\\\/\",\"url\":\"https:\\\/\\\/jornalbeirario.com.br\\\/portal\\\/wp-content\\\/uploads\\\/2017\\\/09\\\/BEIRA-RIO_logo600.png\",\"contentUrl\":\"https:\\\/\\\/jornalbeirario.com.br\\\/portal\\\/wp-content\\\/uploads\\\/2017\\\/09\\\/BEIRA-RIO_logo600.png\",\"width\":650,\"height\":108,\"caption\":\"JORNAL BEIRA RIO\"},\"image\":{\"@id\":\"https:\\\/\\\/jornalbeirario.com.br\\\/portal\\\/#\\\/schema\\\/logo\\\/image\\\/\"}},{\"@type\":\"Person\",\"@id\":\"https:\\\/\\\/jornalbeirario.com.br\\\/portal\\\/#\\\/schema\\\/person\\\/c6c423e4c2465d2a9233f6539173e7c1\",\"name\":\"Jornal BEIRA-RIO\",\"image\":{\"@type\":\"ImageObject\",\"inLanguage\":\"pt-BR\",\"@id\":\"https:\\\/\\\/jornalbeirario.com.br\\\/portal\\\/wp-content\\\/uploads\\\/2023\\\/10\\\/logojbr1.jpg\",\"url\":\"https:\\\/\\\/jornalbeirario.com.br\\\/portal\\\/wp-content\\\/uploads\\\/2023\\\/10\\\/logojbr1.jpg\",\"contentUrl\":\"https:\\\/\\\/jornalbeirario.com.br\\\/portal\\\/wp-content\\\/uploads\\\/2023\\\/10\\\/logojbr1.jpg\",\"caption\":\"Jornal BEIRA-RIO\"},\"url\":\"https:\\\/\\\/jornalbeirario.com.br\\\/portal\\\/?author=1\"}]}<\/script>\n<!-- \/ Yoast SEO plugin. -->","yoast_head_json":{"title":"Caso de Pol\u00edcia - JORNAL BEIRA RIO","robots":{"index":"index","follow":"follow","max-snippet":"max-snippet:-1","max-image-preview":"max-image-preview:large","max-video-preview":"max-video-preview:-1"},"canonical":"https:\/\/jornalbeirario.com.br\/portal\/?p=27774","og_locale":"pt_BR","og_type":"article","og_title":"Caso de Pol\u00edcia - JORNAL BEIRA RIO","og_description":"COCA\u00cdNA apreendida. A Pol\u00edcia Civil de Barra Mansa realizou uma nova opera\u00e7\u00e3o na Regi\u00e3o das Agulhas Negras. Desta vez, apreendeu 32 quilos de drogas","og_url":"https:\/\/jornalbeirario.com.br\/portal\/?p=27774","og_site_name":"JORNAL BEIRA RIO","article_published_time":"2015-01-30T09:23:04+00:00","author":"Jornal BEIRA-RIO","twitter_card":"summary_large_image","twitter_misc":{"Escrito por":"Jornal BEIRA-RIO","Est. tempo de leitura":"7 minutos"},"schema":{"@context":"https:\/\/schema.org","@graph":[{"@type":"Article","@id":"https:\/\/jornalbeirario.com.br\/portal\/?p=27774#article","isPartOf":{"@id":"https:\/\/jornalbeirario.com.br\/portal\/?p=27774"},"author":{"name":"Jornal BEIRA-RIO","@id":"https:\/\/jornalbeirario.com.br\/portal\/#\/schema\/person\/c6c423e4c2465d2a9233f6539173e7c1"},"headline":"Caso de Pol\u00edcia","datePublished":"2015-01-30T09:23:04+00:00","mainEntityOfPage":{"@id":"https:\/\/jornalbeirario.com.br\/portal\/?p=27774"},"wordCount":1361,"commentCount":1,"publisher":{"@id":"https:\/\/jornalbeirario.com.br\/portal\/#organization"},"articleSection":["Pol\u00edcia"],"inLanguage":"pt-BR","potentialAction":[{"@type":"CommentAction","name":"Comment","target":["https:\/\/jornalbeirario.com.br\/portal\/?p=27774#respond"]}]},{"@type":"WebPage","@id":"https:\/\/jornalbeirario.com.br\/portal\/?p=27774","url":"https:\/\/jornalbeirario.com.br\/portal\/?p=27774","name":"Caso de Pol\u00edcia - JORNAL BEIRA RIO","isPartOf":{"@id":"https:\/\/jornalbeirario.com.br\/portal\/#website"},"datePublished":"2015-01-30T09:23:04+00:00","breadcrumb":{"@id":"https:\/\/jornalbeirario.com.br\/portal\/?p=27774#breadcrumb"},"inLanguage":"pt-BR","potentialAction":[{"@type":"ReadAction","target":["https:\/\/jornalbeirario.com.br\/portal\/?p=27774"]}]},{"@type":"BreadcrumbList","@id":"https:\/\/jornalbeirario.com.br\/portal\/?p=27774#breadcrumb","itemListElement":[{"@type":"ListItem","position":1,"name":"Home","item":"https:\/\/jornalbeirario.com.br\/portal"},{"@type":"ListItem","position":2,"name":"Caso de Pol\u00edcia"}]},{"@type":"WebSite","@id":"https:\/\/jornalbeirario.com.br\/portal\/#website","url":"https:\/\/jornalbeirario.com.br\/portal\/","name":"JORNAL BEIRA RIO","description":"","publisher":{"@id":"https:\/\/jornalbeirario.com.br\/portal\/#organization"},"potentialAction":[{"@type":"SearchAction","target":{"@type":"EntryPoint","urlTemplate":"https:\/\/jornalbeirario.com.br\/portal\/?s={search_term_string}"},"query-input":{"@type":"PropertyValueSpecification","valueRequired":true,"valueName":"search_term_string"}}],"inLanguage":"pt-BR"},{"@type":"Organization","@id":"https:\/\/jornalbeirario.com.br\/portal\/#organization","name":"JORNAL BEIRA RIO","url":"https:\/\/jornalbeirario.com.br\/portal\/","logo":{"@type":"ImageObject","inLanguage":"pt-BR","@id":"https:\/\/jornalbeirario.com.br\/portal\/#\/schema\/logo\/image\/","url":"https:\/\/jornalbeirario.com.br\/portal\/wp-content\/uploads\/2017\/09\/BEIRA-RIO_logo600.png","contentUrl":"https:\/\/jornalbeirario.com.br\/portal\/wp-content\/uploads\/2017\/09\/BEIRA-RIO_logo600.png","width":650,"height":108,"caption":"JORNAL BEIRA RIO"},"image":{"@id":"https:\/\/jornalbeirario.com.br\/portal\/#\/schema\/logo\/image\/"}},{"@type":"Person","@id":"https:\/\/jornalbeirario.com.br\/portal\/#\/schema\/person\/c6c423e4c2465d2a9233f6539173e7c1","name":"Jornal BEIRA-RIO","image":{"@type":"ImageObject","inLanguage":"pt-BR","@id":"https:\/\/jornalbeirario.com.br\/portal\/wp-content\/uploads\/2023\/10\/logojbr1.jpg","url":"https:\/\/jornalbeirario.com.br\/portal\/wp-content\/uploads\/2023\/10\/logojbr1.jpg","contentUrl":"https:\/\/jornalbeirario.com.br\/portal\/wp-content\/uploads\/2023\/10\/logojbr1.jpg","caption":"Jornal BEIRA-RIO"},"url":"https:\/\/jornalbeirario.com.br\/portal\/?author=1"}]}},"_links":{"self":[{"href":"https:\/\/jornalbeirario.com.br\/portal\/index.php?rest_route=\/wp\/v2\/posts\/27774","targetHints":{"allow":["GET"]}}],"collection":[{"href":"https:\/\/jornalbeirario.com.br\/portal\/index.php?rest_route=\/wp\/v2\/posts"}],"about":[{"href":"https:\/\/jornalbeirario.com.br\/portal\/index.php?rest_route=\/wp\/v2\/types\/post"}],"author":[{"embeddable":true,"href":"https:\/\/jornalbeirario.com.br\/portal\/index.php?rest_route=\/wp\/v2\/users\/1"}],"replies":[{"embeddable":true,"href":"https:\/\/jornalbeirario.com.br\/portal\/index.php?rest_route=%2Fwp%2Fv2%2Fcomments&post=27774"}],"version-history":[{"count":3,"href":"https:\/\/jornalbeirario.com.br\/portal\/index.php?rest_route=\/wp\/v2\/posts\/27774\/revisions"}],"predecessor-version":[{"id":27777,"href":"https:\/\/jornalbeirario.com.br\/portal\/index.php?rest_route=\/wp\/v2\/posts\/27774\/revisions\/27777"}],"wp:attachment":[{"href":"https:\/\/jornalbeirario.com.br\/portal\/index.php?rest_route=%2Fwp%2Fv2%2Fmedia&parent=27774"}],"wp:term":[{"taxonomy":"category","embeddable":true,"href":"https:\/\/jornalbeirario.com.br\/portal\/index.php?rest_route=%2Fwp%2Fv2%2Fcategories&post=27774"},{"taxonomy":"post_tag","embeddable":true,"href":"https:\/\/jornalbeirario.com.br\/portal\/index.php?rest_route=%2Fwp%2Fv2%2Ftags&post=27774"}],"curies":[{"name":"wp","href":"https:\/\/api.w.org\/{rel}","templated":true}]}}