
{"id":27745,"date":"2015-01-30T09:33:08","date_gmt":"2015-01-30T09:33:08","guid":{"rendered":"http:\/\/jornalbeirario.com.br\/portal\/portal\/?p=27745"},"modified":"2015-01-30T09:33:08","modified_gmt":"2015-01-30T09:33:08","slug":"lais-amaral-81","status":"publish","type":"post","link":"https:\/\/jornalbeirario.com.br\/portal\/?p=27745","title":{"rendered":"La\u00eds Amaral"},"content":{"rendered":"<p style=\"text-align: justify;\"><strong>O Bar Atl\u00e2ntico est\u00e1 de volta: que bom !<\/strong><br \/>\nO Bar Atl\u00e2ntico, que foi ber\u00e7\u00e1rio de gera\u00e7\u00f5es de bo\u00eamios de Resende, e que esteve fechado por mais de duas d\u00e9cadas, foi reaberto ontem (quinta-feira), com presen\u00e7a da velha guarda bo\u00eamia da cidade. Para muitos foi como a retomada de um tempo que parecia encerrado. Que seja assim. Amanh\u00e3, dia 31, rola uma esp\u00e9cie de reabertura oficial com a participa\u00e7\u00e3o mais que ilustre do m\u00fasico Robertinho Silva, prestigiado percussionista e baterista da MPB e figura de destaque com o pessoal do Clube da Esquina, Milton Nascimento e outros. O Atl\u00e2ntico, como todo bar de estima\u00e7\u00e3o, tinha seu nome oficial e o apelido pelo qual os mais \u00edntimos o tratavam. Era o \u2018Bar da Dod\u00f4\u2019, ou simplesmente Dod\u00f4. Assim como o \u2018Trianon\u2019, no Para\u00edso, \u00e0s vezes \u00e9 o \u201cBen\u00e9\u201d, o \u2018Caminho de Casa\u2019 \u00e9 o \u201cCrioulo\u201d (na verdade Luis Oswaldo Neves), o \u2018Chega Mais\u2019 \u00e9 a \u201cdona Vera\u201d, o Ribamar \u00e9 o Ribamar mesmo e o Bar do C\u00e9rgio, que nem nome tem, \u00e9 o C\u00e9rgio (com \u2018C\u2019). Isso s\u00f3 para citar algumas dessas institui\u00e7\u00f5es fundamentais para o equil\u00edbrio da sociedade. O lend\u00e1rio \u2018Bar Atl\u00e2ntico\u2019, que como a Ph\u00eanix est\u00e1 a\u00ed de volta, ficou na mem\u00f3ria de frequentadores da noite, amantes da boa m\u00fasica, not\u00edvagos e etc por um tempo que parecia sem fim. Renasceu pelas m\u00e3os dos irm\u00e3os Ricardo e Rui Paiva. N\u00e3o ser\u00e1 o mesmo, porque a pra\u00e7a \u00e9 outra, Resende \u00e9 outra e os tempos s\u00e3o outros. Mas a vontade de viver, pr\u00f3pria dessa fauna, com certeza \u00e9 a mesma e isso basta. Todos v\u00e3o se sentir em casa e aprovar o astral do redivivo estabelecimento que na certa, com o tempo, ser\u00e1 o \u2018Ricardo\u2019, ou o \u2018Rui\u2019, ou&#8230; \u2018Dod\u00f4\u2019. N\u00e3o importa o nome. Sa\u00fade !! (tim-tim).<\/p>\n<p style=\"text-align: justify;\"><strong>S\u00e1bado: Sirizada do Crust\u00e1ceo, leitoada do Kibeleza e outras coisas mais<\/strong><br \/>\n\u00c9 amanh\u00e3, s\u00e1bado, dia 31, a tradicional Sirizada do Bloco Et\u00edlico Carnavalesco Crust\u00e1ceo da Mangua\u00e7a. No mesmo bate-local, o mesmo bate-papo. Camisas do bloco a venda, samba, muita intera\u00e7\u00e3o e siri, claro. Siri e caldo, e de gra\u00e7a como sempre. Apare\u00e7a: Pra\u00e7a da Bandeira (Trenzinho) em Campos El\u00edseos. As panelas chegam por volta das 13h30min. Mas a movimenta\u00e7\u00e3o em frente ao Bar da Rosa come\u00e7a j\u00e1 pela manh\u00e3. \u00c9 o \u2018esquenta\u2019 do Crust\u00e1ceo que no pr\u00f3ximo s\u00e1bado, dia 7, estar\u00e1 nas ruas, como faz h\u00e1 14 anos, sempre um s\u00e1bado antes do Carnaval. Tamb\u00e9m amanh\u00e3, o Bloco Carnavalesco Kibeleza faz a sua leitoada. Ser\u00e1 no Jardim Jalisco, dessa vez no \u2018Arena Gol\u2019, come\u00e7ando ao meio dia. No dia 7, al\u00e9m do Crust\u00e1ceo e do Kibeleza dever\u00e3o estar por a\u00ed o pessoal do Maracatu, da Jamile Whately, o \u2018Trem das Onze\u2019, do Para\u00edso e o novato \u201cVai quem Quer do Ipiranga\u201d. \u00c9 o Pr\u00e9-Carnaval de Resende crescendo a cada ano. PS: as camisetas do \u2018Crust\u00e1ceo\u2019 est\u00e3o sendo vendidas na MMM Embalagens, na Casa do Parafuso e no Bar da Rosa (na Pra\u00e7a da Bandeira, local da Sirizada).<\/p>\n<p style=\"text-align: justify;\"><strong>TRIPA<\/strong><br \/>\n* Come\u00e7a dia 2 e segue at\u00e9 27 de fevereiro no Museu da Imagem e do Som, na Casa da Cultura a exposi\u00e7\u00e3o \u201cMestres do Samba\u201d. \u00c9 o projeto Arte na Capa, que no m\u00eas do Carnaval escolheu o samba como tema. S\u00e3o 17 capas de artistas renomados que marcaram \u00e9poca e popularizaram o g\u00eanero musical. O material da exposi\u00e7\u00e3o faz parte do acervo do MIS e conta com discos de artistas do passado como Cartola, Roberto Silva entre outros, informou o Guilherme Rodrigues, diretor do MIS * 528 cadetes da AMAN foram informados, dia 26 passado, sobre os atrativos tur\u00edsticos de Resende. O Secret\u00e1rio de Turismo do munic\u00edpio Antonio Le\u00e3o fez uma apresenta\u00e7\u00e3o para os alunos do primeiro ano do curso de forma\u00e7\u00e3o de oficiais da Academia. O objetivo, segundo Le\u00e3o, foi dar boas vindas aos novos alunos e fazer uma breve apresenta\u00e7\u00e3o do Munic\u00edpio. Destaque para o Centro Hist\u00f3rico e as principais localidades rurais, como Engenheiro Passos, Fuma\u00e7a, Vargem Grande, Visconde de Mau\u00e1, Serrinha do Alambari e Capelinha * A \u2018Andorinha\u2019 Ive Seixas continua com o p\u00e9 na estrada. Desde o in\u00edcio de janeiro a menina anda zanzando pelo Rio e Niter\u00f3i, tocando em ruas, pra\u00e7as, feiras, praias e onde mais pintar. Al\u00e9m de tocar nos espa\u00e7os p\u00fablicos das cidades, Ive toca acompanhada pelo pessoal do Zebu em alguns shows. Um deles \u00e9 neste s\u00e1bado, dia 31, no Sobrado Boemia, na Pra\u00e7a S\u00e3o Salvador, no Rio. Mais informa\u00e7\u00f5es: www.facebook.com\/events\/1541371516118851 * Mudan\u00e7as na presid\u00eancia do Instituto Jos\u00e9 Pessoa (Conselho Municipal de Planejamento Estrat\u00e9gico e Assessoramento): sai Aluizio Balieiro e entra Rafael Fonseca. A primeira reuni\u00e3o do aconteceu na ter\u00e7a-feira, dia 27, na Academia Militar das Agulhas Negras. O Instituto Jos\u00e9 Pessoa tem como \u00e1reas de atua\u00e7\u00e3o turismo, servi\u00e7os, com\u00e9rcio, ind\u00fastria e rural, al\u00e9m de melhorias na presta\u00e7\u00e3o de servi\u00e7os. \u00c9 um \u00f3rg\u00e3o consultivo da administra\u00e7\u00e3o municipal * O mutir\u00e3o da dengue essa semana ser\u00e1 amanh\u00e3, dia 31, na Vila Julieta, pr\u00f3ximo ao Parque tobog\u00e3. Das 8 \u00e0s 13 horas.<\/p>\n<p style=\"text-align: justify;\"><strong>ANIVERS\u00c1RIOS<\/strong><br \/>\nDia 23 mudaram de idade o Caio Sampaio e a Marli Gomes. No dia 24 soprou velinhas a Marcely Bastos mas o presente veio antecipado, foi no dia 20, quando nasceu o garot\u00e3o Artur. Parab\u00e9ns duplo a ela e ao Edson. Dia 25 inauguraram idade nova a Cristina Rosadas, a Dora Medeiros, a Liliana Delfino (a Cidinha) e a K\u00e1tia Antonelli. Dia 26 ficaram mais experientes os amigos Afr\u00e2nio Machado e Z\u00e9 Maria Rabello. No dia 28 contaram mais um ano de vida o Henrique Fernandes, a Mayra Cristina e o Carlos Eduardo (Dudu). E nessa quinta, dia 29, recebeu os \u2018parab\u00e9ns\u2019 o Jo\u00e3o Saboia, que \u00e9 quem melhor me fotografa na cidade. Parab\u00e9ns e todas as felicidades do mundo a essa turma boa.<\/p>\n","protected":false},"excerpt":{"rendered":"<p>O Bar Atl\u00e2ntico est\u00e1 de volta: que bom ! O Bar Atl\u00e2ntico, que foi ber\u00e7\u00e1rio de gera\u00e7\u00f5es de bo\u00eamios de Resende, e que esteve<\/p>\n","protected":false},"author":1,"featured_media":0,"comment_status":"open","ping_status":"open","sticky":false,"template":"","format":"standard","meta":{"pmpro_default_level":"","footnotes":""},"categories":[13],"tags":[],"class_list":["post-27745","post","type-post","status-publish","format-standard","hentry","category-social","pmpro-has-access"],"yoast_head":"<!-- This site is optimized with the Yoast SEO plugin v27.4 - https:\/\/yoast.com\/product\/yoast-seo-wordpress\/ -->\n<title>La\u00eds Amaral - JORNAL BEIRA RIO<\/title>\n<meta name=\"robots\" content=\"index, follow, max-snippet:-1, max-image-preview:large, max-video-preview:-1\" \/>\n<link rel=\"canonical\" href=\"https:\/\/jornalbeirario.com.br\/portal\/?p=27745\" \/>\n<meta property=\"og:locale\" content=\"pt_BR\" \/>\n<meta property=\"og:type\" content=\"article\" \/>\n<meta property=\"og:title\" content=\"La\u00eds Amaral - JORNAL BEIRA RIO\" \/>\n<meta property=\"og:description\" content=\"O Bar Atl\u00e2ntico est\u00e1 de volta: que bom ! O Bar Atl\u00e2ntico, que foi ber\u00e7\u00e1rio de gera\u00e7\u00f5es de bo\u00eamios de Resende, e que esteve\" \/>\n<meta property=\"og:url\" content=\"https:\/\/jornalbeirario.com.br\/portal\/?p=27745\" \/>\n<meta property=\"og:site_name\" content=\"JORNAL BEIRA RIO\" \/>\n<meta property=\"article:published_time\" content=\"2015-01-30T09:33:08+00:00\" \/>\n<meta name=\"author\" content=\"Jornal BEIRA-RIO\" \/>\n<meta name=\"twitter:card\" content=\"summary_large_image\" \/>\n<meta name=\"twitter:label1\" content=\"Escrito por\" \/>\n\t<meta name=\"twitter:data1\" content=\"Jornal BEIRA-RIO\" \/>\n\t<meta name=\"twitter:label2\" content=\"Est. tempo de leitura\" \/>\n\t<meta name=\"twitter:data2\" content=\"5 minutos\" \/>\n<script type=\"application\/ld+json\" class=\"yoast-schema-graph\">{\"@context\":\"https:\\\/\\\/schema.org\",\"@graph\":[{\"@type\":\"Article\",\"@id\":\"https:\\\/\\\/jornalbeirario.com.br\\\/portal\\\/?p=27745#article\",\"isPartOf\":{\"@id\":\"https:\\\/\\\/jornalbeirario.com.br\\\/portal\\\/?p=27745\"},\"author\":{\"name\":\"Jornal BEIRA-RIO\",\"@id\":\"https:\\\/\\\/jornalbeirario.com.br\\\/portal\\\/#\\\/schema\\\/person\\\/c6c423e4c2465d2a9233f6539173e7c1\"},\"headline\":\"La\u00eds Amaral\",\"datePublished\":\"2015-01-30T09:33:08+00:00\",\"mainEntityOfPage\":{\"@id\":\"https:\\\/\\\/jornalbeirario.com.br\\\/portal\\\/?p=27745\"},\"wordCount\":1025,\"commentCount\":0,\"publisher\":{\"@id\":\"https:\\\/\\\/jornalbeirario.com.br\\\/portal\\\/#organization\"},\"articleSection\":[\"Social\"],\"inLanguage\":\"pt-BR\",\"potentialAction\":[{\"@type\":\"CommentAction\",\"name\":\"Comment\",\"target\":[\"https:\\\/\\\/jornalbeirario.com.br\\\/portal\\\/?p=27745#respond\"]}]},{\"@type\":\"WebPage\",\"@id\":\"https:\\\/\\\/jornalbeirario.com.br\\\/portal\\\/?p=27745\",\"url\":\"https:\\\/\\\/jornalbeirario.com.br\\\/portal\\\/?p=27745\",\"name\":\"La\u00eds Amaral - JORNAL BEIRA RIO\",\"isPartOf\":{\"@id\":\"https:\\\/\\\/jornalbeirario.com.br\\\/portal\\\/#website\"},\"datePublished\":\"2015-01-30T09:33:08+00:00\",\"breadcrumb\":{\"@id\":\"https:\\\/\\\/jornalbeirario.com.br\\\/portal\\\/?p=27745#breadcrumb\"},\"inLanguage\":\"pt-BR\",\"potentialAction\":[{\"@type\":\"ReadAction\",\"target\":[\"https:\\\/\\\/jornalbeirario.com.br\\\/portal\\\/?p=27745\"]}]},{\"@type\":\"BreadcrumbList\",\"@id\":\"https:\\\/\\\/jornalbeirario.com.br\\\/portal\\\/?p=27745#breadcrumb\",\"itemListElement\":[{\"@type\":\"ListItem\",\"position\":1,\"name\":\"Home\",\"item\":\"https:\\\/\\\/jornalbeirario.com.br\\\/portal\"},{\"@type\":\"ListItem\",\"position\":2,\"name\":\"La\u00eds Amaral\"}]},{\"@type\":\"WebSite\",\"@id\":\"https:\\\/\\\/jornalbeirario.com.br\\\/portal\\\/#website\",\"url\":\"https:\\\/\\\/jornalbeirario.com.br\\\/portal\\\/\",\"name\":\"JORNAL BEIRA RIO\",\"description\":\"\",\"publisher\":{\"@id\":\"https:\\\/\\\/jornalbeirario.com.br\\\/portal\\\/#organization\"},\"potentialAction\":[{\"@type\":\"SearchAction\",\"target\":{\"@type\":\"EntryPoint\",\"urlTemplate\":\"https:\\\/\\\/jornalbeirario.com.br\\\/portal\\\/?s={search_term_string}\"},\"query-input\":{\"@type\":\"PropertyValueSpecification\",\"valueRequired\":true,\"valueName\":\"search_term_string\"}}],\"inLanguage\":\"pt-BR\"},{\"@type\":\"Organization\",\"@id\":\"https:\\\/\\\/jornalbeirario.com.br\\\/portal\\\/#organization\",\"name\":\"JORNAL BEIRA RIO\",\"url\":\"https:\\\/\\\/jornalbeirario.com.br\\\/portal\\\/\",\"logo\":{\"@type\":\"ImageObject\",\"inLanguage\":\"pt-BR\",\"@id\":\"https:\\\/\\\/jornalbeirario.com.br\\\/portal\\\/#\\\/schema\\\/logo\\\/image\\\/\",\"url\":\"https:\\\/\\\/jornalbeirario.com.br\\\/portal\\\/wp-content\\\/uploads\\\/2017\\\/09\\\/BEIRA-RIO_logo600.png\",\"contentUrl\":\"https:\\\/\\\/jornalbeirario.com.br\\\/portal\\\/wp-content\\\/uploads\\\/2017\\\/09\\\/BEIRA-RIO_logo600.png\",\"width\":650,\"height\":108,\"caption\":\"JORNAL BEIRA RIO\"},\"image\":{\"@id\":\"https:\\\/\\\/jornalbeirario.com.br\\\/portal\\\/#\\\/schema\\\/logo\\\/image\\\/\"}},{\"@type\":\"Person\",\"@id\":\"https:\\\/\\\/jornalbeirario.com.br\\\/portal\\\/#\\\/schema\\\/person\\\/c6c423e4c2465d2a9233f6539173e7c1\",\"name\":\"Jornal BEIRA-RIO\",\"image\":{\"@type\":\"ImageObject\",\"inLanguage\":\"pt-BR\",\"@id\":\"https:\\\/\\\/jornalbeirario.com.br\\\/portal\\\/wp-content\\\/uploads\\\/2023\\\/10\\\/logojbr1.jpg\",\"url\":\"https:\\\/\\\/jornalbeirario.com.br\\\/portal\\\/wp-content\\\/uploads\\\/2023\\\/10\\\/logojbr1.jpg\",\"contentUrl\":\"https:\\\/\\\/jornalbeirario.com.br\\\/portal\\\/wp-content\\\/uploads\\\/2023\\\/10\\\/logojbr1.jpg\",\"caption\":\"Jornal BEIRA-RIO\"},\"url\":\"https:\\\/\\\/jornalbeirario.com.br\\\/portal\\\/?author=1\"}]}<\/script>\n<!-- \/ Yoast SEO plugin. -->","yoast_head_json":{"title":"La\u00eds Amaral - JORNAL BEIRA RIO","robots":{"index":"index","follow":"follow","max-snippet":"max-snippet:-1","max-image-preview":"max-image-preview:large","max-video-preview":"max-video-preview:-1"},"canonical":"https:\/\/jornalbeirario.com.br\/portal\/?p=27745","og_locale":"pt_BR","og_type":"article","og_title":"La\u00eds Amaral - JORNAL BEIRA RIO","og_description":"O Bar Atl\u00e2ntico est\u00e1 de volta: que bom ! O Bar Atl\u00e2ntico, que foi ber\u00e7\u00e1rio de gera\u00e7\u00f5es de bo\u00eamios de Resende, e que esteve","og_url":"https:\/\/jornalbeirario.com.br\/portal\/?p=27745","og_site_name":"JORNAL BEIRA RIO","article_published_time":"2015-01-30T09:33:08+00:00","author":"Jornal BEIRA-RIO","twitter_card":"summary_large_image","twitter_misc":{"Escrito por":"Jornal BEIRA-RIO","Est. tempo de leitura":"5 minutos"},"schema":{"@context":"https:\/\/schema.org","@graph":[{"@type":"Article","@id":"https:\/\/jornalbeirario.com.br\/portal\/?p=27745#article","isPartOf":{"@id":"https:\/\/jornalbeirario.com.br\/portal\/?p=27745"},"author":{"name":"Jornal BEIRA-RIO","@id":"https:\/\/jornalbeirario.com.br\/portal\/#\/schema\/person\/c6c423e4c2465d2a9233f6539173e7c1"},"headline":"La\u00eds Amaral","datePublished":"2015-01-30T09:33:08+00:00","mainEntityOfPage":{"@id":"https:\/\/jornalbeirario.com.br\/portal\/?p=27745"},"wordCount":1025,"commentCount":0,"publisher":{"@id":"https:\/\/jornalbeirario.com.br\/portal\/#organization"},"articleSection":["Social"],"inLanguage":"pt-BR","potentialAction":[{"@type":"CommentAction","name":"Comment","target":["https:\/\/jornalbeirario.com.br\/portal\/?p=27745#respond"]}]},{"@type":"WebPage","@id":"https:\/\/jornalbeirario.com.br\/portal\/?p=27745","url":"https:\/\/jornalbeirario.com.br\/portal\/?p=27745","name":"La\u00eds Amaral - JORNAL BEIRA RIO","isPartOf":{"@id":"https:\/\/jornalbeirario.com.br\/portal\/#website"},"datePublished":"2015-01-30T09:33:08+00:00","breadcrumb":{"@id":"https:\/\/jornalbeirario.com.br\/portal\/?p=27745#breadcrumb"},"inLanguage":"pt-BR","potentialAction":[{"@type":"ReadAction","target":["https:\/\/jornalbeirario.com.br\/portal\/?p=27745"]}]},{"@type":"BreadcrumbList","@id":"https:\/\/jornalbeirario.com.br\/portal\/?p=27745#breadcrumb","itemListElement":[{"@type":"ListItem","position":1,"name":"Home","item":"https:\/\/jornalbeirario.com.br\/portal"},{"@type":"ListItem","position":2,"name":"La\u00eds Amaral"}]},{"@type":"WebSite","@id":"https:\/\/jornalbeirario.com.br\/portal\/#website","url":"https:\/\/jornalbeirario.com.br\/portal\/","name":"JORNAL BEIRA RIO","description":"","publisher":{"@id":"https:\/\/jornalbeirario.com.br\/portal\/#organization"},"potentialAction":[{"@type":"SearchAction","target":{"@type":"EntryPoint","urlTemplate":"https:\/\/jornalbeirario.com.br\/portal\/?s={search_term_string}"},"query-input":{"@type":"PropertyValueSpecification","valueRequired":true,"valueName":"search_term_string"}}],"inLanguage":"pt-BR"},{"@type":"Organization","@id":"https:\/\/jornalbeirario.com.br\/portal\/#organization","name":"JORNAL BEIRA RIO","url":"https:\/\/jornalbeirario.com.br\/portal\/","logo":{"@type":"ImageObject","inLanguage":"pt-BR","@id":"https:\/\/jornalbeirario.com.br\/portal\/#\/schema\/logo\/image\/","url":"https:\/\/jornalbeirario.com.br\/portal\/wp-content\/uploads\/2017\/09\/BEIRA-RIO_logo600.png","contentUrl":"https:\/\/jornalbeirario.com.br\/portal\/wp-content\/uploads\/2017\/09\/BEIRA-RIO_logo600.png","width":650,"height":108,"caption":"JORNAL BEIRA RIO"},"image":{"@id":"https:\/\/jornalbeirario.com.br\/portal\/#\/schema\/logo\/image\/"}},{"@type":"Person","@id":"https:\/\/jornalbeirario.com.br\/portal\/#\/schema\/person\/c6c423e4c2465d2a9233f6539173e7c1","name":"Jornal BEIRA-RIO","image":{"@type":"ImageObject","inLanguage":"pt-BR","@id":"https:\/\/jornalbeirario.com.br\/portal\/wp-content\/uploads\/2023\/10\/logojbr1.jpg","url":"https:\/\/jornalbeirario.com.br\/portal\/wp-content\/uploads\/2023\/10\/logojbr1.jpg","contentUrl":"https:\/\/jornalbeirario.com.br\/portal\/wp-content\/uploads\/2023\/10\/logojbr1.jpg","caption":"Jornal BEIRA-RIO"},"url":"https:\/\/jornalbeirario.com.br\/portal\/?author=1"}]}},"_links":{"self":[{"href":"https:\/\/jornalbeirario.com.br\/portal\/index.php?rest_route=\/wp\/v2\/posts\/27745","targetHints":{"allow":["GET"]}}],"collection":[{"href":"https:\/\/jornalbeirario.com.br\/portal\/index.php?rest_route=\/wp\/v2\/posts"}],"about":[{"href":"https:\/\/jornalbeirario.com.br\/portal\/index.php?rest_route=\/wp\/v2\/types\/post"}],"author":[{"embeddable":true,"href":"https:\/\/jornalbeirario.com.br\/portal\/index.php?rest_route=\/wp\/v2\/users\/1"}],"replies":[{"embeddable":true,"href":"https:\/\/jornalbeirario.com.br\/portal\/index.php?rest_route=%2Fwp%2Fv2%2Fcomments&post=27745"}],"version-history":[{"count":3,"href":"https:\/\/jornalbeirario.com.br\/portal\/index.php?rest_route=\/wp\/v2\/posts\/27745\/revisions"}],"predecessor-version":[{"id":27781,"href":"https:\/\/jornalbeirario.com.br\/portal\/index.php?rest_route=\/wp\/v2\/posts\/27745\/revisions\/27781"}],"wp:attachment":[{"href":"https:\/\/jornalbeirario.com.br\/portal\/index.php?rest_route=%2Fwp%2Fv2%2Fmedia&parent=27745"}],"wp:term":[{"taxonomy":"category","embeddable":true,"href":"https:\/\/jornalbeirario.com.br\/portal\/index.php?rest_route=%2Fwp%2Fv2%2Fcategories&post=27745"},{"taxonomy":"post_tag","embeddable":true,"href":"https:\/\/jornalbeirario.com.br\/portal\/index.php?rest_route=%2Fwp%2Fv2%2Ftags&post=27745"}],"curies":[{"name":"wp","href":"https:\/\/api.w.org\/{rel}","templated":true}]}}