
{"id":27393,"date":"2015-01-16T09:36:57","date_gmt":"2015-01-16T09:36:57","guid":{"rendered":"http:\/\/jornalbeirario.com.br\/portal\/portal\/?p=27393"},"modified":"2015-01-16T09:36:57","modified_gmt":"2015-01-16T09:36:57","slug":"lais-amaral-79","status":"publish","type":"post","link":"https:\/\/jornalbeirario.com.br\/portal\/?p=27393","title":{"rendered":"La\u00eds Amaral"},"content":{"rendered":"<p style=\"text-align: justify;\"><strong>A festa est\u00e1 no DNA dos Capricornianos<\/strong><br \/>\nH\u00e1 pelo menos uns sete meses eu sofro com uma tendinite que causa desconforto (como \u00e9 moda dizer atualmente no meio futebol\u00edstico) no ombro esquerdo. Fiz ultrassonografia que detectou uma ruptura em andamento num dos m\u00fasculos que comp\u00f5em o manguito, ou coisa parecida. Depois fiz exame de sangue e urina para verificar se o mal poderia, al\u00e9m da tendinite, ter alguma liga\u00e7\u00e3o com problemas reumatol\u00f3gicos, excesso de \u00e1cido \u00farico ou sabe-se l\u00e1, que outro tipo de dano. A motiva\u00e7\u00e3o para falar de algo t\u00e3o pessoal, que n\u00e3o interessa a nenhum leitor, s\u00f3 pode ter sido desencadeada pela observa\u00e7\u00e3o pseudo-humorada de uma colega de trabalho: &#8220;isso tem a ver com o DNA&#8221;. A sigla, na vers\u00e3o zombaria, n\u00e3o tem nada a ver com o \u00e1cido intimamente ligado \u00e0s nossas origens, hereditariedades e outros quejandos. Perdeu import\u00e2ncia sendo transformada na depauperada: Data de Nascimento Avan\u00e7ada. &#8216;Pode ser&#8217;, refleti em sil\u00eancio aceitando a goza\u00e7\u00e3o. Fiquei mais experiente h\u00e1 cerca de quinze dias, lembrei. E da\u00ed o pensamento voou a especular sobre o peso da comemora\u00e7\u00e3o do anivers\u00e1rio ao longo da vida. Quando se \u00e9 crian\u00e7a a data \u00e9 mais que aguardada. Para o jovem \u00e9 mais um motivo para excessos. Na fase adulta h\u00e1 quem n\u00e3o curta mais comemorar (festejar por estar ficando mais velho ? t\u00f4 fora !). Quando ficamos &#8216;maduros&#8217; voltamos a querer festejar, mesmo que por vezes, comedidamente. Mais para estar entre amigos, gente querida etc, etc. Dia desses num r\u00e1pido bate-papo com Miguelzinho, que \u00e9 colunista social, cantor, festeiro e que faz anivers\u00e1rio, neste domingo, dia 18, ele lembrou a festa dos Capricornianos, que acontecia em algum bar no m\u00eas de janeiro. Miguel ficou animado e pensa retomar com esse tipo de evento no Bar Atl\u00e2ntico, que est\u00e1 para ser reaberto. Semana passada a Ivone Rocha, que aniversariou dia desses, falou da festa com saudade. Em Resende h\u00e1 Capricornianos e Janu\u00e1rios que curtem bem um au\u00ea. Tomara que a turma se anime e retorne com a comemora\u00e7\u00e3o. \u00c9 mais um motivo pra se juntar. &#8220;Coisa de DNA&#8221;, diria minha colega, que est\u00e1 na fase de esquecer a data do anivers\u00e1rio.<\/p>\n<p style=\"text-align: justify;\"><strong>Sou humanista, pacifista, mas n\u00e3o sou Charlie!<\/strong><br \/>\nE 2015 come\u00e7ou quente. Metaforica e literalmente falando. A regi\u00e3o com 36 graus &#8230;!!! Deve ter morador de Penedo com saudades dos ver\u00f5es escaldantes de Helsinki. Mas a quentura maior parece mesmo a ocorrida no inverno europeu, em Paris. A matan\u00e7a de jornalistas, seja por mercen\u00e1rios, seja por quem quer que seja e pelo \u201cmotivo\u201d que for, deve ser repudiada, sempre. Assim como n\u00e3o vamos concordar que a mulher que sai \u00e0 rua de shortinho abusado ou de minissaia exagerada e provocante, justifique o estupro. Assim como deve ser repudiada, com igual indigna\u00e7\u00e3o, a invas\u00e3o de pa\u00edses e a morte de inocentes a pretexto de desmobilizar armas de destrui\u00e7\u00e3o em massa que nunca existiram. Ou a morte de crian\u00e7as e mulheres desarmadas em Gaza, ou a indiferen\u00e7a sobre os massacres em alguns pa\u00edses africanos. Repudio a a\u00e7\u00e3o terrorista e lamento a morte do pessoal, mas \u2018Eu n\u00e3o sou Charlie\u2019. N\u00e3o entro nesse coro sobre um acontecimento complexo, que est\u00e1 sendo vendido de forma simplista, como fosse uma camisa de time de futebol: \u201cvista a sua e entre em campo contra esses diferentes !\u201d. Quando vejo o Willian Waak naquele seu jeit\u00e3o f\u00fanebre de Nosferatu com dor de dente, quase chegar ao orgasmo ao dizer que \u201co mundo multipolar \u00e9 muito perigoso\u201d, creio que estou com minha cautela no lugar certo. O tempo e o of\u00edcio me fizeram aprender a ler. Literal e metaforicamente falando.<\/p>\n<p style=\"text-align: justify;\"><strong>TRIPA<\/strong><br \/>\n* Ontem (dia 16 janeiro) seria anivers\u00e1rio de Jorge Goulart. Grande nome da MPB e marca registrada nas marchinhas de Carnaval, Goulart foi homenageado em Resende no Carnaval de 2012. A iniciativa foi do Rancho Chuveiro de Prata, e a avenida cantou o Hino a Resende, ele que era ent\u00e3o o int\u00e9rprete da \u00faltima grava\u00e7\u00e3o. E Jorge se emocionou vendo o p\u00fablico cantar seus sucessos. No m\u00eas seguinte ele morreria, no Rio de Janeiro, sua cidade natal. Resende fez a \u00faltima homenagem ao artista * S\u00e1bado passado o calor esteve bem acima do apontavam os term\u00f4metros em Campos El\u00edseos. Na Pra\u00e7a da Bandeira, reduto crustaceano, Silv\u00e3o e seu grupo Samba Show, incendiaram o peda\u00e7o com muito samba bom. Silv\u00e3o, Fl\u00e1vio do Pandeiro, Ti\u00e3o Montanha, Doming\u00e3o, Jorge do Farofa e mais uma fileira de bambas trouxeram para Campos El\u00edseos o clima de Carnaval. E vai ter mais * Inclusive na Sirizada do Crust\u00e1ceos, dia 31 de janeiro, Silv\u00e3o e sua gente estar\u00e1 animando a festa * A Dengue n\u00e3o \u00e9 brincadeira. Se cada um fizer um pouco, a guerra contra esse mosquito ser\u00e1 vencida. Pressionar as autoridades sempre, mas sem perder de vista o dever de cada um como cidad\u00e3o, de estar presente na luta * Eu que sou apaixonado por Outono e Inverno, estou vivendo dias horr\u00edveis. D\u00e1 pra imaginar, n\u00e3o d\u00e1 ? Ainda bem que nessa \u00e9poca do ano tem Carnaval, a festa popular com a qual mais me identifico. Ainda, bem Ufa !! * Neste domingo o governador Luiz Fernando Pez\u00e3o estar\u00e1 mais uma vez em Resende. Agora para entregar obras de infraestrutura da estrada RJ-151 trecho Visconde de Mau\u00e1-Campo Alegre * Jeferson renovou com o Fog\u00e3o, Na\u00e7\u00e3o Alvinegra. E vamos estreiar no Carioca no Engenh\u00e3o. Beleza minha gente ! Tem euforia demais nisso ? Deixa pra l\u00e1.<\/p>\n<p style=\"text-align: justify;\"><strong>ANIVERS\u00c1RIOS<\/strong><br \/>\nDia 8 ficaram mais experientes: Silvano Junqueira, o \u2018boca limpa\u2019, o Ricardo Fuma\u00e7a, a Marizete Santos, o Adriano Lizarelli e a Ivone Rocha. Dia 9 mudou de idade dona Munira Arbache. No dia 10 foi a vez da Thuca Oliveira, do Sandro Dejota e do Aubrey Ramessar, inaugurarem idade nova. Dia 11 o m\u00fasico Marcus Vin\u00edcius contou mais um ano de vida. Dia 12 a minha amiga Carla Troina soprou velinhas. No dia 13 o vasca\u00edno, Edson Feliciano aniversariou. No dia 14 receberam os parab\u00e9ns o pintor Jorge Vieira, o Jos\u00e9 Gr\u00e9gio e o Cl\u00e1udio Cotia e nessa quinta, dia 15, colhe mais uma flor no jardim da exist\u00eancia a Nice Pinheiro, &#8220;o espet\u00e1culo&#8221;. Parab\u00e9ns e todas as felicidades do mundo a eles.<\/p>\n","protected":false},"excerpt":{"rendered":"<p>A festa est\u00e1 no DNA dos Capricornianos H\u00e1 pelo menos uns sete meses eu sofro com uma tendinite que causa desconforto (como \u00e9 moda<\/p>\n","protected":false},"author":1,"featured_media":0,"comment_status":"open","ping_status":"open","sticky":false,"template":"","format":"standard","meta":{"pmpro_default_level":"","footnotes":""},"categories":[13],"tags":[],"class_list":["post-27393","post","type-post","status-publish","format-standard","hentry","category-social","pmpro-has-access"],"yoast_head":"<!-- This site is optimized with the Yoast SEO plugin v27.4 - https:\/\/yoast.com\/product\/yoast-seo-wordpress\/ -->\n<title>La\u00eds Amaral - JORNAL BEIRA RIO<\/title>\n<meta name=\"robots\" content=\"index, follow, max-snippet:-1, max-image-preview:large, max-video-preview:-1\" \/>\n<link rel=\"canonical\" href=\"https:\/\/jornalbeirario.com.br\/portal\/?p=27393\" \/>\n<meta property=\"og:locale\" content=\"pt_BR\" \/>\n<meta property=\"og:type\" content=\"article\" \/>\n<meta property=\"og:title\" content=\"La\u00eds Amaral - JORNAL BEIRA RIO\" \/>\n<meta property=\"og:description\" content=\"A festa est\u00e1 no DNA dos Capricornianos H\u00e1 pelo menos uns sete meses eu sofro com uma tendinite que causa desconforto (como \u00e9 moda\" \/>\n<meta property=\"og:url\" content=\"https:\/\/jornalbeirario.com.br\/portal\/?p=27393\" \/>\n<meta property=\"og:site_name\" content=\"JORNAL BEIRA RIO\" \/>\n<meta property=\"article:published_time\" content=\"2015-01-16T09:36:57+00:00\" \/>\n<meta name=\"author\" content=\"Jornal BEIRA-RIO\" \/>\n<meta name=\"twitter:card\" content=\"summary_large_image\" \/>\n<meta name=\"twitter:label1\" content=\"Escrito por\" \/>\n\t<meta name=\"twitter:data1\" content=\"Jornal BEIRA-RIO\" \/>\n\t<meta name=\"twitter:label2\" content=\"Est. tempo de leitura\" \/>\n\t<meta name=\"twitter:data2\" content=\"5 minutos\" \/>\n<script type=\"application\/ld+json\" class=\"yoast-schema-graph\">{\"@context\":\"https:\\\/\\\/schema.org\",\"@graph\":[{\"@type\":\"Article\",\"@id\":\"https:\\\/\\\/jornalbeirario.com.br\\\/portal\\\/?p=27393#article\",\"isPartOf\":{\"@id\":\"https:\\\/\\\/jornalbeirario.com.br\\\/portal\\\/?p=27393\"},\"author\":{\"name\":\"Jornal BEIRA-RIO\",\"@id\":\"https:\\\/\\\/jornalbeirario.com.br\\\/portal\\\/#\\\/schema\\\/person\\\/c6c423e4c2465d2a9233f6539173e7c1\"},\"headline\":\"La\u00eds Amaral\",\"datePublished\":\"2015-01-16T09:36:57+00:00\",\"mainEntityOfPage\":{\"@id\":\"https:\\\/\\\/jornalbeirario.com.br\\\/portal\\\/?p=27393\"},\"wordCount\":1075,\"commentCount\":0,\"publisher\":{\"@id\":\"https:\\\/\\\/jornalbeirario.com.br\\\/portal\\\/#organization\"},\"articleSection\":[\"Social\"],\"inLanguage\":\"pt-BR\",\"potentialAction\":[{\"@type\":\"CommentAction\",\"name\":\"Comment\",\"target\":[\"https:\\\/\\\/jornalbeirario.com.br\\\/portal\\\/?p=27393#respond\"]}]},{\"@type\":\"WebPage\",\"@id\":\"https:\\\/\\\/jornalbeirario.com.br\\\/portal\\\/?p=27393\",\"url\":\"https:\\\/\\\/jornalbeirario.com.br\\\/portal\\\/?p=27393\",\"name\":\"La\u00eds Amaral - JORNAL BEIRA RIO\",\"isPartOf\":{\"@id\":\"https:\\\/\\\/jornalbeirario.com.br\\\/portal\\\/#website\"},\"datePublished\":\"2015-01-16T09:36:57+00:00\",\"breadcrumb\":{\"@id\":\"https:\\\/\\\/jornalbeirario.com.br\\\/portal\\\/?p=27393#breadcrumb\"},\"inLanguage\":\"pt-BR\",\"potentialAction\":[{\"@type\":\"ReadAction\",\"target\":[\"https:\\\/\\\/jornalbeirario.com.br\\\/portal\\\/?p=27393\"]}]},{\"@type\":\"BreadcrumbList\",\"@id\":\"https:\\\/\\\/jornalbeirario.com.br\\\/portal\\\/?p=27393#breadcrumb\",\"itemListElement\":[{\"@type\":\"ListItem\",\"position\":1,\"name\":\"Home\",\"item\":\"https:\\\/\\\/jornalbeirario.com.br\\\/portal\"},{\"@type\":\"ListItem\",\"position\":2,\"name\":\"La\u00eds Amaral\"}]},{\"@type\":\"WebSite\",\"@id\":\"https:\\\/\\\/jornalbeirario.com.br\\\/portal\\\/#website\",\"url\":\"https:\\\/\\\/jornalbeirario.com.br\\\/portal\\\/\",\"name\":\"JORNAL BEIRA RIO\",\"description\":\"\",\"publisher\":{\"@id\":\"https:\\\/\\\/jornalbeirario.com.br\\\/portal\\\/#organization\"},\"potentialAction\":[{\"@type\":\"SearchAction\",\"target\":{\"@type\":\"EntryPoint\",\"urlTemplate\":\"https:\\\/\\\/jornalbeirario.com.br\\\/portal\\\/?s={search_term_string}\"},\"query-input\":{\"@type\":\"PropertyValueSpecification\",\"valueRequired\":true,\"valueName\":\"search_term_string\"}}],\"inLanguage\":\"pt-BR\"},{\"@type\":\"Organization\",\"@id\":\"https:\\\/\\\/jornalbeirario.com.br\\\/portal\\\/#organization\",\"name\":\"JORNAL BEIRA RIO\",\"url\":\"https:\\\/\\\/jornalbeirario.com.br\\\/portal\\\/\",\"logo\":{\"@type\":\"ImageObject\",\"inLanguage\":\"pt-BR\",\"@id\":\"https:\\\/\\\/jornalbeirario.com.br\\\/portal\\\/#\\\/schema\\\/logo\\\/image\\\/\",\"url\":\"https:\\\/\\\/jornalbeirario.com.br\\\/portal\\\/wp-content\\\/uploads\\\/2017\\\/09\\\/BEIRA-RIO_logo600.png\",\"contentUrl\":\"https:\\\/\\\/jornalbeirario.com.br\\\/portal\\\/wp-content\\\/uploads\\\/2017\\\/09\\\/BEIRA-RIO_logo600.png\",\"width\":650,\"height\":108,\"caption\":\"JORNAL BEIRA RIO\"},\"image\":{\"@id\":\"https:\\\/\\\/jornalbeirario.com.br\\\/portal\\\/#\\\/schema\\\/logo\\\/image\\\/\"}},{\"@type\":\"Person\",\"@id\":\"https:\\\/\\\/jornalbeirario.com.br\\\/portal\\\/#\\\/schema\\\/person\\\/c6c423e4c2465d2a9233f6539173e7c1\",\"name\":\"Jornal BEIRA-RIO\",\"image\":{\"@type\":\"ImageObject\",\"inLanguage\":\"pt-BR\",\"@id\":\"https:\\\/\\\/jornalbeirario.com.br\\\/portal\\\/wp-content\\\/uploads\\\/2023\\\/10\\\/logojbr1.jpg\",\"url\":\"https:\\\/\\\/jornalbeirario.com.br\\\/portal\\\/wp-content\\\/uploads\\\/2023\\\/10\\\/logojbr1.jpg\",\"contentUrl\":\"https:\\\/\\\/jornalbeirario.com.br\\\/portal\\\/wp-content\\\/uploads\\\/2023\\\/10\\\/logojbr1.jpg\",\"caption\":\"Jornal BEIRA-RIO\"},\"url\":\"https:\\\/\\\/jornalbeirario.com.br\\\/portal\\\/?author=1\"}]}<\/script>\n<!-- \/ Yoast SEO plugin. -->","yoast_head_json":{"title":"La\u00eds Amaral - JORNAL BEIRA RIO","robots":{"index":"index","follow":"follow","max-snippet":"max-snippet:-1","max-image-preview":"max-image-preview:large","max-video-preview":"max-video-preview:-1"},"canonical":"https:\/\/jornalbeirario.com.br\/portal\/?p=27393","og_locale":"pt_BR","og_type":"article","og_title":"La\u00eds Amaral - JORNAL BEIRA RIO","og_description":"A festa est\u00e1 no DNA dos Capricornianos H\u00e1 pelo menos uns sete meses eu sofro com uma tendinite que causa desconforto (como \u00e9 moda","og_url":"https:\/\/jornalbeirario.com.br\/portal\/?p=27393","og_site_name":"JORNAL BEIRA RIO","article_published_time":"2015-01-16T09:36:57+00:00","author":"Jornal BEIRA-RIO","twitter_card":"summary_large_image","twitter_misc":{"Escrito por":"Jornal BEIRA-RIO","Est. tempo de leitura":"5 minutos"},"schema":{"@context":"https:\/\/schema.org","@graph":[{"@type":"Article","@id":"https:\/\/jornalbeirario.com.br\/portal\/?p=27393#article","isPartOf":{"@id":"https:\/\/jornalbeirario.com.br\/portal\/?p=27393"},"author":{"name":"Jornal BEIRA-RIO","@id":"https:\/\/jornalbeirario.com.br\/portal\/#\/schema\/person\/c6c423e4c2465d2a9233f6539173e7c1"},"headline":"La\u00eds Amaral","datePublished":"2015-01-16T09:36:57+00:00","mainEntityOfPage":{"@id":"https:\/\/jornalbeirario.com.br\/portal\/?p=27393"},"wordCount":1075,"commentCount":0,"publisher":{"@id":"https:\/\/jornalbeirario.com.br\/portal\/#organization"},"articleSection":["Social"],"inLanguage":"pt-BR","potentialAction":[{"@type":"CommentAction","name":"Comment","target":["https:\/\/jornalbeirario.com.br\/portal\/?p=27393#respond"]}]},{"@type":"WebPage","@id":"https:\/\/jornalbeirario.com.br\/portal\/?p=27393","url":"https:\/\/jornalbeirario.com.br\/portal\/?p=27393","name":"La\u00eds Amaral - JORNAL BEIRA RIO","isPartOf":{"@id":"https:\/\/jornalbeirario.com.br\/portal\/#website"},"datePublished":"2015-01-16T09:36:57+00:00","breadcrumb":{"@id":"https:\/\/jornalbeirario.com.br\/portal\/?p=27393#breadcrumb"},"inLanguage":"pt-BR","potentialAction":[{"@type":"ReadAction","target":["https:\/\/jornalbeirario.com.br\/portal\/?p=27393"]}]},{"@type":"BreadcrumbList","@id":"https:\/\/jornalbeirario.com.br\/portal\/?p=27393#breadcrumb","itemListElement":[{"@type":"ListItem","position":1,"name":"Home","item":"https:\/\/jornalbeirario.com.br\/portal"},{"@type":"ListItem","position":2,"name":"La\u00eds Amaral"}]},{"@type":"WebSite","@id":"https:\/\/jornalbeirario.com.br\/portal\/#website","url":"https:\/\/jornalbeirario.com.br\/portal\/","name":"JORNAL BEIRA RIO","description":"","publisher":{"@id":"https:\/\/jornalbeirario.com.br\/portal\/#organization"},"potentialAction":[{"@type":"SearchAction","target":{"@type":"EntryPoint","urlTemplate":"https:\/\/jornalbeirario.com.br\/portal\/?s={search_term_string}"},"query-input":{"@type":"PropertyValueSpecification","valueRequired":true,"valueName":"search_term_string"}}],"inLanguage":"pt-BR"},{"@type":"Organization","@id":"https:\/\/jornalbeirario.com.br\/portal\/#organization","name":"JORNAL BEIRA RIO","url":"https:\/\/jornalbeirario.com.br\/portal\/","logo":{"@type":"ImageObject","inLanguage":"pt-BR","@id":"https:\/\/jornalbeirario.com.br\/portal\/#\/schema\/logo\/image\/","url":"https:\/\/jornalbeirario.com.br\/portal\/wp-content\/uploads\/2017\/09\/BEIRA-RIO_logo600.png","contentUrl":"https:\/\/jornalbeirario.com.br\/portal\/wp-content\/uploads\/2017\/09\/BEIRA-RIO_logo600.png","width":650,"height":108,"caption":"JORNAL BEIRA RIO"},"image":{"@id":"https:\/\/jornalbeirario.com.br\/portal\/#\/schema\/logo\/image\/"}},{"@type":"Person","@id":"https:\/\/jornalbeirario.com.br\/portal\/#\/schema\/person\/c6c423e4c2465d2a9233f6539173e7c1","name":"Jornal BEIRA-RIO","image":{"@type":"ImageObject","inLanguage":"pt-BR","@id":"https:\/\/jornalbeirario.com.br\/portal\/wp-content\/uploads\/2023\/10\/logojbr1.jpg","url":"https:\/\/jornalbeirario.com.br\/portal\/wp-content\/uploads\/2023\/10\/logojbr1.jpg","contentUrl":"https:\/\/jornalbeirario.com.br\/portal\/wp-content\/uploads\/2023\/10\/logojbr1.jpg","caption":"Jornal BEIRA-RIO"},"url":"https:\/\/jornalbeirario.com.br\/portal\/?author=1"}]}},"_links":{"self":[{"href":"https:\/\/jornalbeirario.com.br\/portal\/index.php?rest_route=\/wp\/v2\/posts\/27393","targetHints":{"allow":["GET"]}}],"collection":[{"href":"https:\/\/jornalbeirario.com.br\/portal\/index.php?rest_route=\/wp\/v2\/posts"}],"about":[{"href":"https:\/\/jornalbeirario.com.br\/portal\/index.php?rest_route=\/wp\/v2\/types\/post"}],"author":[{"embeddable":true,"href":"https:\/\/jornalbeirario.com.br\/portal\/index.php?rest_route=\/wp\/v2\/users\/1"}],"replies":[{"embeddable":true,"href":"https:\/\/jornalbeirario.com.br\/portal\/index.php?rest_route=%2Fwp%2Fv2%2Fcomments&post=27393"}],"version-history":[{"count":2,"href":"https:\/\/jornalbeirario.com.br\/portal\/index.php?rest_route=\/wp\/v2\/posts\/27393\/revisions"}],"predecessor-version":[{"id":27412,"href":"https:\/\/jornalbeirario.com.br\/portal\/index.php?rest_route=\/wp\/v2\/posts\/27393\/revisions\/27412"}],"wp:attachment":[{"href":"https:\/\/jornalbeirario.com.br\/portal\/index.php?rest_route=%2Fwp%2Fv2%2Fmedia&parent=27393"}],"wp:term":[{"taxonomy":"category","embeddable":true,"href":"https:\/\/jornalbeirario.com.br\/portal\/index.php?rest_route=%2Fwp%2Fv2%2Fcategories&post=27393"},{"taxonomy":"post_tag","embeddable":true,"href":"https:\/\/jornalbeirario.com.br\/portal\/index.php?rest_route=%2Fwp%2Fv2%2Ftags&post=27393"}],"curies":[{"name":"wp","href":"https:\/\/api.w.org\/{rel}","templated":true}]}}