
{"id":27325,"date":"2015-01-10T15:38:56","date_gmt":"2015-01-10T15:38:56","guid":{"rendered":"http:\/\/jornalbeirario.com.br\/portal\/portal\/?p=27325"},"modified":"2015-01-10T18:29:35","modified_gmt":"2015-01-10T18:29:35","slug":"amigos-do-lago-se-prepara-para-a-dragagem-da-lagoa-do-mirante","status":"publish","type":"post","link":"https:\/\/jornalbeirario.com.br\/portal\/?p=27325","title":{"rendered":"Associa\u00e7\u00e3o dos Amigos do Lago se prepara para a dragagem da Lagoa do Mirante"},"content":{"rendered":"<p style=\"text-align: justify;\"><a href=\"https:\/\/jornalbeirario.com.br\/portal\/wp-content\/uploads\/2015\/01\/lagoa2.jpg\"><img loading=\"lazy\" decoding=\"async\" class=\"alignleft size-medium wp-image-27331\" title=\"lagoa2\" src=\"https:\/\/jornalbeirario.com.br\/portal\/wp-content\/uploads\/2015\/01\/lagoa2-300x225.jpg\" alt=\"\" width=\"300\" height=\"225\" srcset=\"https:\/\/jornalbeirario.com.br\/portal\/wp-content\/uploads\/2015\/01\/lagoa2-300x225.jpg 300w, https:\/\/jornalbeirario.com.br\/portal\/wp-content\/uploads\/2015\/01\/lagoa2.jpg 640w\" sizes=\"auto, (max-width: 300px) 100vw, 300px\" \/><\/a>Est\u00e1 prevista para o pr\u00f3ximo s\u00e1bado, dia 17, a dragagem da Lagoa do Mirante, promovida por membros da Associa\u00e7\u00e3o dos Amigos do Lago, no bairro Mirante das Agulhas. Nesta sexta-feira, dia 9, foi iniciada a limpeza das margens, com a remo\u00e7\u00e3o das chamadas plantas invasoras. Esta ser\u00e1 a segunda vez que o equipamento, <a href=\"https:\/\/jornalbeirario.com.br\/portal\/?p=25394\">apresentado em outubro do ano passado ao p\u00fablico<\/a>, entrar\u00e1 em a\u00e7\u00e3o. &#8220;A gente est\u00e1 aguardando apenas o conserto da draga, previsto para os pr\u00f3ximos dias. Enquanto isso, estamos fazendo a limpeza das margens, j\u00e1 que o funcionamento da m\u00e1quina depende disso&#8221;, explica o aposentado e l\u00edder da associa\u00e7\u00e3o, Ant\u00f4nio Albino Filho, o Velho do Lago.<\/p>\n<p style=\"text-align: justify;\">No entanto, o Velho do Lago lamenta que a maior parte dos moradores e integrantes da associa\u00e7\u00e3o tenham se recusado a ajudar na limpeza da lagoa devido \u00e0s constantes notifica\u00e7\u00f5es da Ag\u00eancia Municipal do Meio Ambiente de Resende (Amar). &#8220;Eles est\u00e3o nos intimidando e afastando outras pessoas que tinham boa vontade com a gente, s\u00f3 que tamb\u00e9m nada fizeram pela manuten\u00e7\u00e3o da lagoa, munic\u00edpio e estado vivem em um jogo de empurra dessa responsabilidade&#8221;, alfineta.<\/p>\n<p style=\"text-align: justify;\">O Velho informa que este ser\u00e1 um trabalho lento, mas pretende com isso convidar a popula\u00e7\u00e3o para ajudar na limpeza. &#8220;Quando a draga estiver em funcionamento, gostar\u00edamos de levar as pessoas para conhecerem o nosso equipamento, e convid\u00e1-las para nos ajudar nessa tarefa de salvar a lagoa&#8221;, acrescenta, falando de outros planos da associa\u00e7\u00e3o.<\/p>\n<p style=\"text-align: justify;\">&#8211; Estamos em processo de legaliza\u00e7\u00e3o da nossa associa\u00e7\u00e3o, que funcionar\u00e1 como uma ONG (Organiza\u00e7\u00e3o N\u00e3o-Governamental). Dessa forma, teremos condi\u00e7\u00f5es de preservar essa \u00e1rea n\u00e3o apenas com a manuten\u00e7\u00e3o da lagoa, mas tamb\u00e9m fazendo uma conscientiza\u00e7\u00e3o ambiental com as crian\u00e7as, e ensinando a fazer cultivo de mudas de \u00e1rvores em redor da lagoa &#8211; conclui.<\/p>\n","protected":false},"excerpt":{"rendered":"<p>Est\u00e1 prevista para o pr\u00f3ximo s\u00e1bado, dia 17, a dragagem da Lagoa do Mirante, promovida por membros da Associa\u00e7\u00e3o dos Amigos do Lago, no<\/p>\n","protected":false},"author":1,"featured_media":27332,"comment_status":"open","ping_status":"open","sticky":false,"template":"","format":"standard","meta":{"pmpro_default_level":"","footnotes":""},"categories":[27],"tags":[155,153],"class_list":["post-27325","post","type-post","status-publish","format-standard","has-post-thumbnail","hentry","category-meioambiente","tag-dehoraemhora","tag-manchete","pmpro-has-access"],"yoast_head":"<!-- This site is optimized with the Yoast SEO plugin v27.4 - https:\/\/yoast.com\/product\/yoast-seo-wordpress\/ -->\n<title>Associa\u00e7\u00e3o dos Amigos do Lago se prepara para a dragagem da Lagoa do Mirante - JORNAL BEIRA RIO<\/title>\n<meta name=\"robots\" content=\"index, follow, max-snippet:-1, max-image-preview:large, max-video-preview:-1\" \/>\n<link rel=\"canonical\" href=\"https:\/\/jornalbeirario.com.br\/portal\/?p=27325\" \/>\n<meta property=\"og:locale\" content=\"pt_BR\" \/>\n<meta property=\"og:type\" content=\"article\" \/>\n<meta property=\"og:title\" content=\"Associa\u00e7\u00e3o dos Amigos do Lago se prepara para a dragagem da Lagoa do Mirante - JORNAL BEIRA RIO\" \/>\n<meta property=\"og:description\" content=\"Est\u00e1 prevista para o pr\u00f3ximo s\u00e1bado, dia 17, a dragagem da Lagoa do Mirante, promovida por membros da Associa\u00e7\u00e3o dos Amigos do Lago, no\" \/>\n<meta property=\"og:url\" content=\"https:\/\/jornalbeirario.com.br\/portal\/?p=27325\" \/>\n<meta property=\"og:site_name\" content=\"JORNAL BEIRA RIO\" \/>\n<meta property=\"article:published_time\" content=\"2015-01-10T15:38:56+00:00\" \/>\n<meta property=\"article:modified_time\" content=\"2015-01-10T18:29:35+00:00\" \/>\n<meta property=\"og:image\" content=\"https:\/\/jornalbeirario.com.br\/portal\/wp-content\/uploads\/2015\/01\/lagoa1.jpg\" \/>\n\t<meta property=\"og:image:width\" content=\"930\" \/>\n\t<meta property=\"og:image:height\" content=\"350\" \/>\n\t<meta property=\"og:image:type\" content=\"image\/jpeg\" \/>\n<meta name=\"author\" content=\"Jornal BEIRA-RIO\" \/>\n<meta name=\"twitter:card\" content=\"summary_large_image\" \/>\n<meta name=\"twitter:label1\" content=\"Escrito por\" \/>\n\t<meta name=\"twitter:data1\" content=\"Jornal BEIRA-RIO\" \/>\n\t<meta name=\"twitter:label2\" content=\"Est. tempo de leitura\" \/>\n\t<meta name=\"twitter:data2\" content=\"2 minutos\" \/>\n<script type=\"application\/ld+json\" class=\"yoast-schema-graph\">{\"@context\":\"https:\\\/\\\/schema.org\",\"@graph\":[{\"@type\":\"Article\",\"@id\":\"https:\\\/\\\/jornalbeirario.com.br\\\/portal\\\/?p=27325#article\",\"isPartOf\":{\"@id\":\"https:\\\/\\\/jornalbeirario.com.br\\\/portal\\\/?p=27325\"},\"author\":{\"name\":\"Jornal BEIRA-RIO\",\"@id\":\"https:\\\/\\\/jornalbeirario.com.br\\\/portal\\\/#\\\/schema\\\/person\\\/c6c423e4c2465d2a9233f6539173e7c1\"},\"headline\":\"Associa\u00e7\u00e3o dos Amigos do Lago se prepara para a dragagem da Lagoa do Mirante\",\"datePublished\":\"2015-01-10T15:38:56+00:00\",\"dateModified\":\"2015-01-10T18:29:35+00:00\",\"mainEntityOfPage\":{\"@id\":\"https:\\\/\\\/jornalbeirario.com.br\\\/portal\\\/?p=27325\"},\"wordCount\":337,\"commentCount\":0,\"publisher\":{\"@id\":\"https:\\\/\\\/jornalbeirario.com.br\\\/portal\\\/#organization\"},\"image\":{\"@id\":\"https:\\\/\\\/jornalbeirario.com.br\\\/portal\\\/?p=27325#primaryimage\"},\"thumbnailUrl\":\"https:\\\/\\\/jornalbeirario.com.br\\\/portal\\\/wp-content\\\/uploads\\\/2015\\\/01\\\/lagoa1.jpg\",\"keywords\":[\"dehoraemhora\",\"manchete\"],\"articleSection\":[\"Meio Ambiente\"],\"inLanguage\":\"pt-BR\",\"potentialAction\":[{\"@type\":\"CommentAction\",\"name\":\"Comment\",\"target\":[\"https:\\\/\\\/jornalbeirario.com.br\\\/portal\\\/?p=27325#respond\"]}]},{\"@type\":\"WebPage\",\"@id\":\"https:\\\/\\\/jornalbeirario.com.br\\\/portal\\\/?p=27325\",\"url\":\"https:\\\/\\\/jornalbeirario.com.br\\\/portal\\\/?p=27325\",\"name\":\"Associa\u00e7\u00e3o dos Amigos do Lago se prepara para a dragagem da Lagoa do Mirante - JORNAL BEIRA RIO\",\"isPartOf\":{\"@id\":\"https:\\\/\\\/jornalbeirario.com.br\\\/portal\\\/#website\"},\"primaryImageOfPage\":{\"@id\":\"https:\\\/\\\/jornalbeirario.com.br\\\/portal\\\/?p=27325#primaryimage\"},\"image\":{\"@id\":\"https:\\\/\\\/jornalbeirario.com.br\\\/portal\\\/?p=27325#primaryimage\"},\"thumbnailUrl\":\"https:\\\/\\\/jornalbeirario.com.br\\\/portal\\\/wp-content\\\/uploads\\\/2015\\\/01\\\/lagoa1.jpg\",\"datePublished\":\"2015-01-10T15:38:56+00:00\",\"dateModified\":\"2015-01-10T18:29:35+00:00\",\"breadcrumb\":{\"@id\":\"https:\\\/\\\/jornalbeirario.com.br\\\/portal\\\/?p=27325#breadcrumb\"},\"inLanguage\":\"pt-BR\",\"potentialAction\":[{\"@type\":\"ReadAction\",\"target\":[\"https:\\\/\\\/jornalbeirario.com.br\\\/portal\\\/?p=27325\"]}]},{\"@type\":\"ImageObject\",\"inLanguage\":\"pt-BR\",\"@id\":\"https:\\\/\\\/jornalbeirario.com.br\\\/portal\\\/?p=27325#primaryimage\",\"url\":\"https:\\\/\\\/jornalbeirario.com.br\\\/portal\\\/wp-content\\\/uploads\\\/2015\\\/01\\\/lagoa1.jpg\",\"contentUrl\":\"https:\\\/\\\/jornalbeirario.com.br\\\/portal\\\/wp-content\\\/uploads\\\/2015\\\/01\\\/lagoa1.jpg\",\"width\":\"930\",\"height\":\"350\"},{\"@type\":\"BreadcrumbList\",\"@id\":\"https:\\\/\\\/jornalbeirario.com.br\\\/portal\\\/?p=27325#breadcrumb\",\"itemListElement\":[{\"@type\":\"ListItem\",\"position\":1,\"name\":\"Home\",\"item\":\"https:\\\/\\\/jornalbeirario.com.br\\\/portal\"},{\"@type\":\"ListItem\",\"position\":2,\"name\":\"Associa\u00e7\u00e3o dos Amigos do Lago se prepara para a dragagem da Lagoa do Mirante\"}]},{\"@type\":\"WebSite\",\"@id\":\"https:\\\/\\\/jornalbeirario.com.br\\\/portal\\\/#website\",\"url\":\"https:\\\/\\\/jornalbeirario.com.br\\\/portal\\\/\",\"name\":\"JORNAL BEIRA RIO\",\"description\":\"\",\"publisher\":{\"@id\":\"https:\\\/\\\/jornalbeirario.com.br\\\/portal\\\/#organization\"},\"potentialAction\":[{\"@type\":\"SearchAction\",\"target\":{\"@type\":\"EntryPoint\",\"urlTemplate\":\"https:\\\/\\\/jornalbeirario.com.br\\\/portal\\\/?s={search_term_string}\"},\"query-input\":{\"@type\":\"PropertyValueSpecification\",\"valueRequired\":true,\"valueName\":\"search_term_string\"}}],\"inLanguage\":\"pt-BR\"},{\"@type\":\"Organization\",\"@id\":\"https:\\\/\\\/jornalbeirario.com.br\\\/portal\\\/#organization\",\"name\":\"JORNAL BEIRA RIO\",\"url\":\"https:\\\/\\\/jornalbeirario.com.br\\\/portal\\\/\",\"logo\":{\"@type\":\"ImageObject\",\"inLanguage\":\"pt-BR\",\"@id\":\"https:\\\/\\\/jornalbeirario.com.br\\\/portal\\\/#\\\/schema\\\/logo\\\/image\\\/\",\"url\":\"https:\\\/\\\/jornalbeirario.com.br\\\/portal\\\/wp-content\\\/uploads\\\/2017\\\/09\\\/BEIRA-RIO_logo600.png\",\"contentUrl\":\"https:\\\/\\\/jornalbeirario.com.br\\\/portal\\\/wp-content\\\/uploads\\\/2017\\\/09\\\/BEIRA-RIO_logo600.png\",\"width\":650,\"height\":108,\"caption\":\"JORNAL BEIRA RIO\"},\"image\":{\"@id\":\"https:\\\/\\\/jornalbeirario.com.br\\\/portal\\\/#\\\/schema\\\/logo\\\/image\\\/\"}},{\"@type\":\"Person\",\"@id\":\"https:\\\/\\\/jornalbeirario.com.br\\\/portal\\\/#\\\/schema\\\/person\\\/c6c423e4c2465d2a9233f6539173e7c1\",\"name\":\"Jornal BEIRA-RIO\",\"image\":{\"@type\":\"ImageObject\",\"inLanguage\":\"pt-BR\",\"@id\":\"https:\\\/\\\/jornalbeirario.com.br\\\/portal\\\/wp-content\\\/uploads\\\/2023\\\/10\\\/logojbr1.jpg\",\"url\":\"https:\\\/\\\/jornalbeirario.com.br\\\/portal\\\/wp-content\\\/uploads\\\/2023\\\/10\\\/logojbr1.jpg\",\"contentUrl\":\"https:\\\/\\\/jornalbeirario.com.br\\\/portal\\\/wp-content\\\/uploads\\\/2023\\\/10\\\/logojbr1.jpg\",\"caption\":\"Jornal BEIRA-RIO\"},\"url\":\"https:\\\/\\\/jornalbeirario.com.br\\\/portal\\\/?author=1\"}]}<\/script>\n<!-- \/ Yoast SEO plugin. -->","yoast_head_json":{"title":"Associa\u00e7\u00e3o dos Amigos do Lago se prepara para a dragagem da Lagoa do Mirante - JORNAL BEIRA RIO","robots":{"index":"index","follow":"follow","max-snippet":"max-snippet:-1","max-image-preview":"max-image-preview:large","max-video-preview":"max-video-preview:-1"},"canonical":"https:\/\/jornalbeirario.com.br\/portal\/?p=27325","og_locale":"pt_BR","og_type":"article","og_title":"Associa\u00e7\u00e3o dos Amigos do Lago se prepara para a dragagem da Lagoa do Mirante - JORNAL BEIRA RIO","og_description":"Est\u00e1 prevista para o pr\u00f3ximo s\u00e1bado, dia 17, a dragagem da Lagoa do Mirante, promovida por membros da Associa\u00e7\u00e3o dos Amigos do Lago, no","og_url":"https:\/\/jornalbeirario.com.br\/portal\/?p=27325","og_site_name":"JORNAL BEIRA RIO","article_published_time":"2015-01-10T15:38:56+00:00","article_modified_time":"2015-01-10T18:29:35+00:00","og_image":[{"width":930,"height":350,"url":"https:\/\/jornalbeirario.com.br\/portal\/wp-content\/uploads\/2015\/01\/lagoa1.jpg","type":"image\/jpeg"}],"author":"Jornal BEIRA-RIO","twitter_card":"summary_large_image","twitter_misc":{"Escrito por":"Jornal BEIRA-RIO","Est. tempo de leitura":"2 minutos"},"schema":{"@context":"https:\/\/schema.org","@graph":[{"@type":"Article","@id":"https:\/\/jornalbeirario.com.br\/portal\/?p=27325#article","isPartOf":{"@id":"https:\/\/jornalbeirario.com.br\/portal\/?p=27325"},"author":{"name":"Jornal BEIRA-RIO","@id":"https:\/\/jornalbeirario.com.br\/portal\/#\/schema\/person\/c6c423e4c2465d2a9233f6539173e7c1"},"headline":"Associa\u00e7\u00e3o dos Amigos do Lago se prepara para a dragagem da Lagoa do Mirante","datePublished":"2015-01-10T15:38:56+00:00","dateModified":"2015-01-10T18:29:35+00:00","mainEntityOfPage":{"@id":"https:\/\/jornalbeirario.com.br\/portal\/?p=27325"},"wordCount":337,"commentCount":0,"publisher":{"@id":"https:\/\/jornalbeirario.com.br\/portal\/#organization"},"image":{"@id":"https:\/\/jornalbeirario.com.br\/portal\/?p=27325#primaryimage"},"thumbnailUrl":"https:\/\/jornalbeirario.com.br\/portal\/wp-content\/uploads\/2015\/01\/lagoa1.jpg","keywords":["dehoraemhora","manchete"],"articleSection":["Meio Ambiente"],"inLanguage":"pt-BR","potentialAction":[{"@type":"CommentAction","name":"Comment","target":["https:\/\/jornalbeirario.com.br\/portal\/?p=27325#respond"]}]},{"@type":"WebPage","@id":"https:\/\/jornalbeirario.com.br\/portal\/?p=27325","url":"https:\/\/jornalbeirario.com.br\/portal\/?p=27325","name":"Associa\u00e7\u00e3o dos Amigos do Lago se prepara para a dragagem da Lagoa do Mirante - JORNAL BEIRA RIO","isPartOf":{"@id":"https:\/\/jornalbeirario.com.br\/portal\/#website"},"primaryImageOfPage":{"@id":"https:\/\/jornalbeirario.com.br\/portal\/?p=27325#primaryimage"},"image":{"@id":"https:\/\/jornalbeirario.com.br\/portal\/?p=27325#primaryimage"},"thumbnailUrl":"https:\/\/jornalbeirario.com.br\/portal\/wp-content\/uploads\/2015\/01\/lagoa1.jpg","datePublished":"2015-01-10T15:38:56+00:00","dateModified":"2015-01-10T18:29:35+00:00","breadcrumb":{"@id":"https:\/\/jornalbeirario.com.br\/portal\/?p=27325#breadcrumb"},"inLanguage":"pt-BR","potentialAction":[{"@type":"ReadAction","target":["https:\/\/jornalbeirario.com.br\/portal\/?p=27325"]}]},{"@type":"ImageObject","inLanguage":"pt-BR","@id":"https:\/\/jornalbeirario.com.br\/portal\/?p=27325#primaryimage","url":"https:\/\/jornalbeirario.com.br\/portal\/wp-content\/uploads\/2015\/01\/lagoa1.jpg","contentUrl":"https:\/\/jornalbeirario.com.br\/portal\/wp-content\/uploads\/2015\/01\/lagoa1.jpg","width":"930","height":"350"},{"@type":"BreadcrumbList","@id":"https:\/\/jornalbeirario.com.br\/portal\/?p=27325#breadcrumb","itemListElement":[{"@type":"ListItem","position":1,"name":"Home","item":"https:\/\/jornalbeirario.com.br\/portal"},{"@type":"ListItem","position":2,"name":"Associa\u00e7\u00e3o dos Amigos do Lago se prepara para a dragagem da Lagoa do Mirante"}]},{"@type":"WebSite","@id":"https:\/\/jornalbeirario.com.br\/portal\/#website","url":"https:\/\/jornalbeirario.com.br\/portal\/","name":"JORNAL BEIRA RIO","description":"","publisher":{"@id":"https:\/\/jornalbeirario.com.br\/portal\/#organization"},"potentialAction":[{"@type":"SearchAction","target":{"@type":"EntryPoint","urlTemplate":"https:\/\/jornalbeirario.com.br\/portal\/?s={search_term_string}"},"query-input":{"@type":"PropertyValueSpecification","valueRequired":true,"valueName":"search_term_string"}}],"inLanguage":"pt-BR"},{"@type":"Organization","@id":"https:\/\/jornalbeirario.com.br\/portal\/#organization","name":"JORNAL BEIRA RIO","url":"https:\/\/jornalbeirario.com.br\/portal\/","logo":{"@type":"ImageObject","inLanguage":"pt-BR","@id":"https:\/\/jornalbeirario.com.br\/portal\/#\/schema\/logo\/image\/","url":"https:\/\/jornalbeirario.com.br\/portal\/wp-content\/uploads\/2017\/09\/BEIRA-RIO_logo600.png","contentUrl":"https:\/\/jornalbeirario.com.br\/portal\/wp-content\/uploads\/2017\/09\/BEIRA-RIO_logo600.png","width":650,"height":108,"caption":"JORNAL BEIRA RIO"},"image":{"@id":"https:\/\/jornalbeirario.com.br\/portal\/#\/schema\/logo\/image\/"}},{"@type":"Person","@id":"https:\/\/jornalbeirario.com.br\/portal\/#\/schema\/person\/c6c423e4c2465d2a9233f6539173e7c1","name":"Jornal BEIRA-RIO","image":{"@type":"ImageObject","inLanguage":"pt-BR","@id":"https:\/\/jornalbeirario.com.br\/portal\/wp-content\/uploads\/2023\/10\/logojbr1.jpg","url":"https:\/\/jornalbeirario.com.br\/portal\/wp-content\/uploads\/2023\/10\/logojbr1.jpg","contentUrl":"https:\/\/jornalbeirario.com.br\/portal\/wp-content\/uploads\/2023\/10\/logojbr1.jpg","caption":"Jornal BEIRA-RIO"},"url":"https:\/\/jornalbeirario.com.br\/portal\/?author=1"}]}},"_links":{"self":[{"href":"https:\/\/jornalbeirario.com.br\/portal\/index.php?rest_route=\/wp\/v2\/posts\/27325","targetHints":{"allow":["GET"]}}],"collection":[{"href":"https:\/\/jornalbeirario.com.br\/portal\/index.php?rest_route=\/wp\/v2\/posts"}],"about":[{"href":"https:\/\/jornalbeirario.com.br\/portal\/index.php?rest_route=\/wp\/v2\/types\/post"}],"author":[{"embeddable":true,"href":"https:\/\/jornalbeirario.com.br\/portal\/index.php?rest_route=\/wp\/v2\/users\/1"}],"replies":[{"embeddable":true,"href":"https:\/\/jornalbeirario.com.br\/portal\/index.php?rest_route=%2Fwp%2Fv2%2Fcomments&post=27325"}],"version-history":[{"count":15,"href":"https:\/\/jornalbeirario.com.br\/portal\/index.php?rest_route=\/wp\/v2\/posts\/27325\/revisions"}],"predecessor-version":[{"id":27340,"href":"https:\/\/jornalbeirario.com.br\/portal\/index.php?rest_route=\/wp\/v2\/posts\/27325\/revisions\/27340"}],"wp:featuredmedia":[{"embeddable":true,"href":"https:\/\/jornalbeirario.com.br\/portal\/index.php?rest_route=\/wp\/v2\/media\/27332"}],"wp:attachment":[{"href":"https:\/\/jornalbeirario.com.br\/portal\/index.php?rest_route=%2Fwp%2Fv2%2Fmedia&parent=27325"}],"wp:term":[{"taxonomy":"category","embeddable":true,"href":"https:\/\/jornalbeirario.com.br\/portal\/index.php?rest_route=%2Fwp%2Fv2%2Fcategories&post=27325"},{"taxonomy":"post_tag","embeddable":true,"href":"https:\/\/jornalbeirario.com.br\/portal\/index.php?rest_route=%2Fwp%2Fv2%2Ftags&post=27325"}],"curies":[{"name":"wp","href":"https:\/\/api.w.org\/{rel}","templated":true}]}}